{"id":721,"date":"2009-10-14T23:06:05","date_gmt":"2009-10-14T21:06:05","guid":{"rendered":"https:\/\/maciaszki.pl\/?p=721"},"modified":"2020-06-29T12:34:00","modified_gmt":"2020-06-29T10:34:00","slug":"jesienny-beskid-niski-trekking-2009","status":"publish","type":"post","link":"https:\/\/maciaszki.pl\/index.php\/2009\/10\/14\/jesienny-beskid-niski-trekking-2009\/","title":{"rendered":"Jesienny Beskid Niski trekking 2009"},"content":{"rendered":"\n<p class=\"has-small-font-size\">Pa\u017adziernik 2009, jak zwykle jesienna w\u0119dr\u00f3wka po g\u00f3rach. Nawet nie przypuszczali\u015bmy, \u017ce tym razem niespodziewanie oka\u017ce si\u0119 zimow\u0105, w pe\u0142ni tego s\u0142owa znaczeniu. Wyruszyli\u015bmy w pi\u0119\u0107 os\u00f3b, Kaczor z Iren\u0105 wyjechali samochodem z Wrze\u015bni i po drodze zabrali mnie, Mini\u0119 i Helen\u0119. Kierunek &#8211; Beskid Niski. Jako \u017ce prognozy by\u0142y ju\u017c nie najlepsze, Kaczor zd\u0105\u017cy\u0142 zmieni\u0107 opony na zimowe. Ca\u0142e szcz\u0119\u015bcie. Za punkt pocz\u0105tkowy obrali\u015bmy sobie S\u0119kow\u0105, gdzie w zimnie i \u015bniegu uda\u0142o nam si\u0119 znale\u017a\u0107 sympatyczne gospodarstwo pszczelarzy, w kt\u00f3rym mogli\u015bmy zostawi\u0107 samoch\u00f3d na czas w\u0119dr\u00f3wki. Nasze has\u0142o na ten rok to jesienny Beskid Niski.<\/p>\n\n\n\n<!--more-->\n\n\n\n<p class=\"has-small-font-size\">Jest 14 pa\u017adziernika i ruszamy szlakiem niebieskim przez Huszcz\u0119, Ostry Dzia\u0142 i Magur\u0119 Ma\u0142astowsk\u0105 do schroniska pod Magur\u0105. W pustym zazwyczaj Beskidzie Niskim jest pu\u015bciej ni\u017c zwykle. W trakcie naszej kilkudniowej w\u0119dr\u00f3wki nie spotkali\u015bmy \u017cadnego turysty plecakowego. Ale te\u017c warunki nie sprzyja\u0142y g\u00f3rskim w\u0119dr\u00f3wkom, o czym do\u015b\u0107 szybko si\u0119 przekonali\u015bmy. Na pierwszej grani brn\u0119li\u015bmy ju\u017c powoli w ci\u0119\u017ckim \u015bniegu, a ga\u0142\u0119zie pokryte jeszcze li\u015b\u0107mi \u0142ama\u0142y si\u0119 pod jego naporem.<\/p>\n\n\n\n<figure class=\"wp-block-image alignnone\"><a href=\"https:\/\/maciaszki.pl\/wp-content\/uploads\/2019\/01\/DSC03851.jpg\"><img loading=\"lazy\" width=\"1024\" height=\"681\" src=\"https:\/\/maciaszki.pl\/wp-content\/uploads\/2019\/01\/DSC03851-1024x681.jpg\" alt=\"\" class=\"wp-image-727\" srcset=\"https:\/\/maciaszki.pl\/wp-content\/uploads\/2019\/01\/DSC03851-1024x681.jpg 1024w, https:\/\/maciaszki.pl\/wp-content\/uploads\/2019\/01\/DSC03851-300x200.jpg 300w, https:\/\/maciaszki.pl\/wp-content\/uploads\/2019\/01\/DSC03851-768x511.jpg 768w\" sizes=\"(max-width: 706px) 89vw, (max-width: 767px) 82vw, 740px\" \/><\/a><figcaption>Z S\u0119kowej na Magur\u0119 Ma\u0142astowsk\u0105<\/figcaption><\/figure>\n\n\n\n<figure class=\"wp-block-image\"><a href=\"https:\/\/maciaszki.pl\/wp-content\/uploads\/2019\/01\/DSC03856.jpg\"><img loading=\"lazy\" width=\"1024\" height=\"681\" src=\"https:\/\/maciaszki.pl\/wp-content\/uploads\/2019\/01\/DSC03856-1024x681.jpg\" alt=\"\" class=\"wp-image-725\" srcset=\"https:\/\/maciaszki.pl\/wp-content\/uploads\/2019\/01\/DSC03856-1024x681.jpg 1024w, https:\/\/maciaszki.pl\/wp-content\/uploads\/2019\/01\/DSC03856-300x200.jpg 300w, https:\/\/maciaszki.pl\/wp-content\/uploads\/2019\/01\/DSC03856-768x511.jpg 768w\" sizes=\"(max-width: 706px) 89vw, (max-width: 767px) 82vw, 740px\" \/><\/a><\/figure>\n\n\n\n<figure class=\"wp-block-image\"><a href=\"https:\/\/maciaszki.pl\/wp-content\/uploads\/2019\/01\/DSC00200.jpg\"><img loading=\"lazy\" width=\"1024\" height=\"768\" src=\"https:\/\/maciaszki.pl\/wp-content\/uploads\/2019\/01\/DSC00200-1024x768.jpg\" alt=\"\" class=\"wp-image-724\" srcset=\"https:\/\/maciaszki.pl\/wp-content\/uploads\/2019\/01\/DSC00200-1024x768.jpg 1024w, https:\/\/maciaszki.pl\/wp-content\/uploads\/2019\/01\/DSC00200-300x225.jpg 300w, https:\/\/maciaszki.pl\/wp-content\/uploads\/2019\/01\/DSC00200-768x576.jpg 768w, https:\/\/maciaszki.pl\/wp-content\/uploads\/2019\/01\/DSC00200.jpg 2048w\" sizes=\"(max-width: 706px) 89vw, (max-width: 767px) 82vw, 740px\" \/><\/a><\/figure>\n\n\n\n<p class=\"has-small-font-size\">Nasz pobyt w schronisku, do kt\u00f3rego dotarli\u015bmy ju\u017c po ciemku, by\u0142 kuriozalny. Byli\u015bmy jedynymi go\u015b\u0107mi, schronisko nieogrzewane, a gospodarza nie widzieli\u015bmy na oczy, gdy\u017c urz\u0119dowa\u0142 w kuchni pi\u0119tro ni\u017cej i kontaktowali\u015bmy si\u0119 jedynie przez wind\u0119. Na noc wchodzili\u015bmy w ubraniach w nasze puchowe \u015bpiwory, nakrywaj\u0105c si\u0119 jeszcze schroniskowymi kocami, a i tak nie by\u0142o za ciep\u0142o.<\/p>\n\n\n\n<figure class=\"wp-block-image alignnone\"><a href=\"https:\/\/maciaszki.pl\/wp-content\/uploads\/2019\/01\/DSC03862.jpg\"><img loading=\"lazy\" width=\"1024\" height=\"681\" src=\"https:\/\/maciaszki.pl\/wp-content\/uploads\/2019\/01\/DSC03862-1024x681.jpg\" alt=\"\" class=\"wp-image-729\" srcset=\"https:\/\/maciaszki.pl\/wp-content\/uploads\/2019\/01\/DSC03862-1024x681.jpg 1024w, https:\/\/maciaszki.pl\/wp-content\/uploads\/2019\/01\/DSC03862-300x200.jpg 300w, https:\/\/maciaszki.pl\/wp-content\/uploads\/2019\/01\/DSC03862-768x511.jpg 768w\" sizes=\"(max-width: 706px) 89vw, (max-width: 767px) 82vw, 740px\" \/><\/a><figcaption>Rano przed schroniskiem<\/figcaption><\/figure>\n\n\n\n<figure class=\"wp-block-image alignnone\"><a href=\"https:\/\/maciaszki.pl\/wp-content\/uploads\/2019\/01\/DSC03870.jpg\"><img loading=\"lazy\" width=\"1024\" height=\"681\" src=\"https:\/\/maciaszki.pl\/wp-content\/uploads\/2019\/01\/DSC03870-1024x681.jpg\" alt=\"\" class=\"wp-image-730\" srcset=\"https:\/\/maciaszki.pl\/wp-content\/uploads\/2019\/01\/DSC03870-1024x681.jpg 1024w, https:\/\/maciaszki.pl\/wp-content\/uploads\/2019\/01\/DSC03870-300x200.jpg 300w, https:\/\/maciaszki.pl\/wp-content\/uploads\/2019\/01\/DSC03870-768x511.jpg 768w\" sizes=\"(max-width: 706px) 89vw, (max-width: 767px) 82vw, 740px\" \/><\/a><figcaption>Wyruszamy ze schroniska i to ma by\u0107 jesienny Beskid Niski<\/figcaption><\/figure>\n\n\n\n<p class=\"has-small-font-size\">Nast\u0119pnego dnia ci\u0105gniemy si\u0119 zielonym szlakiem przez Banne do Regietowa. Przecieranie szlaku w g\u0142\u0119bokim \u015bniegu przysparza nam sporo rado\u015bci i przywo\u0142uje wspomnienia zimowych Rajd\u00f3w \u015anie\u017cnych organizowanych przez AKG Halny.<\/p>\n\n\n\n<figure class=\"wp-block-image\"><a href=\"https:\/\/maciaszki.pl\/wp-content\/uploads\/2019\/01\/DSC03881.jpg\"><img loading=\"lazy\" width=\"1024\" height=\"681\" src=\"https:\/\/maciaszki.pl\/wp-content\/uploads\/2019\/01\/DSC03881-1024x681.jpg\" alt=\"\" class=\"wp-image-732\" srcset=\"https:\/\/maciaszki.pl\/wp-content\/uploads\/2019\/01\/DSC03881-1024x681.jpg 1024w, https:\/\/maciaszki.pl\/wp-content\/uploads\/2019\/01\/DSC03881-300x200.jpg 300w, https:\/\/maciaszki.pl\/wp-content\/uploads\/2019\/01\/DSC03881-768x511.jpg 768w\" sizes=\"(max-width: 706px) 89vw, (max-width: 767px) 82vw, 740px\" \/><\/a><\/figure>\n\n\n\n<figure class=\"wp-block-image\"><a href=\"https:\/\/maciaszki.pl\/wp-content\/uploads\/2019\/01\/DSC03882.jpg\"><img loading=\"lazy\" width=\"1024\" height=\"681\" src=\"https:\/\/maciaszki.pl\/wp-content\/uploads\/2019\/01\/DSC03882-1024x681.jpg\" alt=\"\" class=\"wp-image-733\" srcset=\"https:\/\/maciaszki.pl\/wp-content\/uploads\/2019\/01\/DSC03882-1024x681.jpg 1024w, https:\/\/maciaszki.pl\/wp-content\/uploads\/2019\/01\/DSC03882-300x200.jpg 300w, https:\/\/maciaszki.pl\/wp-content\/uploads\/2019\/01\/DSC03882-768x511.jpg 768w\" sizes=\"(max-width: 706px) 89vw, (max-width: 767px) 82vw, 740px\" \/><\/a><\/figure>\n\n\n\n<figure class=\"wp-block-image alignnone\"><a href=\"https:\/\/maciaszki.pl\/wp-content\/uploads\/2019\/01\/DSC03910.jpg\"><img loading=\"lazy\" width=\"1024\" height=\"681\" src=\"https:\/\/maciaszki.pl\/wp-content\/uploads\/2019\/01\/DSC03910-1024x681.jpg\" alt=\"\" class=\"wp-image-736\" srcset=\"https:\/\/maciaszki.pl\/wp-content\/uploads\/2019\/01\/DSC03910-1024x681.jpg 1024w, https:\/\/maciaszki.pl\/wp-content\/uploads\/2019\/01\/DSC03910-300x200.jpg 300w, https:\/\/maciaszki.pl\/wp-content\/uploads\/2019\/01\/DSC03910-768x511.jpg 768w\" sizes=\"(max-width: 706px) 89vw, (max-width: 767px) 82vw, 740px\" \/><\/a><figcaption>Banne<\/figcaption><\/figure>\n\n\n\n<figure class=\"wp-block-image alignnone\"><a href=\"https:\/\/maciaszki.pl\/wp-content\/uploads\/2019\/01\/DSC03908.jpg\"><img loading=\"lazy\" width=\"1024\" height=\"681\" src=\"https:\/\/maciaszki.pl\/wp-content\/uploads\/2019\/01\/DSC03908-1024x681.jpg\" alt=\"\" class=\"wp-image-735\" srcset=\"https:\/\/maciaszki.pl\/wp-content\/uploads\/2019\/01\/DSC03908-1024x681.jpg 1024w, https:\/\/maciaszki.pl\/wp-content\/uploads\/2019\/01\/DSC03908-300x200.jpg 300w, https:\/\/maciaszki.pl\/wp-content\/uploads\/2019\/01\/DSC03908-768x511.jpg 768w\" sizes=\"(max-width: 706px) 89vw, (max-width: 767px) 82vw, 740px\" \/><\/a><figcaption>Schodzimy na Skwirtne<\/figcaption><\/figure>\n\n\n\n<figure class=\"wp-block-image\"><a href=\"https:\/\/maciaszki.pl\/wp-content\/uploads\/2019\/01\/DSC03917.jpg\"><img loading=\"lazy\" width=\"1024\" height=\"681\" src=\"https:\/\/maciaszki.pl\/wp-content\/uploads\/2019\/01\/DSC03917-1024x681.jpg\" alt=\"\" class=\"wp-image-738\" srcset=\"https:\/\/maciaszki.pl\/wp-content\/uploads\/2019\/01\/DSC03917-1024x681.jpg 1024w, https:\/\/maciaszki.pl\/wp-content\/uploads\/2019\/01\/DSC03917-300x200.jpg 300w, https:\/\/maciaszki.pl\/wp-content\/uploads\/2019\/01\/DSC03917-768x511.jpg 768w\" sizes=\"(max-width: 706px) 89vw, (max-width: 767px) 82vw, 740px\" \/><\/a><\/figure>\n\n\n\n<figure class=\"wp-block-image\"><a href=\"https:\/\/maciaszki.pl\/wp-content\/uploads\/2019\/01\/DSC03927.jpg\"><img loading=\"lazy\" width=\"1024\" height=\"681\" src=\"https:\/\/maciaszki.pl\/wp-content\/uploads\/2019\/01\/DSC03927-1024x681.jpg\" alt=\"\" class=\"wp-image-739\" srcset=\"https:\/\/maciaszki.pl\/wp-content\/uploads\/2019\/01\/DSC03927-1024x681.jpg 1024w, https:\/\/maciaszki.pl\/wp-content\/uploads\/2019\/01\/DSC03927-300x200.jpg 300w, https:\/\/maciaszki.pl\/wp-content\/uploads\/2019\/01\/DSC03927-768x511.jpg 768w\" sizes=\"(max-width: 706px) 89vw, (max-width: 767px) 82vw, 740px\" \/><\/a><\/figure>\n\n\n\n<p class=\"has-small-font-size\">Tym razem na nocleg trafiamy do mi\u0142ej agroturystyki, gdzie mo\u017cemy si\u0119 porz\u0105dnie wysuszy\u0107 i umy\u0107. Od rana pi\u0119kna, s\u0142oneczna pogoda.<\/p>\n\n\n\n<figure class=\"wp-block-image alignnone\"><a href=\"https:\/\/maciaszki.pl\/wp-content\/uploads\/2019\/01\/DSC03947.jpg\"><img loading=\"lazy\" width=\"1024\" height=\"681\" src=\"https:\/\/maciaszki.pl\/wp-content\/uploads\/2019\/01\/DSC03947-1024x681.jpg\" alt=\"\" class=\"wp-image-750\" srcset=\"https:\/\/maciaszki.pl\/wp-content\/uploads\/2019\/01\/DSC03947-1024x681.jpg 1024w, https:\/\/maciaszki.pl\/wp-content\/uploads\/2019\/01\/DSC03947-300x200.jpg 300w, https:\/\/maciaszki.pl\/wp-content\/uploads\/2019\/01\/DSC03947-768x511.jpg 768w\" sizes=\"(max-width: 706px) 89vw, (max-width: 767px) 82vw, 740px\" \/><\/a><figcaption>Poranek w Regietowie<\/figcaption><\/figure>\n\n\n\n<figure class=\"wp-block-image\"><a href=\"https:\/\/maciaszki.pl\/wp-content\/uploads\/2019\/01\/DSC03951.jpg\"><img loading=\"lazy\" width=\"1024\" height=\"681\" src=\"https:\/\/maciaszki.pl\/wp-content\/uploads\/2019\/01\/DSC03951-1024x681.jpg\" alt=\"\" class=\"wp-image-751\" srcset=\"https:\/\/maciaszki.pl\/wp-content\/uploads\/2019\/01\/DSC03951-1024x681.jpg 1024w, https:\/\/maciaszki.pl\/wp-content\/uploads\/2019\/01\/DSC03951-300x200.jpg 300w, https:\/\/maciaszki.pl\/wp-content\/uploads\/2019\/01\/DSC03951-768x511.jpg 768w\" sizes=\"(max-width: 706px) 89vw, (max-width: 767px) 82vw, 740px\" \/><\/a><\/figure>\n\n\n\n<p class=\"has-small-font-size\">Dochodzimy do czerwonego szlaku i ruszamy w kierunku Rotundy. Po drodze nie tylko g\u0142\u0119boki \u015bnieg, ale i mn\u00f3stwo po\u0142amanych ga\u0142\u0119zi.<\/p>\n\n\n\n<div class=\"wp-block-image\"><figure class=\"alignleft\"><a href=\"https:\/\/maciaszki.pl\/wp-content\/uploads\/2019\/01\/DSC03969.jpg\"><img loading=\"lazy\" width=\"1024\" height=\"681\" src=\"https:\/\/maciaszki.pl\/wp-content\/uploads\/2019\/01\/DSC03969-1024x681.jpg\" alt=\"\" class=\"wp-image-754\" srcset=\"https:\/\/maciaszki.pl\/wp-content\/uploads\/2019\/01\/DSC03969-1024x681.jpg 1024w, https:\/\/maciaszki.pl\/wp-content\/uploads\/2019\/01\/DSC03969-300x200.jpg 300w, https:\/\/maciaszki.pl\/wp-content\/uploads\/2019\/01\/DSC03969-768x511.jpg 768w\" sizes=\"(max-width: 706px) 89vw, (max-width: 767px) 82vw, 740px\" \/><\/a><\/figure><\/div>\n\n\n\n<figure class=\"wp-block-image\"><a href=\"https:\/\/maciaszki.pl\/wp-content\/uploads\/2019\/01\/DSC00207.jpg\"><img loading=\"lazy\" width=\"1024\" height=\"768\" src=\"https:\/\/maciaszki.pl\/wp-content\/uploads\/2019\/01\/DSC00207-1024x768.jpg\" alt=\"\" class=\"wp-image-746\" srcset=\"https:\/\/maciaszki.pl\/wp-content\/uploads\/2019\/01\/DSC00207-1024x768.jpg 1024w, https:\/\/maciaszki.pl\/wp-content\/uploads\/2019\/01\/DSC00207-300x225.jpg 300w, https:\/\/maciaszki.pl\/wp-content\/uploads\/2019\/01\/DSC00207-768x576.jpg 768w, https:\/\/maciaszki.pl\/wp-content\/uploads\/2019\/01\/DSC00207.jpg 2048w\" sizes=\"(max-width: 706px) 89vw, (max-width: 767px) 82vw, 740px\" \/><\/a><\/figure>\n\n\n\n<figure class=\"wp-block-image\"><a href=\"https:\/\/maciaszki.pl\/wp-content\/uploads\/2019\/01\/DSC00215.jpg\"><img loading=\"lazy\" width=\"1024\" height=\"768\" src=\"https:\/\/maciaszki.pl\/wp-content\/uploads\/2019\/01\/DSC00215-1024x768.jpg\" alt=\"\" class=\"wp-image-749\" srcset=\"https:\/\/maciaszki.pl\/wp-content\/uploads\/2019\/01\/DSC00215-1024x768.jpg 1024w, https:\/\/maciaszki.pl\/wp-content\/uploads\/2019\/01\/DSC00215-300x225.jpg 300w, https:\/\/maciaszki.pl\/wp-content\/uploads\/2019\/01\/DSC00215-768x576.jpg 768w, https:\/\/maciaszki.pl\/wp-content\/uploads\/2019\/01\/DSC00215.jpg 2048w\" sizes=\"(max-width: 706px) 89vw, (max-width: 767px) 82vw, 740px\" \/><\/a><\/figure>\n\n\n\n<p class=\"has-small-font-size\">Na szczycie trafiamy na cmentarz wojenny nr 51 \u017co\u0142nierzy poleg\u0142ych w czasie I wojny. Teraz jest odrestaurowany i dobrze utrzymany.<\/p>\n\n\n\n<figure class=\"wp-block-image\"><a href=\"https:\/\/maciaszki.pl\/wp-content\/uploads\/2019\/01\/DSC03974.jpg\"><img loading=\"lazy\" width=\"1024\" height=\"681\" src=\"https:\/\/maciaszki.pl\/wp-content\/uploads\/2019\/01\/DSC03974-1024x681.jpg\" alt=\"\" class=\"wp-image-755\" srcset=\"https:\/\/maciaszki.pl\/wp-content\/uploads\/2019\/01\/DSC03974-1024x681.jpg 1024w, https:\/\/maciaszki.pl\/wp-content\/uploads\/2019\/01\/DSC03974-300x200.jpg 300w, https:\/\/maciaszki.pl\/wp-content\/uploads\/2019\/01\/DSC03974-768x511.jpg 768w\" sizes=\"(max-width: 706px) 89vw, (max-width: 767px) 82vw, 740px\" \/><\/a><\/figure>\n\n\n\n<figure class=\"wp-block-image\"><a href=\"https:\/\/maciaszki.pl\/wp-content\/uploads\/2019\/01\/DSC03980.jpg\"><img loading=\"lazy\" width=\"1024\" height=\"681\" src=\"https:\/\/maciaszki.pl\/wp-content\/uploads\/2019\/01\/DSC03980-1024x681.jpg\" alt=\"\" class=\"wp-image-756\" srcset=\"https:\/\/maciaszki.pl\/wp-content\/uploads\/2019\/01\/DSC03980-1024x681.jpg 1024w, https:\/\/maciaszki.pl\/wp-content\/uploads\/2019\/01\/DSC03980-300x200.jpg 300w, https:\/\/maciaszki.pl\/wp-content\/uploads\/2019\/01\/DSC03980-768x511.jpg 768w\" sizes=\"(max-width: 706px) 89vw, (max-width: 767px) 82vw, 740px\" \/><\/a><\/figure>\n\n\n\n<p class=\"has-small-font-size\">Z Rotundy dalej czerwonym przez Popowe Wierchy do Wo\u0142owca.<\/p>\n\n\n\n<figure class=\"wp-block-image\"><a href=\"https:\/\/maciaszki.pl\/wp-content\/uploads\/2019\/01\/DSC03961.jpg\"><img loading=\"lazy\" width=\"1024\" height=\"681\" src=\"https:\/\/maciaszki.pl\/wp-content\/uploads\/2019\/01\/DSC03961-1024x681.jpg\" alt=\"\" class=\"wp-image-752\" srcset=\"https:\/\/maciaszki.pl\/wp-content\/uploads\/2019\/01\/DSC03961-1024x681.jpg 1024w, https:\/\/maciaszki.pl\/wp-content\/uploads\/2019\/01\/DSC03961-300x200.jpg 300w, https:\/\/maciaszki.pl\/wp-content\/uploads\/2019\/01\/DSC03961-768x511.jpg 768w\" sizes=\"(max-width: 706px) 89vw, (max-width: 767px) 82vw, 740px\" \/><\/a><\/figure>\n\n\n\n<figure class=\"wp-block-image\"><a href=\"https:\/\/maciaszki.pl\/wp-content\/uploads\/2019\/01\/DSC03992.jpg\"><img loading=\"lazy\" width=\"1024\" height=\"681\" src=\"https:\/\/maciaszki.pl\/wp-content\/uploads\/2019\/01\/DSC03992-1024x681.jpg\" alt=\"\" class=\"wp-image-758\" srcset=\"https:\/\/maciaszki.pl\/wp-content\/uploads\/2019\/01\/DSC03992-1024x681.jpg 1024w, https:\/\/maciaszki.pl\/wp-content\/uploads\/2019\/01\/DSC03992-300x200.jpg 300w, https:\/\/maciaszki.pl\/wp-content\/uploads\/2019\/01\/DSC03992-768x511.jpg 768w\" sizes=\"(max-width: 706px) 89vw, (max-width: 767px) 82vw, 740px\" \/><\/a><\/figure>\n\n\n\n<p class=\"has-small-font-size\">Wprawdzie Andrzeja Stasiuka nie spotkali\u015bmy, ale trafili\u015bmy do przepi\u0119knej drewnianej chaty, pensjonatu \u201eu Kasi\u201d. Miejsce to jest naprawd\u0119 klimatyczne, suszymy mokre buty przy kominku. Kaczor pr\u00f3buje swoje troch\u0119 zaimpregnowa\u0107, stosuj\u0105c do tego smalec, kt\u00f3rego zazwyczaj u\u017cywamy do cel\u00f3w kulinarnych. Skwarki mu wprawdzie troch\u0119 przeszkadza\u0142y, ale nic to.<\/p>\n\n\n\n<figure class=\"wp-block-image\"><a href=\"https:\/\/maciaszki.pl\/wp-content\/uploads\/2019\/01\/DSC04016.jpg\"><img loading=\"lazy\" width=\"1024\" height=\"681\" src=\"https:\/\/maciaszki.pl\/wp-content\/uploads\/2019\/01\/DSC04016-1024x681.jpg\" alt=\"\" class=\"wp-image-761\" srcset=\"https:\/\/maciaszki.pl\/wp-content\/uploads\/2019\/01\/DSC04016-1024x681.jpg 1024w, https:\/\/maciaszki.pl\/wp-content\/uploads\/2019\/01\/DSC04016-300x200.jpg 300w, https:\/\/maciaszki.pl\/wp-content\/uploads\/2019\/01\/DSC04016-768x511.jpg 768w\" sizes=\"(max-width: 706px) 89vw, (max-width: 767px) 82vw, 740px\" \/><\/a><\/figure>\n\n\n\n<figure class=\"wp-block-image\"><a href=\"https:\/\/maciaszki.pl\/wp-content\/uploads\/2019\/01\/DSC04013.jpg\"><img loading=\"lazy\" width=\"681\" height=\"1024\" src=\"https:\/\/maciaszki.pl\/wp-content\/uploads\/2019\/01\/DSC04013-681x1024.jpg\" alt=\"\" class=\"wp-image-760\" srcset=\"https:\/\/maciaszki.pl\/wp-content\/uploads\/2019\/01\/DSC04013-681x1024.jpg 681w, https:\/\/maciaszki.pl\/wp-content\/uploads\/2019\/01\/DSC04013-200x300.jpg 200w, https:\/\/maciaszki.pl\/wp-content\/uploads\/2019\/01\/DSC04013-768x1154.jpg 768w\" sizes=\"(max-width: 681px) 100vw, 681px\" \/><\/a><\/figure>\n\n\n\n<p class=\"has-small-font-size\">Ostatni dzie\u0144 w\u0119dr\u00f3wki to podej\u015bcie do bac\u00f3wki w Bartnem. Jest to jedno z nielicznych schronisk PTTK w Beskidzie Niskim. Pami\u0119tam tam wiecz\u00f3r sprzed wielu laty, kiedy z Krzy\u015bkiem B\u0142aszczykiem wiedli\u015bmy bezowocn\u0105 dyskusj\u0119 z pewnym profesorem przekonuj\u0105cym nas o genetycznej sk\u0142onno\u015bci Ukrai\u0144c\u00f3w do okrucie\u0144stwa. Podejrzewam, \u017ce i teraz w pewnych \u015brodowiskach mo\u017cna by znale\u017a\u0107 podobnych \u201enaukowc\u00f3w\u201d. Oczywi\u015bcie w Bartnem herbatka i ruszamy dalej.<\/p>\n\n\n\n<figure class=\"wp-block-image\"><a href=\"https:\/\/maciaszki.pl\/wp-content\/uploads\/2019\/01\/DSC04035.jpg\"><img loading=\"lazy\" width=\"1024\" height=\"681\" src=\"https:\/\/maciaszki.pl\/wp-content\/uploads\/2019\/01\/DSC04035-1024x681.jpg\" alt=\"\" class=\"wp-image-767\" srcset=\"https:\/\/maciaszki.pl\/wp-content\/uploads\/2019\/01\/DSC04035-1024x681.jpg 1024w, https:\/\/maciaszki.pl\/wp-content\/uploads\/2019\/01\/DSC04035-300x200.jpg 300w, https:\/\/maciaszki.pl\/wp-content\/uploads\/2019\/01\/DSC04035-768x511.jpg 768w\" sizes=\"(max-width: 706px) 89vw, (max-width: 767px) 82vw, 740px\" \/><\/a><\/figure>\n\n\n\n<p class=\"has-small-font-size\">Naszym najwy\u017cszym punktem tego dnia jest W\u0105tkowa \u2013 846 m npm, le\u017c\u0105ca na granicy Magurskiego Parku Narodowego.<\/p>\n\n\n\n<figure class=\"wp-block-image\"><img loading=\"lazy\" width=\"1024\" height=\"681\" src=\"https:\/\/maciaszki.pl\/wp-content\/uploads\/2019\/01\/DSC04037-1024x681.jpg\" alt=\"\" class=\"wp-image-768\" srcset=\"https:\/\/maciaszki.pl\/wp-content\/uploads\/2019\/01\/DSC04037-1024x681.jpg 1024w, https:\/\/maciaszki.pl\/wp-content\/uploads\/2019\/01\/DSC04037-300x200.jpg 300w, https:\/\/maciaszki.pl\/wp-content\/uploads\/2019\/01\/DSC04037-768x511.jpg 768w\" sizes=\"(max-width: 706px) 89vw, (max-width: 767px) 82vw, 740px\" \/><\/figure>\n\n\n\n<figure class=\"wp-block-image alignnone\"><a href=\"https:\/\/maciaszki.pl\/wp-content\/uploads\/2019\/01\/DSC04084.jpg\"><img loading=\"lazy\" width=\"1024\" height=\"681\" src=\"https:\/\/maciaszki.pl\/wp-content\/uploads\/2019\/01\/DSC04084-1024x681.jpg\" alt=\"\" class=\"wp-image-774\" srcset=\"https:\/\/maciaszki.pl\/wp-content\/uploads\/2019\/01\/DSC04084-1024x681.jpg 1024w, https:\/\/maciaszki.pl\/wp-content\/uploads\/2019\/01\/DSC04084-300x200.jpg 300w, https:\/\/maciaszki.pl\/wp-content\/uploads\/2019\/01\/DSC04084-768x511.jpg 768w\" sizes=\"(max-width: 706px) 89vw, (max-width: 767px) 82vw, 740px\" \/><\/a><figcaption>Na W\u0105tkowej<\/figcaption><\/figure>\n\n\n\n<figure class=\"wp-block-image\"><a href=\"https:\/\/maciaszki.pl\/wp-content\/uploads\/2019\/01\/DSC04083.jpg\"><img loading=\"lazy\" width=\"681\" height=\"1024\" src=\"https:\/\/maciaszki.pl\/wp-content\/uploads\/2019\/01\/DSC04083-681x1024.jpg\" alt=\"\" class=\"wp-image-773\" srcset=\"https:\/\/maciaszki.pl\/wp-content\/uploads\/2019\/01\/DSC04083-681x1024.jpg 681w, https:\/\/maciaszki.pl\/wp-content\/uploads\/2019\/01\/DSC04083-200x300.jpg 200w, https:\/\/maciaszki.pl\/wp-content\/uploads\/2019\/01\/DSC04083-768x1154.jpg 768w\" sizes=\"(max-width: 681px) 100vw, 681px\" \/><\/a><figcaption>Jesienny Beskid Niski<\/figcaption><\/figure>\n\n\n\n<p class=\"has-small-font-size\">Idziemy wzd\u0142u\u017c pasma Magury i schodzimy \u017c\u00f3\u0142tym do Bartnego, gdzie znajdujemy nocleg w agroturystyce.<\/p>\n\n\n\n<figure class=\"wp-block-image\"><a href=\"https:\/\/maciaszki.pl\/wp-content\/uploads\/2019\/01\/DSC04068.jpg\"><img loading=\"lazy\" width=\"1024\" height=\"681\" src=\"https:\/\/maciaszki.pl\/wp-content\/uploads\/2019\/01\/DSC04068-1024x681.jpg\" alt=\"\" class=\"wp-image-772\" srcset=\"https:\/\/maciaszki.pl\/wp-content\/uploads\/2019\/01\/DSC04068-1024x681.jpg 1024w, https:\/\/maciaszki.pl\/wp-content\/uploads\/2019\/01\/DSC04068-300x200.jpg 300w, https:\/\/maciaszki.pl\/wp-content\/uploads\/2019\/01\/DSC04068-768x511.jpg 768w\" sizes=\"(max-width: 706px) 89vw, (max-width: 767px) 82vw, 740px\" \/><\/a><\/figure>\n\n\n\n<p class=\"has-small-font-size\">W\u0142a\u015bciciel podwozi Kaczora i mnie do S\u0119kowej i przyprowadzamy samoch\u00f3d. Rano jad\u0105c do domu, wst\u0119pujemy do pszczelarzy w S\u0119kowej, zaopatruj\u0105c si\u0119 w r\u00f3\u017cnego rodzaje miody, wytworzone w pasiekach na \u0142\u0105kach Beskid\u00f3w.<\/p>\n\n\n\n<p>Wi\u0119cej zdj\u0119\u0107 na:&nbsp;<a style=\"\" href=\"https:\/\/photos.app.goo.gl\/TkxQywCJYgy8NZmA6\">Jesienny Beskid Niski 2009<\/a><\/p>\n","protected":false},"excerpt":{"rendered":"<p>Pa\u017adziernik 2009, jak zwykle jesienna w\u0119dr\u00f3wka po g\u00f3rach. Nawet nie przypuszczali\u015bmy, \u017ce tym razem niespodziewanie oka\u017ce si\u0119 zimow\u0105, w pe\u0142ni tego s\u0142owa znaczeniu. Wyruszyli\u015bmy w pi\u0119\u0107 os\u00f3b, Kaczor z Iren\u0105 wyjechali samochodem z Wrze\u015bni i po drodze zabrali mnie, Mini\u0119 i Helen\u0119. Kierunek &#8211; Beskid Niski. Jako \u017ce prognozy by\u0142y ju\u017c nie najlepsze, Kaczor zd\u0105\u017cy\u0142 &hellip; <\/p>\n<p class=\"link-more\"><a href=\"https:\/\/maciaszki.pl\/index.php\/2009\/10\/14\/jesienny-beskid-niski-trekking-2009\/\" class=\"more-link\">Czytaj dalej<span class=\"screen-reader-text\"> Jesienny Beskid Niski trekking 2009<\/span><\/a><\/p>\n","protected":false},"author":6,"featured_media":734,"comment_status":"open","ping_status":"open","sticky":false,"template":"","format":"standard","meta":[],"categories":[4],"tags":[80,75],"yoast_head":"<!-- This site is optimized with the Yoast SEO plugin v17.6 - https:\/\/yoast.com\/wordpress\/plugins\/seo\/ -->\n<title>Jesienny Beskid Niski trekking 2009 - Maciaszki<\/title>\n<meta name=\"description\" content=\"Jesienny Beskid Niski trekking, S\u0119kowa, schronisko Magura Ma\u0142astowska, Bartne, w\u0119dr\u00f3wka, plecaki, Rotunda, Wo\u0142owiec, \u015bnieg,\" \/>\n<meta name=\"robots\" content=\"index, follow, max-snippet:-1, max-image-preview:large, max-video-preview:-1\" \/>\n<link rel=\"canonical\" href=\"https:\/\/maciaszki.pl\/index.php\/2009\/10\/14\/jesienny-beskid-niski-trekking-2009\/\" \/>\n<meta property=\"og:locale\" content=\"pl_PL\" \/>\n<meta property=\"og:type\" content=\"article\" \/>\n<meta property=\"og:title\" content=\"Jesienny Beskid Niski trekking 2009 - Maciaszki\" \/>\n<meta property=\"og:description\" content=\"Jesienny Beskid Niski trekking, S\u0119kowa, schronisko Magura Ma\u0142astowska, Bartne, w\u0119dr\u00f3wka, plecaki, Rotunda, Wo\u0142owiec, \u015bnieg,\" \/>\n<meta property=\"og:url\" content=\"https:\/\/maciaszki.pl\/index.php\/2009\/10\/14\/jesienny-beskid-niski-trekking-2009\/\" \/>\n<meta property=\"og:site_name\" content=\"Maciaszki\" \/>\n<meta property=\"article:published_time\" content=\"2009-10-14T21:06:05+00:00\" \/>\n<meta property=\"article:modified_time\" content=\"2020-06-29T10:34:00+00:00\" \/>\n<meta property=\"og:image\" content=\"https:\/\/maciaszki.pl\/wp-content\/uploads\/2019\/01\/DSC03899-1024x681.jpg\" \/>\n\t<meta property=\"og:image:width\" content=\"1024\" \/>\n\t<meta property=\"og:image:height\" content=\"681\" \/>\n<meta name=\"twitter:card\" content=\"summary_large_image\" \/>\n<meta name=\"twitter:label1\" content=\"Napisane przez\" \/>\n\t<meta name=\"twitter:data1\" content=\"Tomek\" \/>\n\t<meta name=\"twitter:label2\" content=\"Szacowany czas czytania\" \/>\n\t<meta name=\"twitter:data2\" content=\"3 minuty\" \/>\n<script type=\"application\/ld+json\" class=\"yoast-schema-graph\">{\"@context\":\"https:\/\/schema.org\",\"@graph\":[{\"@type\":\"WebSite\",\"@id\":\"https:\/\/maciaszki.pl\/#website\",\"url\":\"https:\/\/maciaszki.pl\/\",\"name\":\"Maciaszki\",\"description\":\"W\\u0119dr\\u00f3wki w czasie i w przestrzeni\",\"potentialAction\":[{\"@type\":\"SearchAction\",\"target\":{\"@type\":\"EntryPoint\",\"urlTemplate\":\"https:\/\/maciaszki.pl\/?s={search_term_string}\"},\"query-input\":\"required name=search_term_string\"}],\"inLanguage\":\"pl-PL\"},{\"@type\":\"ImageObject\",\"@id\":\"https:\/\/maciaszki.pl\/index.php\/2009\/10\/14\/jesienny-beskid-niski-trekking-2009\/#primaryimage\",\"inLanguage\":\"pl-PL\",\"url\":\"https:\/\/maciaszki.pl\/wp-content\/uploads\/2019\/01\/DSC03899.jpg\",\"contentUrl\":\"https:\/\/maciaszki.pl\/wp-content\/uploads\/2019\/01\/DSC03899.jpg\",\"width\":4592,\"height\":3056},{\"@type\":\"WebPage\",\"@id\":\"https:\/\/maciaszki.pl\/index.php\/2009\/10\/14\/jesienny-beskid-niski-trekking-2009\/#webpage\",\"url\":\"https:\/\/maciaszki.pl\/index.php\/2009\/10\/14\/jesienny-beskid-niski-trekking-2009\/\",\"name\":\"Jesienny Beskid Niski trekking 2009 - Maciaszki\",\"isPartOf\":{\"@id\":\"https:\/\/maciaszki.pl\/#website\"},\"primaryImageOfPage\":{\"@id\":\"https:\/\/maciaszki.pl\/index.php\/2009\/10\/14\/jesienny-beskid-niski-trekking-2009\/#primaryimage\"},\"datePublished\":\"2009-10-14T21:06:05+00:00\",\"dateModified\":\"2020-06-29T10:34:00+00:00\",\"author\":{\"@id\":\"https:\/\/maciaszki.pl\/#\/schema\/person\/927a7d4023a1599d0d448b6094ed01eb\"},\"description\":\"Jesienny Beskid Niski trekking, S\\u0119kowa, schronisko Magura Ma\\u0142astowska, Bartne, w\\u0119dr\\u00f3wka, plecaki, Rotunda, Wo\\u0142owiec, \\u015bnieg,\",\"breadcrumb\":{\"@id\":\"https:\/\/maciaszki.pl\/index.php\/2009\/10\/14\/jesienny-beskid-niski-trekking-2009\/#breadcrumb\"},\"inLanguage\":\"pl-PL\",\"potentialAction\":[{\"@type\":\"ReadAction\",\"target\":[\"https:\/\/maciaszki.pl\/index.php\/2009\/10\/14\/jesienny-beskid-niski-trekking-2009\/\"]}]},{\"@type\":\"BreadcrumbList\",\"@id\":\"https:\/\/maciaszki.pl\/index.php\/2009\/10\/14\/jesienny-beskid-niski-trekking-2009\/#breadcrumb\",\"itemListElement\":[{\"@type\":\"ListItem\",\"position\":1,\"name\":\"Home\",\"item\":\"https:\/\/maciaszki.pl\/\"},{\"@type\":\"ListItem\",\"position\":2,\"name\":\"Jesienny Beskid Niski trekking 2009\"}]},{\"@type\":\"Person\",\"@id\":\"https:\/\/maciaszki.pl\/#\/schema\/person\/927a7d4023a1599d0d448b6094ed01eb\",\"name\":\"Tomek\",\"image\":{\"@type\":\"ImageObject\",\"@id\":\"https:\/\/maciaszki.pl\/#personlogo\",\"inLanguage\":\"pl-PL\",\"url\":\"https:\/\/secure.gravatar.com\/avatar\/0ce461a5edaa58bb7fb6c252a1dbf70d?s=96&d=mm&r=g\",\"contentUrl\":\"https:\/\/secure.gravatar.com\/avatar\/0ce461a5edaa58bb7fb6c252a1dbf70d?s=96&d=mm&r=g\",\"caption\":\"Tomek\"},\"url\":\"https:\/\/maciaszki.pl\/index.php\/author\/tmaciaszek\/\"}]}<\/script>\n<!-- \/ Yoast SEO plugin. -->","yoast_head_json":{"title":"Jesienny Beskid Niski trekking 2009 - Maciaszki","description":"Jesienny Beskid Niski trekking, S\u0119kowa, schronisko Magura Ma\u0142astowska, Bartne, w\u0119dr\u00f3wka, plecaki, Rotunda, Wo\u0142owiec, \u015bnieg,","robots":{"index":"index","follow":"follow","max-snippet":"max-snippet:-1","max-image-preview":"max-image-preview:large","max-video-preview":"max-video-preview:-1"},"canonical":"https:\/\/maciaszki.pl\/index.php\/2009\/10\/14\/jesienny-beskid-niski-trekking-2009\/","og_locale":"pl_PL","og_type":"article","og_title":"Jesienny Beskid Niski trekking 2009 - Maciaszki","og_description":"Jesienny Beskid Niski trekking, S\u0119kowa, schronisko Magura Ma\u0142astowska, Bartne, w\u0119dr\u00f3wka, plecaki, Rotunda, Wo\u0142owiec, \u015bnieg,","og_url":"https:\/\/maciaszki.pl\/index.php\/2009\/10\/14\/jesienny-beskid-niski-trekking-2009\/","og_site_name":"Maciaszki","article_published_time":"2009-10-14T21:06:05+00:00","article_modified_time":"2020-06-29T10:34:00+00:00","og_image":[{"width":1024,"height":681,"url":"https:\/\/maciaszki.pl\/wp-content\/uploads\/2019\/01\/DSC03899-1024x681.jpg","type":"image\/jpeg"}],"twitter_card":"summary_large_image","twitter_misc":{"Napisane przez":"Tomek","Szacowany czas czytania":"3 minuty"},"schema":{"@context":"https:\/\/schema.org","@graph":[{"@type":"WebSite","@id":"https:\/\/maciaszki.pl\/#website","url":"https:\/\/maciaszki.pl\/","name":"Maciaszki","description":"W\u0119dr\u00f3wki w czasie i w przestrzeni","potentialAction":[{"@type":"SearchAction","target":{"@type":"EntryPoint","urlTemplate":"https:\/\/maciaszki.pl\/?s={search_term_string}"},"query-input":"required name=search_term_string"}],"inLanguage":"pl-PL"},{"@type":"ImageObject","@id":"https:\/\/maciaszki.pl\/index.php\/2009\/10\/14\/jesienny-beskid-niski-trekking-2009\/#primaryimage","inLanguage":"pl-PL","url":"https:\/\/maciaszki.pl\/wp-content\/uploads\/2019\/01\/DSC03899.jpg","contentUrl":"https:\/\/maciaszki.pl\/wp-content\/uploads\/2019\/01\/DSC03899.jpg","width":4592,"height":3056},{"@type":"WebPage","@id":"https:\/\/maciaszki.pl\/index.php\/2009\/10\/14\/jesienny-beskid-niski-trekking-2009\/#webpage","url":"https:\/\/maciaszki.pl\/index.php\/2009\/10\/14\/jesienny-beskid-niski-trekking-2009\/","name":"Jesienny Beskid Niski trekking 2009 - Maciaszki","isPartOf":{"@id":"https:\/\/maciaszki.pl\/#website"},"primaryImageOfPage":{"@id":"https:\/\/maciaszki.pl\/index.php\/2009\/10\/14\/jesienny-beskid-niski-trekking-2009\/#primaryimage"},"datePublished":"2009-10-14T21:06:05+00:00","dateModified":"2020-06-29T10:34:00+00:00","author":{"@id":"https:\/\/maciaszki.pl\/#\/schema\/person\/927a7d4023a1599d0d448b6094ed01eb"},"description":"Jesienny Beskid Niski trekking, S\u0119kowa, schronisko Magura Ma\u0142astowska, Bartne, w\u0119dr\u00f3wka, plecaki, Rotunda, Wo\u0142owiec, \u015bnieg,","breadcrumb":{"@id":"https:\/\/maciaszki.pl\/index.php\/2009\/10\/14\/jesienny-beskid-niski-trekking-2009\/#breadcrumb"},"inLanguage":"pl-PL","potentialAction":[{"@type":"ReadAction","target":["https:\/\/maciaszki.pl\/index.php\/2009\/10\/14\/jesienny-beskid-niski-trekking-2009\/"]}]},{"@type":"BreadcrumbList","@id":"https:\/\/maciaszki.pl\/index.php\/2009\/10\/14\/jesienny-beskid-niski-trekking-2009\/#breadcrumb","itemListElement":[{"@type":"ListItem","position":1,"name":"Home","item":"https:\/\/maciaszki.pl\/"},{"@type":"ListItem","position":2,"name":"Jesienny Beskid Niski trekking 2009"}]},{"@type":"Person","@id":"https:\/\/maciaszki.pl\/#\/schema\/person\/927a7d4023a1599d0d448b6094ed01eb","name":"Tomek","image":{"@type":"ImageObject","@id":"https:\/\/maciaszki.pl\/#personlogo","inLanguage":"pl-PL","url":"https:\/\/secure.gravatar.com\/avatar\/0ce461a5edaa58bb7fb6c252a1dbf70d?s=96&d=mm&r=g","contentUrl":"https:\/\/secure.gravatar.com\/avatar\/0ce461a5edaa58bb7fb6c252a1dbf70d?s=96&d=mm&r=g","caption":"Tomek"},"url":"https:\/\/maciaszki.pl\/index.php\/author\/tmaciaszek\/"}]}},"_links":{"self":[{"href":"https:\/\/maciaszki.pl\/index.php\/wp-json\/wp\/v2\/posts\/721"}],"collection":[{"href":"https:\/\/maciaszki.pl\/index.php\/wp-json\/wp\/v2\/posts"}],"about":[{"href":"https:\/\/maciaszki.pl\/index.php\/wp-json\/wp\/v2\/types\/post"}],"author":[{"embeddable":true,"href":"https:\/\/maciaszki.pl\/index.php\/wp-json\/wp\/v2\/users\/6"}],"replies":[{"embeddable":true,"href":"https:\/\/maciaszki.pl\/index.php\/wp-json\/wp\/v2\/comments?post=721"}],"version-history":[{"count":23,"href":"https:\/\/maciaszki.pl\/index.php\/wp-json\/wp\/v2\/posts\/721\/revisions"}],"predecessor-version":[{"id":2798,"href":"https:\/\/maciaszki.pl\/index.php\/wp-json\/wp\/v2\/posts\/721\/revisions\/2798"}],"wp:featuredmedia":[{"embeddable":true,"href":"https:\/\/maciaszki.pl\/index.php\/wp-json\/wp\/v2\/media\/734"}],"wp:attachment":[{"href":"https:\/\/maciaszki.pl\/index.php\/wp-json\/wp\/v2\/media?parent=721"}],"wp:term":[{"taxonomy":"category","embeddable":true,"href":"https:\/\/maciaszki.pl\/index.php\/wp-json\/wp\/v2\/categories?post=721"},{"taxonomy":"post_tag","embeddable":true,"href":"https:\/\/maciaszki.pl\/index.php\/wp-json\/wp\/v2\/tags?post=721"}],"curies":[{"name":"wp","href":"https:\/\/api.w.org\/{rel}","templated":true}]}}