{"id":6007,"date":"2025-07-08T13:29:25","date_gmt":"2025-07-08T11:29:25","guid":{"rendered":"https:\/\/maciaszki.pl\/?p=6007"},"modified":"2025-07-09T20:17:22","modified_gmt":"2025-07-09T18:17:22","slug":"trasa-rowerowa-men-fulda-i-wezera-2025","status":"publish","type":"post","link":"https:\/\/maciaszki.pl\/index.php\/2025\/07\/08\/trasa-rowerowa-men-fulda-i-wezera-2025\/","title":{"rendered":"Trasa rowerowa Men, Fulda i Wezera 2025"},"content":{"rendered":"\n<h4><strong>Men, Fulda, Wezera<\/strong><\/h4>\n\n\n\n<p class=\"has-small-font-size\">Nie mamy problemu z wyszukiwaniem kolejnych rowerowych szlak\u00f3w i cel\u00f3w podr\u00f3\u017cy. Popularnych i atrakcyjnych tras d\u0142ugodystansowych w r\u00f3\u017cnych krajach Europy nie brakuje. Gorzej z logistyk\u0105, zw\u0142aszcza z dotarciem na punkt startu i powrotem do domu. Kwestie dojazdu okazuj\u0105 si\u0119 bardzo istotne. Do tego dochodz\u0105 czynniki ambicjonalne \u2013 dobrze, by trasa dor\u00f3wnywa\u0142a poprzednim wyprawom atrakcyjno\u015bci\u0105, albo przynajmniej d\u0142ugo\u015bci\u0105. Taka rowerowa pu\u0142apka! Ale po raz kolejny uda\u0142o si\u0119 te warunki spe\u0142ni\u0107.<\/p>\n\n\n\n<figure class=\"wp-block-image size-large\"><a href=\"https:\/\/maciaszki.pl\/wp-content\/uploads\/2025\/07\/1-99-scaled.jpg\"><img loading=\"lazy\" width=\"1024\" height=\"683\" src=\"https:\/\/maciaszki.pl\/wp-content\/uploads\/2025\/07\/1-99-1024x683.jpg\" alt=\"\" class=\"wp-image-6008\" srcset=\"https:\/\/maciaszki.pl\/wp-content\/uploads\/2025\/07\/1-99-1024x683.jpg 1024w, https:\/\/maciaszki.pl\/wp-content\/uploads\/2025\/07\/1-99-300x200.jpg 300w, https:\/\/maciaszki.pl\/wp-content\/uploads\/2025\/07\/1-99-768x512.jpg 768w, https:\/\/maciaszki.pl\/wp-content\/uploads\/2025\/07\/1-99-1536x1025.jpg 1536w, https:\/\/maciaszki.pl\/wp-content\/uploads\/2025\/07\/1-99-2048x1366.jpg 2048w\" sizes=\"(max-width: 706px) 89vw, (max-width: 767px) 82vw, 740px\" \/><\/a><figcaption><em>Trasa rowerowa wzd\u0142u\u017c Menu (Main-Radweg)<\/em><\/figcaption><\/figure>\n\n\n\n<figure class=\"wp-block-gallery columns-2 is-cropped\"><ul class=\"blocks-gallery-grid\"><li class=\"blocks-gallery-item\"><figure><a href=\"https:\/\/maciaszki.pl\/wp-content\/uploads\/2025\/07\/1-322-scaled.jpg\"><img loading=\"lazy\" width=\"683\" height=\"1024\" src=\"https:\/\/maciaszki.pl\/wp-content\/uploads\/2025\/07\/1-322-683x1024.jpg\" alt=\"\" data-id=\"6012\" data-full-url=\"https:\/\/maciaszki.pl\/wp-content\/uploads\/2025\/07\/1-322-scaled.jpg\" data-link=\"https:\/\/maciaszki.pl\/?attachment_id=6012\" class=\"wp-image-6012\" srcset=\"https:\/\/maciaszki.pl\/wp-content\/uploads\/2025\/07\/1-322-683x1024.jpg 683w, https:\/\/maciaszki.pl\/wp-content\/uploads\/2025\/07\/1-322-200x300.jpg 200w, https:\/\/maciaszki.pl\/wp-content\/uploads\/2025\/07\/1-322-768x1152.jpg 768w, https:\/\/maciaszki.pl\/wp-content\/uploads\/2025\/07\/1-322-1024x1536.jpg 1024w, https:\/\/maciaszki.pl\/wp-content\/uploads\/2025\/07\/1-322-1365x2048.jpg 1365w, https:\/\/maciaszki.pl\/wp-content\/uploads\/2025\/07\/1-322-scaled.jpg 1707w\" sizes=\"(max-width: 683px) 100vw, 683px\" \/><\/a><\/figure><\/li><li class=\"blocks-gallery-item\"><figure><a href=\"https:\/\/maciaszki.pl\/wp-content\/uploads\/2025\/07\/1-324-scaled.jpg\"><img loading=\"lazy\" width=\"684\" height=\"1024\" src=\"https:\/\/maciaszki.pl\/wp-content\/uploads\/2025\/07\/1-324-684x1024.jpg\" alt=\"\" data-id=\"6013\" data-full-url=\"https:\/\/maciaszki.pl\/wp-content\/uploads\/2025\/07\/1-324-scaled.jpg\" data-link=\"https:\/\/maciaszki.pl\/?attachment_id=6013\" class=\"wp-image-6013\" srcset=\"https:\/\/maciaszki.pl\/wp-content\/uploads\/2025\/07\/1-324-684x1024.jpg 684w, https:\/\/maciaszki.pl\/wp-content\/uploads\/2025\/07\/1-324-200x300.jpg 200w, https:\/\/maciaszki.pl\/wp-content\/uploads\/2025\/07\/1-324-768x1150.jpg 768w, https:\/\/maciaszki.pl\/wp-content\/uploads\/2025\/07\/1-324-1026x1536.jpg 1026w, https:\/\/maciaszki.pl\/wp-content\/uploads\/2025\/07\/1-324-1368x2048.jpg 1368w, https:\/\/maciaszki.pl\/wp-content\/uploads\/2025\/07\/1-324-scaled.jpg 1710w\" sizes=\"(max-width: 684px) 100vw, 684px\" \/><\/a><\/figure><\/li><\/ul><figcaption class=\"blocks-gallery-caption\">Rotenburg nad Fuld\u0105<\/figcaption><\/figure>\n\n\n\n<!--more-->\n\n\n\n<p class=\"has-small-font-size\">W\u015br\u00f3d najbardziej popularnych szlak\u00f3w w Niemczech kr\u00f3luj\u0105 od lat Wezera i \u0141aba. W czo\u0142\u00f3wce s\u0105 m.in. Ren, Men, Dunaj, Mozela i Jezioro Bode\u0144skie. Wi\u0119kszo\u015b\u0107 z nich spenetrowali\u015bmy (<a href=\"https:\/\/maciaszki.pl\/index.php\/2013\/06\/30\/dunajska-trasa-rowerowa-donaueschingen-wieden\/\" target=\"_blank\" rel=\"noreferrer noopener\"><strong>Dunaj<\/strong><\/a>, <a href=\"https:\/\/maciaszki.pl\/index.php\/2018\/06\/30\/rowerem-wzdluz-laby-lub-powrot-do-nrd\/\" target=\"_blank\" rel=\"noreferrer noopener\"><strong>\u0141aba<\/strong><\/a>, <a href=\"https:\/\/maciaszki.pl\/index.php\/2019\/08\/20\/rowerem-wzdluz-renu-i-mozeli-oraz-alzacja-i-wogezy\/\" target=\"_blank\" rel=\"noreferrer noopener\"><strong>Ren i Mozela<\/strong><\/a>, <a href=\"https:\/\/maciaszki.pl\/index.php\/2021\/12\/03\/nysa-odra-rugia-uznam-rowery-2021\/\" target=\"_blank\" rel=\"noreferrer noopener\"><strong>Nysa i Odra<\/strong><\/a>, <a href=\"https:\/\/maciaszki.pl\/index.php\/2022\/09\/14\/tour-brandenburg-2022-czyli-rowerem-dookola-brandenburgii\/\" target=\"_blank\" rel=\"noreferrer noopener\"><strong>Brandenburgia<\/strong><\/a>), utwierdzaj\u0105c si\u0119 w przekonaniu o doskona\u0142o\u015bci niemieckich dr\u00f3g rowerowych. W tym roku zdecydowali\u015bmy si\u0119 na szlaki wzd\u0142u\u017c Menu i Wezery z Fuld\u0105 stanowi\u0105c\u0105 ich naturalne po\u0142\u0105czenie. Tym samym mieli\u015bmy do pokonania drog\u0119 wiod\u0105c\u0105 w uproszczeniu przez Bawari\u0119 (Men), Hesj\u0119 (Fulda) i Doln\u0105 Saksoni\u0119 (Wezera), a licz\u0105c\u0105 ponad 1400 km ze \u015brodka Niemiec nad Morze P\u00f3\u0142nocne &#8211;<strong> <a href=\"https:\/\/www.google.com\/maps\/d\/u\/0\/edit?mid=1Bjn6BAewEkTKIbll7C4PgUzgsXCObJg&amp;usp=sharing\" target=\"_blank\" rel=\"noreferrer noopener\">mapa tutaj<\/a><\/strong>. Opis trasy tak d\u0142ugiej i r\u00f3\u017cnorodnej to zadanie nie do wykonania! Spr\u00f3buj\u0119 w skr\u00f3cie, co nie znaczy, \u017ce b\u0119dzie kr\u00f3tko.<\/p>\n\n\n\n<div class=\"wp-block-image\"><figure class=\"aligncenter size-full\"><a href=\"https:\/\/maciaszki.pl\/wp-content\/uploads\/2025\/07\/Mapa-wyprawy-rowerowaj-2025.jpg\"><img loading=\"lazy\" width=\"514\" height=\"660\" src=\"https:\/\/maciaszki.pl\/wp-content\/uploads\/2025\/07\/Mapa-wyprawy-rowerowaj-2025.jpg\" alt=\"\" class=\"wp-image-6011\" srcset=\"https:\/\/maciaszki.pl\/wp-content\/uploads\/2025\/07\/Mapa-wyprawy-rowerowaj-2025.jpg 514w, https:\/\/maciaszki.pl\/wp-content\/uploads\/2025\/07\/Mapa-wyprawy-rowerowaj-2025-234x300.jpg 234w\" sizes=\"(max-width: 514px) 100vw, 514px\" \/><\/a><figcaption><em><strong>Trasa rowerowa<b> Men, Fulda, Wezera &#8211; <\/b>1423 km &#8211; mapa<\/strong><\/em><\/figcaption><\/figure><\/div>\n\n\n\n<h3><strong>Trasa rowerowa Men, Fulda, Wezera &#8211; cz\u0119\u015b\u0107 I: Men<\/strong><\/h3>\n\n\n\n<p class=\"has-small-font-size\">Nasz Men to zgodnie z opisem szlaku odcinek z Bayreuth do Hanau blisko Frankfurtu licz\u0105cy 460 km. Oczywi\u015bcie w rzeczywisto\u015bci to nieco wi\u0119cej, bo dochodz\u0105 rowerowe spacery po bawarskich miastach, dojazdy do sklep\u00f3w i camping\u00f3w, czasem b\u0142\u0119dnie obrane kierunki. Trasa rozpoczyna si\u0119 w Bayreuth, mie\u015bcie Ryszarda Wagnera, i z pewno\u015bci\u0105 warto si\u0119 tej wskaz\u00f3wki trzyma\u0107. Miasto le\u017cy nad Czerwonym Menem, kt\u00f3ry 27 km dalej, za Kulmbach, \u0142\u0105czy si\u0119 z Bia\u0142ym, tworz\u0105c w\u0142a\u015bciwy i ju\u017c ca\u0142kiem poka\u017any Men.<\/p>\n\n\n\n<div class=\"wp-block-image\"><figure class=\"aligncenter size-large\"><a href=\"https:\/\/maciaszki.pl\/wp-content\/uploads\/2025\/07\/1-3-scaled.jpg\"><img loading=\"lazy\" width=\"1024\" height=\"682\" src=\"https:\/\/maciaszki.pl\/wp-content\/uploads\/2025\/07\/1-3-1024x682.jpg\" alt=\"\" class=\"wp-image-6014\" srcset=\"https:\/\/maciaszki.pl\/wp-content\/uploads\/2025\/07\/1-3-1024x682.jpg 1024w, https:\/\/maciaszki.pl\/wp-content\/uploads\/2025\/07\/1-3-300x200.jpg 300w, https:\/\/maciaszki.pl\/wp-content\/uploads\/2025\/07\/1-3-768x511.jpg 768w, https:\/\/maciaszki.pl\/wp-content\/uploads\/2025\/07\/1-3-1536x1023.jpg 1536w, https:\/\/maciaszki.pl\/wp-content\/uploads\/2025\/07\/1-3-2048x1364.jpg 2048w\" sizes=\"(max-width: 706px) 89vw, (max-width: 767px) 82vw, 740px\" \/><\/a><figcaption><em>Na dworcu w Bayreuth zaczyna si\u0119 nasza trasa rowerowa Men, Fulda, Wezera<\/em><\/figcaption><\/figure><\/div>\n\n\n\n<p class=\"has-small-font-size\">Szlak bardzo cz\u0119sto odbija od rzeki p\u0142yn\u0105cej przez Wy\u017cyn\u0119 Franko\u0144sk\u0105, a ka\u017cde odbicie to podjazd przykry dla roweru obci\u0105\u017conego sakwami. Nagrod\u0105 s\u0105 jednak urokliwe wsie bawarskie. Trasa prowadzi obrze\u017cami Bambergu, ale warto do\u0142o\u017cy\u0107 par\u0119 kilometr\u00f3w, wjecha\u0107 do centrum i po\u015bwi\u0119ci\u0107 mu troch\u0119 czasu. <\/p>\n\n\n\n<div class=\"wp-block-image\"><figure class=\"aligncenter size-large\"><a href=\"https:\/\/maciaszki.pl\/wp-content\/uploads\/2025\/07\/1-36-scaled.jpg\"><img loading=\"lazy\" width=\"1024\" height=\"683\" src=\"https:\/\/maciaszki.pl\/wp-content\/uploads\/2025\/07\/1-36-1024x683.jpg\" alt=\"\" class=\"wp-image-6015\" srcset=\"https:\/\/maciaszki.pl\/wp-content\/uploads\/2025\/07\/1-36-1024x683.jpg 1024w, https:\/\/maciaszki.pl\/wp-content\/uploads\/2025\/07\/1-36-300x200.jpg 300w, https:\/\/maciaszki.pl\/wp-content\/uploads\/2025\/07\/1-36-768x513.jpg 768w, https:\/\/maciaszki.pl\/wp-content\/uploads\/2025\/07\/1-36-1536x1025.jpg 1536w, https:\/\/maciaszki.pl\/wp-content\/uploads\/2025\/07\/1-36-2048x1367.jpg 2048w\" sizes=\"(max-width: 706px) 89vw, (max-width: 767px) 82vw, 740px\" \/><\/a><figcaption><em>Pod koniec pierwszego dnia jazdy raczymy si\u0119 regionalnym piwem<\/em><\/figcaption><\/figure><\/div>\n\n\n\n<p class=\"has-small-font-size\">Rejon piwny o najwi\u0119kszym zag\u0119szczeniu browar\u00f3w na \u015bwiecie, z tymi s\u0142awnymi w Bayreuth i Bambergu, zast\u0119puj\u0105 stopniowo winnice. Stolic\u0105 franko\u0144skiego wina jest W\u00fcrzburg, a male\u0144kie, urokliwe miasteczka i wsie kusz\u0105 lokalnym winem, zw\u0142aszcza szczepami Silvaner, M\u00fcller-Thurgau i Bacchus. A potem zn\u00f3w wkraczamy do krainy piwa.<\/p>\n\n\n\n<figure class=\"wp-block-gallery columns-2 is-cropped\"><ul class=\"blocks-gallery-grid\"><li class=\"blocks-gallery-item\"><figure><a href=\"https:\/\/maciaszki.pl\/wp-content\/uploads\/2025\/07\/1-50-scaled.jpg\"><img loading=\"lazy\" width=\"681\" height=\"1024\" src=\"https:\/\/maciaszki.pl\/wp-content\/uploads\/2025\/07\/1-50-681x1024.jpg\" alt=\"\" data-id=\"6016\" data-full-url=\"https:\/\/maciaszki.pl\/wp-content\/uploads\/2025\/07\/1-50-scaled.jpg\" data-link=\"https:\/\/maciaszki.pl\/?attachment_id=6016\" class=\"wp-image-6016\" srcset=\"https:\/\/maciaszki.pl\/wp-content\/uploads\/2025\/07\/1-50-681x1024.jpg 681w, https:\/\/maciaszki.pl\/wp-content\/uploads\/2025\/07\/1-50-200x300.jpg 200w, https:\/\/maciaszki.pl\/wp-content\/uploads\/2025\/07\/1-50-768x1154.jpg 768w, https:\/\/maciaszki.pl\/wp-content\/uploads\/2025\/07\/1-50-1022x1536.jpg 1022w, https:\/\/maciaszki.pl\/wp-content\/uploads\/2025\/07\/1-50-1363x2048.jpg 1363w, https:\/\/maciaszki.pl\/wp-content\/uploads\/2025\/07\/1-50-scaled.jpg 1703w\" sizes=\"(max-width: 681px) 100vw, 681px\" \/><\/a><\/figure><\/li><li class=\"blocks-gallery-item\"><figure><a href=\"https:\/\/maciaszki.pl\/wp-content\/uploads\/2025\/07\/1-52-scaled.jpg\"><img loading=\"lazy\" width=\"682\" height=\"1024\" src=\"https:\/\/maciaszki.pl\/wp-content\/uploads\/2025\/07\/1-52-682x1024.jpg\" alt=\"\" data-id=\"6017\" data-full-url=\"https:\/\/maciaszki.pl\/wp-content\/uploads\/2025\/07\/1-52-scaled.jpg\" data-link=\"https:\/\/maciaszki.pl\/?attachment_id=6017\" class=\"wp-image-6017\" srcset=\"https:\/\/maciaszki.pl\/wp-content\/uploads\/2025\/07\/1-52-682x1024.jpg 682w, https:\/\/maciaszki.pl\/wp-content\/uploads\/2025\/07\/1-52-200x300.jpg 200w, https:\/\/maciaszki.pl\/wp-content\/uploads\/2025\/07\/1-52-768x1153.jpg 768w, https:\/\/maciaszki.pl\/wp-content\/uploads\/2025\/07\/1-52-1023x1536.jpg 1023w, https:\/\/maciaszki.pl\/wp-content\/uploads\/2025\/07\/1-52-1364x2048.jpg 1364w, https:\/\/maciaszki.pl\/wp-content\/uploads\/2025\/07\/1-52-scaled.jpg 1705w\" sizes=\"(max-width: 682px) 100vw, 682px\" \/><\/a><\/figure><\/li><\/ul><figcaption class=\"blocks-gallery-caption\">Nie brakuje samoobs\u0142ugowych serwis\u00f3w rowerowych<\/figcaption><\/figure>\n\n\n\n<p class=\"has-small-font-size\">Men p\u0142ynie na zach\u00f3d, zataczaj\u0105c szerokie \u0142uki z p\u00f3\u0142nocy na po\u0142udnie i zn\u00f3w zmieniaj\u0105c kierunek. To szeroka rzeka, kt\u00f3r\u0105 p\u0142ywaj\u0105 wielkie barki transportowe i wycieczkowce. Zaskakuje te\u017c liczba most\u00f3w. Odleg\u0142o\u015bci miedzy miastami w linii prostej s\u0105 niewielkie, ale kiedy pokonuje si\u0119 je, jad\u0105c wzd\u0142u\u017c rzeki, kilometr\u00f3w zdecydowanie przybywa. Miasteczka nad Menem, zw\u0142aszcza te za W\u00fcrzburgiem, s\u0105 tak zachwycaj\u0105ce, \u017ce chcia\u0142oby si\u0119 wjecha\u0107 do ka\u017cdego. <\/p>\n\n\n\n<figure class=\"wp-block-gallery columns-2 is-cropped\"><ul class=\"blocks-gallery-grid\"><li class=\"blocks-gallery-item\"><figure><a href=\"https:\/\/maciaszki.pl\/wp-content\/uploads\/2025\/07\/1-131-scaled.jpg\"><img loading=\"lazy\" width=\"687\" height=\"1024\" src=\"https:\/\/maciaszki.pl\/wp-content\/uploads\/2025\/07\/1-131-687x1024.jpg\" alt=\"\" data-id=\"6018\" data-full-url=\"https:\/\/maciaszki.pl\/wp-content\/uploads\/2025\/07\/1-131-scaled.jpg\" data-link=\"https:\/\/maciaszki.pl\/?attachment_id=6018\" class=\"wp-image-6018\" srcset=\"https:\/\/maciaszki.pl\/wp-content\/uploads\/2025\/07\/1-131-687x1024.jpg 687w, https:\/\/maciaszki.pl\/wp-content\/uploads\/2025\/07\/1-131-201x300.jpg 201w, https:\/\/maciaszki.pl\/wp-content\/uploads\/2025\/07\/1-131-768x1144.jpg 768w, https:\/\/maciaszki.pl\/wp-content\/uploads\/2025\/07\/1-131-1031x1536.jpg 1031w, https:\/\/maciaszki.pl\/wp-content\/uploads\/2025\/07\/1-131-1375x2048.jpg 1375w, https:\/\/maciaszki.pl\/wp-content\/uploads\/2025\/07\/1-131-scaled.jpg 1719w\" sizes=\"(max-width: 687px) 100vw, 687px\" \/><\/a><\/figure><\/li><li class=\"blocks-gallery-item\"><figure><a href=\"https:\/\/maciaszki.pl\/wp-content\/uploads\/2025\/07\/1-135-scaled.jpg\"><img loading=\"lazy\" width=\"681\" height=\"1024\" src=\"https:\/\/maciaszki.pl\/wp-content\/uploads\/2025\/07\/1-135-681x1024.jpg\" alt=\"\" data-id=\"6019\" data-full-url=\"https:\/\/maciaszki.pl\/wp-content\/uploads\/2025\/07\/1-135-scaled.jpg\" data-link=\"https:\/\/maciaszki.pl\/?attachment_id=6019\" class=\"wp-image-6019\" srcset=\"https:\/\/maciaszki.pl\/wp-content\/uploads\/2025\/07\/1-135-681x1024.jpg 681w, https:\/\/maciaszki.pl\/wp-content\/uploads\/2025\/07\/1-135-199x300.jpg 199w, https:\/\/maciaszki.pl\/wp-content\/uploads\/2025\/07\/1-135-768x1156.jpg 768w, https:\/\/maciaszki.pl\/wp-content\/uploads\/2025\/07\/1-135-1021x1536.jpg 1021w, https:\/\/maciaszki.pl\/wp-content\/uploads\/2025\/07\/1-135-1361x2048.jpg 1361w, https:\/\/maciaszki.pl\/wp-content\/uploads\/2025\/07\/1-135-scaled.jpg 1701w\" sizes=\"(max-width: 681px) 100vw, 681px\" \/><\/a><\/figure><\/li><\/ul><figcaption class=\"blocks-gallery-caption\">Miasteczko Marktbreit nad Menem<\/figcaption><\/figure>\n\n\n\n<div class=\"wp-block-image\"><figure class=\"aligncenter size-large\"><a href=\"https:\/\/maciaszki.pl\/wp-content\/uploads\/2025\/07\/1-197-scaled.jpg\"><img loading=\"lazy\" width=\"1024\" height=\"684\" src=\"https:\/\/maciaszki.pl\/wp-content\/uploads\/2025\/07\/1-197-1024x684.jpg\" alt=\"\" class=\"wp-image-6020\" srcset=\"https:\/\/maciaszki.pl\/wp-content\/uploads\/2025\/07\/1-197-1024x684.jpg 1024w, https:\/\/maciaszki.pl\/wp-content\/uploads\/2025\/07\/1-197-300x200.jpg 300w, https:\/\/maciaszki.pl\/wp-content\/uploads\/2025\/07\/1-197-768x513.jpg 768w, https:\/\/maciaszki.pl\/wp-content\/uploads\/2025\/07\/1-197-1536x1026.jpg 1536w, https:\/\/maciaszki.pl\/wp-content\/uploads\/2025\/07\/1-197-2048x1368.jpg 2048w\" sizes=\"(max-width: 706px) 89vw, (max-width: 767px) 82vw, 740px\" \/><\/a><figcaption><em>Wycieczkowiec na Menie<\/em><\/figcaption><\/figure><\/div>\n\n\n\n<div class=\"wp-block-image\"><figure class=\"aligncenter size-large\"><a href=\"https:\/\/maciaszki.pl\/wp-content\/uploads\/2025\/07\/1-141-scaled.jpg\"><img loading=\"lazy\" width=\"1024\" height=\"684\" src=\"https:\/\/maciaszki.pl\/wp-content\/uploads\/2025\/07\/1-141-1024x684.jpg\" alt=\"\" class=\"wp-image-6021\" srcset=\"https:\/\/maciaszki.pl\/wp-content\/uploads\/2025\/07\/1-141-1024x684.jpg 1024w, https:\/\/maciaszki.pl\/wp-content\/uploads\/2025\/07\/1-141-300x200.jpg 300w, https:\/\/maciaszki.pl\/wp-content\/uploads\/2025\/07\/1-141-768x513.jpg 768w, https:\/\/maciaszki.pl\/wp-content\/uploads\/2025\/07\/1-141-1536x1026.jpg 1536w, https:\/\/maciaszki.pl\/wp-content\/uploads\/2025\/07\/1-141-2048x1368.jpg 2048w\" sizes=\"(max-width: 706px) 89vw, (max-width: 767px) 82vw, 740px\" \/><\/a><figcaption><em> W winnym rejonie W\u00fcrzburga w Sommerhausen degustujemy lokalne wino<\/em><\/figcaption><\/figure><\/div>\n\n\n\n<div class=\"wp-block-image\"><figure class=\"aligncenter size-large\"><a href=\"https:\/\/maciaszki.pl\/wp-content\/uploads\/2025\/07\/1-107-scaled.jpg\"><img loading=\"lazy\" width=\"1024\" height=\"683\" src=\"https:\/\/maciaszki.pl\/wp-content\/uploads\/2025\/07\/1-107-1024x683.jpg\" alt=\"\" class=\"wp-image-6022\" srcset=\"https:\/\/maciaszki.pl\/wp-content\/uploads\/2025\/07\/1-107-1024x683.jpg 1024w, https:\/\/maciaszki.pl\/wp-content\/uploads\/2025\/07\/1-107-300x200.jpg 300w, https:\/\/maciaszki.pl\/wp-content\/uploads\/2025\/07\/1-107-768x512.jpg 768w, https:\/\/maciaszki.pl\/wp-content\/uploads\/2025\/07\/1-107-1536x1024.jpg 1536w, https:\/\/maciaszki.pl\/wp-content\/uploads\/2025\/07\/1-107-2048x1365.jpg 2048w\" sizes=\"(max-width: 706px) 89vw, (max-width: 767px) 82vw, 740px\" \/><\/a><figcaption><em>Winnice w rejonie  W\u00fcrzburg<\/em>a<em> nad Menem<\/em><\/figcaption><\/figure><\/div>\n\n\n\n<p class=\"has-small-font-size\">A przecie\u017c s\u0105 jeszcze kilometry, kt\u00f3re jako\u015b trzeba zaliczy\u0107. Na przejechanie ca\u0142o\u015bci po\u015bwi\u0119cili\u015bmy sze\u015b\u0107 dni. Dotarli\u015bmy do Hanau (ok. 15 km przed Frankfurtem), by Main-Radweg zamieni\u0107 na Bahn-Radweg Hessen i odbi\u0107 na p\u00f3\u0142noc.<\/p>\n\n\n\n<h4><strong>Obecno\u015b\u0107 obowi\u0105zkowa<\/strong><\/h4>\n\n\n\n<p class=\"has-small-font-size\">Bawaria to w moim odczuciu esencja kultury germa\u0144skiej, rejon o bogatej historii i przepi\u0119knej architekturze. Wi\u0119kszo\u015b\u0107 miejsc podziwiamy z perspektywy siode\u0142ka rowerowego, czyli w za\u0142o\u017ceniu do\u015b\u0107 pobie\u017cnie.<\/p>\n\n\n\n<figure class=\"wp-block-gallery columns-2 is-cropped\"><ul class=\"blocks-gallery-grid\"><li class=\"blocks-gallery-item\"><figure><a href=\"https:\/\/maciaszki.pl\/wp-content\/uploads\/2025\/07\/1-178-scaled.jpg\"><img loading=\"lazy\" width=\"681\" height=\"1024\" src=\"https:\/\/maciaszki.pl\/wp-content\/uploads\/2025\/07\/1-178-681x1024.jpg\" alt=\"\" data-id=\"6026\" data-full-url=\"https:\/\/maciaszki.pl\/wp-content\/uploads\/2025\/07\/1-178-scaled.jpg\" data-link=\"https:\/\/maciaszki.pl\/?attachment_id=6026\" class=\"wp-image-6026\" srcset=\"https:\/\/maciaszki.pl\/wp-content\/uploads\/2025\/07\/1-178-681x1024.jpg 681w, https:\/\/maciaszki.pl\/wp-content\/uploads\/2025\/07\/1-178-200x300.jpg 200w, https:\/\/maciaszki.pl\/wp-content\/uploads\/2025\/07\/1-178-768x1155.jpg 768w, https:\/\/maciaszki.pl\/wp-content\/uploads\/2025\/07\/1-178-1022x1536.jpg 1022w, https:\/\/maciaszki.pl\/wp-content\/uploads\/2025\/07\/1-178-1362x2048.jpg 1362w, https:\/\/maciaszki.pl\/wp-content\/uploads\/2025\/07\/1-178-scaled.jpg 1703w\" sizes=\"(max-width: 681px) 100vw, 681px\" \/><\/a><\/figure><\/li><li class=\"blocks-gallery-item\"><figure><a href=\"https:\/\/maciaszki.pl\/wp-content\/uploads\/2025\/07\/1-180-scaled.jpg\"><img loading=\"lazy\" width=\"682\" height=\"1024\" src=\"https:\/\/maciaszki.pl\/wp-content\/uploads\/2025\/07\/1-180-682x1024.jpg\" alt=\"\" data-id=\"6027\" data-full-url=\"https:\/\/maciaszki.pl\/wp-content\/uploads\/2025\/07\/1-180-scaled.jpg\" data-link=\"https:\/\/maciaszki.pl\/?attachment_id=6027\" class=\"wp-image-6027\" srcset=\"https:\/\/maciaszki.pl\/wp-content\/uploads\/2025\/07\/1-180-682x1024.jpg 682w, https:\/\/maciaszki.pl\/wp-content\/uploads\/2025\/07\/1-180-200x300.jpg 200w, https:\/\/maciaszki.pl\/wp-content\/uploads\/2025\/07\/1-180-768x1153.jpg 768w, https:\/\/maciaszki.pl\/wp-content\/uploads\/2025\/07\/1-180-1023x1536.jpg 1023w, https:\/\/maciaszki.pl\/wp-content\/uploads\/2025\/07\/1-180-1364x2048.jpg 1364w, https:\/\/maciaszki.pl\/wp-content\/uploads\/2025\/07\/1-180-scaled.jpg 1705w\" sizes=\"(max-width: 682px) 100vw, 682px\" \/><\/a><\/figure><\/li><\/ul><figcaption class=\"blocks-gallery-caption\">Karlstadt &#8211; jedno z wielu pi\u0119knych bawarskich miasteczek<\/figcaption><\/figure>\n\n\n\n<h4><strong>Koniecznie zajrzyj do Bayreuth!<\/strong><\/h4>\n\n\n\n<p class=\"has-small-font-size\">Gwarantuj\u0119 niezapomniane wra\u017cenia! Punktem zapewniaj\u0105cym miastu \u015bwiatow\u0105 s\u0142aw\u0119 jest Opera Margrabi\u00f3w wybudowana w XVIII w. na zlecenie Wilhelminy, siostry kr\u00f3la Prus Fryderyka II, utrzymana w barokowym stylu, pono\u0107 jedna z najpi\u0119kniejszych na \u015bwiecie. Na nas zrobi\u0142a osza\u0142amiaj\u0105ce wra\u017cenie. Dot\u0105d nie mog\u0119 opisa\u0107 tego uczucia ol\u015bnienia, kiedy znalaz\u0142am si\u0119 w jej barokowym wn\u0119trzu. Udost\u0119pniona do zwiedzania, pozwala pozna\u0107 swoj\u0105 histori\u0119, ale te\u017c daje mo\u017cliwo\u015b\u0107 prostej, dzieci\u0119cej zabawy w aran\u017cowanie sceny z jej dekoracjami i d\u017awi\u0119kami (bilet 9\u20ac). Tu\u017c obok opery znajduje si\u0119 ko\u015bci\u00f3\u0142 zamkowy z grobowcem margrabi\u00f3w Friedricha i Wilhelminy.<\/p>\n\n\n\n<div class=\"wp-block-image\"><figure class=\"aligncenter size-large\"><a href=\"https:\/\/maciaszki.pl\/wp-content\/uploads\/2025\/07\/1-10-scaled.jpg\"><img loading=\"lazy\" width=\"1024\" height=\"684\" src=\"https:\/\/maciaszki.pl\/wp-content\/uploads\/2025\/07\/1-10-1024x684.jpg\" alt=\"\" class=\"wp-image-6031\" srcset=\"https:\/\/maciaszki.pl\/wp-content\/uploads\/2025\/07\/1-10-1024x684.jpg 1024w, https:\/\/maciaszki.pl\/wp-content\/uploads\/2025\/07\/1-10-300x200.jpg 300w, https:\/\/maciaszki.pl\/wp-content\/uploads\/2025\/07\/1-10-768x513.jpg 768w, https:\/\/maciaszki.pl\/wp-content\/uploads\/2025\/07\/1-10-1536x1025.jpg 1536w, https:\/\/maciaszki.pl\/wp-content\/uploads\/2025\/07\/1-10-2048x1367.jpg 2048w\" sizes=\"(max-width: 706px) 89vw, (max-width: 767px) 82vw, 740px\" \/><\/a><figcaption><em> Bayreuth, Opera  Margrabi\u00f3w z XVIII wieku<\/em><\/figcaption><\/figure><\/div>\n\n\n\n<figure class=\"wp-block-gallery columns-2 is-cropped\"><ul class=\"blocks-gallery-grid\"><li class=\"blocks-gallery-item\"><figure><a href=\"https:\/\/maciaszki.pl\/wp-content\/uploads\/2025\/07\/1-15-683x1024.jpg\"><img loading=\"lazy\" width=\"683\" height=\"1024\" src=\"https:\/\/maciaszki.pl\/wp-content\/uploads\/2025\/07\/1-15-683x1024.jpg\" alt=\"\" data-id=\"6028\" data-link=\"https:\/\/maciaszki.pl\/?attachment_id=6028\" class=\"wp-image-6028\" srcset=\"https:\/\/maciaszki.pl\/wp-content\/uploads\/2025\/07\/1-15-683x1024.jpg 683w, https:\/\/maciaszki.pl\/wp-content\/uploads\/2025\/07\/1-15-200x300.jpg 200w, https:\/\/maciaszki.pl\/wp-content\/uploads\/2025\/07\/1-15-768x1152.jpg 768w, https:\/\/maciaszki.pl\/wp-content\/uploads\/2025\/07\/1-15-1024x1536.jpg 1024w, https:\/\/maciaszki.pl\/wp-content\/uploads\/2025\/07\/1-15-1366x2048.jpg 1366w, https:\/\/maciaszki.pl\/wp-content\/uploads\/2025\/07\/1-15-scaled.jpg 1707w\" sizes=\"(max-width: 683px) 100vw, 683px\" \/><\/a><\/figure><\/li><li class=\"blocks-gallery-item\"><figure><a href=\"https:\/\/maciaszki.pl\/wp-content\/uploads\/2025\/07\/1-19-684x1024.jpg\"><img loading=\"lazy\" width=\"684\" height=\"1024\" src=\"https:\/\/maciaszki.pl\/wp-content\/uploads\/2025\/07\/1-19-684x1024.jpg\" alt=\"\" data-id=\"6029\" data-link=\"https:\/\/maciaszki.pl\/?attachment_id=6029\" class=\"wp-image-6029\" srcset=\"https:\/\/maciaszki.pl\/wp-content\/uploads\/2025\/07\/1-19-684x1024.jpg 684w, https:\/\/maciaszki.pl\/wp-content\/uploads\/2025\/07\/1-19-200x300.jpg 200w, https:\/\/maciaszki.pl\/wp-content\/uploads\/2025\/07\/1-19-768x1149.jpg 768w, https:\/\/maciaszki.pl\/wp-content\/uploads\/2025\/07\/1-19-1026x1536.jpg 1026w, https:\/\/maciaszki.pl\/wp-content\/uploads\/2025\/07\/1-19-1368x2048.jpg 1368w, https:\/\/maciaszki.pl\/wp-content\/uploads\/2025\/07\/1-19-scaled.jpg 1710w\" sizes=\"(max-width: 684px) 100vw, 684px\" \/><\/a><\/figure><\/li><li class=\"blocks-gallery-item\"><figure><a href=\"https:\/\/maciaszki.pl\/wp-content\/uploads\/2025\/07\/1-16-scaled.jpg\"><img loading=\"lazy\" width=\"1024\" height=\"682\" src=\"https:\/\/maciaszki.pl\/wp-content\/uploads\/2025\/07\/1-16-1024x682.jpg\" alt=\"\" data-id=\"6030\" data-full-url=\"https:\/\/maciaszki.pl\/wp-content\/uploads\/2025\/07\/1-16-scaled.jpg\" data-link=\"https:\/\/maciaszki.pl\/?attachment_id=6030\" class=\"wp-image-6030\" srcset=\"https:\/\/maciaszki.pl\/wp-content\/uploads\/2025\/07\/1-16-1024x682.jpg 1024w, https:\/\/maciaszki.pl\/wp-content\/uploads\/2025\/07\/1-16-300x200.jpg 300w, https:\/\/maciaszki.pl\/wp-content\/uploads\/2025\/07\/1-16-768x512.jpg 768w, https:\/\/maciaszki.pl\/wp-content\/uploads\/2025\/07\/1-16-1536x1024.jpg 1536w, https:\/\/maciaszki.pl\/wp-content\/uploads\/2025\/07\/1-16-2048x1365.jpg 2048w\" sizes=\"(max-width: 706px) 89vw, (max-width: 767px) 82vw, 740px\" \/><\/a><\/figure><\/li><\/ul><figcaption class=\"blocks-gallery-caption\">Osza\u0142amiaj\u0105ce wn\u0119trze opery w Bayreuth<\/figcaption><\/figure>\n\n\n\n<p class=\"has-small-font-size\">Bayreuth znane jest z Festiwalu Wagnerowskiego odbywaj\u0105cego si\u0119 od blisko 150 lat. Stromym podjazdem zmierzamy ku Festspielhaus, nowej operze wybudowanej dzi\u0119ki inicjatywie Ryszarda Wagnera. Kompozytor sp\u0119dzi\u0142 w mie\u015bcie ostatnie lata swojego \u017cycia. W czasach w\u0142adzy Hitlera Bayreuth by\u0142o uznawane za jeden z najwa\u017cniejszych o\u015brodk\u00f3w kultury, a festiwal narodow\u0105 imprez\u0119 III Rzeszy. Obecnie przed now\u0105 oper\u0105 znajduje si\u0119 wystawa po\u015bwi\u0119cona muzykom \u017cydowskiego pochodzenia, kt\u00f3rzy zgin\u0119li podczas II wojny \u015bwiatowej.<\/p>\n\n\n\n<div class=\"wp-block-image\"><figure class=\"aligncenter size-large\"><a href=\"https:\/\/maciaszki.pl\/wp-content\/uploads\/2025\/07\/1-21-scaled.jpg\"><img loading=\"lazy\" width=\"1024\" height=\"682\" src=\"https:\/\/maciaszki.pl\/wp-content\/uploads\/2025\/07\/1-21-1024x682.jpg\" alt=\"\" class=\"wp-image-6032\" srcset=\"https:\/\/maciaszki.pl\/wp-content\/uploads\/2025\/07\/1-21-1024x682.jpg 1024w, https:\/\/maciaszki.pl\/wp-content\/uploads\/2025\/07\/1-21-300x200.jpg 300w, https:\/\/maciaszki.pl\/wp-content\/uploads\/2025\/07\/1-21-768x511.jpg 768w, https:\/\/maciaszki.pl\/wp-content\/uploads\/2025\/07\/1-21-1536x1023.jpg 1536w, https:\/\/maciaszki.pl\/wp-content\/uploads\/2025\/07\/1-21-2048x1364.jpg 2048w\" sizes=\"(max-width: 706px) 89vw, (max-width: 767px) 82vw, 740px\" \/><\/a><figcaption><em>Scena Opery Margrabi\u00f3w w Bayreuth z wra\u017ceniem g\u0142\u0119bi<\/em><\/figcaption><\/figure><\/div>\n\n\n\n<h4><strong>Ma\u0142y skok do Bambergu<\/strong><\/h4>\n\n\n\n<p class=\"has-small-font-size\">Od Main-Radweg odbija wygodna trasa do Bambergu wzd\u0142u\u017c rzeki Regnitz prowadz\u0105ca wprost do centrum. A w Starym Mie\u015bcie mo\u017cna si\u0119 zakocha\u0107, cho\u0107 spacer po Bambergu z rowerami za\u0142adowanymi sakwami to nie lada wyzwanie \u2013 wsz\u0119dzie jest za stromo.<\/p>\n\n\n\n<div class=\"wp-block-image\"><figure class=\"aligncenter size-large\"><a href=\"https:\/\/maciaszki.pl\/wp-content\/uploads\/2025\/07\/1-60-scaled.jpg\"><img loading=\"lazy\" width=\"1024\" height=\"682\" src=\"https:\/\/maciaszki.pl\/wp-content\/uploads\/2025\/07\/1-60-1024x682.jpg\" alt=\"\" class=\"wp-image-6033\" srcset=\"https:\/\/maciaszki.pl\/wp-content\/uploads\/2025\/07\/1-60-1024x682.jpg 1024w, https:\/\/maciaszki.pl\/wp-content\/uploads\/2025\/07\/1-60-300x200.jpg 300w, https:\/\/maciaszki.pl\/wp-content\/uploads\/2025\/07\/1-60-768x511.jpg 768w, https:\/\/maciaszki.pl\/wp-content\/uploads\/2025\/07\/1-60-1536x1023.jpg 1536w, https:\/\/maciaszki.pl\/wp-content\/uploads\/2025\/07\/1-60-2048x1364.jpg 2048w\" sizes=\"(max-width: 706px) 89vw, (max-width: 767px) 82vw, 740px\" \/><\/a><figcaption><em>Bamberg &#8211; Katedra \u015awi\u0119tych Piotra i Jerzego z XIII wieku.<\/em><\/figcaption><\/figure><\/div>\n\n\n\n<figure class=\"wp-block-gallery columns-2 is-cropped\"><ul class=\"blocks-gallery-grid\"><li class=\"blocks-gallery-item\"><figure><a href=\"https:\/\/maciaszki.pl\/wp-content\/uploads\/2025\/07\/1-69-scaled.jpg\"><img loading=\"lazy\" width=\"684\" height=\"1024\" src=\"https:\/\/maciaszki.pl\/wp-content\/uploads\/2025\/07\/1-69-684x1024.jpg\" alt=\"\" data-id=\"6036\" data-full-url=\"https:\/\/maciaszki.pl\/wp-content\/uploads\/2025\/07\/1-69-scaled.jpg\" data-link=\"https:\/\/maciaszki.pl\/?attachment_id=6036\" class=\"wp-image-6036\" srcset=\"https:\/\/maciaszki.pl\/wp-content\/uploads\/2025\/07\/1-69-684x1024.jpg 684w, https:\/\/maciaszki.pl\/wp-content\/uploads\/2025\/07\/1-69-200x300.jpg 200w, https:\/\/maciaszki.pl\/wp-content\/uploads\/2025\/07\/1-69-768x1151.jpg 768w, https:\/\/maciaszki.pl\/wp-content\/uploads\/2025\/07\/1-69-1025x1536.jpg 1025w, https:\/\/maciaszki.pl\/wp-content\/uploads\/2025\/07\/1-69-1367x2048.jpg 1367w, https:\/\/maciaszki.pl\/wp-content\/uploads\/2025\/07\/1-69-scaled.jpg 1709w\" sizes=\"(max-width: 684px) 100vw, 684px\" \/><\/a><figcaption class=\"blocks-gallery-item__caption\"> Roma\u0144ska Brama \u0141aski <\/figcaption><\/figure><\/li><li class=\"blocks-gallery-item\"><figure><a href=\"https:\/\/maciaszki.pl\/wp-content\/uploads\/2025\/07\/1-71-scaled.jpg\"><img loading=\"lazy\" width=\"684\" height=\"1024\" src=\"https:\/\/maciaszki.pl\/wp-content\/uploads\/2025\/07\/1-71-684x1024.jpg\" alt=\"\" data-id=\"6037\" data-full-url=\"https:\/\/maciaszki.pl\/wp-content\/uploads\/2025\/07\/1-71-scaled.jpg\" data-link=\"https:\/\/maciaszki.pl\/?attachment_id=6037\" class=\"wp-image-6037\" srcset=\"https:\/\/maciaszki.pl\/wp-content\/uploads\/2025\/07\/1-71-684x1024.jpg 684w, https:\/\/maciaszki.pl\/wp-content\/uploads\/2025\/07\/1-71-200x300.jpg 200w, https:\/\/maciaszki.pl\/wp-content\/uploads\/2025\/07\/1-71-768x1150.jpg 768w, https:\/\/maciaszki.pl\/wp-content\/uploads\/2025\/07\/1-71-1026x1536.jpg 1026w, https:\/\/maciaszki.pl\/wp-content\/uploads\/2025\/07\/1-71-1368x2048.jpg 1368w, https:\/\/maciaszki.pl\/wp-content\/uploads\/2025\/07\/1-71-scaled.jpg 1710w\" sizes=\"(max-width: 684px) 100vw, 684px\" \/><\/a><figcaption class=\"blocks-gallery-item__caption\"> O\u0142tarz g\u0142\u00f3wny<\/figcaption><\/figure><\/li><\/ul><figcaption class=\"blocks-gallery-caption\">Katedra w Bambergu<\/figcaption><\/figure>\n\n\n\n<p class=\"has-small-font-size\">Ponad miastem g\u00f3ruj\u0105 cztery wie\u017ce imponuj\u0105cej Archikatedry \u015bw. Piotra i \u015bw. Jerzego, kt\u00f3rej historia si\u0119ga XIII w. Do \u015brodka prowadz\u0105 cztery wej\u015bcia bogato zdobione symbolicznymi rze\u017abami. Wn\u0119trze roma\u0144sko-gotyckiej \u015bwi\u0105tyni zachwyca nie tylko rozmiarami, ale te\u017c wielo\u015bci\u0105 znajduj\u0105cych si\u0119 tam artefakt\u00f3w.<\/p>\n\n\n\n<div class=\"wp-block-image\"><figure class=\"aligncenter size-large\"><a href=\"https:\/\/maciaszki.pl\/wp-content\/uploads\/2025\/07\/1-64-scaled.jpg\"><img loading=\"lazy\" width=\"1024\" height=\"683\" src=\"https:\/\/maciaszki.pl\/wp-content\/uploads\/2025\/07\/1-64-1024x683.jpg\" alt=\"\" class=\"wp-image-6034\" srcset=\"https:\/\/maciaszki.pl\/wp-content\/uploads\/2025\/07\/1-64-1024x683.jpg 1024w, https:\/\/maciaszki.pl\/wp-content\/uploads\/2025\/07\/1-64-300x200.jpg 300w, https:\/\/maciaszki.pl\/wp-content\/uploads\/2025\/07\/1-64-768x512.jpg 768w, https:\/\/maciaszki.pl\/wp-content\/uploads\/2025\/07\/1-64-1536x1025.jpg 1536w, https:\/\/maciaszki.pl\/wp-content\/uploads\/2025\/07\/1-64-2048x1367.jpg 2048w\" sizes=\"(max-width: 706px) 89vw, (max-width: 767px) 82vw, 740px\" \/><\/a><figcaption><em>P\u00f3\u017anogotycki O\u0142tarz Salwatora \u2013 tryptyk wykonany w latach 1520\u20131523 przez Wita Stwosza<\/em><\/figcaption><\/figure><\/div>\n\n\n\n<div class=\"wp-block-image\"><figure class=\"aligncenter size-large\"><a href=\"https:\/\/maciaszki.pl\/wp-content\/uploads\/2025\/07\/1-70-scaled.jpg\"><img loading=\"lazy\" width=\"1024\" height=\"683\" src=\"https:\/\/maciaszki.pl\/wp-content\/uploads\/2025\/07\/1-70-1024x683.jpg\" alt=\"\" class=\"wp-image-6035\" srcset=\"https:\/\/maciaszki.pl\/wp-content\/uploads\/2025\/07\/1-70-1024x683.jpg 1024w, https:\/\/maciaszki.pl\/wp-content\/uploads\/2025\/07\/1-70-300x200.jpg 300w, https:\/\/maciaszki.pl\/wp-content\/uploads\/2025\/07\/1-70-768x512.jpg 768w, https:\/\/maciaszki.pl\/wp-content\/uploads\/2025\/07\/1-70-1536x1024.jpg 1536w, https:\/\/maciaszki.pl\/wp-content\/uploads\/2025\/07\/1-70-2048x1366.jpg 2048w\" sizes=\"(max-width: 706px) 89vw, (max-width: 767px) 82vw, 740px\" \/><\/a><figcaption><em>Drewniane gotyckie stalle z XIV wieku.<\/em><\/figcaption><\/figure><\/div>\n\n\n\n<p class=\"has-small-font-size\">W\u015br\u00f3d kilku gotyckich o\u0142tarzy jest O\u0142tarz Bamberski Wita Stwosza wykonany pierwotnie dla ko\u015bcio\u0142a w Norymbergii, za kt\u00f3ry zreszt\u0105 rze\u017abiarzowi nigdy nie zap\u0142acono. S\u0105 sarkofagi Papie\u017ca Klemensa II i pary cesarskiej Henryka II i Kunegundy, \u015bredniowieczne stalle i rze\u017aba Je\u017ad\u017aca Bamberskiego\u2026<\/p>\n\n\n\n<div class=\"wp-block-image\"><figure class=\"aligncenter size-large\"><a href=\"https:\/\/maciaszki.pl\/wp-content\/uploads\/2025\/07\/1-61-scaled.jpg\"><img loading=\"lazy\" width=\"1024\" height=\"685\" src=\"https:\/\/maciaszki.pl\/wp-content\/uploads\/2025\/07\/1-61-1024x685.jpg\" alt=\"\" class=\"wp-image-6042\" srcset=\"https:\/\/maciaszki.pl\/wp-content\/uploads\/2025\/07\/1-61-1024x685.jpg 1024w, https:\/\/maciaszki.pl\/wp-content\/uploads\/2025\/07\/1-61-300x201.jpg 300w, https:\/\/maciaszki.pl\/wp-content\/uploads\/2025\/07\/1-61-768x513.jpg 768w, https:\/\/maciaszki.pl\/wp-content\/uploads\/2025\/07\/1-61-1536x1027.jpg 1536w, https:\/\/maciaszki.pl\/wp-content\/uploads\/2025\/07\/1-61-2048x1369.jpg 2048w\" sizes=\"(max-width: 706px) 89vw, (max-width: 767px) 82vw, 740px\" \/><\/a><figcaption><em>Nagrobek pary cesarskiej Henryka II i Kunegundy z lat 1499\u20131513<\/em><\/figcaption><\/figure><\/div>\n\n\n\n<p class=\"has-small-font-size\">Ze zabytkowego kamiennego mostu podziwiamy Stary Ratusz z XIV w. z przylegaj\u0105cym do niego Domem Rotmistrza o charakterystycznej szachulcowej budowie. Usytuowany jest w spos\u00f3b absolutnie niezwyk\u0142y, nad wod\u0105. Taka lokalizacja to efekt spor\u00f3w mi\u0119dzy w\u0142adz\u0105 \u015bwieck\u0105 a ko\u015bcieln\u0105. Skoro biskup nie godzi\u0142 si\u0119 na budow\u0119 ratusza na nale\u017c\u0105cej do niego ziemi, mieszka\u0144cy usypali w korycie rzeki wysp\u0119, kt\u00f3ra nie nale\u017ca\u0142a do nikogo.<\/p>\n\n\n\n<figure class=\"wp-block-gallery columns-2 is-cropped\"><ul class=\"blocks-gallery-grid\"><li class=\"blocks-gallery-item\"><figure><a href=\"https:\/\/maciaszki.pl\/wp-content\/uploads\/2025\/07\/1-77-scaled.jpg\"><img loading=\"lazy\" width=\"681\" height=\"1024\" src=\"https:\/\/maciaszki.pl\/wp-content\/uploads\/2025\/07\/1-77-681x1024.jpg\" alt=\"\" data-id=\"6038\" data-full-url=\"https:\/\/maciaszki.pl\/wp-content\/uploads\/2025\/07\/1-77-scaled.jpg\" data-link=\"https:\/\/maciaszki.pl\/?attachment_id=6038\" class=\"wp-image-6038\" srcset=\"https:\/\/maciaszki.pl\/wp-content\/uploads\/2025\/07\/1-77-681x1024.jpg 681w, https:\/\/maciaszki.pl\/wp-content\/uploads\/2025\/07\/1-77-200x300.jpg 200w, https:\/\/maciaszki.pl\/wp-content\/uploads\/2025\/07\/1-77-768x1154.jpg 768w, https:\/\/maciaszki.pl\/wp-content\/uploads\/2025\/07\/1-77-1022x1536.jpg 1022w, https:\/\/maciaszki.pl\/wp-content\/uploads\/2025\/07\/1-77-1363x2048.jpg 1363w, https:\/\/maciaszki.pl\/wp-content\/uploads\/2025\/07\/1-77-scaled.jpg 1703w\" sizes=\"(max-width: 681px) 100vw, 681px\" \/><\/a><\/figure><\/li><li class=\"blocks-gallery-item\"><figure><a href=\"https:\/\/maciaszki.pl\/wp-content\/uploads\/2025\/07\/1-79-scaled.jpg\"><img loading=\"lazy\" width=\"682\" height=\"1024\" src=\"https:\/\/maciaszki.pl\/wp-content\/uploads\/2025\/07\/1-79-682x1024.jpg\" alt=\"\" data-id=\"6040\" data-full-url=\"https:\/\/maciaszki.pl\/wp-content\/uploads\/2025\/07\/1-79-scaled.jpg\" data-link=\"https:\/\/maciaszki.pl\/?attachment_id=6040\" class=\"wp-image-6040\" srcset=\"https:\/\/maciaszki.pl\/wp-content\/uploads\/2025\/07\/1-79-682x1024.jpg 682w, https:\/\/maciaszki.pl\/wp-content\/uploads\/2025\/07\/1-79-200x300.jpg 200w, https:\/\/maciaszki.pl\/wp-content\/uploads\/2025\/07\/1-79-768x1153.jpg 768w, https:\/\/maciaszki.pl\/wp-content\/uploads\/2025\/07\/1-79-1023x1536.jpg 1023w, https:\/\/maciaszki.pl\/wp-content\/uploads\/2025\/07\/1-79-1364x2048.jpg 1364w, https:\/\/maciaszki.pl\/wp-content\/uploads\/2025\/07\/1-79-scaled.jpg 1705w\" sizes=\"(max-width: 682px) 100vw, 682px\" \/><\/a><\/figure><\/li><\/ul><figcaption class=\"blocks-gallery-caption\">Ratusz w Bambergu<\/figcaption><\/figure>\n\n\n\n<p class=\"has-small-font-size\"><\/p>\n\n\n\n<p class=\"has-small-font-size\">W XVI i XVII w. Bamberg okry\u0142 si\u0119 z\u0142\u0105 s\u0142aw\u0105 miasta stos\u00f3w i polowa\u0144 na czarownice. W atmosferze strachu, niepewno\u015bci i terroru wydano tu w\u00f3wczas ok. 600 wyrok\u00f3w \u015bmierci. Trudno o tym my\u015ble\u0107, kiedy spaceruje si\u0119 w t\u0142umie roze\u015bmianych turyst\u00f3w. Pami\u0119tamy raczej o Bambrach, kt\u00f3rzy w XVIII wieku osiedlili si\u0119 w Poznaniu i jego okolicach. My mogli\u015bmy podziwia\u0107 pi\u0119kn\u0105 par\u0119 w stroju bamberskim podczas sesji fotograficznej.<\/p>\n\n\n\n<figure class=\"wp-block-gallery columns-2 is-cropped\"><ul class=\"blocks-gallery-grid\"><li class=\"blocks-gallery-item\"><figure><a href=\"https:\/\/maciaszki.pl\/wp-content\/uploads\/2025\/07\/1-78-1-scaled.jpg\"><img loading=\"lazy\" width=\"683\" height=\"1024\" src=\"https:\/\/maciaszki.pl\/wp-content\/uploads\/2025\/07\/1-78-1-683x1024.jpg\" alt=\"\" data-id=\"6043\" data-full-url=\"https:\/\/maciaszki.pl\/wp-content\/uploads\/2025\/07\/1-78-1-scaled.jpg\" data-link=\"https:\/\/maciaszki.pl\/?attachment_id=6043\" class=\"wp-image-6043\" srcset=\"https:\/\/maciaszki.pl\/wp-content\/uploads\/2025\/07\/1-78-1-683x1024.jpg 683w, https:\/\/maciaszki.pl\/wp-content\/uploads\/2025\/07\/1-78-1-200x300.jpg 200w, https:\/\/maciaszki.pl\/wp-content\/uploads\/2025\/07\/1-78-1-768x1152.jpg 768w, https:\/\/maciaszki.pl\/wp-content\/uploads\/2025\/07\/1-78-1-1024x1536.jpg 1024w, https:\/\/maciaszki.pl\/wp-content\/uploads\/2025\/07\/1-78-1-1365x2048.jpg 1365w, https:\/\/maciaszki.pl\/wp-content\/uploads\/2025\/07\/1-78-1-scaled.jpg 1706w\" sizes=\"(max-width: 683px) 100vw, 683px\" \/><\/a><figcaption class=\"blocks-gallery-item__caption\">Przed ratuszem<\/figcaption><\/figure><\/li><li class=\"blocks-gallery-item\"><figure><a href=\"https:\/\/maciaszki.pl\/wp-content\/uploads\/2025\/07\/1-80-1-scaled.jpg\"><img loading=\"lazy\" width=\"681\" height=\"1024\" src=\"https:\/\/maciaszki.pl\/wp-content\/uploads\/2025\/07\/1-80-1-681x1024.jpg\" alt=\"\" data-id=\"6044\" data-full-url=\"https:\/\/maciaszki.pl\/wp-content\/uploads\/2025\/07\/1-80-1-scaled.jpg\" data-link=\"https:\/\/maciaszki.pl\/?attachment_id=6044\" class=\"wp-image-6044\" srcset=\"https:\/\/maciaszki.pl\/wp-content\/uploads\/2025\/07\/1-80-1-681x1024.jpg 681w, https:\/\/maciaszki.pl\/wp-content\/uploads\/2025\/07\/1-80-1-200x300.jpg 200w, https:\/\/maciaszki.pl\/wp-content\/uploads\/2025\/07\/1-80-1-768x1154.jpg 768w, https:\/\/maciaszki.pl\/wp-content\/uploads\/2025\/07\/1-80-1-1022x1536.jpg 1022w, https:\/\/maciaszki.pl\/wp-content\/uploads\/2025\/07\/1-80-1-1363x2048.jpg 1363w, https:\/\/maciaszki.pl\/wp-content\/uploads\/2025\/07\/1-80-1-scaled.jpg 1703w\" sizes=\"(max-width: 681px) 100vw, 681px\" \/><\/a><figcaption class=\"blocks-gallery-item__caption\">Str\u00f3j bamberski<\/figcaption><\/figure><\/li><\/ul><figcaption class=\"blocks-gallery-caption\">Bamberg<\/figcaption><\/figure>\n\n\n\n<p class=\"has-small-font-size\">Trwaj\u0105c\u0105 zdecydowanie za kr\u00f3tko wizyt\u0119 w Bambergu ko\u0144czymy pysznym piwem z lokalnego browaru. I tylko ja decyduj\u0119 si\u0119 skosztowa\u0107 to najbardziej tradycyjne \u2013 ciemne, na w\u0119dzonym s\u0142odzie, zgodne z \u015bredniowieczn\u0105 receptur\u0105.<\/p>\n\n\n\n<div class=\"wp-block-image\"><figure class=\"aligncenter size-large\"><a href=\"https:\/\/maciaszki.pl\/wp-content\/uploads\/2025\/07\/1-82-scaled.jpg\"><img loading=\"lazy\" width=\"1024\" height=\"684\" src=\"https:\/\/maciaszki.pl\/wp-content\/uploads\/2025\/07\/1-82-1024x684.jpg\" alt=\"\" class=\"wp-image-6046\" srcset=\"https:\/\/maciaszki.pl\/wp-content\/uploads\/2025\/07\/1-82-1024x684.jpg 1024w, https:\/\/maciaszki.pl\/wp-content\/uploads\/2025\/07\/1-82-300x200.jpg 300w, https:\/\/maciaszki.pl\/wp-content\/uploads\/2025\/07\/1-82-768x513.jpg 768w, https:\/\/maciaszki.pl\/wp-content\/uploads\/2025\/07\/1-82-1536x1025.jpg 1536w, https:\/\/maciaszki.pl\/wp-content\/uploads\/2025\/07\/1-82-2048x1367.jpg 2048w\" sizes=\"(max-width: 706px) 89vw, (max-width: 767px) 82vw, 740px\" \/><\/a><figcaption><em>Tradycyjne<\/em> p<em>iwo w Bambergu<\/em><\/figcaption><\/figure><\/div>\n\n\n\n<h4><strong>Zrekonstruowany W<\/strong><strong>\u00fc<\/strong><strong>rzburg<\/strong><\/h4>\n\n\n\n<p class=\"has-small-font-size\">Jeszcze jedno z tych wi\u0119kszych miast nad Menem o bogatej i burzliwej historii. Porusza nas szczeg\u00f3lnie ta wsp\u00f3\u0142czesna z \u201enoc\u0105 kryszta\u0142ow\u0105\u201d, paleniem ksi\u0105\u017cek i prze\u015bladowaniem \u017byd\u00f3w. W 1945 r. miasto zosta\u0142o zniszczone w 90% przez naloty alianckie, a gruzy wywo\u017cono przez kolejne 20 lat specjalnie zbudowanymi torami. Odbudowa najcenniejszych obiekt\u00f3w trwa\u0142a do ko\u0144ca wieku XX.<\/p>\n\n\n\n<p class=\"has-small-font-size\">Odwiedzamy Katedr\u0119 \u015bw. Kiliana, jedn\u0105 z najwi\u0119kszych \u015bwi\u0105ty\u0144 roma\u0144skich w Niemczech. Wewn\u0105trz przy wej\u015bciu znajduje si\u0119 gigantyczna menora, przypominaj\u0105c o tragicznej historii \u017byd\u00f3w z W\u00fcrzburga. Podziwiamy ogromn\u0105 barokow\u0105 rezydencj\u0119 w\u00fcrzburskich biskup\u00f3w \u2013 jeden z najbardziej znanych zabytk\u00f3w miasta. <\/p>\n\n\n\n<figure class=\"wp-block-gallery columns-2 is-cropped\"><ul class=\"blocks-gallery-grid\"><li class=\"blocks-gallery-item\"><figure><a href=\"https:\/\/maciaszki.pl\/wp-content\/uploads\/2025\/07\/1-146-684x1024.jpg\"><img loading=\"lazy\" width=\"684\" height=\"1024\" src=\"https:\/\/maciaszki.pl\/wp-content\/uploads\/2025\/07\/1-146-684x1024.jpg\" alt=\"\" data-id=\"6051\" data-link=\"https:\/\/maciaszki.pl\/?attachment_id=6051\" class=\"wp-image-6051\" srcset=\"https:\/\/maciaszki.pl\/wp-content\/uploads\/2025\/07\/1-146-684x1024.jpg 684w, https:\/\/maciaszki.pl\/wp-content\/uploads\/2025\/07\/1-146-200x300.jpg 200w, https:\/\/maciaszki.pl\/wp-content\/uploads\/2025\/07\/1-146-768x1150.jpg 768w, https:\/\/maciaszki.pl\/wp-content\/uploads\/2025\/07\/1-146-1026x1536.jpg 1026w, https:\/\/maciaszki.pl\/wp-content\/uploads\/2025\/07\/1-146-1368x2048.jpg 1368w, https:\/\/maciaszki.pl\/wp-content\/uploads\/2025\/07\/1-146-scaled.jpg 1710w\" sizes=\"(max-width: 684px) 100vw, 684px\" \/><\/a><\/figure><\/li><li class=\"blocks-gallery-item\"><figure><a href=\"https:\/\/maciaszki.pl\/wp-content\/uploads\/2025\/07\/1-147-681x1024.jpg\"><img loading=\"lazy\" width=\"681\" height=\"1024\" src=\"https:\/\/maciaszki.pl\/wp-content\/uploads\/2025\/07\/1-147-681x1024.jpg\" alt=\"\" data-id=\"6052\" data-link=\"https:\/\/maciaszki.pl\/?attachment_id=6052\" class=\"wp-image-6052\" srcset=\"https:\/\/maciaszki.pl\/wp-content\/uploads\/2025\/07\/1-147-681x1024.jpg 681w, https:\/\/maciaszki.pl\/wp-content\/uploads\/2025\/07\/1-147-200x300.jpg 200w, https:\/\/maciaszki.pl\/wp-content\/uploads\/2025\/07\/1-147-768x1155.jpg 768w, https:\/\/maciaszki.pl\/wp-content\/uploads\/2025\/07\/1-147-1022x1536.jpg 1022w, https:\/\/maciaszki.pl\/wp-content\/uploads\/2025\/07\/1-147-1362x2048.jpg 1362w, https:\/\/maciaszki.pl\/wp-content\/uploads\/2025\/07\/1-147-scaled.jpg 1703w\" sizes=\"(max-width: 681px) 100vw, 681px\" \/><\/a><\/figure><\/li><li class=\"blocks-gallery-item\"><figure><a href=\"https:\/\/maciaszki.pl\/wp-content\/uploads\/2025\/07\/1-148-683x1024.jpg\"><img loading=\"lazy\" width=\"683\" height=\"1024\" src=\"https:\/\/maciaszki.pl\/wp-content\/uploads\/2025\/07\/1-148-683x1024.jpg\" alt=\"\" data-id=\"6053\" data-link=\"https:\/\/maciaszki.pl\/?attachment_id=6053\" class=\"wp-image-6053\" srcset=\"https:\/\/maciaszki.pl\/wp-content\/uploads\/2025\/07\/1-148-683x1024.jpg 683w, https:\/\/maciaszki.pl\/wp-content\/uploads\/2025\/07\/1-148-200x300.jpg 200w, https:\/\/maciaszki.pl\/wp-content\/uploads\/2025\/07\/1-148-768x1151.jpg 768w, https:\/\/maciaszki.pl\/wp-content\/uploads\/2025\/07\/1-148-1025x1536.jpg 1025w, https:\/\/maciaszki.pl\/wp-content\/uploads\/2025\/07\/1-148-1367x2048.jpg 1367w, https:\/\/maciaszki.pl\/wp-content\/uploads\/2025\/07\/1-148-scaled.jpg 1709w\" sizes=\"(max-width: 683px) 100vw, 683px\" \/><\/a><figcaption class=\"blocks-gallery-item__caption\"> Katedra <\/figcaption><\/figure><\/li><li class=\"blocks-gallery-item\"><figure><a href=\"https:\/\/maciaszki.pl\/wp-content\/uploads\/2025\/07\/1-149-681x1024.jpg\"><img loading=\"lazy\" width=\"681\" height=\"1024\" src=\"https:\/\/maciaszki.pl\/wp-content\/uploads\/2025\/07\/1-149-681x1024.jpg\" alt=\"\" data-id=\"6054\" data-link=\"https:\/\/maciaszki.pl\/?attachment_id=6054\" class=\"wp-image-6054\" srcset=\"https:\/\/maciaszki.pl\/wp-content\/uploads\/2025\/07\/1-149-681x1024.jpg 681w, https:\/\/maciaszki.pl\/wp-content\/uploads\/2025\/07\/1-149-200x300.jpg 200w, https:\/\/maciaszki.pl\/wp-content\/uploads\/2025\/07\/1-149-768x1154.jpg 768w, https:\/\/maciaszki.pl\/wp-content\/uploads\/2025\/07\/1-149-1022x1536.jpg 1022w, https:\/\/maciaszki.pl\/wp-content\/uploads\/2025\/07\/1-149-1363x2048.jpg 1363w, https:\/\/maciaszki.pl\/wp-content\/uploads\/2025\/07\/1-149-scaled.jpg 1703w\" sizes=\"(max-width: 681px) 100vw, 681px\" \/><\/a><figcaption class=\"blocks-gallery-item__caption\">  Katedra<\/figcaption><\/figure><\/li><li class=\"blocks-gallery-item\"><figure><a href=\"https:\/\/maciaszki.pl\/wp-content\/uploads\/2025\/07\/1-159-scaled.jpg\"><img loading=\"lazy\" width=\"1024\" height=\"685\" src=\"https:\/\/maciaszki.pl\/wp-content\/uploads\/2025\/07\/1-159-1024x685.jpg\" alt=\"\" data-id=\"6055\" data-full-url=\"https:\/\/maciaszki.pl\/wp-content\/uploads\/2025\/07\/1-159-scaled.jpg\" data-link=\"https:\/\/maciaszki.pl\/?attachment_id=6055\" class=\"wp-image-6055\" srcset=\"https:\/\/maciaszki.pl\/wp-content\/uploads\/2025\/07\/1-159-1024x685.jpg 1024w, https:\/\/maciaszki.pl\/wp-content\/uploads\/2025\/07\/1-159-300x201.jpg 300w, https:\/\/maciaszki.pl\/wp-content\/uploads\/2025\/07\/1-159-768x514.jpg 768w, https:\/\/maciaszki.pl\/wp-content\/uploads\/2025\/07\/1-159-1536x1028.jpg 1536w, https:\/\/maciaszki.pl\/wp-content\/uploads\/2025\/07\/1-159-2048x1370.jpg 2048w\" sizes=\"(max-width: 706px) 89vw, (max-width: 767px) 82vw, 740px\" \/><\/a><figcaption class=\"blocks-gallery-item__caption\">Barokowa rezydencja biskup\u00f3w z XVIII w.<\/figcaption><\/figure><\/li><\/ul><figcaption class=\"blocks-gallery-caption\"> W\u00fcrzburg  <\/figcaption><\/figure>\n\n\n\n<p class=\"has-small-font-size\">Po mo\u015bcie z pos\u0105gami dwunastu \u015bwi\u0119tych, w\u015br\u00f3d nich tego najwa\u017cniejszego, \u015bw. Kiliana, spaceruje mn\u00f3stwo ludzi jak na Mo\u015bcie Karola w Pradze, tylko \u017ce tutaj prawie wszyscy maj\u0105 w d\u0142oniach lampki z bia\u0142ym winem. Lokalne specja\u0142y z rejonu winnego W\u00fcrzburga mo\u017cna zakupi\u0107 tu\u017c obok mostu, a smakowanie ich w\u0142a\u015bnie w tym miejscu jest ju\u017c tradycj\u0105. No i lepiej zsi\u0105\u015b\u0107 z roweru! Przekonali\u015bmy si\u0119 o tym w niezbyt przyjemny spos\u00f3b.<\/p>\n\n\n\n<div class=\"wp-block-image\"><figure class=\"aligncenter size-large\"><a href=\"https:\/\/maciaszki.pl\/wp-content\/uploads\/2025\/07\/1-164-scaled.jpg\"><img loading=\"lazy\" width=\"1024\" height=\"683\" src=\"https:\/\/maciaszki.pl\/wp-content\/uploads\/2025\/07\/1-164-1024x683.jpg\" alt=\"\" class=\"wp-image-6056\" srcset=\"https:\/\/maciaszki.pl\/wp-content\/uploads\/2025\/07\/1-164-1024x683.jpg 1024w, https:\/\/maciaszki.pl\/wp-content\/uploads\/2025\/07\/1-164-300x200.jpg 300w, https:\/\/maciaszki.pl\/wp-content\/uploads\/2025\/07\/1-164-768x512.jpg 768w, https:\/\/maciaszki.pl\/wp-content\/uploads\/2025\/07\/1-164-1536x1025.jpg 1536w, https:\/\/maciaszki.pl\/wp-content\/uploads\/2025\/07\/1-164-2048x1366.jpg 2048w\" sizes=\"(max-width: 706px) 89vw, (max-width: 767px) 82vw, 740px\" \/><\/a><figcaption><em>Alte Mainbr\u00fccke &#8211; Stary Most nad Menem zbudowany w latach 1473\u20131543<\/em><\/figcaption><\/figure><\/div>\n\n\n\n<figure class=\"wp-block-gallery columns-2 is-cropped\"><ul class=\"blocks-gallery-grid\"><li class=\"blocks-gallery-item\"><figure><a href=\"https:\/\/maciaszki.pl\/wp-content\/uploads\/2025\/07\/1-199-scaled.jpg\"><img loading=\"lazy\" width=\"684\" height=\"1024\" src=\"https:\/\/maciaszki.pl\/wp-content\/uploads\/2025\/07\/1-199-684x1024.jpg\" alt=\"\" data-id=\"6062\" data-full-url=\"https:\/\/maciaszki.pl\/wp-content\/uploads\/2025\/07\/1-199-scaled.jpg\" data-link=\"https:\/\/maciaszki.pl\/?attachment_id=6062\" class=\"wp-image-6062\" srcset=\"https:\/\/maciaszki.pl\/wp-content\/uploads\/2025\/07\/1-199-684x1024.jpg 684w, https:\/\/maciaszki.pl\/wp-content\/uploads\/2025\/07\/1-199-200x300.jpg 200w, https:\/\/maciaszki.pl\/wp-content\/uploads\/2025\/07\/1-199-768x1149.jpg 768w, https:\/\/maciaszki.pl\/wp-content\/uploads\/2025\/07\/1-199-1026x1536.jpg 1026w, https:\/\/maciaszki.pl\/wp-content\/uploads\/2025\/07\/1-199-1368x2048.jpg 1368w, https:\/\/maciaszki.pl\/wp-content\/uploads\/2025\/07\/1-199-scaled.jpg 1710w\" sizes=\"(max-width: 684px) 100vw, 684px\" \/><\/a><\/figure><\/li><li class=\"blocks-gallery-item\"><figure><a href=\"https:\/\/maciaszki.pl\/wp-content\/uploads\/2025\/07\/1-201-scaled.jpg\"><img loading=\"lazy\" width=\"682\" height=\"1024\" src=\"https:\/\/maciaszki.pl\/wp-content\/uploads\/2025\/07\/1-201-682x1024.jpg\" alt=\"\" data-id=\"6063\" data-full-url=\"https:\/\/maciaszki.pl\/wp-content\/uploads\/2025\/07\/1-201-scaled.jpg\" data-link=\"https:\/\/maciaszki.pl\/?attachment_id=6063\" class=\"wp-image-6063\" srcset=\"https:\/\/maciaszki.pl\/wp-content\/uploads\/2025\/07\/1-201-682x1024.jpg 682w, https:\/\/maciaszki.pl\/wp-content\/uploads\/2025\/07\/1-201-200x300.jpg 200w, https:\/\/maciaszki.pl\/wp-content\/uploads\/2025\/07\/1-201-768x1153.jpg 768w, https:\/\/maciaszki.pl\/wp-content\/uploads\/2025\/07\/1-201-1023x1536.jpg 1023w, https:\/\/maciaszki.pl\/wp-content\/uploads\/2025\/07\/1-201-1364x2048.jpg 1364w, https:\/\/maciaszki.pl\/wp-content\/uploads\/2025\/07\/1-201-scaled.jpg 1705w\" sizes=\"(max-width: 682px) 100vw, 682px\" \/><\/a><\/figure><\/li><\/ul><figcaption class=\"blocks-gallery-caption\">Za  W\u00fcrzburgiem ko\u0144czy si\u0119 winna cz\u0119\u015b\u0107 naszej wyprawy<\/figcaption><\/figure>\n\n\n\n<h4><strong>Czar male\u0144kich miasteczek<\/strong><\/h4>\n\n\n\n<p class=\"has-small-font-size\">Z perspektywy roweru najpi\u0119kniejsze wyda\u0142y si\u0119 nam ma\u0142e bawarskie miasteczka, kt\u00f3rych nazwy nic nam dot\u0105d nie m\u00f3wi\u0142y i kt\u00f3re trudno spami\u0119ta\u0107. Schwarzach, Kitzingen, Marktbreit, Ochsenfurt, Karlstadt, Wertheim\u2026 W ka\u017cdym chcia\u0142oby si\u0119 sp\u0119dzi\u0107 troch\u0119 wi\u0119cej czasu. Podziwiamy w\u0105skie uliczki otoczone krzywymi domami z muru pruskiego, zastanawiaj\u0105c si\u0119 nad logik\u0105 plan\u00f3w architektonicznych i spieraj\u0105c o to, jak si\u0119 w nich obecnie mieszka. <\/p>\n\n\n\n<figure class=\"wp-block-gallery columns-2 is-cropped\"><ul class=\"blocks-gallery-grid\"><li class=\"blocks-gallery-item\"><figure><a href=\"https:\/\/maciaszki.pl\/wp-content\/uploads\/2025\/07\/1-205-683x1024.jpg\"><img loading=\"lazy\" width=\"683\" height=\"1024\" src=\"https:\/\/maciaszki.pl\/wp-content\/uploads\/2025\/07\/1-205-683x1024.jpg\" alt=\"\" data-id=\"6057\" data-link=\"https:\/\/maciaszki.pl\/?attachment_id=6057\" class=\"wp-image-6057\" srcset=\"https:\/\/maciaszki.pl\/wp-content\/uploads\/2025\/07\/1-205-683x1024.jpg 683w, https:\/\/maciaszki.pl\/wp-content\/uploads\/2025\/07\/1-205-200x300.jpg 200w, https:\/\/maciaszki.pl\/wp-content\/uploads\/2025\/07\/1-205-768x1152.jpg 768w, https:\/\/maciaszki.pl\/wp-content\/uploads\/2025\/07\/1-205-1024x1536.jpg 1024w, https:\/\/maciaszki.pl\/wp-content\/uploads\/2025\/07\/1-205-1365x2048.jpg 1365w, https:\/\/maciaszki.pl\/wp-content\/uploads\/2025\/07\/1-205-scaled.jpg 1707w\" sizes=\"(max-width: 683px) 100vw, 683px\" \/><\/a><\/figure><\/li><li class=\"blocks-gallery-item\"><figure><a href=\"https:\/\/maciaszki.pl\/wp-content\/uploads\/2025\/07\/1-209-683x1024.jpg\"><img loading=\"lazy\" width=\"683\" height=\"1024\" src=\"https:\/\/maciaszki.pl\/wp-content\/uploads\/2025\/07\/1-209-683x1024.jpg\" alt=\"\" data-id=\"6058\" data-link=\"https:\/\/maciaszki.pl\/?attachment_id=6058\" class=\"wp-image-6058\" srcset=\"https:\/\/maciaszki.pl\/wp-content\/uploads\/2025\/07\/1-209-683x1024.jpg 683w, https:\/\/maciaszki.pl\/wp-content\/uploads\/2025\/07\/1-209-200x300.jpg 200w, https:\/\/maciaszki.pl\/wp-content\/uploads\/2025\/07\/1-209-768x1152.jpg 768w, https:\/\/maciaszki.pl\/wp-content\/uploads\/2025\/07\/1-209-1024x1536.jpg 1024w, https:\/\/maciaszki.pl\/wp-content\/uploads\/2025\/07\/1-209-1365x2048.jpg 1365w, https:\/\/maciaszki.pl\/wp-content\/uploads\/2025\/07\/1-209-scaled.jpg 1707w\" sizes=\"(max-width: 683px) 100vw, 683px\" \/><\/a><\/figure><\/li><li class=\"blocks-gallery-item\"><figure><a href=\"https:\/\/maciaszki.pl\/wp-content\/uploads\/2025\/07\/1-211-683x1024.jpg\"><img loading=\"lazy\" width=\"683\" height=\"1024\" src=\"https:\/\/maciaszki.pl\/wp-content\/uploads\/2025\/07\/1-211-683x1024.jpg\" alt=\"\" data-id=\"6059\" data-link=\"https:\/\/maciaszki.pl\/?attachment_id=6059\" class=\"wp-image-6059\" srcset=\"https:\/\/maciaszki.pl\/wp-content\/uploads\/2025\/07\/1-211-683x1024.jpg 683w, https:\/\/maciaszki.pl\/wp-content\/uploads\/2025\/07\/1-211-200x300.jpg 200w, https:\/\/maciaszki.pl\/wp-content\/uploads\/2025\/07\/1-211-768x1152.jpg 768w, https:\/\/maciaszki.pl\/wp-content\/uploads\/2025\/07\/1-211-1024x1536.jpg 1024w, https:\/\/maciaszki.pl\/wp-content\/uploads\/2025\/07\/1-211-1365x2048.jpg 1365w, https:\/\/maciaszki.pl\/wp-content\/uploads\/2025\/07\/1-211-scaled.jpg 1707w\" sizes=\"(max-width: 683px) 100vw, 683px\" \/><\/a><\/figure><\/li><li class=\"blocks-gallery-item\"><figure><a href=\"https:\/\/maciaszki.pl\/wp-content\/uploads\/2025\/07\/1-212-683x1024.jpg\"><img loading=\"lazy\" width=\"683\" height=\"1024\" src=\"https:\/\/maciaszki.pl\/wp-content\/uploads\/2025\/07\/1-212-683x1024.jpg\" alt=\"\" data-id=\"6060\" data-link=\"https:\/\/maciaszki.pl\/?attachment_id=6060\" class=\"wp-image-6060\" srcset=\"https:\/\/maciaszki.pl\/wp-content\/uploads\/2025\/07\/1-212-683x1024.jpg 683w, https:\/\/maciaszki.pl\/wp-content\/uploads\/2025\/07\/1-212-200x300.jpg 200w, https:\/\/maciaszki.pl\/wp-content\/uploads\/2025\/07\/1-212-768x1152.jpg 768w, https:\/\/maciaszki.pl\/wp-content\/uploads\/2025\/07\/1-212-1024x1536.jpg 1024w, https:\/\/maciaszki.pl\/wp-content\/uploads\/2025\/07\/1-212-1365x2048.jpg 1365w, https:\/\/maciaszki.pl\/wp-content\/uploads\/2025\/07\/1-212-scaled.jpg 1707w\" sizes=\"(max-width: 683px) 100vw, 683px\" \/><\/a><\/figure><\/li><li class=\"blocks-gallery-item\"><figure><a href=\"https:\/\/maciaszki.pl\/wp-content\/uploads\/2025\/07\/1-206-scaled.jpg\"><img loading=\"lazy\" width=\"1024\" height=\"685\" src=\"https:\/\/maciaszki.pl\/wp-content\/uploads\/2025\/07\/1-206-1024x685.jpg\" alt=\"\" data-id=\"6061\" data-full-url=\"https:\/\/maciaszki.pl\/wp-content\/uploads\/2025\/07\/1-206-scaled.jpg\" data-link=\"https:\/\/maciaszki.pl\/?attachment_id=6061\" class=\"wp-image-6061\" srcset=\"https:\/\/maciaszki.pl\/wp-content\/uploads\/2025\/07\/1-206-1024x685.jpg 1024w, https:\/\/maciaszki.pl\/wp-content\/uploads\/2025\/07\/1-206-300x201.jpg 300w, https:\/\/maciaszki.pl\/wp-content\/uploads\/2025\/07\/1-206-768x513.jpg 768w, https:\/\/maciaszki.pl\/wp-content\/uploads\/2025\/07\/1-206-1536x1027.jpg 1536w, https:\/\/maciaszki.pl\/wp-content\/uploads\/2025\/07\/1-206-2048x1369.jpg 2048w\" sizes=\"(max-width: 706px) 89vw, (max-width: 767px) 82vw, 740px\" \/><\/a><\/figure><\/li><\/ul><figcaption class=\"blocks-gallery-caption\">Uliczki Wertheim<\/figcaption><\/figure>\n\n\n\n<p class=\"has-small-font-size\">W Wertheim szukamy dw\u00f3ch truposzy, biednego i bogatego, kt\u00f3rzy maj\u0105 by\u0107 ilustracj\u0105 tezy o r\u00f3wno\u015bci wobec \u015bmierci. Miltenberg to najbardziej wysuni\u0119ty na po\u0142udnie punkt trasy nad Menem i ca\u0142ej naszej wyprawy. Jego zabytki znam tylko z opisu i dot\u0105d nie mog\u0119 pogodzi\u0107 si\u0119 z tym, \u017ce nie przejechali\u015bmy przez jego star\u0105 cz\u0119\u015b\u0107. Trzeba by\u0142o!<\/p>\n\n\n\n<div class=\"wp-block-image\"><figure class=\"aligncenter size-large\"><a href=\"https:\/\/maciaszki.pl\/wp-content\/uploads\/2025\/07\/1-207-scaled.jpg\"><img loading=\"lazy\" width=\"1024\" height=\"683\" src=\"https:\/\/maciaszki.pl\/wp-content\/uploads\/2025\/07\/1-207-1024x683.jpg\" alt=\"\" class=\"wp-image-6064\" srcset=\"https:\/\/maciaszki.pl\/wp-content\/uploads\/2025\/07\/1-207-1024x683.jpg 1024w, https:\/\/maciaszki.pl\/wp-content\/uploads\/2025\/07\/1-207-300x200.jpg 300w, https:\/\/maciaszki.pl\/wp-content\/uploads\/2025\/07\/1-207-768x513.jpg 768w, https:\/\/maciaszki.pl\/wp-content\/uploads\/2025\/07\/1-207-1536x1025.jpg 1536w, https:\/\/maciaszki.pl\/wp-content\/uploads\/2025\/07\/1-207-2048x1367.jpg 2048w\" sizes=\"(max-width: 706px) 89vw, (max-width: 767px) 82vw, 740px\" \/><\/a><figcaption><em>Dwaj truposze w Wertheim<\/em><\/figcaption><\/figure><\/div>\n\n\n\n<div class=\"wp-block-image\"><figure class=\"aligncenter size-large\"><a href=\"https:\/\/maciaszki.pl\/wp-content\/uploads\/2025\/07\/1-227-scaled.jpg\"><img loading=\"lazy\" width=\"1024\" height=\"684\" src=\"https:\/\/maciaszki.pl\/wp-content\/uploads\/2025\/07\/1-227-1024x684.jpg\" alt=\"\" class=\"wp-image-6065\" srcset=\"https:\/\/maciaszki.pl\/wp-content\/uploads\/2025\/07\/1-227-1024x684.jpg 1024w, https:\/\/maciaszki.pl\/wp-content\/uploads\/2025\/07\/1-227-300x200.jpg 300w, https:\/\/maciaszki.pl\/wp-content\/uploads\/2025\/07\/1-227-768x513.jpg 768w, https:\/\/maciaszki.pl\/wp-content\/uploads\/2025\/07\/1-227-1536x1026.jpg 1536w, https:\/\/maciaszki.pl\/wp-content\/uploads\/2025\/07\/1-227-2048x1368.jpg 2048w\" sizes=\"(max-width: 706px) 89vw, (max-width: 767px) 82vw, 740px\" \/><\/a><figcaption><em>Men d\u0142ugimi odcinkami p\u0142ynie w dolinie ze \u015bcianami z czerwonego piaskowca<\/em><\/figcaption><\/figure><\/div>\n\n\n\n<h4><strong>Hanau od braci Grimm<\/strong><\/h4>\n\n\n\n<p class=\"has-small-font-size\">Ulice miasta przemierzamy w deszczu, szukaj\u0105c \u015blad\u00f3w braci Grimm, kt\u00f3rzy przyszli tu na \u015bwiat. Tutaj te\u017c rozpoczyna si\u0119 Niemiecki Szlak Ba\u015bniowy licz\u0105cy ok. 600 km i prowadz\u0105cy do Bremy (trasa krajoznawcza a nie rowerowa, ale b\u0119dziemy j\u0105 kilkakrotnie przecina\u0107). Mimo deszczowej aury atmosfera w mie\u015bcie jest radosna. W centrum odbywa si\u0119 jaki\u015b tradycyjny \u201efest\u201d, korzystamy wi\u0119c z okazji i s\u0142uchamy standard\u00f3w jazzowych w wykonaniu lokalnego big bandu.<\/p>\n\n\n\n<figure class=\"wp-block-gallery columns-2 is-cropped\"><ul class=\"blocks-gallery-grid\"><li class=\"blocks-gallery-item\"><figure><a href=\"https:\/\/maciaszki.pl\/wp-content\/uploads\/2025\/07\/1-238-682x1024.jpg\"><img loading=\"lazy\" width=\"682\" height=\"1024\" src=\"https:\/\/maciaszki.pl\/wp-content\/uploads\/2025\/07\/1-238-682x1024.jpg\" alt=\"\" data-id=\"6067\" data-link=\"https:\/\/maciaszki.pl\/?attachment_id=6067\" class=\"wp-image-6067\" srcset=\"https:\/\/maciaszki.pl\/wp-content\/uploads\/2025\/07\/1-238-682x1024.jpg 682w, https:\/\/maciaszki.pl\/wp-content\/uploads\/2025\/07\/1-238-200x300.jpg 200w, https:\/\/maciaszki.pl\/wp-content\/uploads\/2025\/07\/1-238-768x1153.jpg 768w, https:\/\/maciaszki.pl\/wp-content\/uploads\/2025\/07\/1-238-1023x1536.jpg 1023w, https:\/\/maciaszki.pl\/wp-content\/uploads\/2025\/07\/1-238-1364x2048.jpg 1364w, https:\/\/maciaszki.pl\/wp-content\/uploads\/2025\/07\/1-238-scaled.jpg 1705w\" sizes=\"(max-width: 682px) 100vw, 682px\" \/><\/a><\/figure><\/li><li class=\"blocks-gallery-item\"><figure><a href=\"https:\/\/maciaszki.pl\/wp-content\/uploads\/2025\/07\/1-234-scaled.jpg\"><img loading=\"lazy\" width=\"681\" height=\"1024\" src=\"https:\/\/maciaszki.pl\/wp-content\/uploads\/2025\/07\/1-234-681x1024.jpg\" alt=\"\" data-id=\"6184\" data-full-url=\"https:\/\/maciaszki.pl\/wp-content\/uploads\/2025\/07\/1-234-scaled.jpg\" data-link=\"https:\/\/maciaszki.pl\/index.php\/2025\/07\/08\/trasa-rowerowa-men-fulda-i-wezera-2025\/1-234-2\/\" class=\"wp-image-6184\" srcset=\"https:\/\/maciaszki.pl\/wp-content\/uploads\/2025\/07\/1-234-681x1024.jpg 681w, https:\/\/maciaszki.pl\/wp-content\/uploads\/2025\/07\/1-234-199x300.jpg 199w, https:\/\/maciaszki.pl\/wp-content\/uploads\/2025\/07\/1-234-768x1156.jpg 768w, https:\/\/maciaszki.pl\/wp-content\/uploads\/2025\/07\/1-234-1021x1536.jpg 1021w, https:\/\/maciaszki.pl\/wp-content\/uploads\/2025\/07\/1-234-1361x2048.jpg 1361w, https:\/\/maciaszki.pl\/wp-content\/uploads\/2025\/07\/1-234-scaled.jpg 1701w\" sizes=\"(max-width: 681px) 100vw, 681px\" \/><\/a><\/figure><\/li><\/ul><figcaption class=\"blocks-gallery-caption\">Hanau<\/figcaption><\/figure>\n\n\n\n<p class=\"has-small-font-size\">To tutaj ostatecznie \u017cegnamy si\u0119 z Menem i rozpoczynamy dalsz\u0105 podr\u00f3\u017c szlakiem Bahn-Radweg Hessen.<\/p>\n\n\n\n<div class=\"wp-block-image\"><figure class=\"aligncenter size-large\"><a href=\"https:\/\/maciaszki.pl\/wp-content\/uploads\/2025\/07\/1-243-scaled.jpg\"><img loading=\"lazy\" width=\"1024\" height=\"683\" src=\"https:\/\/maciaszki.pl\/wp-content\/uploads\/2025\/07\/1-243-1024x683.jpg\" alt=\"\" class=\"wp-image-6068\" srcset=\"https:\/\/maciaszki.pl\/wp-content\/uploads\/2025\/07\/1-243-1024x683.jpg 1024w, https:\/\/maciaszki.pl\/wp-content\/uploads\/2025\/07\/1-243-300x200.jpg 300w, https:\/\/maciaszki.pl\/wp-content\/uploads\/2025\/07\/1-243-768x512.jpg 768w, https:\/\/maciaszki.pl\/wp-content\/uploads\/2025\/07\/1-243-1536x1024.jpg 1536w, https:\/\/maciaszki.pl\/wp-content\/uploads\/2025\/07\/1-243-2048x1366.jpg 2048w\" sizes=\"(max-width: 706px) 89vw, (max-width: 767px) 82vw, 740px\" \/><\/a><figcaption><em>Po\u017cegnanie ekipy z rzek\u0105 Men<\/em><\/figcaption><\/figure><\/div>\n\n\n\n<h3><strong>Trasa rowerowa Men, Fulda, Wezera<\/strong> <strong>&#8211; cz\u0119\u015b\u0107 II: Kolejowy Szlak Rowerowy Hesji i Fulda-Radweg<\/strong><\/h3>\n\n\n\n<p class=\"has-small-font-size\">Przejazd przez Hesj\u0119 a\u017c do Wezery to druga cz\u0119\u015b\u0107 naszej d\u0142ugiej wyprawy. Rozwa\u017cali\u015bmy inny wariant: z Gem\u00fcnden nad Menem do miasta Fulda, ale w ten spos\u00f3b skr\u00f3ciliby\u015bmy tras\u0119 wzd\u0142u\u017c Menu o 170 km, rezygnuj\u0105c z pi\u0119knych odcink\u00f3w szlaku. Bahn-Radweg rozpoczyna si\u0119 w centrum Hanau i jest po\u0142\u0105czeniem kilku \u015bcie\u017cek rowerowych.<\/p>\n\n\n\n<div class=\"wp-block-image\"><figure class=\"aligncenter size-large\"><a href=\"https:\/\/maciaszki.pl\/wp-content\/uploads\/2025\/07\/1-241-scaled.jpg\"><img loading=\"lazy\" width=\"1024\" height=\"683\" src=\"https:\/\/maciaszki.pl\/wp-content\/uploads\/2025\/07\/1-241-1024x683.jpg\" alt=\"\" class=\"wp-image-6069\" srcset=\"https:\/\/maciaszki.pl\/wp-content\/uploads\/2025\/07\/1-241-1024x683.jpg 1024w, https:\/\/maciaszki.pl\/wp-content\/uploads\/2025\/07\/1-241-300x200.jpg 300w, https:\/\/maciaszki.pl\/wp-content\/uploads\/2025\/07\/1-241-768x512.jpg 768w, https:\/\/maciaszki.pl\/wp-content\/uploads\/2025\/07\/1-241-1536x1024.jpg 1536w, https:\/\/maciaszki.pl\/wp-content\/uploads\/2025\/07\/1-241-2048x1365.jpg 2048w\" sizes=\"(max-width: 706px) 89vw, (max-width: 767px) 82vw, 740px\" \/><\/a><figcaption><em>Hanau &#8211; zamek Philippsruhe z pocz\u0105tku XVIII wieku.<\/em> &#8211; <em>obok zaczyna si\u0119 Bahn-Radweg<\/em><\/figcaption><\/figure><\/div>\n\n\n\n<p class=\"has-small-font-size\"> Nie jest prawd\u0105, \u017ce to szlak o bardzo \u0142agodnych podjazdach, bo po nasypach zlikwidowanej kolei prowadzi tylko jego cz\u0119\u015b\u0107. A teren jest wymagaj\u0105cy &#8211; to rejon wzg\u00f3rz i wygas\u0142ych wulkan\u00f3w. Kolejne przewy\u017cszenia nie\u017ale daj\u0105 nam w ko\u015b\u0107 i poci\u0105gi raczej ich nie pokonywa\u0142y. <\/p>\n\n\n\n<figure class=\"wp-block-gallery columns-2 is-cropped\"><ul class=\"blocks-gallery-grid\"><li class=\"blocks-gallery-item\"><figure><a href=\"https:\/\/maciaszki.pl\/wp-content\/uploads\/2025\/07\/1-250-scaled.jpg\"><img loading=\"lazy\" width=\"683\" height=\"1024\" src=\"https:\/\/maciaszki.pl\/wp-content\/uploads\/2025\/07\/1-250-683x1024.jpg\" alt=\"\" data-id=\"6070\" data-full-url=\"https:\/\/maciaszki.pl\/wp-content\/uploads\/2025\/07\/1-250-scaled.jpg\" data-link=\"https:\/\/maciaszki.pl\/?attachment_id=6070\" class=\"wp-image-6070\" srcset=\"https:\/\/maciaszki.pl\/wp-content\/uploads\/2025\/07\/1-250-683x1024.jpg 683w, https:\/\/maciaszki.pl\/wp-content\/uploads\/2025\/07\/1-250-200x300.jpg 200w, https:\/\/maciaszki.pl\/wp-content\/uploads\/2025\/07\/1-250-768x1152.jpg 768w, https:\/\/maciaszki.pl\/wp-content\/uploads\/2025\/07\/1-250-1024x1536.jpg 1024w, https:\/\/maciaszki.pl\/wp-content\/uploads\/2025\/07\/1-250-1365x2048.jpg 1365w, https:\/\/maciaszki.pl\/wp-content\/uploads\/2025\/07\/1-250-scaled.jpg 1707w\" sizes=\"(max-width: 683px) 100vw, 683px\" \/><\/a><figcaption class=\"blocks-gallery-item__caption\">Podjazdy w Hesji<\/figcaption><\/figure><\/li><li class=\"blocks-gallery-item\"><figure><a href=\"https:\/\/maciaszki.pl\/wp-content\/uploads\/2025\/07\/1-264-scaled.jpg\"><img loading=\"lazy\" width=\"680\" height=\"1024\" src=\"https:\/\/maciaszki.pl\/wp-content\/uploads\/2025\/07\/1-264-680x1024.jpg\" alt=\"\" data-id=\"6071\" data-full-url=\"https:\/\/maciaszki.pl\/wp-content\/uploads\/2025\/07\/1-264-scaled.jpg\" data-link=\"https:\/\/maciaszki.pl\/?attachment_id=6071\" class=\"wp-image-6071\" srcset=\"https:\/\/maciaszki.pl\/wp-content\/uploads\/2025\/07\/1-264-680x1024.jpg 680w, https:\/\/maciaszki.pl\/wp-content\/uploads\/2025\/07\/1-264-199x300.jpg 199w, https:\/\/maciaszki.pl\/wp-content\/uploads\/2025\/07\/1-264-768x1156.jpg 768w, https:\/\/maciaszki.pl\/wp-content\/uploads\/2025\/07\/1-264-1021x1536.jpg 1021w, https:\/\/maciaszki.pl\/wp-content\/uploads\/2025\/07\/1-264-1361x2048.jpg 1361w, https:\/\/maciaszki.pl\/wp-content\/uploads\/2025\/07\/1-264-scaled.jpg 1701w\" sizes=\"(max-width: 680px) 100vw, 680px\" \/><\/a><figcaption class=\"blocks-gallery-item__caption\">Komfortowa \u015bcie\u017cka Bahn-Radweg<\/figcaption><\/figure><\/li><\/ul><\/figure>\n\n\n\n<p class=\"has-small-font-size\">W Ortenbergu rozpoczyna si\u0119 najd\u0142u\u017cszy, 25-kilometrowy podjazd &#8211; niby \u0142agodny, ale mozolny. Nasz camping nad jeziorem blisko Gedern dzieli go w naturalny spos\u00f3b na dwie cz\u0119\u015bci. Z Hartmannshein zaczyna si\u0119 d\u0142uga jazda w d\u00f3\u0142 w letnim ch\u0142odku.<\/p>\n\n\n\n<div class=\"wp-block-image\"><figure class=\"aligncenter size-large\"><a href=\"https:\/\/maciaszki.pl\/wp-content\/uploads\/2025\/07\/1-265-scaled.jpg\"><img loading=\"lazy\" width=\"1024\" height=\"682\" src=\"https:\/\/maciaszki.pl\/wp-content\/uploads\/2025\/07\/1-265-1024x682.jpg\" alt=\"\" class=\"wp-image-6072\" srcset=\"https:\/\/maciaszki.pl\/wp-content\/uploads\/2025\/07\/1-265-1024x682.jpg 1024w, https:\/\/maciaszki.pl\/wp-content\/uploads\/2025\/07\/1-265-300x200.jpg 300w, https:\/\/maciaszki.pl\/wp-content\/uploads\/2025\/07\/1-265-768x512.jpg 768w, https:\/\/maciaszki.pl\/wp-content\/uploads\/2025\/07\/1-265-1536x1023.jpg 1536w, https:\/\/maciaszki.pl\/wp-content\/uploads\/2025\/07\/1-265-2048x1364.jpg 2048w\" sizes=\"(max-width: 706px) 89vw, (max-width: 767px) 82vw, 740px\" \/><\/a><figcaption><em>Trasa rowerowa po zlikwidowanych torach kolei &#8211; wiele kilometr\u00f3w w d\u00f3\u0142<\/em><\/figcaption><\/figure><\/div>\n\n\n\n<div class=\"wp-block-image\"><figure class=\"aligncenter size-large\"><a href=\"https:\/\/maciaszki.pl\/wp-content\/uploads\/2025\/07\/1-269-scaled.jpg\"><img loading=\"lazy\" width=\"1024\" height=\"684\" src=\"https:\/\/maciaszki.pl\/wp-content\/uploads\/2025\/07\/1-269-1024x684.jpg\" alt=\"\" class=\"wp-image-6073\" srcset=\"https:\/\/maciaszki.pl\/wp-content\/uploads\/2025\/07\/1-269-1024x684.jpg 1024w, https:\/\/maciaszki.pl\/wp-content\/uploads\/2025\/07\/1-269-300x200.jpg 300w, https:\/\/maciaszki.pl\/wp-content\/uploads\/2025\/07\/1-269-768x513.jpg 768w, https:\/\/maciaszki.pl\/wp-content\/uploads\/2025\/07\/1-269-1536x1025.jpg 1536w, https:\/\/maciaszki.pl\/wp-content\/uploads\/2025\/07\/1-269-2048x1367.jpg 2048w\" sizes=\"(max-width: 706px) 89vw, (max-width: 767px) 82vw, 740px\" \/><\/a><figcaption><em>Pag\u00f3rkowaty krajobraz Hesji<\/em><\/figcaption><\/figure><\/div>\n\n\n\n<p class=\"has-small-font-size\">W Schlitz porzucamy Bahn-Radweg, zmieniamy kierunek i w Pfordt docieramy do Fuldy, kt\u00f3ra poprowadzi nas przez Bad Hersfeld, Bebr\u0119, Melsungen i Kassel do Hann.M\u00fcnden. Szlak rowerowy wielokrotnie odbija od rzeki, co oznacza strome i m\u0119cz\u0105ce podjazdy. Na szcz\u0119\u015bcie o b\u00f3lu n\u00f3g i podwy\u017cszonym t\u0119tnie szybko si\u0119 zapomina. <\/p>\n\n\n\n<figure class=\"wp-block-gallery columns-1 is-cropped\"><ul class=\"blocks-gallery-grid\"><li class=\"blocks-gallery-item\"><figure><a href=\"https:\/\/maciaszki.pl\/wp-content\/uploads\/2025\/07\/1-310-1024x685.jpg\"><img loading=\"lazy\" width=\"1024\" height=\"685\" src=\"https:\/\/maciaszki.pl\/wp-content\/uploads\/2025\/07\/1-310-1024x685.jpg\" alt=\"\" data-id=\"6078\" data-link=\"https:\/\/maciaszki.pl\/?attachment_id=6078\" class=\"wp-image-6078\" srcset=\"https:\/\/maciaszki.pl\/wp-content\/uploads\/2025\/07\/1-310-1024x685.jpg 1024w, https:\/\/maciaszki.pl\/wp-content\/uploads\/2025\/07\/1-310-300x201.jpg 300w, https:\/\/maciaszki.pl\/wp-content\/uploads\/2025\/07\/1-310-768x514.jpg 768w, https:\/\/maciaszki.pl\/wp-content\/uploads\/2025\/07\/1-310-1536x1028.jpg 1536w, https:\/\/maciaszki.pl\/wp-content\/uploads\/2025\/07\/1-310-2048x1370.jpg 2048w\" sizes=\"(max-width: 706px) 89vw, (max-width: 767px) 82vw, 740px\" \/><\/a><\/figure><\/li><li class=\"blocks-gallery-item\"><figure><a href=\"https:\/\/maciaszki.pl\/wp-content\/uploads\/2025\/07\/1-312-1024x683.jpg\"><img loading=\"lazy\" width=\"1024\" height=\"683\" src=\"https:\/\/maciaszki.pl\/wp-content\/uploads\/2025\/07\/1-312-1024x683.jpg\" alt=\"\" data-id=\"6079\" data-link=\"https:\/\/maciaszki.pl\/?attachment_id=6079\" class=\"wp-image-6079\" srcset=\"https:\/\/maciaszki.pl\/wp-content\/uploads\/2025\/07\/1-312-1024x683.jpg 1024w, https:\/\/maciaszki.pl\/wp-content\/uploads\/2025\/07\/1-312-300x200.jpg 300w, https:\/\/maciaszki.pl\/wp-content\/uploads\/2025\/07\/1-312-768x512.jpg 768w, https:\/\/maciaszki.pl\/wp-content\/uploads\/2025\/07\/1-312-1536x1024.jpg 1536w, https:\/\/maciaszki.pl\/wp-content\/uploads\/2025\/07\/1-312-2048x1366.jpg 2048w\" sizes=\"(max-width: 706px) 89vw, (max-width: 767px) 82vw, 740px\" \/><\/a><\/figure><\/li><li class=\"blocks-gallery-item\"><figure><a href=\"https:\/\/maciaszki.pl\/wp-content\/uploads\/2025\/07\/1-364-1024x684.jpg\"><img loading=\"lazy\" width=\"1024\" height=\"684\" src=\"https:\/\/maciaszki.pl\/wp-content\/uploads\/2025\/07\/1-364-1024x684.jpg\" alt=\"\" data-id=\"6080\" data-link=\"https:\/\/maciaszki.pl\/?attachment_id=6080\" class=\"wp-image-6080\" srcset=\"https:\/\/maciaszki.pl\/wp-content\/uploads\/2025\/07\/1-364-1024x684.jpg 1024w, https:\/\/maciaszki.pl\/wp-content\/uploads\/2025\/07\/1-364-300x200.jpg 300w, https:\/\/maciaszki.pl\/wp-content\/uploads\/2025\/07\/1-364-768x513.jpg 768w, https:\/\/maciaszki.pl\/wp-content\/uploads\/2025\/07\/1-364-1536x1025.jpg 1536w, https:\/\/maciaszki.pl\/wp-content\/uploads\/2025\/07\/1-364-2048x1367.jpg 2048w\" sizes=\"(max-width: 706px) 89vw, (max-width: 767px) 82vw, 740px\" \/><\/a><\/figure><\/li><li class=\"blocks-gallery-item\"><figure><a href=\"https:\/\/maciaszki.pl\/wp-content\/uploads\/2025\/07\/1-301.jpg\"><img loading=\"lazy\" width=\"1024\" height=\"682\" src=\"https:\/\/maciaszki.pl\/wp-content\/uploads\/2025\/07\/1-301-1024x682.jpg\" alt=\"\" data-id=\"6091\" data-full-url=\"https:\/\/maciaszki.pl\/wp-content\/uploads\/2025\/07\/1-301.jpg\" data-link=\"https:\/\/maciaszki.pl\/?attachment_id=6091\" class=\"wp-image-6091\" srcset=\"https:\/\/maciaszki.pl\/wp-content\/uploads\/2025\/07\/1-301-1024x682.jpg 1024w, https:\/\/maciaszki.pl\/wp-content\/uploads\/2025\/07\/1-301-300x200.jpg 300w, https:\/\/maciaszki.pl\/wp-content\/uploads\/2025\/07\/1-301-768x512.jpg 768w, https:\/\/maciaszki.pl\/wp-content\/uploads\/2025\/07\/1-301-1536x1024.jpg 1536w, https:\/\/maciaszki.pl\/wp-content\/uploads\/2025\/07\/1-301-2048x1365.jpg 2048w\" sizes=\"(max-width: 706px) 89vw, (max-width: 767px) 82vw, 740px\" \/><\/a><\/figure><\/li><\/ul><figcaption class=\"blocks-gallery-caption\">Trasa rowerowa nad Fuld\u0105 czyli Fulda-Radweg<\/figcaption><\/figure>\n\n\n\n<p class=\"has-small-font-size\">Kilka kilometr\u00f3w mi\u0119dzy Morchen a Malsfeld skorzysta\u0107 mo\u017cna z rowerowej kolejki linowej, jedynej takiej przeprawy rzecznej w Niemczech. To rodzaj klatki na linie z r\u0119cznym, samoobs\u0142ugowym nap\u0119dem, w kt\u00f3rej z trudem mieszcz\u0105 si\u0119 cztery rowery z sakwami. Mo\u017cna wprawdzie do\u0142o\u017cy\u0107 p\u00f3\u0142 kilometra do mostu i przejecha\u0107 na drugi brzeg zdecydowanie szybciej, bo kolejk\u0105 pokonuje si\u0119 rzek\u0119 w i\u015bcie \u017c\u00f3\u0142wim tempie, ale to atrakcja niezwykle emocjonuj\u0105ca.<\/p>\n\n\n\n<figure class=\"wp-block-gallery columns-2 is-cropped\"><ul class=\"blocks-gallery-grid\"><li class=\"blocks-gallery-item\"><figure><a href=\"https:\/\/maciaszki.pl\/wp-content\/uploads\/2025\/07\/1-332-scaled.jpg\"><img loading=\"lazy\" width=\"682\" height=\"1024\" src=\"https:\/\/maciaszki.pl\/wp-content\/uploads\/2025\/07\/1-332-682x1024.jpg\" alt=\"\" data-id=\"6081\" data-full-url=\"https:\/\/maciaszki.pl\/wp-content\/uploads\/2025\/07\/1-332-scaled.jpg\" data-link=\"https:\/\/maciaszki.pl\/?attachment_id=6081\" class=\"wp-image-6081\" srcset=\"https:\/\/maciaszki.pl\/wp-content\/uploads\/2025\/07\/1-332-682x1024.jpg 682w, https:\/\/maciaszki.pl\/wp-content\/uploads\/2025\/07\/1-332-200x300.jpg 200w, https:\/\/maciaszki.pl\/wp-content\/uploads\/2025\/07\/1-332-768x1153.jpg 768w, https:\/\/maciaszki.pl\/wp-content\/uploads\/2025\/07\/1-332-1023x1536.jpg 1023w, https:\/\/maciaszki.pl\/wp-content\/uploads\/2025\/07\/1-332-1364x2048.jpg 1364w, https:\/\/maciaszki.pl\/wp-content\/uploads\/2025\/07\/1-332-scaled.jpg 1705w\" sizes=\"(max-width: 682px) 100vw, 682px\" \/><\/a><\/figure><\/li><li class=\"blocks-gallery-item\"><figure><a href=\"https:\/\/maciaszki.pl\/wp-content\/uploads\/2025\/07\/1-334-scaled.jpg\"><img loading=\"lazy\" width=\"683\" height=\"1024\" src=\"https:\/\/maciaszki.pl\/wp-content\/uploads\/2025\/07\/1-334-683x1024.jpg\" alt=\"\" data-id=\"6082\" data-full-url=\"https:\/\/maciaszki.pl\/wp-content\/uploads\/2025\/07\/1-334-scaled.jpg\" data-link=\"https:\/\/maciaszki.pl\/?attachment_id=6082\" class=\"wp-image-6082\" srcset=\"https:\/\/maciaszki.pl\/wp-content\/uploads\/2025\/07\/1-334-683x1024.jpg 683w, https:\/\/maciaszki.pl\/wp-content\/uploads\/2025\/07\/1-334-200x300.jpg 200w, https:\/\/maciaszki.pl\/wp-content\/uploads\/2025\/07\/1-334-768x1152.jpg 768w, https:\/\/maciaszki.pl\/wp-content\/uploads\/2025\/07\/1-334-1024x1536.jpg 1024w, https:\/\/maciaszki.pl\/wp-content\/uploads\/2025\/07\/1-334-1365x2048.jpg 1365w, https:\/\/maciaszki.pl\/wp-content\/uploads\/2025\/07\/1-334-scaled.jpg 1707w\" sizes=\"(max-width: 683px) 100vw, 683px\" \/><\/a><\/figure><\/li><\/ul><figcaption class=\"blocks-gallery-caption\">Samoobs\u0142ugowa kolej linowa nad Fuld\u0105 &#8211; cztery rowery z sakwami i my<\/figcaption><\/figure>\n\n\n\n<p class=\"has-small-font-size\">W Han.M\u00fcnden Fulda \u0142\u0105czy si\u0119 z Werr\u0105, daj\u0105c pocz\u0105tek Wezerze. Ka\u017cde niemieckie dziecko zna rymowank\u0119 z elementarza: &nbsp;&#8222;Wo Fulda und Werra sich k\u00fcssen,\/ sie ihren Namen b\u00fc\u00dfen m\u00fcssen.\/ Und so entsteht aus diesem Kuss \u2013 bis zum Meer der Weserfluss (Gdzie Fulda i Werra si\u0119 ca\u0142uj\u0105, one swoich nazw \u017ca\u0142uj\u0105. I tak z poca\u0142unku wzbiera \u2013 a\u017c do morza rzeka Wezera). Miejsce to jest szczeg\u00f3lnie popularne w\u015brod kajakarzy rozpoczynaj\u0105cych sp\u0142yw Wezer\u0105.   <\/p>\n\n\n\n<figure class=\"wp-block-gallery aligncenter columns-1 is-cropped\"><ul class=\"blocks-gallery-grid\"><li class=\"blocks-gallery-item\"><figure><a href=\"https:\/\/maciaszki.pl\/wp-content\/uploads\/2025\/07\/1-395-scaled.jpg\"><img loading=\"lazy\" width=\"1024\" height=\"683\" src=\"https:\/\/maciaszki.pl\/wp-content\/uploads\/2025\/07\/1-395-1024x683.jpg\" alt=\"\" data-id=\"6083\" data-full-url=\"https:\/\/maciaszki.pl\/wp-content\/uploads\/2025\/07\/1-395-scaled.jpg\" data-link=\"https:\/\/maciaszki.pl\/?attachment_id=6083\" class=\"wp-image-6083\" srcset=\"https:\/\/maciaszki.pl\/wp-content\/uploads\/2025\/07\/1-395-1024x683.jpg 1024w, https:\/\/maciaszki.pl\/wp-content\/uploads\/2025\/07\/1-395-300x200.jpg 300w, https:\/\/maciaszki.pl\/wp-content\/uploads\/2025\/07\/1-395-768x512.jpg 768w, https:\/\/maciaszki.pl\/wp-content\/uploads\/2025\/07\/1-395-1536x1025.jpg 1536w, https:\/\/maciaszki.pl\/wp-content\/uploads\/2025\/07\/1-395-2048x1366.jpg 2048w\" sizes=\"(max-width: 706px) 89vw, (max-width: 767px) 82vw, 740px\" \/><\/a><\/figure><\/li><li class=\"blocks-gallery-item\"><figure><a href=\"https:\/\/maciaszki.pl\/wp-content\/uploads\/2025\/07\/1-401-scaled.jpg\"><img loading=\"lazy\" width=\"1024\" height=\"683\" src=\"https:\/\/maciaszki.pl\/wp-content\/uploads\/2025\/07\/1-401-1024x683.jpg\" alt=\"\" data-id=\"6084\" data-full-url=\"https:\/\/maciaszki.pl\/wp-content\/uploads\/2025\/07\/1-401-scaled.jpg\" data-link=\"https:\/\/maciaszki.pl\/?attachment_id=6084\" class=\"wp-image-6084\" srcset=\"https:\/\/maciaszki.pl\/wp-content\/uploads\/2025\/07\/1-401-1024x683.jpg 1024w, https:\/\/maciaszki.pl\/wp-content\/uploads\/2025\/07\/1-401-300x200.jpg 300w, https:\/\/maciaszki.pl\/wp-content\/uploads\/2025\/07\/1-401-768x512.jpg 768w, https:\/\/maciaszki.pl\/wp-content\/uploads\/2025\/07\/1-401-1536x1024.jpg 1536w, https:\/\/maciaszki.pl\/wp-content\/uploads\/2025\/07\/1-401-2048x1366.jpg 2048w\" sizes=\"(max-width: 706px) 89vw, (max-width: 767px) 82vw, 740px\" \/><\/a><\/figure><\/li><\/ul><figcaption class=\"blocks-gallery-caption\">Widziane z dw\u00f3ch stron po\u0142\u0105czenie Werry i Fuldy. Dalej ju\u017c p\u0142ynie Wezera<\/figcaption><\/figure>\n\n\n\n<h4><strong>Przez Hesj\u0119 na szlaku muru pruskiego<\/strong><\/h4>\n\n\n\n<p class=\"has-small-font-size\">Ciekawych miejsc w tej cz\u0119\u015bci naszego szlaku nie brakuje. Cz\u0119\u015b\u0107 mijanych miast nale\u017cy do Fachwerkstrasse czyli Szlaku Muru Pruskiego. Jednym z nich jest Lauterbach, w kt\u00f3rym zatrzymujemy si\u0119 na d\u0142u\u017cszy odpoczynek. <\/p>\n\n\n\n<figure class=\"wp-block-gallery columns-2 is-cropped\"><ul class=\"blocks-gallery-grid\"><li class=\"blocks-gallery-item\"><figure><a href=\"https:\/\/maciaszki.pl\/wp-content\/uploads\/2025\/07\/1-276-scaled.jpg\"><img loading=\"lazy\" width=\"684\" height=\"1024\" src=\"https:\/\/maciaszki.pl\/wp-content\/uploads\/2025\/07\/1-276-684x1024.jpg\" alt=\"\" data-id=\"6089\" data-full-url=\"https:\/\/maciaszki.pl\/wp-content\/uploads\/2025\/07\/1-276-scaled.jpg\" data-link=\"https:\/\/maciaszki.pl\/?attachment_id=6089\" class=\"wp-image-6089\" srcset=\"https:\/\/maciaszki.pl\/wp-content\/uploads\/2025\/07\/1-276-684x1024.jpg 684w, https:\/\/maciaszki.pl\/wp-content\/uploads\/2025\/07\/1-276-200x300.jpg 200w, https:\/\/maciaszki.pl\/wp-content\/uploads\/2025\/07\/1-276-768x1150.jpg 768w, https:\/\/maciaszki.pl\/wp-content\/uploads\/2025\/07\/1-276-1026x1536.jpg 1026w, https:\/\/maciaszki.pl\/wp-content\/uploads\/2025\/07\/1-276-1368x2048.jpg 1368w, https:\/\/maciaszki.pl\/wp-content\/uploads\/2025\/07\/1-276-scaled.jpg 1710w\" sizes=\"(max-width: 684px) 100vw, 684px\" \/><\/a><\/figure><\/li><li class=\"blocks-gallery-item\"><figure><a href=\"https:\/\/maciaszki.pl\/wp-content\/uploads\/2025\/07\/1-277-scaled.jpg\"><img loading=\"lazy\" width=\"682\" height=\"1024\" src=\"https:\/\/maciaszki.pl\/wp-content\/uploads\/2025\/07\/1-277-682x1024.jpg\" alt=\"\" data-id=\"6090\" data-full-url=\"https:\/\/maciaszki.pl\/wp-content\/uploads\/2025\/07\/1-277-scaled.jpg\" data-link=\"https:\/\/maciaszki.pl\/?attachment_id=6090\" class=\"wp-image-6090\" srcset=\"https:\/\/maciaszki.pl\/wp-content\/uploads\/2025\/07\/1-277-682x1024.jpg 682w, https:\/\/maciaszki.pl\/wp-content\/uploads\/2025\/07\/1-277-200x300.jpg 200w, https:\/\/maciaszki.pl\/wp-content\/uploads\/2025\/07\/1-277-768x1153.jpg 768w, https:\/\/maciaszki.pl\/wp-content\/uploads\/2025\/07\/1-277-1023x1536.jpg 1023w, https:\/\/maciaszki.pl\/wp-content\/uploads\/2025\/07\/1-277-1364x2048.jpg 1364w, https:\/\/maciaszki.pl\/wp-content\/uploads\/2025\/07\/1-277-scaled.jpg 1705w\" sizes=\"(max-width: 682px) 100vw, 682px\" \/><\/a><\/figure><\/li><\/ul><figcaption class=\"blocks-gallery-caption\">Lauterbach<\/figcaption><\/figure>\n\n\n\n<p class=\"has-small-font-size\">Na miejsce noclegu wybieramy Schlitz (nad rzek\u0105 Schlitz). Mo\u017cemy zostawi\u0107 rowery na campingu i wybra\u0107 si\u0119 na wieczorny spacer po \u201emie\u015bcie pi\u0119ciu zamk\u00f3w\u201d. Strome uliczki zbiegaj\u0105 si\u0119 w najdziwniejszy spos\u00f3b, tylko nie pod k\u0105tem prostym. Szachulcowa zabudowa dope\u0142nia zamki wci\u015bni\u0119te w centrum tego male\u0144kiego miasteczka. Rynek z fontann\u0105 jest stromy, ciasny i nieregularny. Atrakcj\u0119 stanowi te\u017c jedna z wie\u017c, kt\u00f3ra w okresie adwentu pe\u0142ni funkcje \u015bwieczki. Dodam \u2013 najwi\u0119kszej \u015bwieczki \u015bwiata!<\/p>\n\n\n\n<figure class=\"wp-block-gallery columns-2 is-cropped\"><ul class=\"blocks-gallery-grid\"><li class=\"blocks-gallery-item\"><figure><a href=\"https:\/\/maciaszki.pl\/wp-content\/uploads\/2025\/07\/1-278-1-scaled.jpg\"><img loading=\"lazy\" width=\"681\" height=\"1024\" src=\"https:\/\/maciaszki.pl\/wp-content\/uploads\/2025\/07\/1-278-1-681x1024.jpg\" alt=\"\" data-id=\"6085\" data-full-url=\"https:\/\/maciaszki.pl\/wp-content\/uploads\/2025\/07\/1-278-1-scaled.jpg\" data-link=\"https:\/\/maciaszki.pl\/?attachment_id=6085\" class=\"wp-image-6085\" srcset=\"https:\/\/maciaszki.pl\/wp-content\/uploads\/2025\/07\/1-278-1-681x1024.jpg 681w, https:\/\/maciaszki.pl\/wp-content\/uploads\/2025\/07\/1-278-1-200x300.jpg 200w, https:\/\/maciaszki.pl\/wp-content\/uploads\/2025\/07\/1-278-1-768x1154.jpg 768w, https:\/\/maciaszki.pl\/wp-content\/uploads\/2025\/07\/1-278-1-1022x1536.jpg 1022w, https:\/\/maciaszki.pl\/wp-content\/uploads\/2025\/07\/1-278-1-1363x2048.jpg 1363w, https:\/\/maciaszki.pl\/wp-content\/uploads\/2025\/07\/1-278-1-scaled.jpg 1703w\" sizes=\"(max-width: 681px) 100vw, 681px\" \/><\/a><\/figure><\/li><li class=\"blocks-gallery-item\"><figure><a href=\"https:\/\/maciaszki.pl\/wp-content\/uploads\/2025\/07\/1-279-1-scaled.jpg\"><img loading=\"lazy\" width=\"683\" height=\"1024\" src=\"https:\/\/maciaszki.pl\/wp-content\/uploads\/2025\/07\/1-279-1-683x1024.jpg\" alt=\"\" data-id=\"6086\" data-full-url=\"https:\/\/maciaszki.pl\/wp-content\/uploads\/2025\/07\/1-279-1-scaled.jpg\" data-link=\"https:\/\/maciaszki.pl\/?attachment_id=6086\" class=\"wp-image-6086\" srcset=\"https:\/\/maciaszki.pl\/wp-content\/uploads\/2025\/07\/1-279-1-683x1024.jpg 683w, https:\/\/maciaszki.pl\/wp-content\/uploads\/2025\/07\/1-279-1-200x300.jpg 200w, https:\/\/maciaszki.pl\/wp-content\/uploads\/2025\/07\/1-279-1-768x1151.jpg 768w, https:\/\/maciaszki.pl\/wp-content\/uploads\/2025\/07\/1-279-1-1025x1536.jpg 1025w, https:\/\/maciaszki.pl\/wp-content\/uploads\/2025\/07\/1-279-1-1367x2048.jpg 1367w, https:\/\/maciaszki.pl\/wp-content\/uploads\/2025\/07\/1-279-1-scaled.jpg 1708w\" sizes=\"(max-width: 683px) 100vw, 683px\" \/><\/a><\/figure><\/li><li class=\"blocks-gallery-item\"><figure><a href=\"https:\/\/maciaszki.pl\/wp-content\/uploads\/2025\/07\/1-280-1-scaled.jpg\"><img loading=\"lazy\" width=\"683\" height=\"1024\" src=\"https:\/\/maciaszki.pl\/wp-content\/uploads\/2025\/07\/1-280-1-683x1024.jpg\" alt=\"\" data-id=\"6087\" data-full-url=\"https:\/\/maciaszki.pl\/wp-content\/uploads\/2025\/07\/1-280-1-scaled.jpg\" data-link=\"https:\/\/maciaszki.pl\/?attachment_id=6087\" class=\"wp-image-6087\" srcset=\"https:\/\/maciaszki.pl\/wp-content\/uploads\/2025\/07\/1-280-1-683x1024.jpg 683w, https:\/\/maciaszki.pl\/wp-content\/uploads\/2025\/07\/1-280-1-200x300.jpg 200w, https:\/\/maciaszki.pl\/wp-content\/uploads\/2025\/07\/1-280-1-768x1151.jpg 768w, https:\/\/maciaszki.pl\/wp-content\/uploads\/2025\/07\/1-280-1-1025x1536.jpg 1025w, https:\/\/maciaszki.pl\/wp-content\/uploads\/2025\/07\/1-280-1-1367x2048.jpg 1367w, https:\/\/maciaszki.pl\/wp-content\/uploads\/2025\/07\/1-280-1-scaled.jpg 1708w\" sizes=\"(max-width: 683px) 100vw, 683px\" \/><\/a><\/figure><\/li><li class=\"blocks-gallery-item\"><figure><a href=\"https:\/\/maciaszki.pl\/wp-content\/uploads\/2025\/07\/1-281-1-scaled.jpg\"><img loading=\"lazy\" width=\"681\" height=\"1024\" src=\"https:\/\/maciaszki.pl\/wp-content\/uploads\/2025\/07\/1-281-1-681x1024.jpg\" alt=\"\" data-id=\"6088\" data-full-url=\"https:\/\/maciaszki.pl\/wp-content\/uploads\/2025\/07\/1-281-1-scaled.jpg\" data-link=\"https:\/\/maciaszki.pl\/?attachment_id=6088\" class=\"wp-image-6088\" srcset=\"https:\/\/maciaszki.pl\/wp-content\/uploads\/2025\/07\/1-281-1-681x1024.jpg 681w, https:\/\/maciaszki.pl\/wp-content\/uploads\/2025\/07\/1-281-1-200x300.jpg 200w, https:\/\/maciaszki.pl\/wp-content\/uploads\/2025\/07\/1-281-1-768x1154.jpg 768w, https:\/\/maciaszki.pl\/wp-content\/uploads\/2025\/07\/1-281-1-1022x1536.jpg 1022w, https:\/\/maciaszki.pl\/wp-content\/uploads\/2025\/07\/1-281-1-1363x2048.jpg 1363w, https:\/\/maciaszki.pl\/wp-content\/uploads\/2025\/07\/1-281-1-scaled.jpg 1703w\" sizes=\"(max-width: 681px) 100vw, 681px\" \/><\/a><\/figure><\/li><\/ul><figcaption class=\"blocks-gallery-caption\">Na Szlaku Muru Pruskiego w Schlitz<\/figcaption><\/figure>\n\n\n\n<p class=\"has-small-font-size\">Po drodze do Bad Hersfeld mijamy kamienie z wyrytymi na nich z\u0142otymi my\u015blami dw\u00f3ch Konrad\u00f3w, Dudena i Zuse, zwi\u0105zanych z tym miastem. Zuse w 1941 r. zbudowa\u0142 pierwszy na \u015bwiecie komputer sterowany programem i to on napisa\u0142: \u201eNiebezpiecze\u0144stwo, \u017ce komputery stan\u0105 si\u0119 podobne do ludzi, nie jest tak wielkie, jak niebezpiecze\u0144stwo, \u017ce ludzie stan\u0105 si\u0119 podobni do komputer\u00f3w.\u201d<\/p>\n\n\n\n<figure class=\"wp-block-gallery columns-2 is-cropped\"><ul class=\"blocks-gallery-grid\"><li class=\"blocks-gallery-item\"><figure><a href=\"https:\/\/maciaszki.pl\/wp-content\/uploads\/2025\/07\/1-303-683x1024.jpg\"><img loading=\"lazy\" width=\"683\" height=\"1024\" src=\"https:\/\/maciaszki.pl\/wp-content\/uploads\/2025\/07\/1-303-683x1024.jpg\" alt=\"\" data-id=\"6092\" data-link=\"https:\/\/maciaszki.pl\/?attachment_id=6092\" class=\"wp-image-6092\" srcset=\"https:\/\/maciaszki.pl\/wp-content\/uploads\/2025\/07\/1-303-683x1024.jpg 683w, https:\/\/maciaszki.pl\/wp-content\/uploads\/2025\/07\/1-303-200x300.jpg 200w, https:\/\/maciaszki.pl\/wp-content\/uploads\/2025\/07\/1-303-768x1152.jpg 768w, https:\/\/maciaszki.pl\/wp-content\/uploads\/2025\/07\/1-303-1024x1536.jpg 1024w, https:\/\/maciaszki.pl\/wp-content\/uploads\/2025\/07\/1-303-1365x2048.jpg 1365w, https:\/\/maciaszki.pl\/wp-content\/uploads\/2025\/07\/1-303-scaled.jpg 1707w\" sizes=\"(max-width: 683px) 100vw, 683px\" \/><\/a><figcaption class=\"blocks-gallery-item__caption\">Z\u0142ote my\u015bli Zuse<\/figcaption><\/figure><\/li><li class=\"blocks-gallery-item\"><figure><a href=\"https:\/\/maciaszki.pl\/wp-content\/uploads\/2025\/07\/1-263-scaled.jpg\"><img loading=\"lazy\" width=\"683\" height=\"1024\" src=\"https:\/\/maciaszki.pl\/wp-content\/uploads\/2025\/07\/1-263-683x1024.jpg\" alt=\"\" data-id=\"6155\" data-full-url=\"https:\/\/maciaszki.pl\/wp-content\/uploads\/2025\/07\/1-263-scaled.jpg\" data-link=\"https:\/\/maciaszki.pl\/?attachment_id=6155\" class=\"wp-image-6155\" srcset=\"https:\/\/maciaszki.pl\/wp-content\/uploads\/2025\/07\/1-263-683x1024.jpg 683w, https:\/\/maciaszki.pl\/wp-content\/uploads\/2025\/07\/1-263-200x300.jpg 200w, https:\/\/maciaszki.pl\/wp-content\/uploads\/2025\/07\/1-263-768x1152.jpg 768w, https:\/\/maciaszki.pl\/wp-content\/uploads\/2025\/07\/1-263-1024x1536.jpg 1024w, https:\/\/maciaszki.pl\/wp-content\/uploads\/2025\/07\/1-263-1366x2048.jpg 1366w, https:\/\/maciaszki.pl\/wp-content\/uploads\/2025\/07\/1-263-scaled.jpg 1707w\" sizes=\"(max-width: 683px) 100vw, 683px\" \/><\/a><figcaption class=\"blocks-gallery-item__caption\">Trasa rowerowa Fuldy<\/figcaption><\/figure><\/li><\/ul><\/figure>\n\n\n\n<h4><strong>Rotenburg i Melsungen<\/strong><\/h4>\n\n\n\n<p class=\"has-small-font-size\">Szkoda Rotenburga nad Fuld\u0105, w kt\u00f3rym nie mogli\u015bmy zatrzyma\u0107 si\u0119 na d\u0142u\u017cej, chc\u0105c zd\u0105\u017cy\u0107 na camping kilkana\u015bcie kilometr\u00f3w dalej. Rowerowy spacer po uliczkach pozwala jednak poczu\u0107 klimat tego \u201eszachulcowego\u201d miasta. <\/p>\n\n\n\n<figure class=\"wp-block-gallery columns-2 is-cropped\"><ul class=\"blocks-gallery-grid\"><li class=\"blocks-gallery-item\"><figure><a href=\"https:\/\/maciaszki.pl\/wp-content\/uploads\/2025\/07\/1-323-683x1024.jpg\"><img loading=\"lazy\" width=\"683\" height=\"1024\" src=\"https:\/\/maciaszki.pl\/wp-content\/uploads\/2025\/07\/1-323-683x1024.jpg\" alt=\"\" data-id=\"6094\" data-link=\"https:\/\/maciaszki.pl\/?attachment_id=6094\" class=\"wp-image-6094\" srcset=\"https:\/\/maciaszki.pl\/wp-content\/uploads\/2025\/07\/1-323-683x1024.jpg 683w, https:\/\/maciaszki.pl\/wp-content\/uploads\/2025\/07\/1-323-200x300.jpg 200w, https:\/\/maciaszki.pl\/wp-content\/uploads\/2025\/07\/1-323-768x1152.jpg 768w, https:\/\/maciaszki.pl\/wp-content\/uploads\/2025\/07\/1-323-1024x1536.jpg 1024w, https:\/\/maciaszki.pl\/wp-content\/uploads\/2025\/07\/1-323-1365x2048.jpg 1365w, https:\/\/maciaszki.pl\/wp-content\/uploads\/2025\/07\/1-323-scaled.jpg 1707w\" sizes=\"(max-width: 683px) 100vw, 683px\" \/><\/a><\/figure><\/li><li class=\"blocks-gallery-item\"><figure><a href=\"https:\/\/maciaszki.pl\/wp-content\/uploads\/2025\/07\/1-324-1-684x1024.jpg\"><img loading=\"lazy\" width=\"684\" height=\"1024\" src=\"https:\/\/maciaszki.pl\/wp-content\/uploads\/2025\/07\/1-324-1-684x1024.jpg\" alt=\"\" data-id=\"6095\" data-link=\"https:\/\/maciaszki.pl\/?attachment_id=6095\" class=\"wp-image-6095\" srcset=\"https:\/\/maciaszki.pl\/wp-content\/uploads\/2025\/07\/1-324-1-684x1024.jpg 684w, https:\/\/maciaszki.pl\/wp-content\/uploads\/2025\/07\/1-324-1-200x300.jpg 200w, https:\/\/maciaszki.pl\/wp-content\/uploads\/2025\/07\/1-324-1-768x1150.jpg 768w, https:\/\/maciaszki.pl\/wp-content\/uploads\/2025\/07\/1-324-1-1026x1536.jpg 1026w, https:\/\/maciaszki.pl\/wp-content\/uploads\/2025\/07\/1-324-1-1368x2048.jpg 1368w, https:\/\/maciaszki.pl\/wp-content\/uploads\/2025\/07\/1-324-1-scaled.jpg 1710w\" sizes=\"(max-width: 684px) 100vw, 684px\" \/><\/a><\/figure><\/li><li class=\"blocks-gallery-item\"><figure><a href=\"https:\/\/maciaszki.pl\/wp-content\/uploads\/2025\/07\/1-325-scaled.jpg\"><img loading=\"lazy\" width=\"1024\" height=\"683\" src=\"https:\/\/maciaszki.pl\/wp-content\/uploads\/2025\/07\/1-325-1024x683.jpg\" alt=\"\" data-id=\"6096\" data-full-url=\"https:\/\/maciaszki.pl\/wp-content\/uploads\/2025\/07\/1-325-scaled.jpg\" data-link=\"https:\/\/maciaszki.pl\/?attachment_id=6096\" class=\"wp-image-6096\" srcset=\"https:\/\/maciaszki.pl\/wp-content\/uploads\/2025\/07\/1-325-1024x683.jpg 1024w, https:\/\/maciaszki.pl\/wp-content\/uploads\/2025\/07\/1-325-300x200.jpg 300w, https:\/\/maciaszki.pl\/wp-content\/uploads\/2025\/07\/1-325-768x512.jpg 768w, https:\/\/maciaszki.pl\/wp-content\/uploads\/2025\/07\/1-325-1536x1025.jpg 1536w, https:\/\/maciaszki.pl\/wp-content\/uploads\/2025\/07\/1-325-2048x1366.jpg 2048w\" sizes=\"(max-width: 706px) 89vw, (max-width: 767px) 82vw, 740px\" \/><\/a><\/figure><\/li><\/ul><figcaption class=\"blocks-gallery-caption\">Rotenburg nad Fuld\u0105<\/figcaption><\/figure>\n\n\n\n<p class=\"has-small-font-size\">Odwiedzili\u015bmy Melsungen le\u017c\u0105ce kilkana\u015bcie kilometr\u00f3w przed Kassel. Miasto w przeddzie\u0144 Bo\u017cego Cia\u0142a mia\u0142o akurat jakie\u015b swoje \u015bwi\u0119to i na centralnych ulicach odbywa\u0142y si\u0119 biegi uliczne dla dzieci i m\u0142odzie\u017cy. By\u0142o gwarno, t\u0142oczno, rado\u015bnie\u2026 Pe\u0142ne ludzi s\u0105 kawiarnie i lodziarnie. W samym \u015brodku g\u0142\u00f3wnego placu znajduje si\u0119 okaza\u0142y, trzypi\u0119trowy ratusz z charakterystycznymi trzema wie\u017cyczkami i zegarem \u2013 pono\u0107 jeden z najpi\u0119kniejszych w Niemczech, a otacza go mn\u00f3stwo dom\u00f3w z pruskiego muru. Cz\u0119\u015b\u0107 z nich pami\u0119ta XVI w., wszystkie odnowione, zachwycaj\u0105ce misternymi zdobieniami. <\/p>\n\n\n\n<figure class=\"wp-block-gallery columns-2 is-cropped\"><ul class=\"blocks-gallery-grid\"><li class=\"blocks-gallery-item\"><figure><a href=\"https:\/\/maciaszki.pl\/wp-content\/uploads\/2025\/07\/1-343-scaled.jpg\"><img loading=\"lazy\" width=\"683\" height=\"1024\" src=\"https:\/\/maciaszki.pl\/wp-content\/uploads\/2025\/07\/1-343-683x1024.jpg\" alt=\"\" data-id=\"6097\" data-full-url=\"https:\/\/maciaszki.pl\/wp-content\/uploads\/2025\/07\/1-343-scaled.jpg\" data-link=\"https:\/\/maciaszki.pl\/?attachment_id=6097\" class=\"wp-image-6097\" srcset=\"https:\/\/maciaszki.pl\/wp-content\/uploads\/2025\/07\/1-343-683x1024.jpg 683w, https:\/\/maciaszki.pl\/wp-content\/uploads\/2025\/07\/1-343-200x300.jpg 200w, https:\/\/maciaszki.pl\/wp-content\/uploads\/2025\/07\/1-343-768x1152.jpg 768w, https:\/\/maciaszki.pl\/wp-content\/uploads\/2025\/07\/1-343-1024x1536.jpg 1024w, https:\/\/maciaszki.pl\/wp-content\/uploads\/2025\/07\/1-343-1365x2048.jpg 1365w, https:\/\/maciaszki.pl\/wp-content\/uploads\/2025\/07\/1-343-scaled.jpg 1707w\" sizes=\"(max-width: 683px) 100vw, 683px\" \/><\/a><figcaption class=\"blocks-gallery-item__caption\">Ratusz<\/figcaption><\/figure><\/li><li class=\"blocks-gallery-item\"><figure><a href=\"https:\/\/maciaszki.pl\/wp-content\/uploads\/2025\/07\/1-344-scaled.jpg\"><img loading=\"lazy\" width=\"683\" height=\"1024\" src=\"https:\/\/maciaszki.pl\/wp-content\/uploads\/2025\/07\/1-344-683x1024.jpg\" alt=\"\" data-id=\"6098\" data-full-url=\"https:\/\/maciaszki.pl\/wp-content\/uploads\/2025\/07\/1-344-scaled.jpg\" data-link=\"https:\/\/maciaszki.pl\/?attachment_id=6098\" class=\"wp-image-6098\" srcset=\"https:\/\/maciaszki.pl\/wp-content\/uploads\/2025\/07\/1-344-683x1024.jpg 683w, https:\/\/maciaszki.pl\/wp-content\/uploads\/2025\/07\/1-344-200x300.jpg 200w, https:\/\/maciaszki.pl\/wp-content\/uploads\/2025\/07\/1-344-768x1151.jpg 768w, https:\/\/maciaszki.pl\/wp-content\/uploads\/2025\/07\/1-344-1025x1536.jpg 1025w, https:\/\/maciaszki.pl\/wp-content\/uploads\/2025\/07\/1-344-1367x2048.jpg 1367w, https:\/\/maciaszki.pl\/wp-content\/uploads\/2025\/07\/1-344-scaled.jpg 1708w\" sizes=\"(max-width: 683px) 100vw, 683px\" \/><\/a><\/figure><\/li><\/ul><figcaption class=\"blocks-gallery-caption\">Melsungen<\/figcaption><\/figure>\n\n\n\n<p class=\"has-small-font-size\">Z Kassel po prostu uciekli\u015bmy, cho\u0107 miasto na pewno ma wiele do zaoferowania. Wyp\u0142oszy\u0142y nas jednak upa\u0142 i ruch samochodowy, chocia\u017c byli\u015bmy zaledwie kilkaset metr\u00f3w od centrum. Zatrzymali\u015bmy si\u0119 za to przy miniaturowym ko\u015bci\u00f3\u0142ku w Wagenfurt, jednej z najstarszych budowli sakralnych z muru pruskiego w Hesji. To w\u0142a\u015bciwie kaplica powsta\u0142a przed 1500 r., a jej pi\u0119tro wykorzystywane by\u0142o przez wieki jako magazyn owoc\u00f3w.<\/p>\n\n\n\n<figure class=\"wp-block-gallery columns-2 is-cropped\"><ul class=\"blocks-gallery-grid\"><li class=\"blocks-gallery-item\"><figure><a href=\"https:\/\/maciaszki.pl\/wp-content\/uploads\/2025\/07\/1-349-683x1024.jpg\"><img loading=\"lazy\" width=\"683\" height=\"1024\" src=\"https:\/\/maciaszki.pl\/wp-content\/uploads\/2025\/07\/1-349-683x1024.jpg\" alt=\"\" data-id=\"6100\" data-link=\"https:\/\/maciaszki.pl\/?attachment_id=6100\" class=\"wp-image-6100\" srcset=\"https:\/\/maciaszki.pl\/wp-content\/uploads\/2025\/07\/1-349-683x1024.jpg 683w, https:\/\/maciaszki.pl\/wp-content\/uploads\/2025\/07\/1-349-200x300.jpg 200w, https:\/\/maciaszki.pl\/wp-content\/uploads\/2025\/07\/1-349-768x1152.jpg 768w, https:\/\/maciaszki.pl\/wp-content\/uploads\/2025\/07\/1-349-1024x1536.jpg 1024w, https:\/\/maciaszki.pl\/wp-content\/uploads\/2025\/07\/1-349-1365x2048.jpg 1365w, https:\/\/maciaszki.pl\/wp-content\/uploads\/2025\/07\/1-349-scaled.jpg 1707w\" sizes=\"(max-width: 683px) 100vw, 683px\" \/><\/a><\/figure><\/li><li class=\"blocks-gallery-item\"><figure><a href=\"https:\/\/maciaszki.pl\/wp-content\/uploads\/2025\/07\/1-347-scaled.jpg\"><img loading=\"lazy\" width=\"768\" height=\"1024\" src=\"https:\/\/maciaszki.pl\/wp-content\/uploads\/2025\/07\/1-347-768x1024.jpg\" alt=\"\" data-id=\"6101\" data-full-url=\"https:\/\/maciaszki.pl\/wp-content\/uploads\/2025\/07\/1-347-scaled.jpg\" data-link=\"https:\/\/maciaszki.pl\/?attachment_id=6101\" class=\"wp-image-6101\" srcset=\"https:\/\/maciaszki.pl\/wp-content\/uploads\/2025\/07\/1-347-768x1024.jpg 768w, https:\/\/maciaszki.pl\/wp-content\/uploads\/2025\/07\/1-347-225x300.jpg 225w, https:\/\/maciaszki.pl\/wp-content\/uploads\/2025\/07\/1-347-1152x1536.jpg 1152w, https:\/\/maciaszki.pl\/wp-content\/uploads\/2025\/07\/1-347-1536x2048.jpg 1536w, https:\/\/maciaszki.pl\/wp-content\/uploads\/2025\/07\/1-347-scaled.jpg 1920w\" sizes=\"(max-width: 706px) 89vw, (max-width: 767px) 82vw, 740px\" \/><\/a><\/figure><\/li><\/ul><figcaption class=\"blocks-gallery-caption\"> Miniaturowy ko\u015bci\u00f3\u0142ek w Wagenfurt powsta\u0142 przed 1500 rokiem<\/figcaption><\/figure>\n\n\n\n<h4><strong>Hann.M<\/strong><strong>\u00fc<\/strong><strong>nden<\/strong><\/h4>\n\n\n\n<p class=\"has-small-font-size\">Prawdziw\u0105 per\u0142\u0105 na naszej trasie jest Hann.M\u00fcnden. Wieczorny spacer to okazja, by poczu\u0107 niezwyk\u0142y klimat tego zachwycaj\u0105cego miejsca. Do\u015b\u0107 powiedzie\u0107, \u017ce w mie\u015bcie znajduje si\u0119 700 dom\u00f3w o budowie szachulcowej \u2013 z wykuszami, portalami, male\u0144kimi oknami i ozdobnymi belkami dope\u0142nionymi mn\u00f3stwem tajemnych napis\u00f3w. <\/p>\n\n\n\n<div class=\"wp-block-image\"><figure class=\"aligncenter size-large\"><a href=\"https:\/\/maciaszki.pl\/wp-content\/uploads\/2025\/07\/1-368-scaled.jpg\"><img loading=\"lazy\" width=\"1024\" height=\"684\" src=\"https:\/\/maciaszki.pl\/wp-content\/uploads\/2025\/07\/1-368-1024x684.jpg\" alt=\"\" class=\"wp-image-6102\" srcset=\"https:\/\/maciaszki.pl\/wp-content\/uploads\/2025\/07\/1-368-1024x684.jpg 1024w, https:\/\/maciaszki.pl\/wp-content\/uploads\/2025\/07\/1-368-300x200.jpg 300w, https:\/\/maciaszki.pl\/wp-content\/uploads\/2025\/07\/1-368-768x513.jpg 768w, https:\/\/maciaszki.pl\/wp-content\/uploads\/2025\/07\/1-368-1536x1026.jpg 1536w, https:\/\/maciaszki.pl\/wp-content\/uploads\/2025\/07\/1-368-2048x1368.jpg 2048w\" sizes=\"(max-width: 706px) 89vw, (max-width: 767px) 82vw, 740px\" \/><\/a><figcaption><em>Hann. M\u00fcnden<\/em><\/figcaption><\/figure><\/div>\n\n\n\n<div class=\"wp-block-image\"><figure class=\"aligncenter size-large\"><a href=\"https:\/\/maciaszki.pl\/wp-content\/uploads\/2025\/07\/1-375-scaled.jpg\"><img loading=\"lazy\" width=\"1024\" height=\"684\" src=\"https:\/\/maciaszki.pl\/wp-content\/uploads\/2025\/07\/1-375-1024x684.jpg\" alt=\"\" class=\"wp-image-6103\" srcset=\"https:\/\/maciaszki.pl\/wp-content\/uploads\/2025\/07\/1-375-1024x684.jpg 1024w, https:\/\/maciaszki.pl\/wp-content\/uploads\/2025\/07\/1-375-300x200.jpg 300w, https:\/\/maciaszki.pl\/wp-content\/uploads\/2025\/07\/1-375-768x513.jpg 768w, https:\/\/maciaszki.pl\/wp-content\/uploads\/2025\/07\/1-375-1536x1026.jpg 1536w, https:\/\/maciaszki.pl\/wp-content\/uploads\/2025\/07\/1-375-2048x1368.jpg 2048w\" sizes=\"(max-width: 706px) 89vw, (max-width: 767px) 82vw, 740px\" \/><\/a><figcaption><em>Hann. M\u00fcnden &#8211; renesansowy ratusz z XIV w.<\/em><\/figcaption><\/figure><\/div>\n\n\n\n<p class=\"has-small-font-size\">W centrum podziwiamy kolorowy renesansowy ratusz z XIV w. i gotycki Ko\u015bci\u00f3\u0142 \u015bw. B\u0142a\u017ceja, najwi\u0119kszy spo\u015br\u00f3d czterech blisko siebie. <\/p>\n\n\n\n<div class=\"wp-block-image\"><figure class=\"aligncenter size-large\"><a href=\"https:\/\/maciaszki.pl\/wp-content\/uploads\/2025\/07\/1-382-scaled.jpg\"><img loading=\"lazy\" width=\"1024\" height=\"683\" src=\"https:\/\/maciaszki.pl\/wp-content\/uploads\/2025\/07\/1-382-1024x683.jpg\" alt=\"\" class=\"wp-image-6104\" srcset=\"https:\/\/maciaszki.pl\/wp-content\/uploads\/2025\/07\/1-382-1024x683.jpg 1024w, https:\/\/maciaszki.pl\/wp-content\/uploads\/2025\/07\/1-382-300x200.jpg 300w, https:\/\/maciaszki.pl\/wp-content\/uploads\/2025\/07\/1-382-768x512.jpg 768w, https:\/\/maciaszki.pl\/wp-content\/uploads\/2025\/07\/1-382-1536x1025.jpg 1536w, https:\/\/maciaszki.pl\/wp-content\/uploads\/2025\/07\/1-382-2048x1366.jpg 2048w\" sizes=\"(max-width: 706px) 89vw, (max-width: 767px) 82vw, 740px\" \/><\/a><figcaption><em>Hann. M\u00fcnden &#8211; gotycki ko\u015bci\u00f3\u0142 \u015bw. B\u0142a\u017ceja<\/em><\/figcaption><\/figure><\/div>\n\n\n\n<p class=\"has-small-font-size\">Jest stara rotunda, kt\u00f3ra utraciwszy funkcje obronne s\u0142u\u017cy\u0142a jako miejsce na karawany. W knajpkach i kawiarenkach pe\u0142no ludzi, ale niekt\u00f3re zamykane s\u0105 do\u015b\u0107 wcze\u015bnie. S\u0142yszeli\u015bmy o kie\u0142basie w Ritter der Rotwurst, pono\u0107 najlepszej w Europie. C\u00f3\u017c, restauracja by\u0142a zamkni\u0119ta, a kie\u0142basianych zakup\u00f3w w lokalnym sklepie nie zrobili\u015bmy.<\/p>\n\n\n\n<figure class=\"wp-block-gallery columns-2 is-cropped\"><ul class=\"blocks-gallery-grid\"><li class=\"blocks-gallery-item\"><figure><a href=\"https:\/\/maciaszki.pl\/wp-content\/uploads\/2025\/07\/1-387-scaled.jpg\"><img loading=\"lazy\" width=\"681\" height=\"1024\" src=\"https:\/\/maciaszki.pl\/wp-content\/uploads\/2025\/07\/1-387-681x1024.jpg\" alt=\"\" data-id=\"6105\" data-full-url=\"https:\/\/maciaszki.pl\/wp-content\/uploads\/2025\/07\/1-387-scaled.jpg\" data-link=\"https:\/\/maciaszki.pl\/?attachment_id=6105\" class=\"wp-image-6105\" srcset=\"https:\/\/maciaszki.pl\/wp-content\/uploads\/2025\/07\/1-387-681x1024.jpg 681w, https:\/\/maciaszki.pl\/wp-content\/uploads\/2025\/07\/1-387-200x300.jpg 200w, https:\/\/maciaszki.pl\/wp-content\/uploads\/2025\/07\/1-387-768x1154.jpg 768w, https:\/\/maciaszki.pl\/wp-content\/uploads\/2025\/07\/1-387-1022x1536.jpg 1022w, https:\/\/maciaszki.pl\/wp-content\/uploads\/2025\/07\/1-387-1363x2048.jpg 1363w, https:\/\/maciaszki.pl\/wp-content\/uploads\/2025\/07\/1-387-scaled.jpg 1703w\" sizes=\"(max-width: 681px) 100vw, 681px\" \/><\/a><figcaption class=\"blocks-gallery-item__caption\">Kajakarze na \u015bluzie <\/figcaption><\/figure><\/li><li class=\"blocks-gallery-item\"><figure><a href=\"https:\/\/maciaszki.pl\/wp-content\/uploads\/2025\/07\/1-397-scaled.jpg\"><img loading=\"lazy\" width=\"683\" height=\"1024\" src=\"https:\/\/maciaszki.pl\/wp-content\/uploads\/2025\/07\/1-397-683x1024.jpg\" alt=\"\" data-id=\"6106\" data-full-url=\"https:\/\/maciaszki.pl\/wp-content\/uploads\/2025\/07\/1-397-scaled.jpg\" data-link=\"https:\/\/maciaszki.pl\/?attachment_id=6106\" class=\"wp-image-6106\" srcset=\"https:\/\/maciaszki.pl\/wp-content\/uploads\/2025\/07\/1-397-683x1024.jpg 683w, https:\/\/maciaszki.pl\/wp-content\/uploads\/2025\/07\/1-397-200x300.jpg 200w, https:\/\/maciaszki.pl\/wp-content\/uploads\/2025\/07\/1-397-768x1151.jpg 768w, https:\/\/maciaszki.pl\/wp-content\/uploads\/2025\/07\/1-397-1025x1536.jpg 1025w, https:\/\/maciaszki.pl\/wp-content\/uploads\/2025\/07\/1-397-1367x2048.jpg 1367w, https:\/\/maciaszki.pl\/wp-content\/uploads\/2025\/07\/1-397-scaled.jpg 1708w\" sizes=\"(max-width: 683px) 100vw, 683px\" \/><\/a><figcaption class=\"blocks-gallery-item__caption\"> Pos\u0105g  Eisenbartha <\/figcaption><\/figure><\/li><\/ul><figcaption class=\"blocks-gallery-caption\"> <em>Hann. M\u00fcnden<\/em>  <\/figcaption><\/figure>\n\n\n\n<p class=\"has-small-font-size\">Trafiamy na pos\u0105g Johanna Eisenbartha, zwi\u0105zanego z Hann.M\u00fcnden w\u0119drownego okulisty i chirurga, specjalisty od za\u0107my i z\u0142ama\u0144 wszelakich. By\u0142 nawet nadwornym okulist\u0105 Fryderyka Wilhelma I, cho\u0107 nie posiada\u0142 \u017cadnych uprawnie\u0144 medycznych.<\/p>\n\n\n\n<h3><strong>Trasa rowerowa Men, Fulda, Wezera<\/strong>, <strong>cz\u0119\u015b\u0107<\/strong> <strong>III: Wzd\u0142u\u017c Wezery do Morza P\u00f3\u0142nocnego<\/strong><\/h3>\n\n\n\n<div class=\"wp-block-image\"><figure class=\"aligncenter size-large\"><a href=\"https:\/\/maciaszki.pl\/wp-content\/uploads\/2025\/07\/1-391-scaled.jpg\"><img loading=\"lazy\" width=\"1024\" height=\"682\" src=\"https:\/\/maciaszki.pl\/wp-content\/uploads\/2025\/07\/1-391-1024x682.jpg\" alt=\"\" class=\"wp-image-6107\" srcset=\"https:\/\/maciaszki.pl\/wp-content\/uploads\/2025\/07\/1-391-1024x682.jpg 1024w, https:\/\/maciaszki.pl\/wp-content\/uploads\/2025\/07\/1-391-300x200.jpg 300w, https:\/\/maciaszki.pl\/wp-content\/uploads\/2025\/07\/1-391-768x511.jpg 768w, https:\/\/maciaszki.pl\/wp-content\/uploads\/2025\/07\/1-391-1536x1023.jpg 1536w, https:\/\/maciaszki.pl\/wp-content\/uploads\/2025\/07\/1-391-2048x1364.jpg 2048w\" sizes=\"(max-width: 706px) 89vw, (max-width: 767px) 82vw, 740px\" \/><\/a><figcaption><em>Nasza ekipa rozpoczyna tras\u0119 rowerow\u0105 wzd\u0142u\u017c Wezery &#8211; Weser-Radweg<\/em><\/figcaption><\/figure><\/div>\n\n\n\n<p class=\"has-small-font-size\">Weser-Radweg to trasa rowerowa licz\u0105ca 522 km. I przebiegaj\u0105ca przez Doln\u0105 Saksoni\u0119. Jej profil wskazuje, \u017ce b\u0119dzie p\u0142asko i p\u0142asko, nie licz\u0105c drobnych podjazd\u00f3w, zw\u0142aszcza na pierwszych stu kilometrach. Rzeka p\u0142ynie pomi\u0119dzy wzg\u00f3rzami, ale \u015bcie\u017cka rowerowa cz\u0119sto odbija od jej doliny. Podjazdy nie s\u0105 d\u0142ugie, ale za to intensywne, czasem trzeba po prostu zsi\u0105\u015b\u0107 z roweru. Jeden z nich zaskoczy\u0142 nas ostrzegawczym znakiem drogowym \u2013 nachylenie 25%. Znak umieszczono na g\u00f3rze, wje\u017cd\u017cali\u015bmy wi\u0119c bez tej \u015bwiadomo\u015bci.<\/p>\n\n\n\n<figure class=\"wp-block-gallery columns-2 is-cropped\"><ul class=\"blocks-gallery-grid\"><li class=\"blocks-gallery-item\"><figure><a href=\"https:\/\/maciaszki.pl\/wp-content\/uploads\/2025\/07\/1-417-scaled.jpg\"><img loading=\"lazy\" width=\"682\" height=\"1024\" src=\"https:\/\/maciaszki.pl\/wp-content\/uploads\/2025\/07\/1-417-682x1024.jpg\" alt=\"\" data-id=\"6113\" data-full-url=\"https:\/\/maciaszki.pl\/wp-content\/uploads\/2025\/07\/1-417-scaled.jpg\" data-link=\"https:\/\/maciaszki.pl\/?attachment_id=6113\" class=\"wp-image-6113\" srcset=\"https:\/\/maciaszki.pl\/wp-content\/uploads\/2025\/07\/1-417-682x1024.jpg 682w, https:\/\/maciaszki.pl\/wp-content\/uploads\/2025\/07\/1-417-200x300.jpg 200w, https:\/\/maciaszki.pl\/wp-content\/uploads\/2025\/07\/1-417-768x1153.jpg 768w, https:\/\/maciaszki.pl\/wp-content\/uploads\/2025\/07\/1-417-1023x1536.jpg 1023w, https:\/\/maciaszki.pl\/wp-content\/uploads\/2025\/07\/1-417-1364x2048.jpg 1364w, https:\/\/maciaszki.pl\/wp-content\/uploads\/2025\/07\/1-417-scaled.jpg 1705w\" sizes=\"(max-width: 682px) 100vw, 682px\" \/><\/a><\/figure><\/li><li class=\"blocks-gallery-item\"><figure><a href=\"https:\/\/maciaszki.pl\/wp-content\/uploads\/2025\/07\/1-421-scaled.jpg\"><img loading=\"lazy\" width=\"685\" height=\"1024\" src=\"https:\/\/maciaszki.pl\/wp-content\/uploads\/2025\/07\/1-421-685x1024.jpg\" alt=\"\" data-id=\"6114\" data-full-url=\"https:\/\/maciaszki.pl\/wp-content\/uploads\/2025\/07\/1-421-scaled.jpg\" data-link=\"https:\/\/maciaszki.pl\/?attachment_id=6114\" class=\"wp-image-6114\" srcset=\"https:\/\/maciaszki.pl\/wp-content\/uploads\/2025\/07\/1-421-685x1024.jpg 685w, https:\/\/maciaszki.pl\/wp-content\/uploads\/2025\/07\/1-421-201x300.jpg 201w, https:\/\/maciaszki.pl\/wp-content\/uploads\/2025\/07\/1-421-768x1149.jpg 768w, https:\/\/maciaszki.pl\/wp-content\/uploads\/2025\/07\/1-421-1027x1536.jpg 1027w, https:\/\/maciaszki.pl\/wp-content\/uploads\/2025\/07\/1-421-1369x2048.jpg 1369w, https:\/\/maciaszki.pl\/wp-content\/uploads\/2025\/07\/1-421-scaled.jpg 1711w\" sizes=\"(max-width: 685px) 100vw, 685px\" \/><\/a><\/figure><\/li><\/ul><figcaption class=\"blocks-gallery-caption\">Najbardziej stromy odcinek na trasie<\/figcaption><\/figure>\n\n\n\n<p class=\"has-small-font-size\">Otaczaj\u0105 nas malownicze krajobrazy \u2013 kr\u0119ta i p\u0142yn\u0105ca do\u015b\u0107 wartko rzeka, zielone \u0142agodne wzg\u00f3rza, ma\u0142e miasteczka i zadbane wsie zach\u0119caj\u0105 do odpoczynku. Szlak prowadzi po obu stronach Wezery, po kt\u00f3rej a\u017c do Minden nie p\u0142ywaj\u0105 wi\u0119ksze jednostki, korzystaj\u0105 wi\u0119c z niej g\u0142\u00f3wnie kajakarze. Rowerzy\u015bci mog\u0105 korzysta\u0107 z wielu prom\u00f3w (podobnie jak na Fuldzie), pozwalaj\u0105cych swobodnie przeprawia\u0107 si\u0119 na drugi brzeg. <\/p>\n\n\n\n<div class=\"wp-block-image\"><figure class=\"aligncenter size-large\"><a href=\"https:\/\/maciaszki.pl\/wp-content\/uploads\/2025\/07\/1-402-scaled.jpg\"><img loading=\"lazy\" width=\"1024\" height=\"682\" src=\"https:\/\/maciaszki.pl\/wp-content\/uploads\/2025\/07\/1-402-1024x682.jpg\" alt=\"\" class=\"wp-image-6112\" srcset=\"https:\/\/maciaszki.pl\/wp-content\/uploads\/2025\/07\/1-402-1024x682.jpg 1024w, https:\/\/maciaszki.pl\/wp-content\/uploads\/2025\/07\/1-402-300x200.jpg 300w, https:\/\/maciaszki.pl\/wp-content\/uploads\/2025\/07\/1-402-768x512.jpg 768w, https:\/\/maciaszki.pl\/wp-content\/uploads\/2025\/07\/1-402-1536x1024.jpg 1536w, https:\/\/maciaszki.pl\/wp-content\/uploads\/2025\/07\/1-402-2048x1365.jpg 2048w\" sizes=\"(max-width: 706px) 89vw, (max-width: 767px) 82vw, 740px\" \/><\/a><figcaption><em>Prom na Wezerze<\/em><\/figcaption><\/figure><\/div>\n\n\n\n<p class=\"has-small-font-size\">Odcinek z Hann.M\u00fcnden do Minden zajmuje nam trzy dni i to naszym zdaniem najpi\u0119kniejsza cz\u0119\u015b\u0107 Wezery. My\u015bl\u0119, \u017ce tej cz\u0119\u015bci rzeka zawdzi\u0119cza pierwsze miejsce na li\u015bcie rowerowych szlak\u00f3w d\u0142ugodystansowych w Niemczech.<\/p>\n\n\n\n<figure class=\"wp-block-gallery columns-1 is-cropped\"><ul class=\"blocks-gallery-grid\"><li class=\"blocks-gallery-item\"><figure><a href=\"https:\/\/maciaszki.pl\/wp-content\/uploads\/2025\/07\/1-414-scaled.jpg\"><img loading=\"lazy\" width=\"1024\" height=\"682\" src=\"https:\/\/maciaszki.pl\/wp-content\/uploads\/2025\/07\/1-414-1024x682.jpg\" alt=\"\" data-id=\"6108\" data-full-url=\"https:\/\/maciaszki.pl\/wp-content\/uploads\/2025\/07\/1-414-scaled.jpg\" data-link=\"https:\/\/maciaszki.pl\/?attachment_id=6108\" class=\"wp-image-6108\" srcset=\"https:\/\/maciaszki.pl\/wp-content\/uploads\/2025\/07\/1-414-1024x682.jpg 1024w, https:\/\/maciaszki.pl\/wp-content\/uploads\/2025\/07\/1-414-300x200.jpg 300w, https:\/\/maciaszki.pl\/wp-content\/uploads\/2025\/07\/1-414-768x512.jpg 768w, https:\/\/maciaszki.pl\/wp-content\/uploads\/2025\/07\/1-414-1536x1023.jpg 1536w, https:\/\/maciaszki.pl\/wp-content\/uploads\/2025\/07\/1-414-2048x1364.jpg 2048w\" sizes=\"(max-width: 706px) 89vw, (max-width: 767px) 82vw, 740px\" \/><\/a><\/figure><\/li><li class=\"blocks-gallery-item\"><figure><a href=\"https:\/\/maciaszki.pl\/wp-content\/uploads\/2025\/07\/1-423-scaled.jpg\"><img loading=\"lazy\" width=\"1024\" height=\"684\" src=\"https:\/\/maciaszki.pl\/wp-content\/uploads\/2025\/07\/1-423-1024x684.jpg\" alt=\"\" data-id=\"6109\" data-full-url=\"https:\/\/maciaszki.pl\/wp-content\/uploads\/2025\/07\/1-423-scaled.jpg\" data-link=\"https:\/\/maciaszki.pl\/?attachment_id=6109\" class=\"wp-image-6109\" srcset=\"https:\/\/maciaszki.pl\/wp-content\/uploads\/2025\/07\/1-423-1024x684.jpg 1024w, https:\/\/maciaszki.pl\/wp-content\/uploads\/2025\/07\/1-423-300x200.jpg 300w, https:\/\/maciaszki.pl\/wp-content\/uploads\/2025\/07\/1-423-768x513.jpg 768w, https:\/\/maciaszki.pl\/wp-content\/uploads\/2025\/07\/1-423-1536x1025.jpg 1536w, https:\/\/maciaszki.pl\/wp-content\/uploads\/2025\/07\/1-423-2048x1367.jpg 2048w\" sizes=\"(max-width: 706px) 89vw, (max-width: 767px) 82vw, 740px\" \/><\/a><\/figure><\/li><li class=\"blocks-gallery-item\"><figure><a href=\"https:\/\/maciaszki.pl\/wp-content\/uploads\/2025\/07\/1-449-scaled.jpg\"><img loading=\"lazy\" width=\"1024\" height=\"683\" src=\"https:\/\/maciaszki.pl\/wp-content\/uploads\/2025\/07\/1-449-1024x683.jpg\" alt=\"\" data-id=\"6110\" data-full-url=\"https:\/\/maciaszki.pl\/wp-content\/uploads\/2025\/07\/1-449-scaled.jpg\" data-link=\"https:\/\/maciaszki.pl\/?attachment_id=6110\" class=\"wp-image-6110\" srcset=\"https:\/\/maciaszki.pl\/wp-content\/uploads\/2025\/07\/1-449-1024x683.jpg 1024w, https:\/\/maciaszki.pl\/wp-content\/uploads\/2025\/07\/1-449-300x200.jpg 300w, https:\/\/maciaszki.pl\/wp-content\/uploads\/2025\/07\/1-449-768x512.jpg 768w, https:\/\/maciaszki.pl\/wp-content\/uploads\/2025\/07\/1-449-1536x1025.jpg 1536w, https:\/\/maciaszki.pl\/wp-content\/uploads\/2025\/07\/1-449-2048x1366.jpg 2048w\" sizes=\"(max-width: 706px) 89vw, (max-width: 767px) 82vw, 740px\" \/><\/a><\/figure><\/li><li class=\"blocks-gallery-item\"><figure><a href=\"https:\/\/maciaszki.pl\/wp-content\/uploads\/2025\/07\/1-488-scaled.jpg\"><img loading=\"lazy\" width=\"1024\" height=\"686\" src=\"https:\/\/maciaszki.pl\/wp-content\/uploads\/2025\/07\/1-488-1024x686.jpg\" alt=\"\" data-id=\"6111\" data-full-url=\"https:\/\/maciaszki.pl\/wp-content\/uploads\/2025\/07\/1-488-scaled.jpg\" data-link=\"https:\/\/maciaszki.pl\/?attachment_id=6111\" class=\"wp-image-6111\" srcset=\"https:\/\/maciaszki.pl\/wp-content\/uploads\/2025\/07\/1-488-1024x686.jpg 1024w, https:\/\/maciaszki.pl\/wp-content\/uploads\/2025\/07\/1-488-300x201.jpg 300w, https:\/\/maciaszki.pl\/wp-content\/uploads\/2025\/07\/1-488-768x515.jpg 768w, https:\/\/maciaszki.pl\/wp-content\/uploads\/2025\/07\/1-488-1536x1030.jpg 1536w, https:\/\/maciaszki.pl\/wp-content\/uploads\/2025\/07\/1-488-2048x1373.jpg 2048w\" sizes=\"(max-width: 706px) 89vw, (max-width: 767px) 82vw, 740px\" \/><\/a><\/figure><\/li><\/ul><figcaption class=\"blocks-gallery-caption\">Uroda g\u00f3rnej cz\u0119\u015bci Wezery<\/figcaption><\/figure>\n\n\n\n<p class=\"has-small-font-size\">Od Minden Wezera jest zdecydowanie szersza, szlak prowadzi przez tereny rolnicze, a krajobraz staje si\u0119 mniej r\u00f3\u017cnorodny. P\u0142ywaj\u0105 po niej barki i statki \u2013 Minden jest skrzy\u017cowaniem wielkich szlak\u00f3w wodnych, a Brema to port \u015br\u00f3dl\u0105dowy i miasto hanzeatyckie. <\/p>\n\n\n\n<div class=\"wp-block-image\"><figure class=\"aligncenter size-large\"><a href=\"https:\/\/maciaszki.pl\/wp-content\/uploads\/2025\/07\/1-510-scaled.jpg\"><img loading=\"lazy\" width=\"1024\" height=\"684\" src=\"https:\/\/maciaszki.pl\/wp-content\/uploads\/2025\/07\/1-510-1024x684.jpg\" alt=\"\" class=\"wp-image-6115\" srcset=\"https:\/\/maciaszki.pl\/wp-content\/uploads\/2025\/07\/1-510-1024x684.jpg 1024w, https:\/\/maciaszki.pl\/wp-content\/uploads\/2025\/07\/1-510-300x200.jpg 300w, https:\/\/maciaszki.pl\/wp-content\/uploads\/2025\/07\/1-510-768x513.jpg 768w, https:\/\/maciaszki.pl\/wp-content\/uploads\/2025\/07\/1-510-1536x1025.jpg 1536w, https:\/\/maciaszki.pl\/wp-content\/uploads\/2025\/07\/1-510-2048x1367.jpg 2048w\" sizes=\"(max-width: 706px) 89vw, (max-width: 767px) 82vw, 740px\" \/><\/a><figcaption><em>Skrzy\u017cowanie<\/em> <em>Mittellandkanal Minden<\/em> <em> z p\u0142yn\u0105c\u0105 w dole rzek\u0105 Wezer\u0105<\/em><\/figcaption><\/figure><\/div>\n\n\n\n<p class=\"has-small-font-size\">Zmienia si\u0119 r\u00f3wnie\u017c architektura. Dominuj\u0105 domy z muru pruskiego, w kt\u00f3rych drewniany szkielet wype\u0142niony jest nieotynkowan\u0105, czerwon\u0105 ceg\u0142\u0105, a na dachach coraz cz\u0119\u015bciej pojawia si\u0119 gruba strzecha. Z Minden do Cuxhaven mamy jeszcze pi\u0119\u0107 dni jazdy.<\/p>\n\n\n\n<figure class=\"wp-block-gallery columns-1 is-cropped\"><ul class=\"blocks-gallery-grid\"><li class=\"blocks-gallery-item\"><figure><a href=\"https:\/\/maciaszki.pl\/wp-content\/uploads\/2025\/07\/1-521-1024x684.jpg\"><img loading=\"lazy\" width=\"1024\" height=\"684\" src=\"https:\/\/maciaszki.pl\/wp-content\/uploads\/2025\/07\/1-521-1024x684.jpg\" alt=\"\" data-id=\"6116\" data-link=\"https:\/\/maciaszki.pl\/?attachment_id=6116\" class=\"wp-image-6116\" srcset=\"https:\/\/maciaszki.pl\/wp-content\/uploads\/2025\/07\/1-521-1024x684.jpg 1024w, https:\/\/maciaszki.pl\/wp-content\/uploads\/2025\/07\/1-521-300x200.jpg 300w, https:\/\/maciaszki.pl\/wp-content\/uploads\/2025\/07\/1-521-768x513.jpg 768w, https:\/\/maciaszki.pl\/wp-content\/uploads\/2025\/07\/1-521-1536x1026.jpg 1536w, https:\/\/maciaszki.pl\/wp-content\/uploads\/2025\/07\/1-521-2048x1368.jpg 2048w\" sizes=\"(max-width: 706px) 89vw, (max-width: 767px) 82vw, 740px\" \/><\/a><figcaption class=\"blocks-gallery-item__caption\">Wezera prostuje si\u0119, p\u0142yn\u0105c mi\u0119dzy wa\u0142ami<\/figcaption><\/figure><\/li><li class=\"blocks-gallery-item\"><figure><a href=\"https:\/\/maciaszki.pl\/wp-content\/uploads\/2025\/07\/1-555-1024x684.jpg\"><img loading=\"lazy\" width=\"1024\" height=\"684\" src=\"https:\/\/maciaszki.pl\/wp-content\/uploads\/2025\/07\/1-555-1024x684.jpg\" alt=\"\" data-id=\"6117\" data-link=\"https:\/\/maciaszki.pl\/?attachment_id=6117\" class=\"wp-image-6117\" srcset=\"https:\/\/maciaszki.pl\/wp-content\/uploads\/2025\/07\/1-555-1024x684.jpg 1024w, https:\/\/maciaszki.pl\/wp-content\/uploads\/2025\/07\/1-555-300x200.jpg 300w, https:\/\/maciaszki.pl\/wp-content\/uploads\/2025\/07\/1-555-768x513.jpg 768w, https:\/\/maciaszki.pl\/wp-content\/uploads\/2025\/07\/1-555-1536x1026.jpg 1536w, https:\/\/maciaszki.pl\/wp-content\/uploads\/2025\/07\/1-555-2048x1368.jpg 2048w\" sizes=\"(max-width: 706px) 89vw, (max-width: 767px) 82vw, 740px\" \/><\/a><figcaption class=\"blocks-gallery-item__caption\">Cz\u0119sto spotykali\u015bmy barki z Polski<\/figcaption><\/figure><\/li><li class=\"blocks-gallery-item\"><figure><a href=\"https:\/\/maciaszki.pl\/wp-content\/uploads\/2025\/07\/1-604-1024x683.jpg\"><img loading=\"lazy\" width=\"1024\" height=\"683\" src=\"https:\/\/maciaszki.pl\/wp-content\/uploads\/2025\/07\/1-604-1024x683.jpg\" alt=\"\" data-id=\"6119\" data-link=\"https:\/\/maciaszki.pl\/?attachment_id=6119\" class=\"wp-image-6119\" srcset=\"https:\/\/maciaszki.pl\/wp-content\/uploads\/2025\/07\/1-604-1024x683.jpg 1024w, https:\/\/maciaszki.pl\/wp-content\/uploads\/2025\/07\/1-604-300x200.jpg 300w, https:\/\/maciaszki.pl\/wp-content\/uploads\/2025\/07\/1-604-768x512.jpg 768w, https:\/\/maciaszki.pl\/wp-content\/uploads\/2025\/07\/1-604-1536x1024.jpg 1536w, https:\/\/maciaszki.pl\/wp-content\/uploads\/2025\/07\/1-604-2048x1365.jpg 2048w\" sizes=\"(max-width: 706px) 89vw, (max-width: 767px) 82vw, 740px\" \/><\/a><figcaption class=\"blocks-gallery-item__caption\">W dolnym biegu trasy cz\u0119sto wiod\u0142y wzd\u0142u\u017c wa\u0142\u00f3w<\/figcaption><\/figure><\/li><li class=\"blocks-gallery-item\"><figure><a href=\"https:\/\/maciaszki.pl\/wp-content\/uploads\/2025\/07\/515165947_1274246747619677_8781498521685375011_n.jpg\"><img loading=\"lazy\" width=\"1024\" height=\"680\" src=\"https:\/\/maciaszki.pl\/wp-content\/uploads\/2025\/07\/515165947_1274246747619677_8781498521685375011_n-1024x680.jpg\" alt=\"\" data-id=\"6120\" data-full-url=\"https:\/\/maciaszki.pl\/wp-content\/uploads\/2025\/07\/515165947_1274246747619677_8781498521685375011_n.jpg\" data-link=\"https:\/\/maciaszki.pl\/?attachment_id=6120\" class=\"wp-image-6120\" srcset=\"https:\/\/maciaszki.pl\/wp-content\/uploads\/2025\/07\/515165947_1274246747619677_8781498521685375011_n-1024x680.jpg 1024w, https:\/\/maciaszki.pl\/wp-content\/uploads\/2025\/07\/515165947_1274246747619677_8781498521685375011_n-300x199.jpg 300w, https:\/\/maciaszki.pl\/wp-content\/uploads\/2025\/07\/515165947_1274246747619677_8781498521685375011_n-768x510.jpg 768w, https:\/\/maciaszki.pl\/wp-content\/uploads\/2025\/07\/515165947_1274246747619677_8781498521685375011_n-1536x1021.jpg 1536w, https:\/\/maciaszki.pl\/wp-content\/uploads\/2025\/07\/515165947_1274246747619677_8781498521685375011_n.jpg 1904w\" sizes=\"(max-width: 706px) 89vw, (max-width: 767px) 82vw, 740px\" \/><\/a><figcaption class=\"blocks-gallery-item__caption\">Bli\u017cej morza domy cz\u0119sto kryje si\u0119 strzech\u0105<\/figcaption><\/figure><\/li><\/ul><figcaption class=\"blocks-gallery-caption\">Zmiana krajobrazu w dolnym biegu Wezery<\/figcaption><\/figure>\n\n\n\n<p class=\"has-small-font-size\">Z Nordenham do Bremerhaven p\u0142yniemy promem, a przeprawa za 5\u20ac od osoby trwa ok. 10 minut. To tutaj Wezera uchodzi do Morza Wattowego. <\/p>\n\n\n\n<figure class=\"wp-block-gallery columns-2 is-cropped\"><ul class=\"blocks-gallery-grid\"><li class=\"blocks-gallery-item\"><figure><a href=\"https:\/\/maciaszki.pl\/wp-content\/uploads\/2025\/07\/1-607-683x1024.jpg\"><img loading=\"lazy\" width=\"683\" height=\"1024\" src=\"https:\/\/maciaszki.pl\/wp-content\/uploads\/2025\/07\/1-607-683x1024.jpg\" alt=\"\" data-id=\"6121\" data-link=\"https:\/\/maciaszki.pl\/?attachment_id=6121\" class=\"wp-image-6121\" srcset=\"https:\/\/maciaszki.pl\/wp-content\/uploads\/2025\/07\/1-607-683x1024.jpg 683w, https:\/\/maciaszki.pl\/wp-content\/uploads\/2025\/07\/1-607-200x300.jpg 200w, https:\/\/maciaszki.pl\/wp-content\/uploads\/2025\/07\/1-607-768x1152.jpg 768w, https:\/\/maciaszki.pl\/wp-content\/uploads\/2025\/07\/1-607-1024x1536.jpg 1024w, https:\/\/maciaszki.pl\/wp-content\/uploads\/2025\/07\/1-607-1365x2048.jpg 1365w, https:\/\/maciaszki.pl\/wp-content\/uploads\/2025\/07\/1-607-scaled.jpg 1707w\" sizes=\"(max-width: 683px) 100vw, 683px\" \/><\/a><\/figure><\/li><li class=\"blocks-gallery-item\"><figure><a href=\"https:\/\/maciaszki.pl\/wp-content\/uploads\/2025\/07\/1-611-684x1024.jpg\"><img loading=\"lazy\" width=\"684\" height=\"1024\" src=\"https:\/\/maciaszki.pl\/wp-content\/uploads\/2025\/07\/1-611-684x1024.jpg\" alt=\"\" data-id=\"6122\" data-link=\"https:\/\/maciaszki.pl\/?attachment_id=6122\" class=\"wp-image-6122\" srcset=\"https:\/\/maciaszki.pl\/wp-content\/uploads\/2025\/07\/1-611-684x1024.jpg 684w, https:\/\/maciaszki.pl\/wp-content\/uploads\/2025\/07\/1-611-200x300.jpg 200w, https:\/\/maciaszki.pl\/wp-content\/uploads\/2025\/07\/1-611-768x1150.jpg 768w, https:\/\/maciaszki.pl\/wp-content\/uploads\/2025\/07\/1-611-1026x1536.jpg 1026w, https:\/\/maciaszki.pl\/wp-content\/uploads\/2025\/07\/1-611-1368x2048.jpg 1368w, https:\/\/maciaszki.pl\/wp-content\/uploads\/2025\/07\/1-611-scaled.jpg 1710w\" sizes=\"(max-width: 684px) 100vw, 684px\" \/><\/a><\/figure><\/li><li class=\"blocks-gallery-item\"><figure><a href=\"https:\/\/maciaszki.pl\/wp-content\/uploads\/2025\/07\/1-612-scaled.jpg\"><img loading=\"lazy\" width=\"1024\" height=\"684\" src=\"https:\/\/maciaszki.pl\/wp-content\/uploads\/2025\/07\/1-612-1024x684.jpg\" alt=\"\" data-id=\"6123\" data-full-url=\"https:\/\/maciaszki.pl\/wp-content\/uploads\/2025\/07\/1-612-scaled.jpg\" data-link=\"https:\/\/maciaszki.pl\/?attachment_id=6123\" class=\"wp-image-6123\" srcset=\"https:\/\/maciaszki.pl\/wp-content\/uploads\/2025\/07\/1-612-1024x684.jpg 1024w, https:\/\/maciaszki.pl\/wp-content\/uploads\/2025\/07\/1-612-300x200.jpg 300w, https:\/\/maciaszki.pl\/wp-content\/uploads\/2025\/07\/1-612-768x513.jpg 768w, https:\/\/maciaszki.pl\/wp-content\/uploads\/2025\/07\/1-612-1536x1026.jpg 1536w, https:\/\/maciaszki.pl\/wp-content\/uploads\/2025\/07\/1-612-2048x1368.jpg 2048w\" sizes=\"(max-width: 706px) 89vw, (max-width: 767px) 82vw, 740px\" \/><\/a><\/figure><\/li><\/ul><figcaption class=\"blocks-gallery-caption\">Promem do Bremerhaven<\/figcaption><\/figure>\n\n\n\n<p class=\"has-small-font-size\">Spieszymy na p\u00f3\u0142noc, ale nasze wysi\u0142ki okazuj\u0105 si\u0119 ma\u0142o skuteczne. Zapl\u0105tali\u015bmy si\u0119 w\u015br\u00f3d kana\u0142\u00f3w, z kt\u00f3rych nie da\u0142o si\u0119 wyjecha\u0107, bo nawigacja nie widzia\u0142a most\u00f3w w remoncie. Dok\u0142adamy wi\u0119c troch\u0119 kilometr\u00f3w po parkach otaczaj\u0105cych Bremerhaven i po drogach z p\u0142yt, zanim uda si\u0119 nam wr\u00f3ci\u0107 na szlak przed Wermen. A tutaj trwaj\u0105 ostatnie przygotowania do wieczornego koncertu. Kusz\u0105 nas d\u017awi\u0119ki standard\u00f3w jazzowych, r\u00f3\u017cne gatunki piwa, sma\u017cone ryby\u2026 I pewnie by\u015bmy zostali, ale lokalny camping nie przyjmuje jednodniowych turyst\u00f3w. C\u00f3\u017c, trzeba jecha\u0107 dalej!<\/p>\n\n\n\n<figure class=\"wp-block-gallery columns-2 is-cropped\"><ul class=\"blocks-gallery-grid\"><li class=\"blocks-gallery-item\"><figure><a href=\"https:\/\/maciaszki.pl\/wp-content\/uploads\/2025\/07\/1-636-681x1024.jpg\"><img loading=\"lazy\" width=\"681\" height=\"1024\" src=\"https:\/\/maciaszki.pl\/wp-content\/uploads\/2025\/07\/1-636-681x1024.jpg\" alt=\"\" data-id=\"6124\" data-link=\"https:\/\/maciaszki.pl\/?attachment_id=6124\" class=\"wp-image-6124\" srcset=\"https:\/\/maciaszki.pl\/wp-content\/uploads\/2025\/07\/1-636-681x1024.jpg 681w, https:\/\/maciaszki.pl\/wp-content\/uploads\/2025\/07\/1-636-200x300.jpg 200w, https:\/\/maciaszki.pl\/wp-content\/uploads\/2025\/07\/1-636-768x1154.jpg 768w, https:\/\/maciaszki.pl\/wp-content\/uploads\/2025\/07\/1-636-1022x1536.jpg 1022w, https:\/\/maciaszki.pl\/wp-content\/uploads\/2025\/07\/1-636-1362x2048.jpg 1362w, https:\/\/maciaszki.pl\/wp-content\/uploads\/2025\/07\/1-636-scaled.jpg 1703w\" sizes=\"(max-width: 681px) 100vw, 681px\" \/><\/a><\/figure><\/li><li class=\"blocks-gallery-item\"><figure><a href=\"https:\/\/maciaszki.pl\/wp-content\/uploads\/2025\/07\/1-638-684x1024.jpg\"><img loading=\"lazy\" width=\"684\" height=\"1024\" src=\"https:\/\/maciaszki.pl\/wp-content\/uploads\/2025\/07\/1-638-684x1024.jpg\" alt=\"\" data-id=\"6125\" data-link=\"https:\/\/maciaszki.pl\/?attachment_id=6125\" class=\"wp-image-6125\" srcset=\"https:\/\/maciaszki.pl\/wp-content\/uploads\/2025\/07\/1-638-684x1024.jpg 684w, https:\/\/maciaszki.pl\/wp-content\/uploads\/2025\/07\/1-638-200x300.jpg 200w, https:\/\/maciaszki.pl\/wp-content\/uploads\/2025\/07\/1-638-768x1150.jpg 768w, https:\/\/maciaszki.pl\/wp-content\/uploads\/2025\/07\/1-638-1026x1536.jpg 1026w, https:\/\/maciaszki.pl\/wp-content\/uploads\/2025\/07\/1-638-1368x2048.jpg 1368w, https:\/\/maciaszki.pl\/wp-content\/uploads\/2025\/07\/1-638-scaled.jpg 1710w\" sizes=\"(max-width: 684px) 100vw, 684px\" \/><\/a><\/figure><\/li><li class=\"blocks-gallery-item\"><figure><a href=\"https:\/\/maciaszki.pl\/wp-content\/uploads\/2025\/07\/1-637-scaled.jpg\"><img loading=\"lazy\" width=\"1024\" height=\"684\" src=\"https:\/\/maciaszki.pl\/wp-content\/uploads\/2025\/07\/1-637-1024x684.jpg\" alt=\"\" data-id=\"6126\" data-full-url=\"https:\/\/maciaszki.pl\/wp-content\/uploads\/2025\/07\/1-637-scaled.jpg\" data-link=\"https:\/\/maciaszki.pl\/?attachment_id=6126\" class=\"wp-image-6126\" srcset=\"https:\/\/maciaszki.pl\/wp-content\/uploads\/2025\/07\/1-637-1024x684.jpg 1024w, https:\/\/maciaszki.pl\/wp-content\/uploads\/2025\/07\/1-637-300x200.jpg 300w, https:\/\/maciaszki.pl\/wp-content\/uploads\/2025\/07\/1-637-768x513.jpg 768w, https:\/\/maciaszki.pl\/wp-content\/uploads\/2025\/07\/1-637-1536x1027.jpg 1536w, https:\/\/maciaszki.pl\/wp-content\/uploads\/2025\/07\/1-637-2048x1369.jpg 2048w\" sizes=\"(max-width: 706px) 89vw, (max-width: 767px) 82vw, 740px\" \/><\/a><\/figure><\/li><\/ul><figcaption class=\"blocks-gallery-caption\">W deszczu do Cuxhaven nad Morze P\u00f3\u0142nocne<\/figcaption><\/figure>\n\n\n\n<p class=\"has-small-font-size\">Kolejnego dnia w intensywnym deszczu docieramy do Cuxhaven. Pada i ma pada\u0107, wi\u0119c ciesz\u0105 nas kr\u00f3tkie przerwy w opadach. Z nawigacj\u0105 problem, bo ekrany mokrych telefon\u00f3w s\u0142abo reaguj\u0105 na dotyk jeszcze bardziej mokrych palc\u00f3w. Przeje\u017cd\u017camy przez stary port, kieruj\u0105c si\u0119 do Kugelbake &#8211; najbardziej wysuni\u0119tego na p\u00f3\u0142noc punktu naszej wyprawy. Drewniana, zabytkowa budowla, kt\u00f3ra przez 300 lat pe\u0142ni\u0142a funkcje nawigacyjne, stoi w miejscu symbolicznie rozgraniczaj\u0105cym uj\u015bcia \u0141aby i Wezery. Obecna konstrukcja wie\u017cy odnawianej co kilkadziesi\u0105t lat powsta\u0142a po 1945 r.<\/p>\n\n\n\n<figure class=\"wp-block-gallery columns-2 is-cropped\"><ul class=\"blocks-gallery-grid\"><li class=\"blocks-gallery-item\"><figure><a href=\"https:\/\/maciaszki.pl\/wp-content\/uploads\/2025\/07\/1-639-684x1024.jpg\"><img loading=\"lazy\" width=\"684\" height=\"1024\" src=\"https:\/\/maciaszki.pl\/wp-content\/uploads\/2025\/07\/1-639-684x1024.jpg\" alt=\"\" data-id=\"6127\" data-link=\"https:\/\/maciaszki.pl\/?attachment_id=6127\" class=\"wp-image-6127\" srcset=\"https:\/\/maciaszki.pl\/wp-content\/uploads\/2025\/07\/1-639-684x1024.jpg 684w, https:\/\/maciaszki.pl\/wp-content\/uploads\/2025\/07\/1-639-200x300.jpg 200w, https:\/\/maciaszki.pl\/wp-content\/uploads\/2025\/07\/1-639-768x1150.jpg 768w, https:\/\/maciaszki.pl\/wp-content\/uploads\/2025\/07\/1-639-1026x1536.jpg 1026w, https:\/\/maciaszki.pl\/wp-content\/uploads\/2025\/07\/1-639-1368x2048.jpg 1368w, https:\/\/maciaszki.pl\/wp-content\/uploads\/2025\/07\/1-639-scaled.jpg 1710w\" sizes=\"(max-width: 684px) 100vw, 684px\" \/><\/a><\/figure><\/li><li class=\"blocks-gallery-item\"><figure><a href=\"https:\/\/maciaszki.pl\/wp-content\/uploads\/2025\/07\/1-642-682x1024.jpg\"><img loading=\"lazy\" width=\"682\" height=\"1024\" src=\"https:\/\/maciaszki.pl\/wp-content\/uploads\/2025\/07\/1-642-682x1024.jpg\" alt=\"\" data-id=\"6128\" data-link=\"https:\/\/maciaszki.pl\/?attachment_id=6128\" class=\"wp-image-6128\" srcset=\"https:\/\/maciaszki.pl\/wp-content\/uploads\/2025\/07\/1-642-682x1024.jpg 682w, https:\/\/maciaszki.pl\/wp-content\/uploads\/2025\/07\/1-642-200x300.jpg 200w, https:\/\/maciaszki.pl\/wp-content\/uploads\/2025\/07\/1-642-768x1153.jpg 768w, https:\/\/maciaszki.pl\/wp-content\/uploads\/2025\/07\/1-642-1023x1536.jpg 1023w, https:\/\/maciaszki.pl\/wp-content\/uploads\/2025\/07\/1-642-1364x2048.jpg 1364w, https:\/\/maciaszki.pl\/wp-content\/uploads\/2025\/07\/1-642-scaled.jpg 1705w\" sizes=\"(max-width: 682px) 100vw, 682px\" \/><\/a><\/figure><\/li><li class=\"blocks-gallery-item\"><figure><a href=\"https:\/\/maciaszki.pl\/wp-content\/uploads\/2025\/07\/20250626_123235-scaled.jpg\"><img loading=\"lazy\" width=\"1024\" height=\"684\" src=\"https:\/\/maciaszki.pl\/wp-content\/uploads\/2025\/07\/20250626_123235-1024x684.jpg\" alt=\"\" data-id=\"6129\" data-full-url=\"https:\/\/maciaszki.pl\/wp-content\/uploads\/2025\/07\/20250626_123235-scaled.jpg\" data-link=\"https:\/\/maciaszki.pl\/?attachment_id=6129\" class=\"wp-image-6129\" srcset=\"https:\/\/maciaszki.pl\/wp-content\/uploads\/2025\/07\/20250626_123235-1024x684.jpg 1024w, https:\/\/maciaszki.pl\/wp-content\/uploads\/2025\/07\/20250626_123235-300x200.jpg 300w, https:\/\/maciaszki.pl\/wp-content\/uploads\/2025\/07\/20250626_123235-768x513.jpg 768w, https:\/\/maciaszki.pl\/wp-content\/uploads\/2025\/07\/20250626_123235-1536x1026.jpg 1536w, https:\/\/maciaszki.pl\/wp-content\/uploads\/2025\/07\/20250626_123235-2048x1368.jpg 2048w\" sizes=\"(max-width: 706px) 89vw, (max-width: 767px) 82vw, 740px\" \/><\/a><figcaption class=\"blocks-gallery-item__caption\">Kugelbake &#8211; najdalej na p\u00f3\u0142noc wysuni\u0119ty punkt Dolnej Saksonii<\/figcaption><\/figure><\/li><\/ul><figcaption class=\"blocks-gallery-caption\">Symboliczne zako\u0144czenie naszej wyprawy pod Kugelbake w Cuxhaven<\/figcaption><\/figure>\n\n\n\n<p class=\"has-small-font-size\">Kugelbake to w zasadzie koniec wyprawy, cho\u0107 kr\u0105\u017cymy jeszcze po Cuxhaven. W Morzu P\u00f3\u0142nocnym nie wyk\u0105piemy si\u0119 \u2013 pada deszcz, a do tego stan wody mi\u0119dzy odp\u0142ywem a przyp\u0142ywem. Mo\u017ce innym razem. Przez 18 dni przejechali\u015bmy wg aplikacji Strava 1423 km.<\/p>\n\n\n\n<h4><strong>Per\u0142y i pere\u0142ki nad Wezer\u0105<\/strong><\/h4>\n\n\n\n<p class=\"has-small-font-size\">Pierwsz\u0105 atrakcj\u0105 na trasie Wezery jest roma\u0144ska bazylika przy klasztorze benedyktyn\u00f3w w Bursfelde. Jego historia si\u0119ga XI w. Bazylika wygl\u0105da jak dwie po\u0142\u0105czone ze sob\u0105 \u015bwi\u0105tynie, z kt\u00f3rych jedna skierowana jest na wsch\u00f3d, a druga na zach\u00f3d. Wspania\u0142y zabytek stanowi \u015bwiadectwo wielowiekowej i skomplikowanej historii tego miejsca. Obecnie mie\u015bci si\u0119 tu Centrum Duchowe, proponuj\u0105c wiernym rekolekcje, medytacje i seminaria.<\/p>\n\n\n\n<figure class=\"wp-block-gallery columns-2 is-cropped\"><ul class=\"blocks-gallery-grid\"><li class=\"blocks-gallery-item\"><figure><a href=\"https:\/\/maciaszki.pl\/wp-content\/uploads\/2025\/07\/1-405-683x1024.jpg\"><img loading=\"lazy\" width=\"683\" height=\"1024\" src=\"https:\/\/maciaszki.pl\/wp-content\/uploads\/2025\/07\/1-405-683x1024.jpg\" alt=\"\" data-id=\"6131\" data-link=\"https:\/\/maciaszki.pl\/?attachment_id=6131\" class=\"wp-image-6131\" srcset=\"https:\/\/maciaszki.pl\/wp-content\/uploads\/2025\/07\/1-405-683x1024.jpg 683w, https:\/\/maciaszki.pl\/wp-content\/uploads\/2025\/07\/1-405-200x300.jpg 200w, https:\/\/maciaszki.pl\/wp-content\/uploads\/2025\/07\/1-405-768x1152.jpg 768w, https:\/\/maciaszki.pl\/wp-content\/uploads\/2025\/07\/1-405-1024x1536.jpg 1024w, https:\/\/maciaszki.pl\/wp-content\/uploads\/2025\/07\/1-405-1366x2048.jpg 1366w, https:\/\/maciaszki.pl\/wp-content\/uploads\/2025\/07\/1-405-scaled.jpg 1707w\" sizes=\"(max-width: 683px) 100vw, 683px\" \/><\/a><\/figure><\/li><li class=\"blocks-gallery-item\"><figure><a href=\"https:\/\/maciaszki.pl\/wp-content\/uploads\/2025\/07\/1-406-681x1024.jpg\"><img loading=\"lazy\" width=\"681\" height=\"1024\" src=\"https:\/\/maciaszki.pl\/wp-content\/uploads\/2025\/07\/1-406-681x1024.jpg\" alt=\"\" data-id=\"6132\" data-link=\"https:\/\/maciaszki.pl\/?attachment_id=6132\" class=\"wp-image-6132\" srcset=\"https:\/\/maciaszki.pl\/wp-content\/uploads\/2025\/07\/1-406-681x1024.jpg 681w, https:\/\/maciaszki.pl\/wp-content\/uploads\/2025\/07\/1-406-199x300.jpg 199w, https:\/\/maciaszki.pl\/wp-content\/uploads\/2025\/07\/1-406-768x1156.jpg 768w, https:\/\/maciaszki.pl\/wp-content\/uploads\/2025\/07\/1-406-1021x1536.jpg 1021w, https:\/\/maciaszki.pl\/wp-content\/uploads\/2025\/07\/1-406-1361x2048.jpg 1361w, https:\/\/maciaszki.pl\/wp-content\/uploads\/2025\/07\/1-406-scaled.jpg 1701w\" sizes=\"(max-width: 681px) 100vw, 681px\" \/><\/a><\/figure><\/li><li class=\"blocks-gallery-item\"><figure><a href=\"https:\/\/maciaszki.pl\/wp-content\/uploads\/2025\/07\/1-407-scaled.jpg\"><img loading=\"lazy\" width=\"1024\" height=\"683\" src=\"https:\/\/maciaszki.pl\/wp-content\/uploads\/2025\/07\/1-407-1024x683.jpg\" alt=\"\" data-id=\"6133\" data-full-url=\"https:\/\/maciaszki.pl\/wp-content\/uploads\/2025\/07\/1-407-scaled.jpg\" data-link=\"https:\/\/maciaszki.pl\/?attachment_id=6133\" class=\"wp-image-6133\" srcset=\"https:\/\/maciaszki.pl\/wp-content\/uploads\/2025\/07\/1-407-1024x683.jpg 1024w, https:\/\/maciaszki.pl\/wp-content\/uploads\/2025\/07\/1-407-300x200.jpg 300w, https:\/\/maciaszki.pl\/wp-content\/uploads\/2025\/07\/1-407-768x512.jpg 768w, https:\/\/maciaszki.pl\/wp-content\/uploads\/2025\/07\/1-407-1536x1024.jpg 1536w, https:\/\/maciaszki.pl\/wp-content\/uploads\/2025\/07\/1-407-2048x1366.jpg 2048w\" sizes=\"(max-width: 706px) 89vw, (max-width: 767px) 82vw, 740px\" \/><\/a><\/figure><\/li><\/ul><figcaption class=\"blocks-gallery-caption\"> Roma\u0144ska bazylika przy klasztorze benedyktyn\u00f3w w Bursfelde <\/figcaption><\/figure>\n\n\n\n<p class=\"has-small-font-size\">Jedziemy pograniczem dw\u00f3ch land\u00f3w \u2013 Nadrenii P\u00f3\u0142nocnej Westfalii i Dolnej Saksonii. H\u00f6xter nale\u017cy do pierwszego z nich. Wje\u017cd\u017camy do niego po pokonaniu 25-procentowego podjazdu. I zn\u00f3w mamy pi\u0119kne miasto na Szlaku Muru Pruskiego. Fotografujemy ratusz z wie\u017c\u0105 i szachulcowe domy w centrum. Niekt\u00f3re z nich, jak dom Adama i Ewy, powsta\u0142y w XVI w. Zachwycamy si\u0119 kolorowymi zdobieniami i rysunkami na \u015bcianach.<\/p>\n\n\n\n<figure class=\"wp-block-image size-large\"><img loading=\"lazy\" width=\"1024\" height=\"683\" src=\"https:\/\/maciaszki.pl\/wp-content\/uploads\/2025\/07\/1-434-1024x683.jpg\" alt=\"\" class=\"wp-image-6185\" srcset=\"https:\/\/maciaszki.pl\/wp-content\/uploads\/2025\/07\/1-434-1024x683.jpg 1024w, https:\/\/maciaszki.pl\/wp-content\/uploads\/2025\/07\/1-434-300x200.jpg 300w, https:\/\/maciaszki.pl\/wp-content\/uploads\/2025\/07\/1-434-768x512.jpg 768w, https:\/\/maciaszki.pl\/wp-content\/uploads\/2025\/07\/1-434-1536x1024.jpg 1536w, https:\/\/maciaszki.pl\/wp-content\/uploads\/2025\/07\/1-434-2048x1366.jpg 2048w\" sizes=\"(max-width: 706px) 89vw, (max-width: 767px) 82vw, 740px\" \/><figcaption><em>Ratusz w H\u00f6xter <\/em><\/figcaption><\/figure>\n\n\n\n<figure class=\"wp-block-gallery columns-2 is-cropped\"><ul class=\"blocks-gallery-grid\"><li class=\"blocks-gallery-item\"><figure><a href=\"https:\/\/maciaszki.pl\/wp-content\/uploads\/2025\/07\/1-437-scaled.jpg\"><img loading=\"lazy\" width=\"688\" height=\"1024\" src=\"https:\/\/maciaszki.pl\/wp-content\/uploads\/2025\/07\/1-437-688x1024.jpg\" alt=\"\" data-id=\"6134\" data-full-url=\"https:\/\/maciaszki.pl\/wp-content\/uploads\/2025\/07\/1-437-scaled.jpg\" data-link=\"https:\/\/maciaszki.pl\/?attachment_id=6134\" class=\"wp-image-6134\" srcset=\"https:\/\/maciaszki.pl\/wp-content\/uploads\/2025\/07\/1-437-688x1024.jpg 688w, https:\/\/maciaszki.pl\/wp-content\/uploads\/2025\/07\/1-437-202x300.jpg 202w, https:\/\/maciaszki.pl\/wp-content\/uploads\/2025\/07\/1-437-768x1143.jpg 768w, https:\/\/maciaszki.pl\/wp-content\/uploads\/2025\/07\/1-437-1032x1536.jpg 1032w, https:\/\/maciaszki.pl\/wp-content\/uploads\/2025\/07\/1-437-1376x2048.jpg 1376w, https:\/\/maciaszki.pl\/wp-content\/uploads\/2025\/07\/1-437-scaled.jpg 1720w\" sizes=\"(max-width: 688px) 100vw, 688px\" \/><\/a><\/figure><\/li><li class=\"blocks-gallery-item\"><figure><a href=\"https:\/\/maciaszki.pl\/wp-content\/uploads\/2025\/07\/1-438-scaled.jpg\"><img loading=\"lazy\" width=\"689\" height=\"1024\" src=\"https:\/\/maciaszki.pl\/wp-content\/uploads\/2025\/07\/1-438-689x1024.jpg\" alt=\"\" data-id=\"6135\" data-full-url=\"https:\/\/maciaszki.pl\/wp-content\/uploads\/2025\/07\/1-438-scaled.jpg\" data-link=\"https:\/\/maciaszki.pl\/?attachment_id=6135\" class=\"wp-image-6135\" srcset=\"https:\/\/maciaszki.pl\/wp-content\/uploads\/2025\/07\/1-438-689x1024.jpg 689w, https:\/\/maciaszki.pl\/wp-content\/uploads\/2025\/07\/1-438-202x300.jpg 202w, https:\/\/maciaszki.pl\/wp-content\/uploads\/2025\/07\/1-438-768x1141.jpg 768w, https:\/\/maciaszki.pl\/wp-content\/uploads\/2025\/07\/1-438-1034x1536.jpg 1034w, https:\/\/maciaszki.pl\/wp-content\/uploads\/2025\/07\/1-438-1378x2048.jpg 1378w, https:\/\/maciaszki.pl\/wp-content\/uploads\/2025\/07\/1-438-scaled.jpg 1723w\" sizes=\"(max-width: 689px) 100vw, 689px\" \/><\/a><\/figure><\/li><\/ul><figcaption class=\"blocks-gallery-caption\">Dom Adama i Ewy w  H\u00f6xter <\/figcaption><\/figure>\n\n\n\n<p class=\"has-small-font-size\">Tu\u017c za H\u00f6xter le\u017cy Cesarskie Opactwo Corvey z IX w., kt\u00f3re chcieli\u015bmy zobaczy\u0107, cho\u0107 niekoniecznie zwiedza\u0107. Tu jednak na stra\u017cy stoi pani w mundurku wyznaczaj\u0105ca nam cienk\u0105 czerwon\u0105 lini\u0119 i ani kroku dalej. Dobrze \u017ce da\u0142o si\u0119 usi\u0105\u015b\u0107 z boku w przyklasztornym ogr\u00f3dku z widokiem na ko\u015bci\u00f3\u0142.<\/p>\n\n\n\n<div class=\"wp-block-image\"><figure class=\"aligncenter size-large\"><a href=\"https:\/\/maciaszki.pl\/wp-content\/uploads\/2025\/07\/1-442-scaled.jpg\"><img loading=\"lazy\" width=\"1024\" height=\"683\" src=\"https:\/\/maciaszki.pl\/wp-content\/uploads\/2025\/07\/1-442-1024x683.jpg\" alt=\"\" class=\"wp-image-6136\" srcset=\"https:\/\/maciaszki.pl\/wp-content\/uploads\/2025\/07\/1-442-1024x683.jpg 1024w, https:\/\/maciaszki.pl\/wp-content\/uploads\/2025\/07\/1-442-300x200.jpg 300w, https:\/\/maciaszki.pl\/wp-content\/uploads\/2025\/07\/1-442-768x512.jpg 768w, https:\/\/maciaszki.pl\/wp-content\/uploads\/2025\/07\/1-442-1536x1024.jpg 1536w, https:\/\/maciaszki.pl\/wp-content\/uploads\/2025\/07\/1-442-2048x1365.jpg 2048w\" sizes=\"(max-width: 706px) 89vw, (max-width: 767px) 82vw, 740px\" \/><\/a><figcaption><em>Opactwo Corvey<\/em><\/figcaption><\/figure><\/div>\n\n\n\n<p class=\"has-small-font-size\">Przerw\u0119 robimy w Bodenwerder (Dolna Saksonia) \u2013 mie\u015bcie barona M\u00fcnchhausena. Szukamy tu \u015blad\u00f3w s\u0142ynnego awanturnika, na kt\u00f3rym Bodenwerder buduje swoj\u0105 reklam\u0119. Sama nie wiem, kt\u00f3ra z historii M\u00fcnchhausena  jest najbardziej nieprawdopodobna. Czy ta, kiedy sam siebie wyci\u0105gn\u0105\u0142 za w\u0142osy, zreszt\u0105 od peruki, z g\u0142\u0119bokiego bagna, czy mo\u017ce ta, jak podczas bitwy galopowa\u0142 na po\u0142owie przeci\u0119tego konia nie\u015bwiadomy brakuj\u0105cej cz\u0119\u015bci? Dom M\u00fcnchhausena jest ju\u017c zamkni\u0119ty, pozostaje wi\u0119c sfotografowanie kilku wizerunk\u00f3w barona.<\/p>\n\n\n\n<figure class=\"wp-block-gallery columns-2 is-cropped\"><ul class=\"blocks-gallery-grid\"><li class=\"blocks-gallery-item\"><figure><a href=\"https:\/\/maciaszki.pl\/wp-content\/uploads\/2025\/07\/1-460-682x1024.jpg\"><img loading=\"lazy\" width=\"682\" height=\"1024\" src=\"https:\/\/maciaszki.pl\/wp-content\/uploads\/2025\/07\/1-460-682x1024.jpg\" alt=\"\" data-id=\"6137\" data-link=\"https:\/\/maciaszki.pl\/?attachment_id=6137\" class=\"wp-image-6137\" srcset=\"https:\/\/maciaszki.pl\/wp-content\/uploads\/2025\/07\/1-460-682x1024.jpg 682w, https:\/\/maciaszki.pl\/wp-content\/uploads\/2025\/07\/1-460-200x300.jpg 200w, https:\/\/maciaszki.pl\/wp-content\/uploads\/2025\/07\/1-460-768x1153.jpg 768w, https:\/\/maciaszki.pl\/wp-content\/uploads\/2025\/07\/1-460-1023x1536.jpg 1023w, https:\/\/maciaszki.pl\/wp-content\/uploads\/2025\/07\/1-460-1364x2048.jpg 1364w, https:\/\/maciaszki.pl\/wp-content\/uploads\/2025\/07\/1-460-scaled.jpg 1706w\" sizes=\"(max-width: 682px) 100vw, 682px\" \/><\/a><\/figure><\/li><li class=\"blocks-gallery-item\"><figure><a href=\"https:\/\/maciaszki.pl\/wp-content\/uploads\/2025\/07\/1-461-1-683x1024.jpg\"><img loading=\"lazy\" width=\"683\" height=\"1024\" src=\"https:\/\/maciaszki.pl\/wp-content\/uploads\/2025\/07\/1-461-1-683x1024.jpg\" alt=\"\" data-id=\"6140\" data-link=\"https:\/\/maciaszki.pl\/?attachment_id=6140\" class=\"wp-image-6140\" srcset=\"https:\/\/maciaszki.pl\/wp-content\/uploads\/2025\/07\/1-461-1-683x1024.jpg 683w, https:\/\/maciaszki.pl\/wp-content\/uploads\/2025\/07\/1-461-1-200x300.jpg 200w, https:\/\/maciaszki.pl\/wp-content\/uploads\/2025\/07\/1-461-1-768x1152.jpg 768w, https:\/\/maciaszki.pl\/wp-content\/uploads\/2025\/07\/1-461-1-1024x1536.jpg 1024w, https:\/\/maciaszki.pl\/wp-content\/uploads\/2025\/07\/1-461-1-1366x2048.jpg 1366w, https:\/\/maciaszki.pl\/wp-content\/uploads\/2025\/07\/1-461-1-scaled.jpg 1707w\" sizes=\"(max-width: 683px) 100vw, 683px\" \/><\/a><\/figure><\/li><li class=\"blocks-gallery-item\"><figure><a href=\"https:\/\/maciaszki.pl\/wp-content\/uploads\/2025\/07\/1-464-1-scaled.jpg\"><img loading=\"lazy\" width=\"1024\" height=\"689\" src=\"https:\/\/maciaszki.pl\/wp-content\/uploads\/2025\/07\/1-464-1-1024x689.jpg\" alt=\"\" data-id=\"6141\" data-full-url=\"https:\/\/maciaszki.pl\/wp-content\/uploads\/2025\/07\/1-464-1-scaled.jpg\" data-link=\"https:\/\/maciaszki.pl\/?attachment_id=6141\" class=\"wp-image-6141\" srcset=\"https:\/\/maciaszki.pl\/wp-content\/uploads\/2025\/07\/1-464-1-1024x689.jpg 1024w, https:\/\/maciaszki.pl\/wp-content\/uploads\/2025\/07\/1-464-1-300x202.jpg 300w, https:\/\/maciaszki.pl\/wp-content\/uploads\/2025\/07\/1-464-1-768x517.jpg 768w, https:\/\/maciaszki.pl\/wp-content\/uploads\/2025\/07\/1-464-1-1536x1034.jpg 1536w, https:\/\/maciaszki.pl\/wp-content\/uploads\/2025\/07\/1-464-1-2048x1379.jpg 2048w\" sizes=\"(max-width: 706px) 89vw, (max-width: 767px) 82vw, 740px\" \/><\/a><\/figure><\/li><\/ul><figcaption class=\"blocks-gallery-caption\">Tutaj mieszka\u0142 prawdziwy <em>baron M\u00fcnchhausen<\/em>, obecnie muzeum <\/figcaption><\/figure>\n\n\n\n<p class=\"has-small-font-size\">Jednym z najciekawszych punkt\u00f3w na trasie Wezery jest Hameln. Tutaj z kolei wsz\u0119dzie ocieramy si\u0119 o histori\u0119 Szczuro\u0142apa, Flecisty, kt\u00f3ry wyprowadzi\u0142 z miasta najpierw szczury, a potem 130 dzieci. Ta si\u0119gaj\u0105ca XIII w. zagadkowa opowie\u015b\u0107 utrwalona m.in. przez braci Grimm jest \u017ar\u00f3d\u0142em motyw\u00f3w obecnych w r\u00f3\u017cnych punktach Hameln. S\u0105 pos\u0105gi Szczuro\u0142apa i dom, w kt\u00f3rym si\u0119 zatrzyma\u0142, s\u0105 metalowe szczury mi\u0119dzy kostkami bruku i ba\u015bniowe motywy na miejscowym campingu.<\/p>\n\n\n\n<figure class=\"wp-block-gallery columns-2 is-cropped\"><ul class=\"blocks-gallery-grid\"><li class=\"blocks-gallery-item\"><figure><a href=\"https:\/\/maciaszki.pl\/wp-content\/uploads\/2025\/07\/1-469-681x1024.jpg\"><img loading=\"lazy\" width=\"681\" height=\"1024\" src=\"https:\/\/maciaszki.pl\/wp-content\/uploads\/2025\/07\/1-469-681x1024.jpg\" alt=\"\" data-id=\"6142\" data-link=\"https:\/\/maciaszki.pl\/?attachment_id=6142\" class=\"wp-image-6142\" srcset=\"https:\/\/maciaszki.pl\/wp-content\/uploads\/2025\/07\/1-469-681x1024.jpg 681w, https:\/\/maciaszki.pl\/wp-content\/uploads\/2025\/07\/1-469-200x300.jpg 200w, https:\/\/maciaszki.pl\/wp-content\/uploads\/2025\/07\/1-469-768x1155.jpg 768w, https:\/\/maciaszki.pl\/wp-content\/uploads\/2025\/07\/1-469-1022x1536.jpg 1022w, https:\/\/maciaszki.pl\/wp-content\/uploads\/2025\/07\/1-469-1362x2048.jpg 1362w, https:\/\/maciaszki.pl\/wp-content\/uploads\/2025\/07\/1-469-scaled.jpg 1703w\" sizes=\"(max-width: 681px) 100vw, 681px\" \/><\/a><\/figure><\/li><li class=\"blocks-gallery-item\"><figure><a href=\"https:\/\/maciaszki.pl\/wp-content\/uploads\/2025\/07\/1-470-684x1024.jpg\"><img loading=\"lazy\" width=\"684\" height=\"1024\" src=\"https:\/\/maciaszki.pl\/wp-content\/uploads\/2025\/07\/1-470-684x1024.jpg\" alt=\"\" data-id=\"6143\" data-link=\"https:\/\/maciaszki.pl\/?attachment_id=6143\" class=\"wp-image-6143\" srcset=\"https:\/\/maciaszki.pl\/wp-content\/uploads\/2025\/07\/1-470-684x1024.jpg 684w, https:\/\/maciaszki.pl\/wp-content\/uploads\/2025\/07\/1-470-200x300.jpg 200w, https:\/\/maciaszki.pl\/wp-content\/uploads\/2025\/07\/1-470-768x1149.jpg 768w, https:\/\/maciaszki.pl\/wp-content\/uploads\/2025\/07\/1-470-1026x1536.jpg 1026w, https:\/\/maciaszki.pl\/wp-content\/uploads\/2025\/07\/1-470-1368x2048.jpg 1368w, https:\/\/maciaszki.pl\/wp-content\/uploads\/2025\/07\/1-470-scaled.jpg 1710w\" sizes=\"(max-width: 684px) 100vw, 684px\" \/><\/a><\/figure><\/li><li class=\"blocks-gallery-item\"><figure><a href=\"https:\/\/maciaszki.pl\/wp-content\/uploads\/2025\/07\/1-477-682x1024.jpg\"><img loading=\"lazy\" width=\"682\" height=\"1024\" src=\"https:\/\/maciaszki.pl\/wp-content\/uploads\/2025\/07\/1-477-682x1024.jpg\" alt=\"\" data-id=\"6145\" data-link=\"https:\/\/maciaszki.pl\/?attachment_id=6145\" class=\"wp-image-6145\" srcset=\"https:\/\/maciaszki.pl\/wp-content\/uploads\/2025\/07\/1-477-682x1024.jpg 682w, https:\/\/maciaszki.pl\/wp-content\/uploads\/2025\/07\/1-477-200x300.jpg 200w, https:\/\/maciaszki.pl\/wp-content\/uploads\/2025\/07\/1-477-768x1153.jpg 768w, https:\/\/maciaszki.pl\/wp-content\/uploads\/2025\/07\/1-477-1023x1536.jpg 1023w, https:\/\/maciaszki.pl\/wp-content\/uploads\/2025\/07\/1-477-1364x2048.jpg 1364w, https:\/\/maciaszki.pl\/wp-content\/uploads\/2025\/07\/1-477-scaled.jpg 1705w\" sizes=\"(max-width: 682px) 100vw, 682px\" \/><\/a><\/figure><\/li><li class=\"blocks-gallery-item\"><figure><a href=\"https:\/\/maciaszki.pl\/wp-content\/uploads\/2025\/07\/1-479-scaled.jpg\"><img loading=\"lazy\" width=\"685\" height=\"1024\" src=\"https:\/\/maciaszki.pl\/wp-content\/uploads\/2025\/07\/1-479-685x1024.jpg\" alt=\"\" data-id=\"6146\" data-full-url=\"https:\/\/maciaszki.pl\/wp-content\/uploads\/2025\/07\/1-479-scaled.jpg\" data-link=\"https:\/\/maciaszki.pl\/?attachment_id=6146\" class=\"wp-image-6146\" srcset=\"https:\/\/maciaszki.pl\/wp-content\/uploads\/2025\/07\/1-479-685x1024.jpg 685w, https:\/\/maciaszki.pl\/wp-content\/uploads\/2025\/07\/1-479-201x300.jpg 201w, https:\/\/maciaszki.pl\/wp-content\/uploads\/2025\/07\/1-479-768x1148.jpg 768w, https:\/\/maciaszki.pl\/wp-content\/uploads\/2025\/07\/1-479-1027x1536.jpg 1027w, https:\/\/maciaszki.pl\/wp-content\/uploads\/2025\/07\/1-479-1370x2048.jpg 1370w, https:\/\/maciaszki.pl\/wp-content\/uploads\/2025\/07\/1-479-scaled.jpg 1712w\" sizes=\"(max-width: 685px) 100vw, 685px\" \/><\/a><figcaption class=\"blocks-gallery-item__caption\">Dom Szczuro\u0142apa<\/figcaption><\/figure><\/li><\/ul><figcaption class=\"blocks-gallery-caption\">Hameln &#8211; miasto Szczuro\u0142apa<\/figcaption><\/figure>\n\n\n\n<p class=\"has-small-font-size\">Na Starym Mie\u015bcie w Hameln rozkr\u0119ca si\u0119 akurat jaka\u015b radosna impreza. Jej centrum stanowi Ko\u015bci\u00f3\u0142 Targowy \u015bw. Miko\u0142aja \u2013 obiekt z g\u0142\u0119bokiego \u015bredniowiecza odbudowany po bombardowaniach alianckich. W ko\u015bciele, kt\u00f3ry jest miejscem systematycznie odbywaj\u0105cych si\u0119 koncert\u00f3w, tym razem kr\u00f3luj\u0105 t\u0119czowe flagi, a zgromadzeni tu ludzie jednoznacznie wskazuj\u0105 na spo\u0142eczno\u015b\u0107 LGBT.<\/p>\n\n\n\n<figure class=\"wp-block-gallery columns-2 is-cropped\"><ul class=\"blocks-gallery-grid\"><li class=\"blocks-gallery-item\"><figure><a href=\"https:\/\/maciaszki.pl\/wp-content\/uploads\/2025\/07\/1-471-scaled.jpg\"><img loading=\"lazy\" width=\"681\" height=\"1024\" src=\"https:\/\/maciaszki.pl\/wp-content\/uploads\/2025\/07\/1-471-681x1024.jpg\" alt=\"\" data-id=\"6147\" data-full-url=\"https:\/\/maciaszki.pl\/wp-content\/uploads\/2025\/07\/1-471-scaled.jpg\" data-link=\"https:\/\/maciaszki.pl\/?attachment_id=6147\" class=\"wp-image-6147\" srcset=\"https:\/\/maciaszki.pl\/wp-content\/uploads\/2025\/07\/1-471-681x1024.jpg 681w, https:\/\/maciaszki.pl\/wp-content\/uploads\/2025\/07\/1-471-200x300.jpg 200w, https:\/\/maciaszki.pl\/wp-content\/uploads\/2025\/07\/1-471-768x1154.jpg 768w, https:\/\/maciaszki.pl\/wp-content\/uploads\/2025\/07\/1-471-1022x1536.jpg 1022w, https:\/\/maciaszki.pl\/wp-content\/uploads\/2025\/07\/1-471-1363x2048.jpg 1363w, https:\/\/maciaszki.pl\/wp-content\/uploads\/2025\/07\/1-471-scaled.jpg 1704w\" sizes=\"(max-width: 681px) 100vw, 681px\" \/><\/a><\/figure><\/li><li class=\"blocks-gallery-item\"><figure><a href=\"https:\/\/maciaszki.pl\/wp-content\/uploads\/2025\/07\/1-472-scaled.jpg\"><img loading=\"lazy\" width=\"683\" height=\"1024\" src=\"https:\/\/maciaszki.pl\/wp-content\/uploads\/2025\/07\/1-472-683x1024.jpg\" alt=\"\" data-id=\"6148\" data-full-url=\"https:\/\/maciaszki.pl\/wp-content\/uploads\/2025\/07\/1-472-scaled.jpg\" data-link=\"https:\/\/maciaszki.pl\/?attachment_id=6148\" class=\"wp-image-6148\" srcset=\"https:\/\/maciaszki.pl\/wp-content\/uploads\/2025\/07\/1-472-683x1024.jpg 683w, https:\/\/maciaszki.pl\/wp-content\/uploads\/2025\/07\/1-472-200x300.jpg 200w, https:\/\/maciaszki.pl\/wp-content\/uploads\/2025\/07\/1-472-768x1152.jpg 768w, https:\/\/maciaszki.pl\/wp-content\/uploads\/2025\/07\/1-472-1024x1536.jpg 1024w, https:\/\/maciaszki.pl\/wp-content\/uploads\/2025\/07\/1-472-1365x2048.jpg 1365w, https:\/\/maciaszki.pl\/wp-content\/uploads\/2025\/07\/1-472-scaled.jpg 1707w\" sizes=\"(max-width: 683px) 100vw, 683px\" \/><\/a><\/figure><\/li><\/ul><figcaption class=\"blocks-gallery-caption\">T\u0119czowa impreza w ko\u015bciele w Hameln<\/figcaption><\/figure>\n\n\n\n<p class=\"has-small-font-size\">Jedziemy dalej. Ci\u0105gniemy nasze ci\u0119\u017ckie rowery po brukowanych uliczkach Minden. Zwiedzamy Katedr\u0119 \u015bw. Gorgoniusza i \u015bw. Piotra. To gotycka \u015bwi\u0105tynia, kt\u00f3rej pocz\u0105tki si\u0119gaj\u0105 epoki karoli\u0144skiej. Obok ko\u015bcio\u0142a rozstawione s\u0105 kolorowe kramy z wyrobami rzemie\u015blniczymi. Nie mog\u0119 si\u0119 oderwa\u0107 od tego z ko\u0142owrotkiem i we\u0142n\u0105, kt\u00f3r\u0105 w\u0142asnor\u0119cznie uprz\u0119d\u0142a siedz\u0105ca przy nim kobieta. Zachwycamy si\u0119 w\u0105skimi uliczkami i ma\u0142ymi, krzywymi domkami w zau\u0142kach.<\/p>\n\n\n\n<figure class=\"wp-block-gallery columns-2 is-cropped\"><ul class=\"blocks-gallery-grid\"><li class=\"blocks-gallery-item\"><figure><a href=\"https:\/\/maciaszki.pl\/wp-content\/uploads\/2025\/07\/1-490-scaled.jpg\"><img loading=\"lazy\" width=\"684\" height=\"1024\" src=\"https:\/\/maciaszki.pl\/wp-content\/uploads\/2025\/07\/1-490-684x1024.jpg\" alt=\"\" data-id=\"6149\" data-full-url=\"https:\/\/maciaszki.pl\/wp-content\/uploads\/2025\/07\/1-490-scaled.jpg\" data-link=\"https:\/\/maciaszki.pl\/?attachment_id=6149\" class=\"wp-image-6149\" srcset=\"https:\/\/maciaszki.pl\/wp-content\/uploads\/2025\/07\/1-490-684x1024.jpg 684w, https:\/\/maciaszki.pl\/wp-content\/uploads\/2025\/07\/1-490-200x300.jpg 200w, https:\/\/maciaszki.pl\/wp-content\/uploads\/2025\/07\/1-490-768x1150.jpg 768w, https:\/\/maciaszki.pl\/wp-content\/uploads\/2025\/07\/1-490-1026x1536.jpg 1026w, https:\/\/maciaszki.pl\/wp-content\/uploads\/2025\/07\/1-490-1368x2048.jpg 1368w, https:\/\/maciaszki.pl\/wp-content\/uploads\/2025\/07\/1-490-scaled.jpg 1710w\" sizes=\"(max-width: 684px) 100vw, 684px\" \/><\/a><\/figure><\/li><li class=\"blocks-gallery-item\"><figure><a href=\"https:\/\/maciaszki.pl\/wp-content\/uploads\/2025\/07\/1-493-scaled.jpg\"><img loading=\"lazy\" width=\"683\" height=\"1024\" src=\"https:\/\/maciaszki.pl\/wp-content\/uploads\/2025\/07\/1-493-683x1024.jpg\" alt=\"\" data-id=\"6150\" data-full-url=\"https:\/\/maciaszki.pl\/wp-content\/uploads\/2025\/07\/1-493-scaled.jpg\" data-link=\"https:\/\/maciaszki.pl\/?attachment_id=6150\" class=\"wp-image-6150\" srcset=\"https:\/\/maciaszki.pl\/wp-content\/uploads\/2025\/07\/1-493-683x1024.jpg 683w, https:\/\/maciaszki.pl\/wp-content\/uploads\/2025\/07\/1-493-200x300.jpg 200w, https:\/\/maciaszki.pl\/wp-content\/uploads\/2025\/07\/1-493-768x1152.jpg 768w, https:\/\/maciaszki.pl\/wp-content\/uploads\/2025\/07\/1-493-1024x1536.jpg 1024w, https:\/\/maciaszki.pl\/wp-content\/uploads\/2025\/07\/1-493-1366x2048.jpg 1366w, https:\/\/maciaszki.pl\/wp-content\/uploads\/2025\/07\/1-493-scaled.jpg 1707w\" sizes=\"(max-width: 683px) 100vw, 683px\" \/><\/a><\/figure><\/li><li class=\"blocks-gallery-item\"><figure><a href=\"https:\/\/maciaszki.pl\/wp-content\/uploads\/2025\/07\/1-494-scaled.jpg\"><img loading=\"lazy\" width=\"680\" height=\"1024\" src=\"https:\/\/maciaszki.pl\/wp-content\/uploads\/2025\/07\/1-494-680x1024.jpg\" alt=\"\" data-id=\"6151\" data-full-url=\"https:\/\/maciaszki.pl\/wp-content\/uploads\/2025\/07\/1-494-scaled.jpg\" data-link=\"https:\/\/maciaszki.pl\/?attachment_id=6151\" class=\"wp-image-6151\" srcset=\"https:\/\/maciaszki.pl\/wp-content\/uploads\/2025\/07\/1-494-680x1024.jpg 680w, https:\/\/maciaszki.pl\/wp-content\/uploads\/2025\/07\/1-494-199x300.jpg 199w, https:\/\/maciaszki.pl\/wp-content\/uploads\/2025\/07\/1-494-768x1157.jpg 768w, https:\/\/maciaszki.pl\/wp-content\/uploads\/2025\/07\/1-494-1020x1536.jpg 1020w, https:\/\/maciaszki.pl\/wp-content\/uploads\/2025\/07\/1-494-1360x2048.jpg 1360w, https:\/\/maciaszki.pl\/wp-content\/uploads\/2025\/07\/1-494-scaled.jpg 1700w\" sizes=\"(max-width: 680px) 100vw, 680px\" \/><\/a><\/figure><\/li><li class=\"blocks-gallery-item\"><figure><a href=\"https:\/\/maciaszki.pl\/wp-content\/uploads\/2025\/07\/1-502-scaled.jpg\"><img loading=\"lazy\" width=\"683\" height=\"1024\" src=\"https:\/\/maciaszki.pl\/wp-content\/uploads\/2025\/07\/1-502-683x1024.jpg\" alt=\"\" data-id=\"6152\" data-full-url=\"https:\/\/maciaszki.pl\/wp-content\/uploads\/2025\/07\/1-502-scaled.jpg\" data-link=\"https:\/\/maciaszki.pl\/?attachment_id=6152\" class=\"wp-image-6152\" srcset=\"https:\/\/maciaszki.pl\/wp-content\/uploads\/2025\/07\/1-502-683x1024.jpg 683w, https:\/\/maciaszki.pl\/wp-content\/uploads\/2025\/07\/1-502-200x300.jpg 200w, https:\/\/maciaszki.pl\/wp-content\/uploads\/2025\/07\/1-502-768x1151.jpg 768w, https:\/\/maciaszki.pl\/wp-content\/uploads\/2025\/07\/1-502-1024x1536.jpg 1024w, https:\/\/maciaszki.pl\/wp-content\/uploads\/2025\/07\/1-502-1366x2048.jpg 1366w, https:\/\/maciaszki.pl\/wp-content\/uploads\/2025\/07\/1-502-scaled.jpg 1707w\" sizes=\"(max-width: 683px) 100vw, 683px\" \/><\/a><\/figure><\/li><\/ul><figcaption class=\"blocks-gallery-caption\">Minden<\/figcaption><\/figure>\n\n\n\n<p class=\"has-small-font-size\">Najwi\u0119kszym miastem na naszej trasie jest Brema. Do centrum doje\u017cd\u017camy przez ci\u0105gn\u0105c\u0105 si\u0119 kilometrami dzielnic\u0119 przemys\u0142ow\u0105. Wyjazd z miasta przez wielkie centra logistyczne i cz\u0119\u015b\u0107 portow\u0105 okaza\u0142 si\u0119 jeszcze d\u0142u\u017cszy. W sumie to ponad 30 km. W centrum czujemy atmosfer\u0119 du\u017cego miasta, ale ruch samochodowy w Starym Mie\u015bcie jest bardzo ograniczony. Pojawia si\u0119 za to mn\u00f3stwo turyst\u00f3w. Przed ratuszem odnajdujemy \u201eczterech muzykant\u00f3w z Bremy\u201d, tytu\u0142owych bohater\u00f3w jednej z ba\u015bni braci Grimm. N\u00f3\u017cki os\u0142a l\u015bni\u0105 wytarte od dotkni\u0119\u0107 turyst\u00f3w. Rozbawieni, przypominamy sobie t\u0119 ba\u015b\u0144 na \u0142awce za miastem.<\/p>\n\n\n\n<figure class=\"wp-block-gallery columns-2 is-cropped\"><ul class=\"blocks-gallery-grid\"><li class=\"blocks-gallery-item\"><figure><a href=\"https:\/\/maciaszki.pl\/wp-content\/uploads\/2025\/07\/1-585-scaled.jpg\"><img loading=\"lazy\" width=\"682\" height=\"1024\" src=\"https:\/\/maciaszki.pl\/wp-content\/uploads\/2025\/07\/1-585-682x1024.jpg\" alt=\"\" data-id=\"6156\" data-full-url=\"https:\/\/maciaszki.pl\/wp-content\/uploads\/2025\/07\/1-585-scaled.jpg\" data-link=\"https:\/\/maciaszki.pl\/?attachment_id=6156\" class=\"wp-image-6156\" srcset=\"https:\/\/maciaszki.pl\/wp-content\/uploads\/2025\/07\/1-585-682x1024.jpg 682w, https:\/\/maciaszki.pl\/wp-content\/uploads\/2025\/07\/1-585-200x300.jpg 200w, https:\/\/maciaszki.pl\/wp-content\/uploads\/2025\/07\/1-585-768x1153.jpg 768w, https:\/\/maciaszki.pl\/wp-content\/uploads\/2025\/07\/1-585-1023x1536.jpg 1023w, https:\/\/maciaszki.pl\/wp-content\/uploads\/2025\/07\/1-585-1364x2048.jpg 1364w, https:\/\/maciaszki.pl\/wp-content\/uploads\/2025\/07\/1-585-scaled.jpg 1705w\" sizes=\"(max-width: 682px) 100vw, 682px\" \/><\/a><\/figure><\/li><li class=\"blocks-gallery-item\"><figure><a href=\"https:\/\/maciaszki.pl\/wp-content\/uploads\/2025\/07\/1-586-scaled.jpg\"><img loading=\"lazy\" width=\"686\" height=\"1024\" src=\"https:\/\/maciaszki.pl\/wp-content\/uploads\/2025\/07\/1-586-686x1024.jpg\" alt=\"\" data-id=\"6157\" data-full-url=\"https:\/\/maciaszki.pl\/wp-content\/uploads\/2025\/07\/1-586-scaled.jpg\" data-link=\"https:\/\/maciaszki.pl\/?attachment_id=6157\" class=\"wp-image-6157\" srcset=\"https:\/\/maciaszki.pl\/wp-content\/uploads\/2025\/07\/1-586-686x1024.jpg 686w, https:\/\/maciaszki.pl\/wp-content\/uploads\/2025\/07\/1-586-201x300.jpg 201w, https:\/\/maciaszki.pl\/wp-content\/uploads\/2025\/07\/1-586-768x1146.jpg 768w, https:\/\/maciaszki.pl\/wp-content\/uploads\/2025\/07\/1-586-1030x1536.jpg 1030w, https:\/\/maciaszki.pl\/wp-content\/uploads\/2025\/07\/1-586-1373x2048.jpg 1373w, https:\/\/maciaszki.pl\/wp-content\/uploads\/2025\/07\/1-586-scaled.jpg 1716w\" sizes=\"(max-width: 686px) 100vw, 686px\" \/><\/a><\/figure><\/li><\/ul><figcaption class=\"blocks-gallery-caption\">  Przed ratuszem odnajdujemy \u201eczterech muzykant\u00f3w z Bremy\u201d, <\/figcaption><\/figure>\n\n\n\n<p class=\"has-small-font-size\">Obowi\u0105zkowym punktem na planie Bremy jest Katedra \u015bw. Piotra. Ta roma\u0144ska bazylika w d\u0142ugim okresie swego istnienia (od VIII w.)  wielokrotnie niszczona i przebudowywana, prezentuje si\u0119 dzi\u015b imponuj\u0105co. Katedr\u0119 wyr\u00f3\u017cnia niezwyk\u0142a fasada z bogato zdobionymi wej\u015bciami, a nad nimi g\u00f3ruj\u0105 dwie wspania\u0142e wie\u017ce, mi\u0119dzy nimi za\u015b znajduje si\u0119 gotycka rozeta. Krypta zachodnia to najstarsza cz\u0119\u015b\u0107 ko\u015bcio\u0142a. W jej \u015brodku znajduje si\u0119 wielka chrzcielnica z br\u0105zu z XIIIw. Mamy troch\u0119 szcz\u0119\u015bcia &#8211; zwiedzaniu katedry towarzysz\u0105 d\u017awi\u0119ki muzyki organowej.<\/p>\n\n\n\n<figure class=\"wp-block-gallery columns-2 is-cropped\"><ul class=\"blocks-gallery-grid\"><li class=\"blocks-gallery-item\"><figure><a href=\"https:\/\/maciaszki.pl\/wp-content\/uploads\/2025\/07\/1-568-682x1024.jpg\"><img loading=\"lazy\" width=\"682\" height=\"1024\" src=\"https:\/\/maciaszki.pl\/wp-content\/uploads\/2025\/07\/1-568-682x1024.jpg\" alt=\"\" data-id=\"6158\" data-link=\"https:\/\/maciaszki.pl\/?attachment_id=6158\" class=\"wp-image-6158\" srcset=\"https:\/\/maciaszki.pl\/wp-content\/uploads\/2025\/07\/1-568-682x1024.jpg 682w, https:\/\/maciaszki.pl\/wp-content\/uploads\/2025\/07\/1-568-200x300.jpg 200w, https:\/\/maciaszki.pl\/wp-content\/uploads\/2025\/07\/1-568-768x1153.jpg 768w, https:\/\/maciaszki.pl\/wp-content\/uploads\/2025\/07\/1-568-1023x1536.jpg 1023w, https:\/\/maciaszki.pl\/wp-content\/uploads\/2025\/07\/1-568-1364x2048.jpg 1364w, https:\/\/maciaszki.pl\/wp-content\/uploads\/2025\/07\/1-568-scaled.jpg 1705w\" sizes=\"(max-width: 682px) 100vw, 682px\" \/><\/a><\/figure><\/li><li class=\"blocks-gallery-item\"><figure><a href=\"https:\/\/maciaszki.pl\/wp-content\/uploads\/2025\/07\/1-574-684x1024.jpg\"><img loading=\"lazy\" width=\"684\" height=\"1024\" src=\"https:\/\/maciaszki.pl\/wp-content\/uploads\/2025\/07\/1-574-684x1024.jpg\" alt=\"\" data-id=\"6159\" data-link=\"https:\/\/maciaszki.pl\/?attachment_id=6159\" class=\"wp-image-6159\" srcset=\"https:\/\/maciaszki.pl\/wp-content\/uploads\/2025\/07\/1-574-684x1024.jpg 684w, https:\/\/maciaszki.pl\/wp-content\/uploads\/2025\/07\/1-574-200x300.jpg 200w, https:\/\/maciaszki.pl\/wp-content\/uploads\/2025\/07\/1-574-768x1150.jpg 768w, https:\/\/maciaszki.pl\/wp-content\/uploads\/2025\/07\/1-574-1026x1536.jpg 1026w, https:\/\/maciaszki.pl\/wp-content\/uploads\/2025\/07\/1-574-1367x2048.jpg 1367w, https:\/\/maciaszki.pl\/wp-content\/uploads\/2025\/07\/1-574-scaled.jpg 1709w\" sizes=\"(max-width: 684px) 100vw, 684px\" \/><\/a><\/figure><\/li><li class=\"blocks-gallery-item\"><figure><a href=\"https:\/\/maciaszki.pl\/wp-content\/uploads\/2025\/07\/1-583-scaled.jpg\"><img loading=\"lazy\" width=\"1024\" height=\"683\" src=\"https:\/\/maciaszki.pl\/wp-content\/uploads\/2025\/07\/1-583-1024x683.jpg\" alt=\"\" data-id=\"6160\" data-full-url=\"https:\/\/maciaszki.pl\/wp-content\/uploads\/2025\/07\/1-583-scaled.jpg\" data-link=\"https:\/\/maciaszki.pl\/?attachment_id=6160\" class=\"wp-image-6160\" srcset=\"https:\/\/maciaszki.pl\/wp-content\/uploads\/2025\/07\/1-583-1024x683.jpg 1024w, https:\/\/maciaszki.pl\/wp-content\/uploads\/2025\/07\/1-583-300x200.jpg 300w, https:\/\/maciaszki.pl\/wp-content\/uploads\/2025\/07\/1-583-768x512.jpg 768w, https:\/\/maciaszki.pl\/wp-content\/uploads\/2025\/07\/1-583-1536x1024.jpg 1536w, https:\/\/maciaszki.pl\/wp-content\/uploads\/2025\/07\/1-583-2048x1365.jpg 2048w\" sizes=\"(max-width: 706px) 89vw, (max-width: 767px) 82vw, 740px\" \/><\/a><\/figure><\/li><\/ul><figcaption class=\"blocks-gallery-caption\"> Katedra \u015bw. Piotra w Bremie<\/figcaption><\/figure>\n\n\n\n<h4><strong>Nasze nocowanie<\/strong><\/h4>\n\n\n\n<p class=\"has-small-font-size\">Jazda na tradycyjnych rowerach bez elektrycznego wspomagania i noclegi w namiotach na campingach to rozwi\u0105zania zdecydowanie poni\u017cej niemieckich standard\u00f3w, ale tak\u0105 formu\u0142\u0119 przyj\u0119li\u015bmy przed laty. Poniewa\u017c czerwcowa pogoda okaza\u0142a si\u0119 dla nas bardzo \u0142askawa, wszystkie noce sp\u0119dzili\u015bmy na campingach. Na trasach wzd\u0142u\u017c ka\u017cdej z rzek jest ich naprawd\u0119 du\u017co. Ceny camping\u00f3w s\u0105 bardzo zr\u00f3\u017cnicowane \u2013 od 7\u20ac do nawet 25\u20ac (osoba + namiot + dodatkowe op\u0142aty w Gedern na trasie Bahn-Radweg). Czasem trudno poj\u0105\u0107 logik\u0119 tych r\u00f3\u017cnic. Rozumiem \u2013 atrakcyjna lokalizacja, wysoki standard, mo\u017cliwo\u015b\u0107 korzystania z basenu albo k\u0105pieliska, ale nie zawsze si\u0119 to sprawdza.<\/p>\n\n\n\n<div class=\"wp-block-image\"><figure class=\"aligncenter size-large\"><a href=\"https:\/\/maciaszki.pl\/wp-content\/uploads\/2025\/07\/1-257-scaled.jpg\"><img loading=\"lazy\" width=\"1024\" height=\"682\" src=\"https:\/\/maciaszki.pl\/wp-content\/uploads\/2025\/07\/1-257-1024x682.jpg\" alt=\"\" class=\"wp-image-6161\" srcset=\"https:\/\/maciaszki.pl\/wp-content\/uploads\/2025\/07\/1-257-1024x682.jpg 1024w, https:\/\/maciaszki.pl\/wp-content\/uploads\/2025\/07\/1-257-300x200.jpg 300w, https:\/\/maciaszki.pl\/wp-content\/uploads\/2025\/07\/1-257-768x512.jpg 768w, https:\/\/maciaszki.pl\/wp-content\/uploads\/2025\/07\/1-257-1536x1023.jpg 1536w, https:\/\/maciaszki.pl\/wp-content\/uploads\/2025\/07\/1-257-2048x1365.jpg 2048w\" sizes=\"(max-width: 706px) 89vw, (max-width: 767px) 82vw, 740px\" \/><\/a><figcaption><em>Jeden z naszych camping\u00f3w &#8211; Gedern<\/em><\/figcaption><\/figure><\/div>\n\n\n\n<p class=\"has-small-font-size\">Nie robili\u015bmy \u017cadnych wcze\u015bniejszych rezerwacji. W po\u0142owie dnia szukali\u015bmy odpowiednio po\u0142o\u017conego miejsca, czasem dzwonili\u015bmy. Jedyny problem polega na tym, \u017ce niekt\u00f3re recepcje zamykane s\u0105 do\u015b\u0107 wcze\u015bnie \u2013 o 19.00, a nawet o 18.00. To uniemo\u017cliwia wieczorn\u0105 jazd\u0119, a przecie\u017c w czerwcu dni s\u0105 bardzo d\u0142ugie, wi\u0119c mo\u017cna by ten czas wykorzysta\u0107. Czasem kto\u015b z obs\u0142ugi campingu gotowy by\u0142 podjecha\u0107 i przyj\u0105\u0107 na nocleg, zdarza\u0142a si\u0119 te\u017c zdecydowana odmowa. A nie chcieli\u015bmy nocowa\u0107 na dziko.<\/p>\n\n\n\n<div class=\"wp-block-image\"><figure class=\"aligncenter size-large\"><a href=\"https:\/\/maciaszki.pl\/wp-content\/uploads\/2025\/07\/1-535-scaled.jpg\"><img loading=\"lazy\" width=\"1024\" height=\"684\" src=\"https:\/\/maciaszki.pl\/wp-content\/uploads\/2025\/07\/1-535-1024x684.jpg\" alt=\"\" class=\"wp-image-6165\" srcset=\"https:\/\/maciaszki.pl\/wp-content\/uploads\/2025\/07\/1-535-1024x684.jpg 1024w, https:\/\/maciaszki.pl\/wp-content\/uploads\/2025\/07\/1-535-300x200.jpg 300w, https:\/\/maciaszki.pl\/wp-content\/uploads\/2025\/07\/1-535-768x513.jpg 768w, https:\/\/maciaszki.pl\/wp-content\/uploads\/2025\/07\/1-535-1536x1026.jpg 1536w, https:\/\/maciaszki.pl\/wp-content\/uploads\/2025\/07\/1-535-2048x1368.jpg 2048w\" sizes=\"(max-width: 706px) 89vw, (max-width: 767px) 82vw, 740px\" \/><\/a><figcaption><em>Takie te\u017c dziwne pojazdy spotykali\u015bmy na campingach<\/em><\/figcaption><\/figure><\/div>\n\n\n\n<p class=\"has-small-font-size\">Zdarza\u0142y si\u0119 te\u017c mi\u0142e zaskoczenia. Po raz pierwszy spotkali\u015bmy si\u0119 z formu\u0142\u0105 campingu samoobs\u0142ugowego. \u017badnej recepcji po prostu nie ma. Trzeba wybra\u0107 sobie miejsce na namiot, toalety s\u0105 otwarte, a op\u0142at\u0119 wrzuca si\u0119 do przeznaczonej na to skrzyneczki. Jest idealnie cicho i czysto, a rano pojawia si\u0119 kto\u015b, kto wyra\u017anie dba o porz\u0105dek. Bardzo polecamy taki camping ko\u0142o Drakenburga nad Wezer\u0105.<\/p>\n\n\n\n<h4><strong>Niezawodna Deutsche Bahn?<\/strong><\/h4>\n\n\n\n<p class=\"has-small-font-size\">Problem dojazdu postanowili\u015bmy rozwi\u0105za\u0107 w spos\u00f3b sprawdzony \u2013 korzystaj\u0105c z niemieckich poci\u0105g\u00f3w regionalnych, kt\u00f3re oferuj\u0105 tanie bilety grupowe i wygod\u0119 w przewo\u017ceniu rower\u00f3w. Samochody zostawili\u015bmy wi\u0119c w S\u0142ubicach i z Frankfurtu nad Odr\u0105 z dwiema przesiadkami w ci\u0105gu 9 godzin dotarli\u015bmy do Bayreuth. Wierzyli\u015bmy w absolutn\u0105 niezawodno\u015b\u0107 Deutsche Bahn. <\/p>\n\n\n\n<div class=\"wp-block-image\"><figure class=\"aligncenter size-large\"><a href=\"https:\/\/maciaszki.pl\/wp-content\/uploads\/2025\/07\/Zdjecie-WhatsApp-2025-07-08-o-11.08.27_e48e1e90.jpg\"><img loading=\"lazy\" width=\"1024\" height=\"682\" src=\"https:\/\/maciaszki.pl\/wp-content\/uploads\/2025\/07\/Zdjecie-WhatsApp-2025-07-08-o-11.08.27_e48e1e90-1024x682.jpg\" alt=\"\" class=\"wp-image-6163\" srcset=\"https:\/\/maciaszki.pl\/wp-content\/uploads\/2025\/07\/Zdjecie-WhatsApp-2025-07-08-o-11.08.27_e48e1e90-1024x682.jpg 1024w, https:\/\/maciaszki.pl\/wp-content\/uploads\/2025\/07\/Zdjecie-WhatsApp-2025-07-08-o-11.08.27_e48e1e90-300x200.jpg 300w, https:\/\/maciaszki.pl\/wp-content\/uploads\/2025\/07\/Zdjecie-WhatsApp-2025-07-08-o-11.08.27_e48e1e90-768x512.jpg 768w, https:\/\/maciaszki.pl\/wp-content\/uploads\/2025\/07\/Zdjecie-WhatsApp-2025-07-08-o-11.08.27_e48e1e90.jpg 1051w\" sizes=\"(max-width: 706px) 89vw, (max-width: 767px) 82vw, 740px\" \/><\/a><figcaption><em>Wagon rowerowy na odcinku z Cuxhaven do Hamburga<\/em><\/figcaption><\/figure><\/div>\n\n\n\n<p class=\"has-small-font-size\">Niestety, w drodze powrotnej z Cuxhaven do S\u0142ubic po raz pierwszy do\u015bwiadczyli\u015bmy zachwiania si\u0119 tego systemu. Plan podr\u00f3\u017cy z pi\u0119cioma przesiadkami za\u0142ama\u0142 si\u0119 ju\u017c przy pierwszej z nich. Do dzi\u015b nie znamy przyczyny problem\u00f3w z rozk\u0142adem jazdy. Nie wchodz\u0105c w szczeg\u00f3\u0142y kolejnych etap\u00f3w podr\u00f3\u017cy, do\u015b\u0107 powiedzie\u0107, \u017ce o 22.00 utkn\u0119li\u015bmy mi\u0119dzy Hamburgiem a Stendal na ma\u0142ej stacji Salzwedel, a tam poczekalnia zamkni\u0119ta, \u0142awek na zewn\u0105trz nie ma, dost\u0119pu do toalet i do wody te\u017c nie ma. Podobno ma by\u0107 jaka\u015b komunikacja zast\u0119pcza. Kiedy? Dok\u0105d? Czy zabierze wszystkich oczekuj\u0105cych? A rowery z sakwami? I \u017cadnej informacji! \u017badnego kolejarza, kt\u00f3ry wiedzia\u0142by cokolwiek! W Internecie na stronie DB te\u017c nic! Ostatecznie z 8-godzinnym op\u00f3\u017anieniem dotarli\u015bmy do Frankfurtu. <\/p>\n\n\n\n<div class=\"wp-block-image\"><figure class=\"aligncenter size-large is-resized\"><a href=\"https:\/\/maciaszki.pl\/wp-content\/uploads\/2025\/07\/Zdjecie-WhatsApp-2025-07-08-o-11.08.27_6be83e3c.jpg\"><img loading=\"lazy\" src=\"https:\/\/maciaszki.pl\/wp-content\/uploads\/2025\/07\/Zdjecie-WhatsApp-2025-07-08-o-11.08.27_6be83e3c-682x1024.jpg\" alt=\"\" class=\"wp-image-6164\" width=\"421\" height=\"631\" srcset=\"https:\/\/maciaszki.pl\/wp-content\/uploads\/2025\/07\/Zdjecie-WhatsApp-2025-07-08-o-11.08.27_6be83e3c-682x1024.jpg 682w, https:\/\/maciaszki.pl\/wp-content\/uploads\/2025\/07\/Zdjecie-WhatsApp-2025-07-08-o-11.08.27_6be83e3c-200x300.jpg 200w, https:\/\/maciaszki.pl\/wp-content\/uploads\/2025\/07\/Zdjecie-WhatsApp-2025-07-08-o-11.08.27_6be83e3c-768x1153.jpg 768w, https:\/\/maciaszki.pl\/wp-content\/uploads\/2025\/07\/Zdjecie-WhatsApp-2025-07-08-o-11.08.27_6be83e3c.jpg 870w\" sizes=\"(max-width: 421px) 100vw, 421px\" \/><\/a><figcaption><em>Windy na peronach to ju\u017c standard jak i zbawienie dla sakwiarzy<\/em><\/figcaption><\/figure><\/div>\n\n\n\n<p class=\"has-small-font-size\">Dzi\u015b wspominamy t\u0119 podr\u00f3\u017c jako \u015brednio zabawn\u0105 przygod\u0119, ale by\u0142a to noc pe\u0142na wielkiego stresu \u2013 g\u0142\u00f3wnie przez ca\u0142kowit\u0105 niepewno\u015b\u0107 i bezradno\u015b\u0107. Mimo wszystko wierz\u0119, \u017ce taki spos\u00f3b podr\u00f3\u017cowania z rowerami jest najkorzystniejsz\u0105 opcj\u0105 i \u017ce podobna \u201ewpadka\u201d Deutsche Bahn nigdy si\u0119 nie powt\u00f3rzy.<\/p>\n\n\n\n<h4>Dodatkowe informacje<\/h4>\n\n\n\n<ul class=\"has-small-font-size\"><li>Mapa trasy jest <a href=\"https:\/\/www.google.com\/maps\/d\/u\/0\/edit?mid=1Bjn6BAewEkTKIbll7C4PgUzgsXCObJg&amp;usp=sharing\" target=\"_blank\" rel=\"noreferrer noopener\"><strong>tutaj<\/strong><\/a><\/li><li>Wi\u0119cej zdj\u0119\u0107 jest w albumie <a href=\"https:\/\/photos.app.goo.gl\/Rewn3vPNh6qAAZeS8\" target=\"_blank\" rel=\"noreferrer noopener\"><strong>&#8222;Rowerem z Bawarii nad Morze P\u00f3\u0142nocne &#8211; 2025&#8221;<\/strong><\/a><\/li><li>Korzystali\u015bmy z mapek w przewodnikach: &#8222;Mainradweg&#8221; &#8211; KOMPASS i &#8222;Weser-Radweg&#8221; &#8211; bikeline<\/li><li>Wspomagali\u015bmy si\u0119 aplikacj\u0105 Komoot w telefonie z wgranymi plikami gpx do poszczeg\u00f3lnych odcink\u00f3w<\/li><\/ul>\n\n\n\n<p><\/p>\n\n\n\n<p><\/p>\n","protected":false},"excerpt":{"rendered":"<p>Men, Fulda, Wezera Nie mamy problemu z wyszukiwaniem kolejnych rowerowych szlak\u00f3w i cel\u00f3w podr\u00f3\u017cy. Popularnych i atrakcyjnych tras d\u0142ugodystansowych w r\u00f3\u017cnych krajach Europy nie brakuje. Gorzej z logistyk\u0105, zw\u0142aszcza z dotarciem na punkt startu i powrotem do domu. Kwestie dojazdu okazuj\u0105 si\u0119 bardzo istotne. Do tego dochodz\u0105 czynniki ambicjonalne \u2013 dobrze, by trasa dor\u00f3wnywa\u0142a poprzednim &hellip; <\/p>\n<p class=\"link-more\"><a href=\"https:\/\/maciaszki.pl\/index.php\/2025\/07\/08\/trasa-rowerowa-men-fulda-i-wezera-2025\/\" class=\"more-link\">Czytaj dalej<span class=\"screen-reader-text\"> Trasa rowerowa Men, Fulda i Wezera 2025<\/span><\/a><\/p>\n","protected":false},"author":6,"featured_media":6130,"comment_status":"open","ping_status":"closed","sticky":false,"template":"","format":"standard","meta":[],"categories":[14,5],"tags":[139,141,140,142,49,17,143],"yoast_head":"<!-- This site is optimized with the Yoast SEO plugin v17.6 - https:\/\/yoast.com\/wordpress\/plugins\/seo\/ -->\n<title>Trasa rowerowa Men, Fulda i Wezera 2025 - Maciaszki<\/title>\n<meta name=\"description\" content=\"trasa rowerowa Men Fulda Wezera Bayreuth Bamberg W\u00fcrzburg Hanau Schlitz Melsungen Hann. H\u00f6xter Hameln Minden Brema Bremerhaven Cuxhaven Kugelbake\" \/>\n<meta name=\"robots\" content=\"index, follow, max-snippet:-1, max-image-preview:large, max-video-preview:-1\" \/>\n<link rel=\"canonical\" href=\"https:\/\/maciaszki.pl\/index.php\/2025\/07\/08\/trasa-rowerowa-men-fulda-i-wezera-2025\/\" \/>\n<meta property=\"og:locale\" content=\"pl_PL\" \/>\n<meta property=\"og:type\" content=\"article\" \/>\n<meta property=\"og:title\" content=\"Trasa rowerowa Men, Fulda i Wezera 2025 - Maciaszki\" \/>\n<meta property=\"og:description\" content=\"trasa rowerowa Men Fulda Wezera Bayreuth Bamberg W\u00fcrzburg Hanau Schlitz Melsungen Hann. H\u00f6xter Hameln Minden Brema Bremerhaven Cuxhaven Kugelbake\" \/>\n<meta property=\"og:url\" content=\"https:\/\/maciaszki.pl\/index.php\/2025\/07\/08\/trasa-rowerowa-men-fulda-i-wezera-2025\/\" \/>\n<meta property=\"og:site_name\" content=\"Maciaszki\" \/>\n<meta property=\"article:published_time\" content=\"2025-07-08T11:29:25+00:00\" \/>\n<meta property=\"article:modified_time\" content=\"2025-07-09T18:17:22+00:00\" \/>\n<meta property=\"og:image\" content=\"https:\/\/maciaszki.pl\/wp-content\/uploads\/2025\/07\/DSC09416.jpg\" \/>\n\t<meta property=\"og:image:width\" content=\"1917\" \/>\n\t<meta property=\"og:image:height\" content=\"1103\" \/>\n<meta name=\"twitter:card\" content=\"summary_large_image\" \/>\n<meta name=\"twitter:label1\" content=\"Napisane przez\" \/>\n\t<meta name=\"twitter:data1\" content=\"Tomek\" \/>\n\t<meta name=\"twitter:label2\" content=\"Szacowany czas czytania\" \/>\n\t<meta name=\"twitter:data2\" content=\"45 minut\" \/>\n<script type=\"application\/ld+json\" class=\"yoast-schema-graph\">{\"@context\":\"https:\/\/schema.org\",\"@graph\":[{\"@type\":\"WebSite\",\"@id\":\"https:\/\/maciaszki.pl\/#website\",\"url\":\"https:\/\/maciaszki.pl\/\",\"name\":\"Maciaszki\",\"description\":\"W\\u0119dr\\u00f3wki w czasie i w przestrzeni\",\"potentialAction\":[{\"@type\":\"SearchAction\",\"target\":{\"@type\":\"EntryPoint\",\"urlTemplate\":\"https:\/\/maciaszki.pl\/?s={search_term_string}\"},\"query-input\":\"required name=search_term_string\"}],\"inLanguage\":\"pl-PL\"},{\"@type\":\"ImageObject\",\"@id\":\"https:\/\/maciaszki.pl\/index.php\/2025\/07\/08\/trasa-rowerowa-men-fulda-i-wezera-2025\/#primaryimage\",\"inLanguage\":\"pl-PL\",\"url\":\"https:\/\/maciaszki.pl\/wp-content\/uploads\/2025\/07\/DSC09416.jpg\",\"contentUrl\":\"https:\/\/maciaszki.pl\/wp-content\/uploads\/2025\/07\/DSC09416.jpg\",\"width\":1917,\"height\":1103},{\"@type\":\"WebPage\",\"@id\":\"https:\/\/maciaszki.pl\/index.php\/2025\/07\/08\/trasa-rowerowa-men-fulda-i-wezera-2025\/#webpage\",\"url\":\"https:\/\/maciaszki.pl\/index.php\/2025\/07\/08\/trasa-rowerowa-men-fulda-i-wezera-2025\/\",\"name\":\"Trasa rowerowa Men, Fulda i Wezera 2025 - Maciaszki\",\"isPartOf\":{\"@id\":\"https:\/\/maciaszki.pl\/#website\"},\"primaryImageOfPage\":{\"@id\":\"https:\/\/maciaszki.pl\/index.php\/2025\/07\/08\/trasa-rowerowa-men-fulda-i-wezera-2025\/#primaryimage\"},\"datePublished\":\"2025-07-08T11:29:25+00:00\",\"dateModified\":\"2025-07-09T18:17:22+00:00\",\"author\":{\"@id\":\"https:\/\/maciaszki.pl\/#\/schema\/person\/927a7d4023a1599d0d448b6094ed01eb\"},\"description\":\"trasa rowerowa Men Fulda Wezera Bayreuth Bamberg W\\u00fcrzburg Hanau Schlitz Melsungen Hann. H\\u00f6xter Hameln Minden Brema Bremerhaven Cuxhaven Kugelbake\",\"breadcrumb\":{\"@id\":\"https:\/\/maciaszki.pl\/index.php\/2025\/07\/08\/trasa-rowerowa-men-fulda-i-wezera-2025\/#breadcrumb\"},\"inLanguage\":\"pl-PL\",\"potentialAction\":[{\"@type\":\"ReadAction\",\"target\":[\"https:\/\/maciaszki.pl\/index.php\/2025\/07\/08\/trasa-rowerowa-men-fulda-i-wezera-2025\/\"]}]},{\"@type\":\"BreadcrumbList\",\"@id\":\"https:\/\/maciaszki.pl\/index.php\/2025\/07\/08\/trasa-rowerowa-men-fulda-i-wezera-2025\/#breadcrumb\",\"itemListElement\":[{\"@type\":\"ListItem\",\"position\":1,\"name\":\"Home\",\"item\":\"https:\/\/maciaszki.pl\/\"},{\"@type\":\"ListItem\",\"position\":2,\"name\":\"Trasa rowerowa Men, Fulda i Wezera 2025\"}]},{\"@type\":\"Person\",\"@id\":\"https:\/\/maciaszki.pl\/#\/schema\/person\/927a7d4023a1599d0d448b6094ed01eb\",\"name\":\"Tomek\",\"image\":{\"@type\":\"ImageObject\",\"@id\":\"https:\/\/maciaszki.pl\/#personlogo\",\"inLanguage\":\"pl-PL\",\"url\":\"https:\/\/secure.gravatar.com\/avatar\/0ce461a5edaa58bb7fb6c252a1dbf70d?s=96&d=mm&r=g\",\"contentUrl\":\"https:\/\/secure.gravatar.com\/avatar\/0ce461a5edaa58bb7fb6c252a1dbf70d?s=96&d=mm&r=g\",\"caption\":\"Tomek\"},\"url\":\"https:\/\/maciaszki.pl\/index.php\/author\/tmaciaszek\/\"}]}<\/script>\n<!-- \/ Yoast SEO plugin. -->","yoast_head_json":{"title":"Trasa rowerowa Men, Fulda i Wezera 2025 - Maciaszki","description":"trasa rowerowa Men Fulda Wezera Bayreuth Bamberg W\u00fcrzburg Hanau Schlitz Melsungen Hann. H\u00f6xter Hameln Minden Brema Bremerhaven Cuxhaven Kugelbake","robots":{"index":"index","follow":"follow","max-snippet":"max-snippet:-1","max-image-preview":"max-image-preview:large","max-video-preview":"max-video-preview:-1"},"canonical":"https:\/\/maciaszki.pl\/index.php\/2025\/07\/08\/trasa-rowerowa-men-fulda-i-wezera-2025\/","og_locale":"pl_PL","og_type":"article","og_title":"Trasa rowerowa Men, Fulda i Wezera 2025 - Maciaszki","og_description":"trasa rowerowa Men Fulda Wezera Bayreuth Bamberg W\u00fcrzburg Hanau Schlitz Melsungen Hann. H\u00f6xter Hameln Minden Brema Bremerhaven Cuxhaven Kugelbake","og_url":"https:\/\/maciaszki.pl\/index.php\/2025\/07\/08\/trasa-rowerowa-men-fulda-i-wezera-2025\/","og_site_name":"Maciaszki","article_published_time":"2025-07-08T11:29:25+00:00","article_modified_time":"2025-07-09T18:17:22+00:00","og_image":[{"width":1917,"height":1103,"url":"https:\/\/maciaszki.pl\/wp-content\/uploads\/2025\/07\/DSC09416.jpg","type":"image\/jpeg"}],"twitter_card":"summary_large_image","twitter_misc":{"Napisane przez":"Tomek","Szacowany czas czytania":"45 minut"},"schema":{"@context":"https:\/\/schema.org","@graph":[{"@type":"WebSite","@id":"https:\/\/maciaszki.pl\/#website","url":"https:\/\/maciaszki.pl\/","name":"Maciaszki","description":"W\u0119dr\u00f3wki w czasie i w przestrzeni","potentialAction":[{"@type":"SearchAction","target":{"@type":"EntryPoint","urlTemplate":"https:\/\/maciaszki.pl\/?s={search_term_string}"},"query-input":"required name=search_term_string"}],"inLanguage":"pl-PL"},{"@type":"ImageObject","@id":"https:\/\/maciaszki.pl\/index.php\/2025\/07\/08\/trasa-rowerowa-men-fulda-i-wezera-2025\/#primaryimage","inLanguage":"pl-PL","url":"https:\/\/maciaszki.pl\/wp-content\/uploads\/2025\/07\/DSC09416.jpg","contentUrl":"https:\/\/maciaszki.pl\/wp-content\/uploads\/2025\/07\/DSC09416.jpg","width":1917,"height":1103},{"@type":"WebPage","@id":"https:\/\/maciaszki.pl\/index.php\/2025\/07\/08\/trasa-rowerowa-men-fulda-i-wezera-2025\/#webpage","url":"https:\/\/maciaszki.pl\/index.php\/2025\/07\/08\/trasa-rowerowa-men-fulda-i-wezera-2025\/","name":"Trasa rowerowa Men, Fulda i Wezera 2025 - Maciaszki","isPartOf":{"@id":"https:\/\/maciaszki.pl\/#website"},"primaryImageOfPage":{"@id":"https:\/\/maciaszki.pl\/index.php\/2025\/07\/08\/trasa-rowerowa-men-fulda-i-wezera-2025\/#primaryimage"},"datePublished":"2025-07-08T11:29:25+00:00","dateModified":"2025-07-09T18:17:22+00:00","author":{"@id":"https:\/\/maciaszki.pl\/#\/schema\/person\/927a7d4023a1599d0d448b6094ed01eb"},"description":"trasa rowerowa Men Fulda Wezera Bayreuth Bamberg W\u00fcrzburg Hanau Schlitz Melsungen Hann. H\u00f6xter Hameln Minden Brema Bremerhaven Cuxhaven Kugelbake","breadcrumb":{"@id":"https:\/\/maciaszki.pl\/index.php\/2025\/07\/08\/trasa-rowerowa-men-fulda-i-wezera-2025\/#breadcrumb"},"inLanguage":"pl-PL","potentialAction":[{"@type":"ReadAction","target":["https:\/\/maciaszki.pl\/index.php\/2025\/07\/08\/trasa-rowerowa-men-fulda-i-wezera-2025\/"]}]},{"@type":"BreadcrumbList","@id":"https:\/\/maciaszki.pl\/index.php\/2025\/07\/08\/trasa-rowerowa-men-fulda-i-wezera-2025\/#breadcrumb","itemListElement":[{"@type":"ListItem","position":1,"name":"Home","item":"https:\/\/maciaszki.pl\/"},{"@type":"ListItem","position":2,"name":"Trasa rowerowa Men, Fulda i Wezera 2025"}]},{"@type":"Person","@id":"https:\/\/maciaszki.pl\/#\/schema\/person\/927a7d4023a1599d0d448b6094ed01eb","name":"Tomek","image":{"@type":"ImageObject","@id":"https:\/\/maciaszki.pl\/#personlogo","inLanguage":"pl-PL","url":"https:\/\/secure.gravatar.com\/avatar\/0ce461a5edaa58bb7fb6c252a1dbf70d?s=96&d=mm&r=g","contentUrl":"https:\/\/secure.gravatar.com\/avatar\/0ce461a5edaa58bb7fb6c252a1dbf70d?s=96&d=mm&r=g","caption":"Tomek"},"url":"https:\/\/maciaszki.pl\/index.php\/author\/tmaciaszek\/"}]}},"_links":{"self":[{"href":"https:\/\/maciaszki.pl\/index.php\/wp-json\/wp\/v2\/posts\/6007"}],"collection":[{"href":"https:\/\/maciaszki.pl\/index.php\/wp-json\/wp\/v2\/posts"}],"about":[{"href":"https:\/\/maciaszki.pl\/index.php\/wp-json\/wp\/v2\/types\/post"}],"author":[{"embeddable":true,"href":"https:\/\/maciaszki.pl\/index.php\/wp-json\/wp\/v2\/users\/6"}],"replies":[{"embeddable":true,"href":"https:\/\/maciaszki.pl\/index.php\/wp-json\/wp\/v2\/comments?post=6007"}],"version-history":[{"count":19,"href":"https:\/\/maciaszki.pl\/index.php\/wp-json\/wp\/v2\/posts\/6007\/revisions"}],"predecessor-version":[{"id":6190,"href":"https:\/\/maciaszki.pl\/index.php\/wp-json\/wp\/v2\/posts\/6007\/revisions\/6190"}],"wp:featuredmedia":[{"embeddable":true,"href":"https:\/\/maciaszki.pl\/index.php\/wp-json\/wp\/v2\/media\/6130"}],"wp:attachment":[{"href":"https:\/\/maciaszki.pl\/index.php\/wp-json\/wp\/v2\/media?parent=6007"}],"wp:term":[{"taxonomy":"category","embeddable":true,"href":"https:\/\/maciaszki.pl\/index.php\/wp-json\/wp\/v2\/categories?post=6007"},{"taxonomy":"post_tag","embeddable":true,"href":"https:\/\/maciaszki.pl\/index.php\/wp-json\/wp\/v2\/tags?post=6007"}],"curies":[{"name":"wp","href":"https:\/\/api.w.org\/{rel}","templated":true}]}}