{"id":4860,"date":"2024-04-20T12:26:07","date_gmt":"2024-04-20T10:26:07","guid":{"rendered":"https:\/\/maciaszki.pl\/?p=4860"},"modified":"2024-08-07T21:56:03","modified_gmt":"2024-08-07T19:56:03","slug":"szwajcaria-czeska-i-saksonska","status":"publish","type":"post","link":"https:\/\/maciaszki.pl\/index.php\/2024\/04\/20\/szwajcaria-czeska-i-saksonska\/","title":{"rendered":"Czeska i Sakso\u0144ska Szwajcaria"},"content":{"rendered":"\n<p class=\"has-small-font-size\">O ile czeskie skalne miasto Ard<em>\u0161<\/em>pach jest w\u015br\u00f3d polskich turyst\u00f3w bardzo popularne, przede wszystkim jako cel wielu wycieczek, to ju\u017c w rejonie Szwajcarii Sakso\u0144skiej i Czeskiej j\u0119zyk polski s\u0142yszy si\u0119 zdecydowanie rzadziej. Troch\u0119 to dziwi, bo obie niezwykle malownicze \u201eSzwajcarie\u201d le\u017c\u0105 kilkadziesi\u0105t kilometr\u00f3w od Bogatyni, na pograniczu niemiecko-czeskim.<\/p>\n\n\n\n<figure class=\"wp-block-image size-large\"><a href=\"https:\/\/maciaszki.pl\/wp-content\/uploads\/2024\/04\/DSC06586-scaled.jpg\"><img loading=\"lazy\" width=\"1024\" height=\"683\" src=\"https:\/\/maciaszki.pl\/wp-content\/uploads\/2024\/04\/DSC06586-1024x683.jpg\" alt=\"\" class=\"wp-image-4877\" srcset=\"https:\/\/maciaszki.pl\/wp-content\/uploads\/2024\/04\/DSC06586-1024x683.jpg 1024w, https:\/\/maciaszki.pl\/wp-content\/uploads\/2024\/04\/DSC06586-300x200.jpg 300w, https:\/\/maciaszki.pl\/wp-content\/uploads\/2024\/04\/DSC06586-768x512.jpg 768w, https:\/\/maciaszki.pl\/wp-content\/uploads\/2024\/04\/DSC06586-1536x1025.jpg 1536w, https:\/\/maciaszki.pl\/wp-content\/uploads\/2024\/04\/DSC06586-2048x1366.jpg 2048w\" sizes=\"(max-width: 706px) 89vw, (max-width: 767px) 82vw, 740px\" \/><\/a><figcaption><em>Krajobraz Czeskiej Szwajcarii  z pawilonem na Mariinej Skale<\/em><\/figcaption><\/figure>\n\n\n\n<p class=\"has-small-font-size\">Sze\u015b\u0107 lata temu przemierzali\u015bmy ten teren rowerami, ko\u0144cz\u0105c w H\u0159ensku nasz\u0105 tras\u0119 <a href=\"https:\/\/maciaszki.pl\/index.php\/2018\/06\/30\/rowerem-wzdluz-laby-lub-powrot-do-nrd\/\" target=\"_blank\" rel=\"noreferrer noopener\">wzd\u0142u\u017c \u0141aby<\/a>. Patrz\u0105c na pi\u0119trz\u0105ce si\u0119 ponad dolin\u0105 rzeki ska\u0142y ze s\u0142ynnym mostem Bastei, obiecali\u015bmy sobie powr\u00f3t na d\u0142u\u017csz\u0105 piesz\u0105 w\u0119dr\u00f3wk\u0119. I troch\u0119 zesz\u0142o, zanim uda\u0142o si\u0119 nam te plany zi\u015bci\u0107.<\/p>\n\n\n\n<figure class=\"wp-block-image size-large\"><a href=\"https:\/\/maciaszki.pl\/wp-content\/uploads\/2024\/04\/DSC06613-2-scaled.jpg\"><img loading=\"lazy\" width=\"1024\" height=\"683\" src=\"https:\/\/maciaszki.pl\/wp-content\/uploads\/2024\/04\/DSC06613-2-1024x683.jpg\" alt=\"\" class=\"wp-image-4878\" srcset=\"https:\/\/maciaszki.pl\/wp-content\/uploads\/2024\/04\/DSC06613-2-1024x683.jpg 1024w, https:\/\/maciaszki.pl\/wp-content\/uploads\/2024\/04\/DSC06613-2-300x200.jpg 300w, https:\/\/maciaszki.pl\/wp-content\/uploads\/2024\/04\/DSC06613-2-768x512.jpg 768w, https:\/\/maciaszki.pl\/wp-content\/uploads\/2024\/04\/DSC06613-2-1536x1024.jpg 1536w, https:\/\/maciaszki.pl\/wp-content\/uploads\/2024\/04\/DSC06613-2-2048x1365.jpg 2048w\" sizes=\"(max-width: 706px) 89vw, (max-width: 767px) 82vw, 740px\" \/><\/a><figcaption><em>Sakso\u0144ska Szwajcaria &#8211; most Bastei<\/em><\/figcaption><\/figure>\n\n\n\n<p class=\"has-small-font-size\">Czeska Szwajcaria, p\u00f3\u0142nocny kraniec Czech, to teren ma\u0142o zurbanizowany. Podrz\u0119dne, lokalne drogi \u0142\u0105cz\u0105 niewielkie wsie, w kt\u00f3rych mo\u017cna znale\u017a\u0107 pensjonaty i hoteliki dla turyst\u00f3w. Jednak warto zamawia\u0107 noclegi wcze\u015bniej, bo region cieszy si\u0119 niema\u0142\u0105 popularno\u015bci\u0105, g\u0142\u00f3wnie w\u015br\u00f3d Czech\u00f3w i Niemc\u00f3w. Zreszt\u0105 na szlakach prowadz\u0105cych do najbardziej znanych miejsc bywa t\u0142oczno, zw\u0142aszcza podczas \u015bwi\u0105t i weekend\u00f3w.<\/p>\n\n\n\n<!--more-->\n\n\n\n<figure class=\"wp-block-gallery columns-2 is-cropped\"><ul class=\"blocks-gallery-grid\"><li class=\"blocks-gallery-item\"><figure><a href=\"https:\/\/maciaszki.pl\/wp-content\/uploads\/2024\/04\/DSC06573-scaled.jpg\"><img loading=\"lazy\" width=\"681\" height=\"1024\" src=\"https:\/\/maciaszki.pl\/wp-content\/uploads\/2024\/04\/DSC06573-681x1024.jpg\" alt=\"\" data-id=\"4879\" data-full-url=\"https:\/\/maciaszki.pl\/wp-content\/uploads\/2024\/04\/DSC06573-scaled.jpg\" data-link=\"https:\/\/maciaszki.pl\/index.php\/2024\/04\/20\/szwajcaria-czeska-i-saksonska\/sony-dsc-870\/\" class=\"wp-image-4879\" srcset=\"https:\/\/maciaszki.pl\/wp-content\/uploads\/2024\/04\/DSC06573-681x1024.jpg 681w, https:\/\/maciaszki.pl\/wp-content\/uploads\/2024\/04\/DSC06573-200x300.jpg 200w, https:\/\/maciaszki.pl\/wp-content\/uploads\/2024\/04\/DSC06573-768x1154.jpg 768w, https:\/\/maciaszki.pl\/wp-content\/uploads\/2024\/04\/DSC06573-1022x1536.jpg 1022w, https:\/\/maciaszki.pl\/wp-content\/uploads\/2024\/04\/DSC06573-1363x2048.jpg 1363w, https:\/\/maciaszki.pl\/wp-content\/uploads\/2024\/04\/DSC06573-scaled.jpg 1704w\" sizes=\"(max-width: 681px) 100vw, 681px\" \/><\/a><\/figure><\/li><li class=\"blocks-gallery-item\"><figure><a href=\"https:\/\/maciaszki.pl\/wp-content\/uploads\/2024\/04\/DSC06581-scaled.jpg\"><img loading=\"lazy\" width=\"681\" height=\"1024\" src=\"https:\/\/maciaszki.pl\/wp-content\/uploads\/2024\/04\/DSC06581-681x1024.jpg\" alt=\"\" data-id=\"4880\" data-full-url=\"https:\/\/maciaszki.pl\/wp-content\/uploads\/2024\/04\/DSC06581-scaled.jpg\" data-link=\"https:\/\/maciaszki.pl\/index.php\/2024\/04\/20\/szwajcaria-czeska-i-saksonska\/sony-dsc-871\/\" class=\"wp-image-4880\" srcset=\"https:\/\/maciaszki.pl\/wp-content\/uploads\/2024\/04\/DSC06581-681x1024.jpg 681w, https:\/\/maciaszki.pl\/wp-content\/uploads\/2024\/04\/DSC06581-200x300.jpg 200w, https:\/\/maciaszki.pl\/wp-content\/uploads\/2024\/04\/DSC06581-768x1154.jpg 768w, https:\/\/maciaszki.pl\/wp-content\/uploads\/2024\/04\/DSC06581-1022x1536.jpg 1022w, https:\/\/maciaszki.pl\/wp-content\/uploads\/2024\/04\/DSC06581-1363x2048.jpg 1363w, https:\/\/maciaszki.pl\/wp-content\/uploads\/2024\/04\/DSC06581-scaled.jpg 1704w\" sizes=\"(max-width: 681px) 100vw, 681px\" \/><\/a><\/figure><\/li><\/ul><figcaption class=\"blocks-gallery-caption\">\u015acie\u017cki w Czeskiej Szwajcarii<\/figcaption><\/figure>\n\n\n\n<p class=\"has-small-font-size\">Warto sobie u\u015bwiadomi\u0107, \u017ce Sakso\u0144ska i Czeska Szwajcaria sta\u0142a si\u0119 popularna ponad 250 lat temu. \u015acie\u017cki pomi\u0119dzy ska\u0142kami G\u00f3r Po\u0142abskiech romantycy przemierzali ju\u017c pod koniec XVIII wieku. Zafascynowani natur\u0105 zgodnie z duchem czasu odkrywali miejsca niedost\u0119pne i spektakularne, tajemnicze i transcendentne. Poddani tej modzie arystokraci nie szcz\u0119dzili pieni\u0119dzy na romantyczne pasje, tworz\u0105c obiekty i szlaki, z kt\u00f3rych kolejne pokolenia ciesz\u0105 si\u0119 od dwustu lat. <\/p>\n\n\n\n<figure class=\"wp-block-image size-large\"><a href=\"https:\/\/maciaszki.pl\/wp-content\/uploads\/2024\/04\/DSC06774-scaled.jpg\"><img loading=\"lazy\" width=\"1024\" height=\"681\" src=\"https:\/\/maciaszki.pl\/wp-content\/uploads\/2024\/04\/DSC06774-1024x681.jpg\" alt=\"\" class=\"wp-image-4890\" srcset=\"https:\/\/maciaszki.pl\/wp-content\/uploads\/2024\/04\/DSC06774-1024x681.jpg 1024w, https:\/\/maciaszki.pl\/wp-content\/uploads\/2024\/04\/DSC06774-300x200.jpg 300w, https:\/\/maciaszki.pl\/wp-content\/uploads\/2024\/04\/DSC06774-768x511.jpg 768w, https:\/\/maciaszki.pl\/wp-content\/uploads\/2024\/04\/DSC06774-1536x1022.jpg 1536w, https:\/\/maciaszki.pl\/wp-content\/uploads\/2024\/04\/DSC06774-2048x1363.jpg 2048w\" sizes=\"(max-width: 706px) 89vw, (max-width: 767px) 82vw, 740px\" \/><\/a><figcaption><em>Kamienne \u015bciany Sakso\u0144skiej Szwajcarii<\/em><\/figcaption><\/figure>\n\n\n\n<p class=\"has-small-font-size\">Zwi\u0105zek z przesz\u0142o\u015bci\u0105 jest tu podkre\u015blany na ka\u017cdym kroku, chocia\u017cby przez nazwy szlak\u00f3w. Na prze\u0142omie XVIII i XIX wieku Sakso\u0144sk\u0105 Szwajcari\u0119 odwiedzali tw\u00f3rcy z Drezde\u0144skiej Akademii Artystycznej, szukaj\u0105c malarskich inspiracji. Nie chc\u0119 wchodzi\u0107 w historyczne szczeg\u00f3\u0142y, przypomn\u0119 tylko, \u017ce w\u0142a\u015bnie tam powsta\u0142 sztandarowy obraz romantycznego malarstwa \u201eW\u0119drowiec nad morzem mg\u0142y\u201d Caspara Dawida Friedricha. <\/p>\n\n\n\n<div class=\"wp-block-image\"><figure class=\"aligncenter size-large is-resized\"><a href=\"https:\/\/maciaszki.pl\/wp-content\/uploads\/2024\/04\/Caspar_David_Friedrich_-_Wanderer_above_the_Sea_of_Fog-scaled.jpeg\"><img loading=\"lazy\" src=\"https:\/\/maciaszki.pl\/wp-content\/uploads\/2024\/04\/Caspar_David_Friedrich_-_Wanderer_above_the_Sea_of_Fog-798x1024.jpeg\" alt=\"\" class=\"wp-image-4881\" width=\"477\" height=\"611\" srcset=\"https:\/\/maciaszki.pl\/wp-content\/uploads\/2024\/04\/Caspar_David_Friedrich_-_Wanderer_above_the_Sea_of_Fog-798x1024.jpeg 798w, https:\/\/maciaszki.pl\/wp-content\/uploads\/2024\/04\/Caspar_David_Friedrich_-_Wanderer_above_the_Sea_of_Fog-234x300.jpeg 234w, https:\/\/maciaszki.pl\/wp-content\/uploads\/2024\/04\/Caspar_David_Friedrich_-_Wanderer_above_the_Sea_of_Fog-768x985.jpeg 768w, https:\/\/maciaszki.pl\/wp-content\/uploads\/2024\/04\/Caspar_David_Friedrich_-_Wanderer_above_the_Sea_of_Fog-1197x1536.jpeg 1197w, https:\/\/maciaszki.pl\/wp-content\/uploads\/2024\/04\/Caspar_David_Friedrich_-_Wanderer_above_the_Sea_of_Fog-1597x2048.jpeg 1597w, https:\/\/maciaszki.pl\/wp-content\/uploads\/2024\/04\/Caspar_David_Friedrich_-_Wanderer_above_the_Sea_of_Fog-scaled.jpeg 1996w\" sizes=\"(max-width: 477px) 100vw, 477px\" \/><\/a><figcaption><em> \u201eW\u0119drowiec nad morzem mg\u0142y\u201d Caspara Dawida Friedricha<\/em> <em>(Wikipedia)<\/em><\/figcaption><\/figure><\/div>\n\n\n\n<p class=\"has-small-font-size\">Malerweg (Droga Malarzy) to najpopularniejszy szlak niemieckiej cz\u0119\u015bci tego regionu. Powsta\u0142 w 2006 r. i liczy 116 km, a rozpoczyna si\u0119 w Pirnie, mie\u015bcie, kt\u00f3re jeszcze przed romantykami odwiedza\u0142 i w kt\u00f3rym tworzy\u0142 Canaletto. Zreszt\u0105 co roku pod koniec kwietnia na starym mie\u015bcie niewiele zmienionym od XVIII wieku odbywa si\u0119 &nbsp;niezwyk\u0142a impreza, kt\u00f3rej uczestnicy w strojach z epoki aran\u017cuj\u0105 \u017cywy obraz imituj\u0105cy dzie\u0142o Canaletta \u201eRynek w Pirnie\u201d. My zatrzymujemy si\u0119 w restauracji Canaletto, by pod obrazem mistrza, z widokiem na rynek wypi\u0107 pyszn\u0105 kaw\u0119.<\/p>\n\n\n\n<figure class=\"wp-block-image size-large\"><a href=\"https:\/\/maciaszki.pl\/wp-content\/uploads\/2024\/04\/Canaletto_I_021-scaled.jpg\"><img loading=\"lazy\" width=\"1024\" height=\"569\" src=\"https:\/\/maciaszki.pl\/wp-content\/uploads\/2024\/04\/Canaletto_I_021-1024x569.jpg\" alt=\"\" class=\"wp-image-4882\" srcset=\"https:\/\/maciaszki.pl\/wp-content\/uploads\/2024\/04\/Canaletto_I_021-1024x569.jpg 1024w, https:\/\/maciaszki.pl\/wp-content\/uploads\/2024\/04\/Canaletto_I_021-300x167.jpg 300w, https:\/\/maciaszki.pl\/wp-content\/uploads\/2024\/04\/Canaletto_I_021-768x427.jpg 768w, https:\/\/maciaszki.pl\/wp-content\/uploads\/2024\/04\/Canaletto_I_021-1536x853.jpg 1536w, https:\/\/maciaszki.pl\/wp-content\/uploads\/2024\/04\/Canaletto_I_021-2048x1138.jpg 2048w\" sizes=\"(max-width: 706px) 89vw, (max-width: 767px) 82vw, 740px\" \/><\/a><figcaption><em>  Canaletto \u201eRynek w Pirnie\u201d <\/em>&#8211;<em> z takim widokiem pili\u015bmy kaw\u0119<\/em> <em>(Wikipedia)<\/em><\/figcaption><\/figure>\n\n\n\n<h4>Czeska Szwajcaria &#8211; okolice Jet\u0159ichovic<\/h4>\n\n\n\n<p class=\"has-small-font-size\">Wr\u00f3\u0107my jednak do g\u00f3rskich w\u0119dr\u00f3wek. Zatrzymali\u015bmy si\u0119 blisko Jet\u0159ichovic, a \u017ce czasu po podr\u00f3\u017cy pozosta\u0142o nie za wiele, popo\u0142udnie wykorzystali\u015bmy na kr\u00f3tk\u0105 wycieczk\u0119 po Jet\u0159ichowickich st\u011bnach prowadz\u0105c\u0105 przez Mariin\u0105 Ska\u0142\u0119 i Kamie\u0144 Rudolfa (szlak czerwony i zielony). Trasa okaza\u0142a si\u0119 prosta i niezwykle malownicza. <\/p>\n\n\n\n<figure class=\"wp-block-gallery columns-2 is-cropped\"><ul class=\"blocks-gallery-grid\"><li class=\"blocks-gallery-item\"><figure><a href=\"https:\/\/maciaszki.pl\/wp-content\/uploads\/2024\/04\/DSC06603-681x1024.jpg\"><img loading=\"lazy\" width=\"681\" height=\"1024\" src=\"https:\/\/maciaszki.pl\/wp-content\/uploads\/2024\/04\/DSC06603-681x1024.jpg\" alt=\"\" data-id=\"4883\" data-link=\"https:\/\/maciaszki.pl\/index.php\/2024\/04\/20\/szwajcaria-czeska-i-saksonska\/sony-dsc-872\/\" class=\"wp-image-4883\" srcset=\"https:\/\/maciaszki.pl\/wp-content\/uploads\/2024\/04\/DSC06603-681x1024.jpg 681w, https:\/\/maciaszki.pl\/wp-content\/uploads\/2024\/04\/DSC06603-200x300.jpg 200w, https:\/\/maciaszki.pl\/wp-content\/uploads\/2024\/04\/DSC06603-768x1154.jpg 768w, https:\/\/maciaszki.pl\/wp-content\/uploads\/2024\/04\/DSC06603-1022x1536.jpg 1022w, https:\/\/maciaszki.pl\/wp-content\/uploads\/2024\/04\/DSC06603-1363x2048.jpg 1363w, https:\/\/maciaszki.pl\/wp-content\/uploads\/2024\/04\/DSC06603-scaled.jpg 1704w\" sizes=\"(max-width: 681px) 100vw, 681px\" \/><\/a><\/figure><\/li><li class=\"blocks-gallery-item\"><figure><a href=\"https:\/\/maciaszki.pl\/wp-content\/uploads\/2024\/04\/IMG_2250-682x1024.jpg\"><img loading=\"lazy\" width=\"682\" height=\"1024\" src=\"https:\/\/maciaszki.pl\/wp-content\/uploads\/2024\/04\/IMG_2250-682x1024.jpg\" alt=\"\" data-id=\"4884\" data-link=\"https:\/\/maciaszki.pl\/index.php\/2024\/04\/20\/szwajcaria-czeska-i-saksonska\/img_2250\/\" class=\"wp-image-4884\" srcset=\"https:\/\/maciaszki.pl\/wp-content\/uploads\/2024\/04\/IMG_2250-682x1024.jpg 682w, https:\/\/maciaszki.pl\/wp-content\/uploads\/2024\/04\/IMG_2250-200x300.jpg 200w, https:\/\/maciaszki.pl\/wp-content\/uploads\/2024\/04\/IMG_2250-768x1153.jpg 768w, https:\/\/maciaszki.pl\/wp-content\/uploads\/2024\/04\/IMG_2250-1023x1536.jpg 1023w, https:\/\/maciaszki.pl\/wp-content\/uploads\/2024\/04\/IMG_2250-1364x2048.jpg 1364w, https:\/\/maciaszki.pl\/wp-content\/uploads\/2024\/04\/IMG_2250-scaled.jpg 1705w\" sizes=\"(max-width: 682px) 100vw, 682px\" \/><\/a><\/figure><\/li><li class=\"blocks-gallery-item\"><figure><a href=\"https:\/\/maciaszki.pl\/wp-content\/uploads\/2024\/04\/IMG_2260-683x1024.jpg\"><img loading=\"lazy\" width=\"683\" height=\"1024\" src=\"https:\/\/maciaszki.pl\/wp-content\/uploads\/2024\/04\/IMG_2260-683x1024.jpg\" alt=\"\" data-id=\"4885\" data-link=\"https:\/\/maciaszki.pl\/index.php\/2024\/04\/20\/szwajcaria-czeska-i-saksonska\/img_2260\/\" class=\"wp-image-4885\" srcset=\"https:\/\/maciaszki.pl\/wp-content\/uploads\/2024\/04\/IMG_2260-683x1024.jpg 683w, https:\/\/maciaszki.pl\/wp-content\/uploads\/2024\/04\/IMG_2260-200x300.jpg 200w, https:\/\/maciaszki.pl\/wp-content\/uploads\/2024\/04\/IMG_2260-768x1151.jpg 768w, https:\/\/maciaszki.pl\/wp-content\/uploads\/2024\/04\/IMG_2260-1024x1536.jpg 1024w, https:\/\/maciaszki.pl\/wp-content\/uploads\/2024\/04\/IMG_2260-1366x2048.jpg 1366w, https:\/\/maciaszki.pl\/wp-content\/uploads\/2024\/04\/IMG_2260-scaled.jpg 1707w\" sizes=\"(max-width: 683px) 100vw, 683px\" \/><\/a><\/figure><\/li><li class=\"blocks-gallery-item\"><figure><a href=\"https:\/\/maciaszki.pl\/wp-content\/uploads\/2024\/04\/IMG_2268-681x1024.jpg\"><img loading=\"lazy\" width=\"681\" height=\"1024\" src=\"https:\/\/maciaszki.pl\/wp-content\/uploads\/2024\/04\/IMG_2268-681x1024.jpg\" alt=\"\" data-id=\"4886\" data-link=\"https:\/\/maciaszki.pl\/index.php\/2024\/04\/20\/szwajcaria-czeska-i-saksonska\/img_2268\/\" class=\"wp-image-4886\" srcset=\"https:\/\/maciaszki.pl\/wp-content\/uploads\/2024\/04\/IMG_2268-681x1024.jpg 681w, https:\/\/maciaszki.pl\/wp-content\/uploads\/2024\/04\/IMG_2268-200x300.jpg 200w, https:\/\/maciaszki.pl\/wp-content\/uploads\/2024\/04\/IMG_2268-768x1154.jpg 768w, https:\/\/maciaszki.pl\/wp-content\/uploads\/2024\/04\/IMG_2268-1022x1536.jpg 1022w, https:\/\/maciaszki.pl\/wp-content\/uploads\/2024\/04\/IMG_2268-1363x2048.jpg 1363w, https:\/\/maciaszki.pl\/wp-content\/uploads\/2024\/04\/IMG_2268-scaled.jpg 1703w\" sizes=\"(max-width: 681px) 100vw, 681px\" \/><\/a><\/figure><\/li><li class=\"blocks-gallery-item\"><figure><a href=\"https:\/\/maciaszki.pl\/wp-content\/uploads\/2024\/04\/DSC06555-scaled.jpg\"><img loading=\"lazy\" width=\"681\" height=\"1024\" src=\"https:\/\/maciaszki.pl\/wp-content\/uploads\/2024\/04\/DSC06555-681x1024.jpg\" alt=\"\" data-id=\"4926\" data-full-url=\"https:\/\/maciaszki.pl\/wp-content\/uploads\/2024\/04\/DSC06555-scaled.jpg\" data-link=\"https:\/\/maciaszki.pl\/index.php\/2024\/04\/20\/szwajcaria-czeska-i-saksonska\/sony-dsc-887\/\" class=\"wp-image-4926\" srcset=\"https:\/\/maciaszki.pl\/wp-content\/uploads\/2024\/04\/DSC06555-681x1024.jpg 681w, https:\/\/maciaszki.pl\/wp-content\/uploads\/2024\/04\/DSC06555-200x300.jpg 200w, https:\/\/maciaszki.pl\/wp-content\/uploads\/2024\/04\/DSC06555-768x1154.jpg 768w, https:\/\/maciaszki.pl\/wp-content\/uploads\/2024\/04\/DSC06555-1022x1536.jpg 1022w, https:\/\/maciaszki.pl\/wp-content\/uploads\/2024\/04\/DSC06555-1363x2048.jpg 1363w, https:\/\/maciaszki.pl\/wp-content\/uploads\/2024\/04\/DSC06555-scaled.jpg 1704w\" sizes=\"(max-width: 681px) 100vw, 681px\" \/><\/a><\/figure><\/li><li class=\"blocks-gallery-item\"><figure><a href=\"https:\/\/maciaszki.pl\/wp-content\/uploads\/2024\/04\/IMG_2238-scaled.jpg\"><img loading=\"lazy\" width=\"768\" height=\"1024\" src=\"https:\/\/maciaszki.pl\/wp-content\/uploads\/2024\/04\/IMG_2238-768x1024.jpg\" alt=\"\" data-id=\"4927\" data-full-url=\"https:\/\/maciaszki.pl\/wp-content\/uploads\/2024\/04\/IMG_2238-scaled.jpg\" data-link=\"https:\/\/maciaszki.pl\/index.php\/2024\/04\/20\/szwajcaria-czeska-i-saksonska\/img_2238\/\" class=\"wp-image-4927\" srcset=\"https:\/\/maciaszki.pl\/wp-content\/uploads\/2024\/04\/IMG_2238-768x1024.jpg 768w, https:\/\/maciaszki.pl\/wp-content\/uploads\/2024\/04\/IMG_2238-225x300.jpg 225w, https:\/\/maciaszki.pl\/wp-content\/uploads\/2024\/04\/IMG_2238-1152x1536.jpg 1152w, https:\/\/maciaszki.pl\/wp-content\/uploads\/2024\/04\/IMG_2238-1536x2048.jpg 1536w, https:\/\/maciaszki.pl\/wp-content\/uploads\/2024\/04\/IMG_2238-scaled.jpg 1920w\" sizes=\"(max-width: 706px) 89vw, (max-width: 767px) 82vw, 740px\" \/><\/a><\/figure><\/li><\/ul><figcaption class=\"blocks-gallery-caption\">Czeska Szwajcaria<\/figcaption><\/figure>\n\n\n\n<p class=\"has-small-font-size\">R\u00f3\u017cnorodne formy skalne z zwietrza\u0142ego piaskowca, w\u0105skie szczeliny, kamienne schodki i liczne punkty widokowe \u2013 to wszystko sprawia, \u017ce pokonanie paru kilometr\u00f3w zajmuje sporo czasu. I naprawd\u0119 nie warto si\u0119 spieszy\u0107. Dodatkow\u0105 atrakcj\u0105 s\u0105 tu obrazy przedstawiaj\u0105ce postacie zwi\u0105zane z tym rejonem: ksi\u0119cia Rudolfa Kinskiego, Mari\u0119 Kinsk\u0105, lokalnego le\u015bnika\u2026 Ich imiona niewiele nam m\u00f3wi\u0105, ale portrety doskonale wpisuj\u0105 si\u0119 w klimat tego miejsca.<\/p>\n\n\n\n<figure class=\"wp-block-gallery columns-3 is-cropped\"><ul class=\"blocks-gallery-grid\"><li class=\"blocks-gallery-item\"><figure><a href=\"https:\/\/maciaszki.pl\/wp-content\/uploads\/2024\/04\/DSC06565-scaled.jpg\"><img loading=\"lazy\" width=\"682\" height=\"1024\" src=\"https:\/\/maciaszki.pl\/wp-content\/uploads\/2024\/04\/DSC06565-682x1024.jpg\" alt=\"\" data-id=\"4887\" data-full-url=\"https:\/\/maciaszki.pl\/wp-content\/uploads\/2024\/04\/DSC06565-scaled.jpg\" data-link=\"https:\/\/maciaszki.pl\/index.php\/2024\/04\/20\/szwajcaria-czeska-i-saksonska\/sony-dsc-873\/\" class=\"wp-image-4887\" srcset=\"https:\/\/maciaszki.pl\/wp-content\/uploads\/2024\/04\/DSC06565-682x1024.jpg 682w, https:\/\/maciaszki.pl\/wp-content\/uploads\/2024\/04\/DSC06565-200x300.jpg 200w, https:\/\/maciaszki.pl\/wp-content\/uploads\/2024\/04\/DSC06565-768x1154.jpg 768w, https:\/\/maciaszki.pl\/wp-content\/uploads\/2024\/04\/DSC06565-1022x1536.jpg 1022w, https:\/\/maciaszki.pl\/wp-content\/uploads\/2024\/04\/DSC06565-1363x2048.jpg 1363w, https:\/\/maciaszki.pl\/wp-content\/uploads\/2024\/04\/DSC06565-scaled.jpg 1704w\" sizes=\"(max-width: 682px) 100vw, 682px\" \/><\/a><\/figure><\/li><li class=\"blocks-gallery-item\"><figure><a href=\"https:\/\/maciaszki.pl\/wp-content\/uploads\/2024\/04\/DSC06584-scaled.jpg\"><img loading=\"lazy\" width=\"680\" height=\"1024\" src=\"https:\/\/maciaszki.pl\/wp-content\/uploads\/2024\/04\/DSC06584-680x1024.jpg\" alt=\"\" data-id=\"4888\" data-full-url=\"https:\/\/maciaszki.pl\/wp-content\/uploads\/2024\/04\/DSC06584-scaled.jpg\" data-link=\"https:\/\/maciaszki.pl\/index.php\/2024\/04\/20\/szwajcaria-czeska-i-saksonska\/sony-dsc-874\/\" class=\"wp-image-4888\" srcset=\"https:\/\/maciaszki.pl\/wp-content\/uploads\/2024\/04\/DSC06584-680x1024.jpg 680w, https:\/\/maciaszki.pl\/wp-content\/uploads\/2024\/04\/DSC06584-199x300.jpg 199w, https:\/\/maciaszki.pl\/wp-content\/uploads\/2024\/04\/DSC06584-768x1156.jpg 768w, https:\/\/maciaszki.pl\/wp-content\/uploads\/2024\/04\/DSC06584-1020x1536.jpg 1020w, https:\/\/maciaszki.pl\/wp-content\/uploads\/2024\/04\/DSC06584-1360x2048.jpg 1360w, https:\/\/maciaszki.pl\/wp-content\/uploads\/2024\/04\/DSC06584-scaled.jpg 1700w\" sizes=\"(max-width: 680px) 100vw, 680px\" \/><\/a><\/figure><\/li><li class=\"blocks-gallery-item\"><figure><a href=\"https:\/\/maciaszki.pl\/wp-content\/uploads\/2024\/04\/DSC06605-scaled.jpg\"><img loading=\"lazy\" width=\"681\" height=\"1024\" src=\"https:\/\/maciaszki.pl\/wp-content\/uploads\/2024\/04\/DSC06605-681x1024.jpg\" alt=\"\" data-id=\"4889\" data-full-url=\"https:\/\/maciaszki.pl\/wp-content\/uploads\/2024\/04\/DSC06605-scaled.jpg\" data-link=\"https:\/\/maciaszki.pl\/index.php\/2024\/04\/20\/szwajcaria-czeska-i-saksonska\/sony-dsc-875\/\" class=\"wp-image-4889\" srcset=\"https:\/\/maciaszki.pl\/wp-content\/uploads\/2024\/04\/DSC06605-681x1024.jpg 681w, https:\/\/maciaszki.pl\/wp-content\/uploads\/2024\/04\/DSC06605-200x300.jpg 200w, https:\/\/maciaszki.pl\/wp-content\/uploads\/2024\/04\/DSC06605-768x1154.jpg 768w, https:\/\/maciaszki.pl\/wp-content\/uploads\/2024\/04\/DSC06605-1022x1536.jpg 1022w, https:\/\/maciaszki.pl\/wp-content\/uploads\/2024\/04\/DSC06605-1363x2048.jpg 1363w, https:\/\/maciaszki.pl\/wp-content\/uploads\/2024\/04\/DSC06605-scaled.jpg 1704w\" sizes=\"(max-width: 681px) 100vw, 681px\" \/><\/a><\/figure><\/li><\/ul><\/figure>\n\n\n\n<h4>Czeska Szwajcaria &#8211; w\u0105w\u00f3z Kamenicy i  Brama Prav\u010dicka<\/h4>\n\n\n\n<p class=\"has-small-font-size\">Plan drugiego dnia \u2013 wynik prostej analizy mapy \u2013 wydawa\u0142 si\u0119 do\u015b\u0107 oczywisty. Najpierw Mezni Louka, gdzie na parkingu zostawiamy samoch\u00f3d, dalej Mezna, zej\u015bcie do rzeki Kamenicy i sp\u0142yw \u0142odzi\u0105 w W\u0105wozie Edmunda, H\u0159ensko, st\u0105d czerwonym szlakiem do Bramy Prav\u010dickiej, przej\u015bcie \u015bcie\u017ck\u0105 Gabrieli i powr\u00f3t do samochodu. <\/p>\n\n\n\n<figure class=\"wp-block-gallery columns-2 is-cropped\"><ul class=\"blocks-gallery-grid\"><li class=\"blocks-gallery-item\"><figure><a href=\"https:\/\/maciaszki.pl\/wp-content\/uploads\/2024\/04\/DSC06530-scaled.jpg\"><img loading=\"lazy\" width=\"683\" height=\"1024\" src=\"https:\/\/maciaszki.pl\/wp-content\/uploads\/2024\/04\/DSC06530-683x1024.jpg\" alt=\"\" data-id=\"4891\" data-full-url=\"https:\/\/maciaszki.pl\/wp-content\/uploads\/2024\/04\/DSC06530-scaled.jpg\" data-link=\"https:\/\/maciaszki.pl\/index.php\/2024\/04\/20\/szwajcaria-czeska-i-saksonska\/dsc06530\/\" class=\"wp-image-4891\" srcset=\"https:\/\/maciaszki.pl\/wp-content\/uploads\/2024\/04\/DSC06530-683x1024.jpg 683w, https:\/\/maciaszki.pl\/wp-content\/uploads\/2024\/04\/DSC06530-200x300.jpg 200w, https:\/\/maciaszki.pl\/wp-content\/uploads\/2024\/04\/DSC06530-768x1152.jpg 768w, https:\/\/maciaszki.pl\/wp-content\/uploads\/2024\/04\/DSC06530-1024x1536.jpg 1024w, https:\/\/maciaszki.pl\/wp-content\/uploads\/2024\/04\/DSC06530-1365x2048.jpg 1365w, https:\/\/maciaszki.pl\/wp-content\/uploads\/2024\/04\/DSC06530-scaled.jpg 1707w\" sizes=\"(max-width: 683px) 100vw, 683px\" \/><\/a><\/figure><\/li><li class=\"blocks-gallery-item\"><figure><a href=\"https:\/\/maciaszki.pl\/wp-content\/uploads\/2024\/04\/IMG_2295-scaled.jpg\"><img loading=\"lazy\" width=\"768\" height=\"1024\" src=\"https:\/\/maciaszki.pl\/wp-content\/uploads\/2024\/04\/IMG_2295-768x1024.jpg\" alt=\"\" data-id=\"4892\" data-full-url=\"https:\/\/maciaszki.pl\/wp-content\/uploads\/2024\/04\/IMG_2295-scaled.jpg\" data-link=\"https:\/\/maciaszki.pl\/index.php\/2024\/04\/20\/szwajcaria-czeska-i-saksonska\/img_2295\/\" class=\"wp-image-4892\" srcset=\"https:\/\/maciaszki.pl\/wp-content\/uploads\/2024\/04\/IMG_2295-768x1024.jpg 768w, https:\/\/maciaszki.pl\/wp-content\/uploads\/2024\/04\/IMG_2295-225x300.jpg 225w, https:\/\/maciaszki.pl\/wp-content\/uploads\/2024\/04\/IMG_2295-1152x1536.jpg 1152w, https:\/\/maciaszki.pl\/wp-content\/uploads\/2024\/04\/IMG_2295-1536x2048.jpg 1536w, https:\/\/maciaszki.pl\/wp-content\/uploads\/2024\/04\/IMG_2295-scaled.jpg 1920w\" sizes=\"(max-width: 706px) 89vw, (max-width: 767px) 82vw, 740px\" \/><\/a><\/figure><\/li><\/ul><figcaption class=\"blocks-gallery-caption\"><em>W\u0105w\u00f3z rzeki Kamenica<\/em><\/figcaption><\/figure>\n\n\n\n<p class=\"has-small-font-size\">Niestety plan trzeba by\u0142o gruntownie zrewidowa\u0107, a wszystko w zwi\u0105zku z po\u017carem, kt\u00f3ry zniszczy\u0142 ten rejon w 2022 roku. Szalej\u0105cy przez trzy tygodnie \u017cywio\u0142 obj\u0105\u0142 obszar 3200 hektar\u00f3w,  niszcz\u0105c  lasy i szlaki w parku narodowym. Do dzi\u015b na zboczach pozbawionych drzew stercz\u0105 czarne kikuty i le\u017c\u0105 zw\u0119glone pnie. &nbsp;<\/p>\n\n\n\n<figure class=\"wp-block-gallery columns-2 is-cropped\"><ul class=\"blocks-gallery-grid\"><li class=\"blocks-gallery-item\"><figure><a href=\"https:\/\/maciaszki.pl\/wp-content\/uploads\/2024\/04\/DSC06544-scaled.jpg\"><img loading=\"lazy\" width=\"681\" height=\"1024\" src=\"https:\/\/maciaszki.pl\/wp-content\/uploads\/2024\/04\/DSC06544-681x1024.jpg\" alt=\"\" data-id=\"4893\" data-full-url=\"https:\/\/maciaszki.pl\/wp-content\/uploads\/2024\/04\/DSC06544-scaled.jpg\" data-link=\"https:\/\/maciaszki.pl\/index.php\/2024\/04\/20\/szwajcaria-czeska-i-saksonska\/dsc06544\/\" class=\"wp-image-4893\" srcset=\"https:\/\/maciaszki.pl\/wp-content\/uploads\/2024\/04\/DSC06544-681x1024.jpg 681w, https:\/\/maciaszki.pl\/wp-content\/uploads\/2024\/04\/DSC06544-200x300.jpg 200w, https:\/\/maciaszki.pl\/wp-content\/uploads\/2024\/04\/DSC06544-768x1155.jpg 768w, https:\/\/maciaszki.pl\/wp-content\/uploads\/2024\/04\/DSC06544-1021x1536.jpg 1021w, https:\/\/maciaszki.pl\/wp-content\/uploads\/2024\/04\/DSC06544-1362x2048.jpg 1362w, https:\/\/maciaszki.pl\/wp-content\/uploads\/2024\/04\/DSC06544-scaled.jpg 1702w\" sizes=\"(max-width: 681px) 100vw, 681px\" \/><\/a><\/figure><\/li><li class=\"blocks-gallery-item\"><figure><a href=\"https:\/\/maciaszki.pl\/wp-content\/uploads\/2024\/04\/DSC06670-scaled.jpg\"><img loading=\"lazy\" width=\"682\" height=\"1024\" src=\"https:\/\/maciaszki.pl\/wp-content\/uploads\/2024\/04\/DSC06670-682x1024.jpg\" alt=\"\" data-id=\"4894\" data-full-url=\"https:\/\/maciaszki.pl\/wp-content\/uploads\/2024\/04\/DSC06670-scaled.jpg\" data-link=\"https:\/\/maciaszki.pl\/index.php\/2024\/04\/20\/szwajcaria-czeska-i-saksonska\/sony-dsc-877\/\" class=\"wp-image-4894\" srcset=\"https:\/\/maciaszki.pl\/wp-content\/uploads\/2024\/04\/DSC06670-682x1024.jpg 682w, https:\/\/maciaszki.pl\/wp-content\/uploads\/2024\/04\/DSC06670-200x300.jpg 200w, https:\/\/maciaszki.pl\/wp-content\/uploads\/2024\/04\/DSC06670-768x1154.jpg 768w, https:\/\/maciaszki.pl\/wp-content\/uploads\/2024\/04\/DSC06670-1022x1536.jpg 1022w, https:\/\/maciaszki.pl\/wp-content\/uploads\/2024\/04\/DSC06670-1363x2048.jpg 1363w, https:\/\/maciaszki.pl\/wp-content\/uploads\/2024\/04\/DSC06670-scaled.jpg 1704w\" sizes=\"(max-width: 682px) 100vw, 682px\" \/><\/a><\/figure><\/li><\/ul><figcaption class=\"blocks-gallery-caption\">Czeska Szwajcaria &#8211; krajobraz po po\u017carze w 2022<\/figcaption><\/figure>\n\n\n\n<p class=\"has-small-font-size\">Szlak w W\u0105wozie Edmunda (Edmundova Sout\u011bska) prowadz\u0105cy w stron\u0119 H\u0159enska jest ca\u0142kowicie zamkni\u0119ty. Szkoda, bo to miejsce historyczne. Budow\u0119 trasy z mostkami,  tunelami, chodnikami, kamiennymi schodami i fragmentem pokonywanym \u0142odzi\u0105 finansowa\u0142 hrabia Edmund Clary-Aldringen z Teplic. Sprowadzi\u0142 tu zreszt\u0105 fachowc\u00f3w z W\u0142och. Mogli\u015bmy jedynie przej\u015b\u0107 w g\u00f3r\u0119 rzeki kr\u00f3tkim odcinkiem malowniczego szlaku zwanego <strong>Divok\u00e1 sout\u011bska<\/strong> (Dziki W\u0105w\u00f3z<strong>)<\/strong> i odby\u0107 20-minutowy rejs Kamenic\u0105 g\u0142\u0119boko wcinaj\u0105c\u0105 si\u0119 pomi\u0119dzy pot\u0119\u017cne ska\u0142y (100 K\u010d od osoby).<\/p>\n\n\n\n<figure class=\"wp-block-gallery columns-2 is-cropped\"><ul class=\"blocks-gallery-grid\"><li class=\"blocks-gallery-item\"><figure><a href=\"https:\/\/maciaszki.pl\/wp-content\/uploads\/2024\/04\/IMG_2277-768x1024.jpg\"><img loading=\"lazy\" width=\"768\" height=\"1024\" src=\"https:\/\/maciaszki.pl\/wp-content\/uploads\/2024\/04\/IMG_2277-768x1024.jpg\" alt=\"\" data-id=\"4895\" data-link=\"https:\/\/maciaszki.pl\/index.php\/2024\/04\/20\/szwajcaria-czeska-i-saksonska\/img_2277\/\" class=\"wp-image-4895\" srcset=\"https:\/\/maciaszki.pl\/wp-content\/uploads\/2024\/04\/IMG_2277-768x1024.jpg 768w, https:\/\/maciaszki.pl\/wp-content\/uploads\/2024\/04\/IMG_2277-225x300.jpg 225w, https:\/\/maciaszki.pl\/wp-content\/uploads\/2024\/04\/IMG_2277-1152x1536.jpg 1152w, https:\/\/maciaszki.pl\/wp-content\/uploads\/2024\/04\/IMG_2277-1536x2048.jpg 1536w, https:\/\/maciaszki.pl\/wp-content\/uploads\/2024\/04\/IMG_2277-scaled.jpg 1920w\" sizes=\"(max-width: 706px) 89vw, (max-width: 767px) 82vw, 740px\" \/><\/a><\/figure><\/li><li class=\"blocks-gallery-item\"><figure><a href=\"https:\/\/maciaszki.pl\/wp-content\/uploads\/2024\/04\/IMG_2281-768x1024.jpg\"><img loading=\"lazy\" width=\"768\" height=\"1024\" src=\"https:\/\/maciaszki.pl\/wp-content\/uploads\/2024\/04\/IMG_2281-768x1024.jpg\" alt=\"\" data-id=\"4896\" data-link=\"https:\/\/maciaszki.pl\/index.php\/2024\/04\/20\/szwajcaria-czeska-i-saksonska\/img_2281\/\" class=\"wp-image-4896\" srcset=\"https:\/\/maciaszki.pl\/wp-content\/uploads\/2024\/04\/IMG_2281-768x1024.jpg 768w, https:\/\/maciaszki.pl\/wp-content\/uploads\/2024\/04\/IMG_2281-225x300.jpg 225w, https:\/\/maciaszki.pl\/wp-content\/uploads\/2024\/04\/IMG_2281-1152x1536.jpg 1152w, https:\/\/maciaszki.pl\/wp-content\/uploads\/2024\/04\/IMG_2281-1536x2048.jpg 1536w, https:\/\/maciaszki.pl\/wp-content\/uploads\/2024\/04\/IMG_2281-scaled.jpg 1920w\" sizes=\"(max-width: 706px) 89vw, (max-width: 767px) 82vw, 740px\" \/><\/a><\/figure><\/li><li class=\"blocks-gallery-item\"><figure><a href=\"https:\/\/maciaszki.pl\/wp-content\/uploads\/2024\/04\/DSC06664-scaled.jpg\"><img loading=\"lazy\" width=\"681\" height=\"1024\" src=\"https:\/\/maciaszki.pl\/wp-content\/uploads\/2024\/04\/DSC06664-681x1024.jpg\" alt=\"\" data-id=\"4943\" data-full-url=\"https:\/\/maciaszki.pl\/wp-content\/uploads\/2024\/04\/DSC06664-scaled.jpg\" data-link=\"https:\/\/maciaszki.pl\/index.php\/2024\/04\/20\/szwajcaria-czeska-i-saksonska\/sony-dsc-889\/\" class=\"wp-image-4943\" srcset=\"https:\/\/maciaszki.pl\/wp-content\/uploads\/2024\/04\/DSC06664-681x1024.jpg 681w, https:\/\/maciaszki.pl\/wp-content\/uploads\/2024\/04\/DSC06664-200x300.jpg 200w, https:\/\/maciaszki.pl\/wp-content\/uploads\/2024\/04\/DSC06664-768x1154.jpg 768w, https:\/\/maciaszki.pl\/wp-content\/uploads\/2024\/04\/DSC06664-1022x1536.jpg 1022w, https:\/\/maciaszki.pl\/wp-content\/uploads\/2024\/04\/DSC06664-1363x2048.jpg 1363w, https:\/\/maciaszki.pl\/wp-content\/uploads\/2024\/04\/DSC06664-scaled.jpg 1704w\" sizes=\"(max-width: 681px) 100vw, 681px\" \/><\/a><\/figure><\/li><li class=\"blocks-gallery-item\"><figure><a href=\"https:\/\/maciaszki.pl\/wp-content\/uploads\/2024\/04\/IMG_2282-scaled.jpg\"><img loading=\"lazy\" width=\"768\" height=\"1024\" src=\"https:\/\/maciaszki.pl\/wp-content\/uploads\/2024\/04\/IMG_2282-768x1024.jpg\" alt=\"\" data-id=\"4945\" data-full-url=\"https:\/\/maciaszki.pl\/wp-content\/uploads\/2024\/04\/IMG_2282-scaled.jpg\" data-link=\"https:\/\/maciaszki.pl\/index.php\/2024\/04\/20\/szwajcaria-czeska-i-saksonska\/img_2282\/\" class=\"wp-image-4945\" srcset=\"https:\/\/maciaszki.pl\/wp-content\/uploads\/2024\/04\/IMG_2282-768x1024.jpg 768w, https:\/\/maciaszki.pl\/wp-content\/uploads\/2024\/04\/IMG_2282-225x300.jpg 225w, https:\/\/maciaszki.pl\/wp-content\/uploads\/2024\/04\/IMG_2282-1152x1536.jpg 1152w, https:\/\/maciaszki.pl\/wp-content\/uploads\/2024\/04\/IMG_2282-1536x2048.jpg 1536w, https:\/\/maciaszki.pl\/wp-content\/uploads\/2024\/04\/IMG_2282-scaled.jpg 1920w\" sizes=\"(max-width: 706px) 89vw, (max-width: 767px) 82vw, 740px\" \/><\/a><\/figure><\/li><\/ul><\/figure>\n\n\n\n<p class=\"has-small-font-size\">Nie chc\u0105c wraca\u0107 t\u0105 sama drog\u0105, przeszli\u015bmy zielonym szlakiem do Hajenek, sk\u0105d autobus w kilka minut zabra\u0142 nas do H\u0159enska.&nbsp; Dzi\u0119ki temu mogli\u015bmy zrealizowa\u0107 jeszcze jeden punkt planu \u2013 po kr\u00f3tkim spacerze wzd\u0142u\u017c \u0141aby poszli\u015bmy \u015acie\u017ck\u0105 Gabrieli (Gabriela by\u0142a siostr\u0105 Edmunda Clary-Aldringen) do Bramy Prav\u010dickiej. Odcinek szlaku od drogi asfaltowej z H\u0159enska prowadzi mi\u0119dzy zboczami, kt\u00f3re pokazuj\u0105 rozmiary tragedii sprzed dw\u00f3ch lat. &nbsp;<\/p>\n\n\n\n<figure class=\"wp-block-image size-large\"><a href=\"https:\/\/maciaszki.pl\/wp-content\/uploads\/2024\/04\/DSC06550-2-scaled.jpg\"><img loading=\"lazy\" width=\"1024\" height=\"683\" src=\"https:\/\/maciaszki.pl\/wp-content\/uploads\/2024\/04\/DSC06550-2-1024x683.jpg\" alt=\"\" class=\"wp-image-4954\" srcset=\"https:\/\/maciaszki.pl\/wp-content\/uploads\/2024\/04\/DSC06550-2-1024x683.jpg 1024w, https:\/\/maciaszki.pl\/wp-content\/uploads\/2024\/04\/DSC06550-2-300x200.jpg 300w, https:\/\/maciaszki.pl\/wp-content\/uploads\/2024\/04\/DSC06550-2-768x512.jpg 768w, https:\/\/maciaszki.pl\/wp-content\/uploads\/2024\/04\/DSC06550-2-1536x1024.jpg 1536w, https:\/\/maciaszki.pl\/wp-content\/uploads\/2024\/04\/DSC06550-2-2048x1365.jpg 2048w\" sizes=\"(max-width: 706px) 89vw, (max-width: 767px) 82vw, 740px\" \/><\/a><\/figure>\n\n\n\n<figure class=\"wp-block-image size-large\"><a href=\"https:\/\/maciaszki.pl\/wp-content\/uploads\/2024\/04\/DSC06553-2-scaled.jpg\"><img loading=\"lazy\" width=\"1024\" height=\"683\" src=\"https:\/\/maciaszki.pl\/wp-content\/uploads\/2024\/04\/DSC06553-2-1024x683.jpg\" alt=\"\" class=\"wp-image-4897\" srcset=\"https:\/\/maciaszki.pl\/wp-content\/uploads\/2024\/04\/DSC06553-2-1024x683.jpg 1024w, https:\/\/maciaszki.pl\/wp-content\/uploads\/2024\/04\/DSC06553-2-300x200.jpg 300w, https:\/\/maciaszki.pl\/wp-content\/uploads\/2024\/04\/DSC06553-2-768x512.jpg 768w, https:\/\/maciaszki.pl\/wp-content\/uploads\/2024\/04\/DSC06553-2-1536x1024.jpg 1536w, https:\/\/maciaszki.pl\/wp-content\/uploads\/2024\/04\/DSC06553-2-2048x1365.jpg 2048w\" sizes=\"(max-width: 706px) 89vw, (max-width: 767px) 82vw, 740px\" \/><\/a><figcaption><em> Prav\u010dicka Brama <\/em><\/figcaption><\/figure>\n\n\n\n<p class=\"has-small-font-size\"> Prav\u010dicka Brama to symbol Parku Narodowego Czeskiej Szwajcarii, najwi\u0119kszy naturalny \u0142uk skalny w Europie licz\u0105cy 26 m szeroko\u015bci i 16 d\u0142ugo\u015bci. Tu\u017c obok znajduje si\u0119 Sokole Gniazdo, pi\u0119kny, romantyczny pa\u0142acyk doskonale wkomponowany mi\u0119dzy ska\u0142ami. Obecny obiekt z mieszcz\u0105c\u0105 si\u0119 tu restauracj\u0105 zbudowano w 1881 roku w miejscu istniej\u0105cej wcze\u015bniej drewnianej chatki z bufetem dla go\u015bci (1828 r.). Jego istnienie zawdzi\u0119czamy wspomnianemu wcze\u015bniej ksi\u0119ciu Edmundowi Clary-Aldringen. <\/p>\n\n\n\n<figure class=\"wp-block-image size-large\"><a href=\"https:\/\/maciaszki.pl\/wp-content\/uploads\/2024\/04\/DSC06558-2-scaled.jpg\"><img loading=\"lazy\" width=\"1024\" height=\"683\" src=\"https:\/\/maciaszki.pl\/wp-content\/uploads\/2024\/04\/DSC06558-2-1024x683.jpg\" alt=\"\" class=\"wp-image-4900\" srcset=\"https:\/\/maciaszki.pl\/wp-content\/uploads\/2024\/04\/DSC06558-2-1024x683.jpg 1024w, https:\/\/maciaszki.pl\/wp-content\/uploads\/2024\/04\/DSC06558-2-300x200.jpg 300w, https:\/\/maciaszki.pl\/wp-content\/uploads\/2024\/04\/DSC06558-2-768x512.jpg 768w, https:\/\/maciaszki.pl\/wp-content\/uploads\/2024\/04\/DSC06558-2-1536x1024.jpg 1536w, https:\/\/maciaszki.pl\/wp-content\/uploads\/2024\/04\/DSC06558-2-2048x1365.jpg 2048w\" sizes=\"(max-width: 706px) 89vw, (max-width: 767px) 82vw, 740px\" \/><\/a><\/figure>\n\n\n\n<figure class=\"wp-block-image size-large\"><a href=\"https:\/\/maciaszki.pl\/wp-content\/uploads\/2024\/04\/DSC06679-scaled.jpg\"><img loading=\"lazy\" width=\"1024\" height=\"681\" src=\"https:\/\/maciaszki.pl\/wp-content\/uploads\/2024\/04\/DSC06679-1024x681.jpg\" alt=\"\" class=\"wp-image-4947\" srcset=\"https:\/\/maciaszki.pl\/wp-content\/uploads\/2024\/04\/DSC06679-1024x681.jpg 1024w, https:\/\/maciaszki.pl\/wp-content\/uploads\/2024\/04\/DSC06679-300x200.jpg 300w, https:\/\/maciaszki.pl\/wp-content\/uploads\/2024\/04\/DSC06679-768x511.jpg 768w, https:\/\/maciaszki.pl\/wp-content\/uploads\/2024\/04\/DSC06679-1536x1022.jpg 1536w, https:\/\/maciaszki.pl\/wp-content\/uploads\/2024\/04\/DSC06679-2048x1363.jpg 2048w\" sizes=\"(max-width: 706px) 89vw, (max-width: 767px) 82vw, 740px\" \/><\/a><\/figure>\n\n\n\n<figure class=\"wp-block-image size-large\"><a href=\"https:\/\/maciaszki.pl\/wp-content\/uploads\/2024\/04\/DSC06563-2-scaled.jpg\"><img loading=\"lazy\" width=\"1024\" height=\"683\" src=\"https:\/\/maciaszki.pl\/wp-content\/uploads\/2024\/04\/DSC06563-2-1024x683.jpg\" alt=\"\" class=\"wp-image-4901\" srcset=\"https:\/\/maciaszki.pl\/wp-content\/uploads\/2024\/04\/DSC06563-2-1024x683.jpg 1024w, https:\/\/maciaszki.pl\/wp-content\/uploads\/2024\/04\/DSC06563-2-300x200.jpg 300w, https:\/\/maciaszki.pl\/wp-content\/uploads\/2024\/04\/DSC06563-2-768x512.jpg 768w, https:\/\/maciaszki.pl\/wp-content\/uploads\/2024\/04\/DSC06563-2-1536x1024.jpg 1536w, https:\/\/maciaszki.pl\/wp-content\/uploads\/2024\/04\/DSC06563-2-2048x1365.jpg 2048w\" sizes=\"(max-width: 706px) 89vw, (max-width: 767px) 82vw, 740px\" \/><\/a><figcaption><em>Krajobrazy z punkt\u00f3w widokowych Prav\u010dickiej Bramy<\/em> <\/figcaption><\/figure>\n\n\n\n<p class=\"has-small-font-size\">Wst\u0119p jest p\u0142atny (90 K\u010d), ale naprawd\u0119 warto wej\u015b\u0107 dalej, by stan\u0105\u0107 pod Prav\u010dick\u0105 Bram\u0105 i spojrze\u0107 na ni\u0105 z g\u00f3ry ze znajduj\u0105cych si\u0119 w pobli\u017cu taras\u00f3w widokowych. Odcinek \u015acie\u017cki Gabrieli, kt\u00f3rym mieli\u015bmy doj\u015b\u0107 do parkingu w Mezni Louka, jest niestety zamkni\u0119ty. Trzeba by\u0142o zej\u015b\u0107 do drogi asfaltowej i podjecha\u0107 autobusem. Zreszt\u0105 w Czechach warto korzysta\u0107 z transportu publicznego \u2013 bilety autobusowe s\u0105 tanie, a autobusy kursuj\u0105 z du\u017c\u0105 cz\u0119stotliwo\u015bci\u0105.<\/p>\n\n\n\n<figure class=\"wp-block-image size-large\"><a href=\"https:\/\/maciaszki.pl\/wp-content\/uploads\/2024\/04\/DSC06572-2-scaled.jpg\"><img loading=\"lazy\" width=\"1024\" height=\"683\" src=\"https:\/\/maciaszki.pl\/wp-content\/uploads\/2024\/04\/DSC06572-2-1024x683.jpg\" alt=\"\" class=\"wp-image-4902\" srcset=\"https:\/\/maciaszki.pl\/wp-content\/uploads\/2024\/04\/DSC06572-2-1024x683.jpg 1024w, https:\/\/maciaszki.pl\/wp-content\/uploads\/2024\/04\/DSC06572-2-300x200.jpg 300w, https:\/\/maciaszki.pl\/wp-content\/uploads\/2024\/04\/DSC06572-2-768x512.jpg 768w, https:\/\/maciaszki.pl\/wp-content\/uploads\/2024\/04\/DSC06572-2-1536x1024.jpg 1536w, https:\/\/maciaszki.pl\/wp-content\/uploads\/2024\/04\/DSC06572-2-2048x1365.jpg 2048w\" sizes=\"(max-width: 706px) 89vw, (max-width: 767px) 82vw, 740px\" \/><\/a><figcaption><em>Sokole Gniazdo  przy Prav\u010dickiej Bramie<\/em> <\/figcaption><\/figure>\n\n\n\n<figure class=\"wp-block-gallery columns-2 is-cropped\"><ul class=\"blocks-gallery-grid\"><li class=\"blocks-gallery-item\"><figure><a href=\"https:\/\/maciaszki.pl\/wp-content\/uploads\/2024\/04\/DSC06567-2-scaled.jpg\"><img loading=\"lazy\" width=\"683\" height=\"1024\" src=\"https:\/\/maciaszki.pl\/wp-content\/uploads\/2024\/04\/DSC06567-2-683x1024.jpg\" alt=\"\" data-id=\"4903\" data-full-url=\"https:\/\/maciaszki.pl\/wp-content\/uploads\/2024\/04\/DSC06567-2-scaled.jpg\" data-link=\"https:\/\/maciaszki.pl\/index.php\/2024\/04\/20\/szwajcaria-czeska-i-saksonska\/dsc06567-2\/\" class=\"wp-image-4903\" srcset=\"https:\/\/maciaszki.pl\/wp-content\/uploads\/2024\/04\/DSC06567-2-683x1024.jpg 683w, https:\/\/maciaszki.pl\/wp-content\/uploads\/2024\/04\/DSC06567-2-200x300.jpg 200w, https:\/\/maciaszki.pl\/wp-content\/uploads\/2024\/04\/DSC06567-2-768x1152.jpg 768w, https:\/\/maciaszki.pl\/wp-content\/uploads\/2024\/04\/DSC06567-2-1024x1536.jpg 1024w, https:\/\/maciaszki.pl\/wp-content\/uploads\/2024\/04\/DSC06567-2-1365x2048.jpg 1365w, https:\/\/maciaszki.pl\/wp-content\/uploads\/2024\/04\/DSC06567-2-scaled.jpg 1707w\" sizes=\"(max-width: 683px) 100vw, 683px\" \/><\/a><\/figure><\/li><li class=\"blocks-gallery-item\"><figure><a href=\"https:\/\/maciaszki.pl\/wp-content\/uploads\/2024\/04\/IMG_2315-scaled.jpg\"><img loading=\"lazy\" width=\"768\" height=\"1024\" src=\"https:\/\/maciaszki.pl\/wp-content\/uploads\/2024\/04\/IMG_2315-768x1024.jpg\" alt=\"\" data-id=\"4904\" data-full-url=\"https:\/\/maciaszki.pl\/wp-content\/uploads\/2024\/04\/IMG_2315-scaled.jpg\" data-link=\"https:\/\/maciaszki.pl\/index.php\/2024\/04\/20\/szwajcaria-czeska-i-saksonska\/img_2315\/\" class=\"wp-image-4904\" srcset=\"https:\/\/maciaszki.pl\/wp-content\/uploads\/2024\/04\/IMG_2315-768x1024.jpg 768w, https:\/\/maciaszki.pl\/wp-content\/uploads\/2024\/04\/IMG_2315-225x300.jpg 225w, https:\/\/maciaszki.pl\/wp-content\/uploads\/2024\/04\/IMG_2315-1152x1536.jpg 1152w, https:\/\/maciaszki.pl\/wp-content\/uploads\/2024\/04\/IMG_2315-1536x2048.jpg 1536w, https:\/\/maciaszki.pl\/wp-content\/uploads\/2024\/04\/IMG_2315-scaled.jpg 1920w\" sizes=\"(max-width: 706px) 89vw, (max-width: 767px) 82vw, 740px\" \/><\/a><\/figure><\/li><\/ul><figcaption class=\"blocks-gallery-caption\">Autorzy relacji pod  <em>Prav\u010dick\u0105 Bram<\/em>\u0105<\/figcaption><\/figure>\n\n\n\n<p><\/p>\n\n\n\n<h4>Sakso\u0144ska Szwajcaria &#8211;  Schrammsteine <\/h4>\n\n\n\n<p class=\"has-small-font-size\">Przez dwa kolejne dni penetrujemy szlaki po stronie niemieckiej. Szczeg\u00f3lnie poleca\u0142abym te w okolicy Schmilki. Samoch\u00f3d zostawiamy na parkingu przy drodze nad \u0141ab\u0105 i zielonym szlakiem wychodzimy w g\u00f3ry. Na niewielkim obszarze jest tu a\u017c g\u0119sto od szlak\u00f3w. T\u0119dy biegnie te\u017c Droga Malarzy. <\/p>\n\n\n\n<div class=\"wp-block-image\"><figure class=\"aligncenter size-large is-resized\"><a href=\"https:\/\/maciaszki.pl\/wp-content\/uploads\/2024\/04\/IMG_2317-scaled.jpg\"><img loading=\"lazy\" src=\"https:\/\/maciaszki.pl\/wp-content\/uploads\/2024\/04\/IMG_2317-768x1024.jpg\" alt=\"\" class=\"wp-image-4905\" width=\"-274\" height=\"-365\" srcset=\"https:\/\/maciaszki.pl\/wp-content\/uploads\/2024\/04\/IMG_2317-768x1024.jpg 768w, https:\/\/maciaszki.pl\/wp-content\/uploads\/2024\/04\/IMG_2317-225x300.jpg 225w, https:\/\/maciaszki.pl\/wp-content\/uploads\/2024\/04\/IMG_2317-1152x1536.jpg 1152w, https:\/\/maciaszki.pl\/wp-content\/uploads\/2024\/04\/IMG_2317-1536x2048.jpg 1536w, https:\/\/maciaszki.pl\/wp-content\/uploads\/2024\/04\/IMG_2317-scaled.jpg 1920w\" sizes=\"(max-width: 706px) 89vw, (max-width: 767px) 82vw, 740px\" \/><\/a><figcaption><em>Nasza ca\u0142a ekipa w widokiem na dolin\u0119 \u0141aby<\/em><\/figcaption><\/figure><\/div>\n\n\n\n<figure class=\"wp-block-gallery columns-2 is-cropped\"><ul class=\"blocks-gallery-grid\"><li class=\"blocks-gallery-item\"><figure><a href=\"https:\/\/maciaszki.pl\/wp-content\/uploads\/2024\/04\/DSC06579-2-scaled.jpg\"><img loading=\"lazy\" width=\"683\" height=\"1024\" src=\"https:\/\/maciaszki.pl\/wp-content\/uploads\/2024\/04\/DSC06579-2-683x1024.jpg\" alt=\"\" data-id=\"4906\" data-full-url=\"https:\/\/maciaszki.pl\/wp-content\/uploads\/2024\/04\/DSC06579-2-scaled.jpg\" data-link=\"https:\/\/maciaszki.pl\/index.php\/2024\/04\/20\/szwajcaria-czeska-i-saksonska\/dsc06579-2\/\" class=\"wp-image-4906\" srcset=\"https:\/\/maciaszki.pl\/wp-content\/uploads\/2024\/04\/DSC06579-2-683x1024.jpg 683w, https:\/\/maciaszki.pl\/wp-content\/uploads\/2024\/04\/DSC06579-2-200x300.jpg 200w, https:\/\/maciaszki.pl\/wp-content\/uploads\/2024\/04\/DSC06579-2-768x1152.jpg 768w, https:\/\/maciaszki.pl\/wp-content\/uploads\/2024\/04\/DSC06579-2-1024x1536.jpg 1024w, https:\/\/maciaszki.pl\/wp-content\/uploads\/2024\/04\/DSC06579-2-1365x2048.jpg 1365w, https:\/\/maciaszki.pl\/wp-content\/uploads\/2024\/04\/DSC06579-2-scaled.jpg 1707w\" sizes=\"(max-width: 683px) 100vw, 683px\" \/><\/a><\/figure><\/li><li class=\"blocks-gallery-item\"><figure><a href=\"https:\/\/maciaszki.pl\/wp-content\/uploads\/2024\/04\/DSC06709-scaled.jpg\"><img loading=\"lazy\" width=\"682\" height=\"1024\" src=\"https:\/\/maciaszki.pl\/wp-content\/uploads\/2024\/04\/DSC06709-682x1024.jpg\" alt=\"\" data-id=\"4907\" data-full-url=\"https:\/\/maciaszki.pl\/wp-content\/uploads\/2024\/04\/DSC06709-scaled.jpg\" data-link=\"https:\/\/maciaszki.pl\/index.php\/2024\/04\/20\/szwajcaria-czeska-i-saksonska\/sony-dsc-878\/\" class=\"wp-image-4907\" srcset=\"https:\/\/maciaszki.pl\/wp-content\/uploads\/2024\/04\/DSC06709-682x1024.jpg 682w, https:\/\/maciaszki.pl\/wp-content\/uploads\/2024\/04\/DSC06709-200x300.jpg 200w, https:\/\/maciaszki.pl\/wp-content\/uploads\/2024\/04\/DSC06709-768x1154.jpg 768w, https:\/\/maciaszki.pl\/wp-content\/uploads\/2024\/04\/DSC06709-1022x1536.jpg 1022w, https:\/\/maciaszki.pl\/wp-content\/uploads\/2024\/04\/DSC06709-1363x2048.jpg 1363w, https:\/\/maciaszki.pl\/wp-content\/uploads\/2024\/04\/DSC06709-scaled.jpg 1704w\" sizes=\"(max-width: 682px) 100vw, 682px\" \/><\/a><\/figure><\/li><li class=\"blocks-gallery-item\"><figure><a href=\"https:\/\/maciaszki.pl\/wp-content\/uploads\/2024\/04\/DSC06711-scaled.jpg\"><img loading=\"lazy\" width=\"681\" height=\"1024\" src=\"https:\/\/maciaszki.pl\/wp-content\/uploads\/2024\/04\/DSC06711-681x1024.jpg\" alt=\"\" data-id=\"4908\" data-full-url=\"https:\/\/maciaszki.pl\/wp-content\/uploads\/2024\/04\/DSC06711-scaled.jpg\" data-link=\"https:\/\/maciaszki.pl\/index.php\/2024\/04\/20\/szwajcaria-czeska-i-saksonska\/sony-dsc-879\/\" class=\"wp-image-4908\" srcset=\"https:\/\/maciaszki.pl\/wp-content\/uploads\/2024\/04\/DSC06711-681x1024.jpg 681w, https:\/\/maciaszki.pl\/wp-content\/uploads\/2024\/04\/DSC06711-200x300.jpg 200w, https:\/\/maciaszki.pl\/wp-content\/uploads\/2024\/04\/DSC06711-768x1154.jpg 768w, https:\/\/maciaszki.pl\/wp-content\/uploads\/2024\/04\/DSC06711-1022x1536.jpg 1022w, https:\/\/maciaszki.pl\/wp-content\/uploads\/2024\/04\/DSC06711-1363x2048.jpg 1363w, https:\/\/maciaszki.pl\/wp-content\/uploads\/2024\/04\/DSC06711-scaled.jpg 1704w\" sizes=\"(max-width: 681px) 100vw, 681px\" \/><\/a><\/figure><\/li><li class=\"blocks-gallery-item\"><figure><a href=\"https:\/\/maciaszki.pl\/wp-content\/uploads\/2024\/04\/IMG_2333-scaled.jpg\"><img loading=\"lazy\" width=\"681\" height=\"1024\" src=\"https:\/\/maciaszki.pl\/wp-content\/uploads\/2024\/04\/IMG_2333-681x1024.jpg\" alt=\"\" data-id=\"4909\" data-full-url=\"https:\/\/maciaszki.pl\/wp-content\/uploads\/2024\/04\/IMG_2333-scaled.jpg\" data-link=\"https:\/\/maciaszki.pl\/index.php\/2024\/04\/20\/szwajcaria-czeska-i-saksonska\/img_2333\/\" class=\"wp-image-4909\" srcset=\"https:\/\/maciaszki.pl\/wp-content\/uploads\/2024\/04\/IMG_2333-681x1024.jpg 681w, https:\/\/maciaszki.pl\/wp-content\/uploads\/2024\/04\/IMG_2333-200x300.jpg 200w, https:\/\/maciaszki.pl\/wp-content\/uploads\/2024\/04\/IMG_2333-768x1154.jpg 768w, https:\/\/maciaszki.pl\/wp-content\/uploads\/2024\/04\/IMG_2333-1022x1536.jpg 1022w, https:\/\/maciaszki.pl\/wp-content\/uploads\/2024\/04\/IMG_2333-1363x2048.jpg 1363w, https:\/\/maciaszki.pl\/wp-content\/uploads\/2024\/04\/IMG_2333-scaled.jpg 1704w\" sizes=\"(max-width: 681px) 100vw, 681px\" \/><\/a><\/figure><\/li><\/ul><figcaption class=\"blocks-gallery-caption\">Droga przez  Schrammsteine  na  Carolafelsen <\/figcaption><\/figure>\n\n\n\n<p class=\"has-small-font-size\">Przechodzimy przez Schrammsteine, pi\u0119kn\u0105 tras\u0105 mi\u0119dzy monumentalnymi ska\u0142ami. Kr\u0105\u017cymy po ca\u0142ym terenie, gubi\u0105c si\u0119 w pl\u0105taninie dr\u00f3g. Z Carolafelsen, wysokiego skalnego masywu, podziwiamy rozleg\u0142\u0105 panoram\u0119, a pod\u0105\u017caj\u0105c w d\u00f3\u0142 na rozwidleniu wybieramy tras\u0119 z dopiskiem \u201eschwierig\u201d. Niemiecki znamy raczej s\u0142abo, ale wystarczaj\u0105co, by spodziewa\u0107 si\u0119, \u017ce b\u0119dzie nieco trudniej. I rzeczywi\u015bcie \u2013 s\u0105 klamry, drabinki, \u0142a\u0144cuchy\u2026 Szlak jest bardzo efektowny i dobrze zabezpieczony, ale wymaga troch\u0119 wi\u0119cej koncentracji. Nie poleca\u0142abym go rodzinom z ma\u0142ymi dzie\u0107mi. <\/p>\n\n\n\n<figure class=\"wp-block-gallery columns-2 is-cropped\"><ul class=\"blocks-gallery-grid\"><li class=\"blocks-gallery-item\"><figure><a href=\"https:\/\/maciaszki.pl\/wp-content\/uploads\/2024\/04\/DSC06734-scaled.jpg\"><img loading=\"lazy\" width=\"681\" height=\"1024\" src=\"https:\/\/maciaszki.pl\/wp-content\/uploads\/2024\/04\/DSC06734-681x1024.jpg\" alt=\"\" data-id=\"4910\" data-full-url=\"https:\/\/maciaszki.pl\/wp-content\/uploads\/2024\/04\/DSC06734-scaled.jpg\" data-link=\"https:\/\/maciaszki.pl\/index.php\/2024\/04\/20\/szwajcaria-czeska-i-saksonska\/sony-dsc-880\/\" class=\"wp-image-4910\" srcset=\"https:\/\/maciaszki.pl\/wp-content\/uploads\/2024\/04\/DSC06734-681x1024.jpg 681w, https:\/\/maciaszki.pl\/wp-content\/uploads\/2024\/04\/DSC06734-200x300.jpg 200w, https:\/\/maciaszki.pl\/wp-content\/uploads\/2024\/04\/DSC06734-768x1154.jpg 768w, https:\/\/maciaszki.pl\/wp-content\/uploads\/2024\/04\/DSC06734-1022x1536.jpg 1022w, https:\/\/maciaszki.pl\/wp-content\/uploads\/2024\/04\/DSC06734-1363x2048.jpg 1363w, https:\/\/maciaszki.pl\/wp-content\/uploads\/2024\/04\/DSC06734-scaled.jpg 1704w\" sizes=\"(max-width: 681px) 100vw, 681px\" \/><\/a><\/figure><\/li><li class=\"blocks-gallery-item\"><figure><a href=\"https:\/\/maciaszki.pl\/wp-content\/uploads\/2024\/04\/DSC06752-scaled.jpg\"><img loading=\"lazy\" width=\"681\" height=\"1024\" src=\"https:\/\/maciaszki.pl\/wp-content\/uploads\/2024\/04\/DSC06752-681x1024.jpg\" alt=\"\" data-id=\"4911\" data-full-url=\"https:\/\/maciaszki.pl\/wp-content\/uploads\/2024\/04\/DSC06752-scaled.jpg\" data-link=\"https:\/\/maciaszki.pl\/index.php\/2024\/04\/20\/szwajcaria-czeska-i-saksonska\/sony-dsc-881\/\" class=\"wp-image-4911\" srcset=\"https:\/\/maciaszki.pl\/wp-content\/uploads\/2024\/04\/DSC06752-681x1024.jpg 681w, https:\/\/maciaszki.pl\/wp-content\/uploads\/2024\/04\/DSC06752-200x300.jpg 200w, https:\/\/maciaszki.pl\/wp-content\/uploads\/2024\/04\/DSC06752-768x1154.jpg 768w, https:\/\/maciaszki.pl\/wp-content\/uploads\/2024\/04\/DSC06752-1022x1536.jpg 1022w, https:\/\/maciaszki.pl\/wp-content\/uploads\/2024\/04\/DSC06752-1363x2048.jpg 1363w, https:\/\/maciaszki.pl\/wp-content\/uploads\/2024\/04\/DSC06752-scaled.jpg 1704w\" sizes=\"(max-width: 681px) 100vw, 681px\" \/><\/a><\/figure><\/li><li class=\"blocks-gallery-item\"><figure><a href=\"https:\/\/maciaszki.pl\/wp-content\/uploads\/2024\/04\/DSC06758-scaled.jpg\"><img loading=\"lazy\" width=\"681\" height=\"1024\" src=\"https:\/\/maciaszki.pl\/wp-content\/uploads\/2024\/04\/DSC06758-681x1024.jpg\" alt=\"\" data-id=\"4912\" data-full-url=\"https:\/\/maciaszki.pl\/wp-content\/uploads\/2024\/04\/DSC06758-scaled.jpg\" data-link=\"https:\/\/maciaszki.pl\/index.php\/2024\/04\/20\/szwajcaria-czeska-i-saksonska\/sony-dsc-882\/\" class=\"wp-image-4912\" srcset=\"https:\/\/maciaszki.pl\/wp-content\/uploads\/2024\/04\/DSC06758-681x1024.jpg 681w, https:\/\/maciaszki.pl\/wp-content\/uploads\/2024\/04\/DSC06758-200x300.jpg 200w, https:\/\/maciaszki.pl\/wp-content\/uploads\/2024\/04\/DSC06758-768x1154.jpg 768w, https:\/\/maciaszki.pl\/wp-content\/uploads\/2024\/04\/DSC06758-1022x1536.jpg 1022w, https:\/\/maciaszki.pl\/wp-content\/uploads\/2024\/04\/DSC06758-1363x2048.jpg 1363w, https:\/\/maciaszki.pl\/wp-content\/uploads\/2024\/04\/DSC06758-scaled.jpg 1704w\" sizes=\"(max-width: 681px) 100vw, 681px\" \/><\/a><\/figure><\/li><li class=\"blocks-gallery-item\"><figure><a href=\"https:\/\/maciaszki.pl\/wp-content\/uploads\/2024\/04\/DSC06761-scaled.jpg\"><img loading=\"lazy\" width=\"681\" height=\"1024\" src=\"https:\/\/maciaszki.pl\/wp-content\/uploads\/2024\/04\/DSC06761-681x1024.jpg\" alt=\"\" data-id=\"4913\" data-full-url=\"https:\/\/maciaszki.pl\/wp-content\/uploads\/2024\/04\/DSC06761-scaled.jpg\" data-link=\"https:\/\/maciaszki.pl\/index.php\/2024\/04\/20\/szwajcaria-czeska-i-saksonska\/sony-dsc-883\/\" class=\"wp-image-4913\" srcset=\"https:\/\/maciaszki.pl\/wp-content\/uploads\/2024\/04\/DSC06761-681x1024.jpg 681w, https:\/\/maciaszki.pl\/wp-content\/uploads\/2024\/04\/DSC06761-200x300.jpg 200w, https:\/\/maciaszki.pl\/wp-content\/uploads\/2024\/04\/DSC06761-768x1154.jpg 768w, https:\/\/maciaszki.pl\/wp-content\/uploads\/2024\/04\/DSC06761-1022x1536.jpg 1022w, https:\/\/maciaszki.pl\/wp-content\/uploads\/2024\/04\/DSC06761-1363x2048.jpg 1363w, https:\/\/maciaszki.pl\/wp-content\/uploads\/2024\/04\/DSC06761-scaled.jpg 1704w\" sizes=\"(max-width: 681px) 100vw, 681px\" \/><\/a><\/figure><\/li><li class=\"blocks-gallery-item\"><figure><a href=\"https:\/\/maciaszki.pl\/wp-content\/uploads\/2024\/04\/IMG_2348-scaled.jpg\"><img loading=\"lazy\" width=\"683\" height=\"1024\" src=\"https:\/\/maciaszki.pl\/wp-content\/uploads\/2024\/04\/IMG_2348-683x1024.jpg\" alt=\"\" data-id=\"4914\" data-full-url=\"https:\/\/maciaszki.pl\/wp-content\/uploads\/2024\/04\/IMG_2348-scaled.jpg\" data-link=\"https:\/\/maciaszki.pl\/index.php\/2024\/04\/20\/szwajcaria-czeska-i-saksonska\/img_2348\/\" class=\"wp-image-4914\" srcset=\"https:\/\/maciaszki.pl\/wp-content\/uploads\/2024\/04\/IMG_2348-683x1024.jpg 683w, https:\/\/maciaszki.pl\/wp-content\/uploads\/2024\/04\/IMG_2348-200x300.jpg 200w, https:\/\/maciaszki.pl\/wp-content\/uploads\/2024\/04\/IMG_2348-768x1151.jpg 768w, https:\/\/maciaszki.pl\/wp-content\/uploads\/2024\/04\/IMG_2348-1024x1536.jpg 1024w, https:\/\/maciaszki.pl\/wp-content\/uploads\/2024\/04\/IMG_2348-1366x2048.jpg 1366w, https:\/\/maciaszki.pl\/wp-content\/uploads\/2024\/04\/IMG_2348-scaled.jpg 1707w\" sizes=\"(max-width: 683px) 100vw, 683px\" \/><\/a><\/figure><\/li><li class=\"blocks-gallery-item\"><figure><a href=\"https:\/\/maciaszki.pl\/wp-content\/uploads\/2024\/04\/IMG_2356-scaled.jpg\"><img loading=\"lazy\" width=\"768\" height=\"1024\" src=\"https:\/\/maciaszki.pl\/wp-content\/uploads\/2024\/04\/IMG_2356-768x1024.jpg\" alt=\"\" data-id=\"4915\" data-full-url=\"https:\/\/maciaszki.pl\/wp-content\/uploads\/2024\/04\/IMG_2356-scaled.jpg\" data-link=\"https:\/\/maciaszki.pl\/index.php\/2024\/04\/20\/szwajcaria-czeska-i-saksonska\/img_2356\/\" class=\"wp-image-4915\" srcset=\"https:\/\/maciaszki.pl\/wp-content\/uploads\/2024\/04\/IMG_2356-768x1024.jpg 768w, https:\/\/maciaszki.pl\/wp-content\/uploads\/2024\/04\/IMG_2356-225x300.jpg 225w, https:\/\/maciaszki.pl\/wp-content\/uploads\/2024\/04\/IMG_2356-1152x1536.jpg 1152w, https:\/\/maciaszki.pl\/wp-content\/uploads\/2024\/04\/IMG_2356-1536x2048.jpg 1536w, https:\/\/maciaszki.pl\/wp-content\/uploads\/2024\/04\/IMG_2356-scaled.jpg 1920w\" sizes=\"(max-width: 706px) 89vw, (max-width: 767px) 82vw, 740px\" \/><\/a><\/figure><\/li><\/ul><figcaption class=\"blocks-gallery-caption\"> Trasa \u201eschwierig\u201d <\/figcaption><\/figure>\n\n\n\n<p class=\"has-small-font-size\">P\u0119tl\u0119 wok\u00f3\u0142 ca\u0142ego kompleksu zamykamy wej\u015bciem na Grosser Winterberg, najwy\u017csz\u0105 g\u00f3r\u0119 tego rejonu (556m n.p.m.). I jest to do\u015bwiadczenie bardzo rozczarowuj\u0105ce! Ta \u201ewielka zimowa g\u00f3ra\u201d jest &nbsp;\u0142agodnym wzniesieniem z nieczynn\u0105 restauracj\u0105. Jedyn\u0105 odmian\u0105 s\u0105 bazalty zamiast piaskowc\u00f3w. St\u0105d mamy ju\u017c proste zej\u015bcie do Schmilki.<\/p>\n\n\n\n<figure class=\"wp-block-gallery columns-2 is-cropped\"><ul class=\"blocks-gallery-grid\"><li class=\"blocks-gallery-item\"><figure><a href=\"https:\/\/maciaszki.pl\/wp-content\/uploads\/2024\/04\/DSC06764-681x1024.jpg\"><img loading=\"lazy\" width=\"681\" height=\"1024\" src=\"https:\/\/maciaszki.pl\/wp-content\/uploads\/2024\/04\/DSC06764-681x1024.jpg\" alt=\"\" data-id=\"4916\" data-link=\"https:\/\/maciaszki.pl\/index.php\/2024\/04\/20\/szwajcaria-czeska-i-saksonska\/sony-dsc-884\/\" class=\"wp-image-4916\" srcset=\"https:\/\/maciaszki.pl\/wp-content\/uploads\/2024\/04\/DSC06764-681x1024.jpg 681w, https:\/\/maciaszki.pl\/wp-content\/uploads\/2024\/04\/DSC06764-200x300.jpg 200w, https:\/\/maciaszki.pl\/wp-content\/uploads\/2024\/04\/DSC06764-768x1154.jpg 768w, https:\/\/maciaszki.pl\/wp-content\/uploads\/2024\/04\/DSC06764-1022x1536.jpg 1022w, https:\/\/maciaszki.pl\/wp-content\/uploads\/2024\/04\/DSC06764-1363x2048.jpg 1363w, https:\/\/maciaszki.pl\/wp-content\/uploads\/2024\/04\/DSC06764-scaled.jpg 1704w\" sizes=\"(max-width: 681px) 100vw, 681px\" \/><\/a><\/figure><\/li><li class=\"blocks-gallery-item\"><figure><a href=\"https:\/\/maciaszki.pl\/wp-content\/uploads\/2024\/04\/DSC06769-681x1024.jpg\"><img loading=\"lazy\" width=\"681\" height=\"1024\" src=\"https:\/\/maciaszki.pl\/wp-content\/uploads\/2024\/04\/DSC06769-681x1024.jpg\" alt=\"\" data-id=\"4917\" data-link=\"https:\/\/maciaszki.pl\/index.php\/2024\/04\/20\/szwajcaria-czeska-i-saksonska\/sony-dsc-885\/\" class=\"wp-image-4917\" srcset=\"https:\/\/maciaszki.pl\/wp-content\/uploads\/2024\/04\/DSC06769-681x1024.jpg 681w, https:\/\/maciaszki.pl\/wp-content\/uploads\/2024\/04\/DSC06769-200x300.jpg 200w, https:\/\/maciaszki.pl\/wp-content\/uploads\/2024\/04\/DSC06769-768x1154.jpg 768w, https:\/\/maciaszki.pl\/wp-content\/uploads\/2024\/04\/DSC06769-1022x1536.jpg 1022w, https:\/\/maciaszki.pl\/wp-content\/uploads\/2024\/04\/DSC06769-1363x2048.jpg 1363w, https:\/\/maciaszki.pl\/wp-content\/uploads\/2024\/04\/DSC06769-scaled.jpg 1704w\" sizes=\"(max-width: 681px) 100vw, 681px\" \/><\/a><\/figure><\/li><li class=\"blocks-gallery-item\"><figure><a href=\"https:\/\/maciaszki.pl\/wp-content\/uploads\/2024\/04\/DSC06773-scaled.jpg\"><img loading=\"lazy\" width=\"1024\" height=\"681\" src=\"https:\/\/maciaszki.pl\/wp-content\/uploads\/2024\/04\/DSC06773-1024x681.jpg\" alt=\"\" data-id=\"4918\" data-full-url=\"https:\/\/maciaszki.pl\/wp-content\/uploads\/2024\/04\/DSC06773-scaled.jpg\" data-link=\"https:\/\/maciaszki.pl\/index.php\/2024\/04\/20\/szwajcaria-czeska-i-saksonska\/sony-dsc-886\/\" class=\"wp-image-4918\" srcset=\"https:\/\/maciaszki.pl\/wp-content\/uploads\/2024\/04\/DSC06773-1024x681.jpg 1024w, https:\/\/maciaszki.pl\/wp-content\/uploads\/2024\/04\/DSC06773-300x200.jpg 300w, https:\/\/maciaszki.pl\/wp-content\/uploads\/2024\/04\/DSC06773-768x511.jpg 768w, https:\/\/maciaszki.pl\/wp-content\/uploads\/2024\/04\/DSC06773-1536x1022.jpg 1536w, https:\/\/maciaszki.pl\/wp-content\/uploads\/2024\/04\/DSC06773-2048x1363.jpg 2048w\" sizes=\"(max-width: 706px) 89vw, (max-width: 767px) 82vw, 740px\" \/><\/a><\/figure><\/li><\/ul><\/figure>\n\n\n\n<h4>Sakso\u0144ska Szwajcaria &#8211; most Bastei<\/h4>\n\n\n\n<p class=\"has-small-font-size\">Na koniec zostawiamy sobie Most Bastei, najbardziej popularne miejsce Szwajcarii Sakso\u0144skiej. Zawdzi\u0119cza sw\u0105 nazw\u0119 wysokiej skale najbardziej wysuni\u0119tej w stron\u0119 \u0141aby i wznosz\u0105cej si\u0119 190 m od lustra rzeki (bastei \u2013 baszta). Tury\u015bci odwiedzaj\u0105 Bastei masowo od dwustu lat. Pierwsza zorganizowana wycieczka dotar\u0142a tu ju\u017c na pocz\u0105tku XIX w. <\/p>\n\n\n\n<figure class=\"wp-block-image size-large\"><a href=\"https:\/\/maciaszki.pl\/wp-content\/uploads\/2024\/04\/DSC06591-2-scaled.jpg\"><img loading=\"lazy\" width=\"1024\" height=\"684\" src=\"https:\/\/maciaszki.pl\/wp-content\/uploads\/2024\/04\/DSC06591-2-1024x684.jpg\" alt=\"\" class=\"wp-image-4919\" srcset=\"https:\/\/maciaszki.pl\/wp-content\/uploads\/2024\/04\/DSC06591-2-1024x684.jpg 1024w, https:\/\/maciaszki.pl\/wp-content\/uploads\/2024\/04\/DSC06591-2-300x200.jpg 300w, https:\/\/maciaszki.pl\/wp-content\/uploads\/2024\/04\/DSC06591-2-768x513.jpg 768w, https:\/\/maciaszki.pl\/wp-content\/uploads\/2024\/04\/DSC06591-2-1536x1026.jpg 1536w, https:\/\/maciaszki.pl\/wp-content\/uploads\/2024\/04\/DSC06591-2-2048x1368.jpg 2048w\" sizes=\"(max-width: 706px) 89vw, (max-width: 767px) 82vw, 740px\" \/><\/a><\/figure>\n\n\n\n<p class=\"has-small-font-size\">W 1826 r. powsta\u0142 tu pierwszy drewniany most malowniczo zawieszony pomi\u0119dzy ska\u0142ami i pozosta\u0142o\u015bciami zamku Neurathen. Wtedy te\u017c zbudowano obok mostu pierwsz\u0105 kwater\u0119 noclegow\u0105. Ciekawe, \u017ce ju\u017c kilkana\u015bcie lat wcze\u015bniej funkcjonowa\u0142 tu bufet przeznaczony dla turyst\u00f3w, na kt\u00f3rym jego w\u0142a\u015bciciel zrobi\u0142 ca\u0142kiem niez\u0142y biznes. Drewniany most w po\u0142owie XIX wieku ze wzgl\u0119du na bezpiecze\u0144stwo odwiedzaj\u0105cych zast\u0105piono kamiennym, z lokalnego piaskowca. Dzi\u015b wiedzie t\u0119dy Droga Malarzy. <\/p>\n\n\n\n<figure class=\"wp-block-gallery columns-2 is-cropped\"><ul class=\"blocks-gallery-grid\"><li class=\"blocks-gallery-item\"><figure><a href=\"https:\/\/maciaszki.pl\/wp-content\/uploads\/2024\/04\/DSC06599-2-684x1024.jpg\"><img loading=\"lazy\" width=\"684\" height=\"1024\" src=\"https:\/\/maciaszki.pl\/wp-content\/uploads\/2024\/04\/DSC06599-2-684x1024.jpg\" alt=\"\" data-id=\"4920\" data-link=\"https:\/\/maciaszki.pl\/index.php\/2024\/04\/20\/szwajcaria-czeska-i-saksonska\/dsc06599-2\/\" class=\"wp-image-4920\" srcset=\"https:\/\/maciaszki.pl\/wp-content\/uploads\/2024\/04\/DSC06599-2-684x1024.jpg 684w, https:\/\/maciaszki.pl\/wp-content\/uploads\/2024\/04\/DSC06599-2-200x300.jpg 200w, https:\/\/maciaszki.pl\/wp-content\/uploads\/2024\/04\/DSC06599-2-768x1151.jpg 768w, https:\/\/maciaszki.pl\/wp-content\/uploads\/2024\/04\/DSC06599-2-1025x1536.jpg 1025w, https:\/\/maciaszki.pl\/wp-content\/uploads\/2024\/04\/DSC06599-2-1367x2048.jpg 1367w, https:\/\/maciaszki.pl\/wp-content\/uploads\/2024\/04\/DSC06599-2-scaled.jpg 1709w\" sizes=\"(max-width: 684px) 100vw, 684px\" \/><\/a><\/figure><\/li><li class=\"blocks-gallery-item\"><figure><a href=\"https:\/\/maciaszki.pl\/wp-content\/uploads\/2024\/04\/DSC06600-2-683x1024.jpg\"><img loading=\"lazy\" width=\"683\" height=\"1024\" src=\"https:\/\/maciaszki.pl\/wp-content\/uploads\/2024\/04\/DSC06600-2-683x1024.jpg\" alt=\"\" data-id=\"4921\" data-link=\"https:\/\/maciaszki.pl\/index.php\/2024\/04\/20\/szwajcaria-czeska-i-saksonska\/dsc06600-2\/\" class=\"wp-image-4921\" srcset=\"https:\/\/maciaszki.pl\/wp-content\/uploads\/2024\/04\/DSC06600-2-683x1024.jpg 683w, https:\/\/maciaszki.pl\/wp-content\/uploads\/2024\/04\/DSC06600-2-200x300.jpg 200w, https:\/\/maciaszki.pl\/wp-content\/uploads\/2024\/04\/DSC06600-2-768x1152.jpg 768w, https:\/\/maciaszki.pl\/wp-content\/uploads\/2024\/04\/DSC06600-2-1024x1536.jpg 1024w, https:\/\/maciaszki.pl\/wp-content\/uploads\/2024\/04\/DSC06600-2-1365x2048.jpg 1365w, https:\/\/maciaszki.pl\/wp-content\/uploads\/2024\/04\/DSC06600-2-scaled.jpg 1707w\" sizes=\"(max-width: 683px) 100vw, 683px\" \/><\/a><\/figure><\/li><li class=\"blocks-gallery-item\"><figure><a href=\"https:\/\/maciaszki.pl\/wp-content\/uploads\/2024\/04\/DSC06603-2-683x1024.jpg\"><img loading=\"lazy\" width=\"683\" height=\"1024\" src=\"https:\/\/maciaszki.pl\/wp-content\/uploads\/2024\/04\/DSC06603-2-683x1024.jpg\" alt=\"\" data-id=\"4922\" data-link=\"https:\/\/maciaszki.pl\/index.php\/2024\/04\/20\/szwajcaria-czeska-i-saksonska\/dsc06603-2\/\" class=\"wp-image-4922\" srcset=\"https:\/\/maciaszki.pl\/wp-content\/uploads\/2024\/04\/DSC06603-2-683x1024.jpg 683w, https:\/\/maciaszki.pl\/wp-content\/uploads\/2024\/04\/DSC06603-2-200x300.jpg 200w, https:\/\/maciaszki.pl\/wp-content\/uploads\/2024\/04\/DSC06603-2-768x1152.jpg 768w, https:\/\/maciaszki.pl\/wp-content\/uploads\/2024\/04\/DSC06603-2-1024x1536.jpg 1024w, https:\/\/maciaszki.pl\/wp-content\/uploads\/2024\/04\/DSC06603-2-1365x2048.jpg 1365w, https:\/\/maciaszki.pl\/wp-content\/uploads\/2024\/04\/DSC06603-2-scaled.jpg 1706w\" sizes=\"(max-width: 683px) 100vw, 683px\" \/><\/a><\/figure><\/li><li class=\"blocks-gallery-item\"><figure><a href=\"https:\/\/maciaszki.pl\/wp-content\/uploads\/2024\/04\/IMG_2389-683x1024.jpg\"><img loading=\"lazy\" width=\"683\" height=\"1024\" src=\"https:\/\/maciaszki.pl\/wp-content\/uploads\/2024\/04\/IMG_2389-683x1024.jpg\" alt=\"\" data-id=\"4923\" data-link=\"https:\/\/maciaszki.pl\/index.php\/2024\/04\/20\/szwajcaria-czeska-i-saksonska\/img_2389\/\" class=\"wp-image-4923\" srcset=\"https:\/\/maciaszki.pl\/wp-content\/uploads\/2024\/04\/IMG_2389-683x1024.jpg 683w, https:\/\/maciaszki.pl\/wp-content\/uploads\/2024\/04\/IMG_2389-200x300.jpg 200w, https:\/\/maciaszki.pl\/wp-content\/uploads\/2024\/04\/IMG_2389-768x1151.jpg 768w, https:\/\/maciaszki.pl\/wp-content\/uploads\/2024\/04\/IMG_2389-1025x1536.jpg 1025w, https:\/\/maciaszki.pl\/wp-content\/uploads\/2024\/04\/IMG_2389-1366x2048.jpg 1366w, https:\/\/maciaszki.pl\/wp-content\/uploads\/2024\/04\/IMG_2389-scaled.jpg 1708w\" sizes=\"(max-width: 683px) 100vw, 683px\" \/><\/a><\/figure><\/li><li class=\"blocks-gallery-item\"><figure><a href=\"https:\/\/maciaszki.pl\/wp-content\/uploads\/2024\/04\/DSC06614-2-scaled.jpg\"><img loading=\"lazy\" width=\"1024\" height=\"683\" src=\"https:\/\/maciaszki.pl\/wp-content\/uploads\/2024\/04\/DSC06614-2-1024x683.jpg\" alt=\"\" data-id=\"4924\" data-full-url=\"https:\/\/maciaszki.pl\/wp-content\/uploads\/2024\/04\/DSC06614-2-scaled.jpg\" data-link=\"https:\/\/maciaszki.pl\/index.php\/2024\/04\/20\/szwajcaria-czeska-i-saksonska\/dsc06614-2\/\" class=\"wp-image-4924\" srcset=\"https:\/\/maciaszki.pl\/wp-content\/uploads\/2024\/04\/DSC06614-2-1024x683.jpg 1024w, https:\/\/maciaszki.pl\/wp-content\/uploads\/2024\/04\/DSC06614-2-300x200.jpg 300w, https:\/\/maciaszki.pl\/wp-content\/uploads\/2024\/04\/DSC06614-2-768x512.jpg 768w, https:\/\/maciaszki.pl\/wp-content\/uploads\/2024\/04\/DSC06614-2-1536x1024.jpg 1536w, https:\/\/maciaszki.pl\/wp-content\/uploads\/2024\/04\/DSC06614-2-2048x1365.jpg 2048w\" sizes=\"(max-width: 706px) 89vw, (max-width: 767px) 82vw, 740px\" \/><\/a><\/figure><\/li><\/ul><figcaption class=\"blocks-gallery-caption\">Krajobrazy mostu Bastei<\/figcaption><\/figure>\n\n\n\n<p class=\"has-small-font-size\">Trudno si\u0119 dziwi\u0107 tak wielkiej popularno\u015bci tego miejsca. Panorama roztaczaj\u0105ca si\u0119 z wielu punkt\u00f3w widokowych jest zachwycaj\u0105ca, szlak wiod\u0105cy w\u015br\u00f3d ska\u0142 malowniczy i romantyczny, a sam most niezwykle urokliwy. Ale ludzi jest naprawd\u0119 du\u017co, cho\u0107 jest kwiecie\u0144, \u015brodek tygodnia, a prognozy pogody s\u0105 kiepskie. Parking w kurorcie Rathen po lewej stronie rzeki, sk\u0105d na drugi brzeg, w stron\u0119 mostu Bastei, przep\u0142ywa prom, by\u0142 prawie pusty. Jak wi\u0119c jest w szczycie sezonu, gdy trudno znale\u017a\u0107 miejsce parkingowe?<\/p>\n\n\n\n<figure class=\"wp-block-gallery aligncenter columns-2 is-cropped\"><ul class=\"blocks-gallery-grid\"><li class=\"blocks-gallery-item\"><figure><img loading=\"lazy\" width=\"768\" height=\"1024\" src=\"https:\/\/maciaszki.pl\/wp-content\/uploads\/2024\/04\/IMG_2376-1-768x1024.jpg\" alt=\"\" data-id=\"4949\" class=\"wp-image-4949\" srcset=\"https:\/\/maciaszki.pl\/wp-content\/uploads\/2024\/04\/IMG_2376-1-768x1024.jpg 768w, https:\/\/maciaszki.pl\/wp-content\/uploads\/2024\/04\/IMG_2376-1-225x300.jpg 225w, https:\/\/maciaszki.pl\/wp-content\/uploads\/2024\/04\/IMG_2376-1-1152x1536.jpg 1152w, https:\/\/maciaszki.pl\/wp-content\/uploads\/2024\/04\/IMG_2376-1-1536x2048.jpg 1536w, https:\/\/maciaszki.pl\/wp-content\/uploads\/2024\/04\/IMG_2376-1-scaled.jpg 1920w\" sizes=\"(max-width: 706px) 89vw, (max-width: 767px) 82vw, 740px\" \/><figcaption class=\"blocks-gallery-item__caption\"><em>Ostatnie wsp\u00f3lne zdj\u0119cie na Bastei<\/em><\/figcaption><\/figure><\/li><li class=\"blocks-gallery-item\"><figure><img loading=\"lazy\" width=\"768\" height=\"1024\" src=\"https:\/\/maciaszki.pl\/wp-content\/uploads\/2024\/04\/IMG_2379-768x1024.jpg\" alt=\"\" data-id=\"4955\" data-full-url=\"https:\/\/maciaszki.pl\/wp-content\/uploads\/2024\/04\/IMG_2379-scaled.jpg\" data-link=\"https:\/\/maciaszki.pl\/index.php\/2024\/04\/20\/szwajcaria-czeska-i-saksonska\/img_2379\/\" class=\"wp-image-4955\" srcset=\"https:\/\/maciaszki.pl\/wp-content\/uploads\/2024\/04\/IMG_2379-768x1024.jpg 768w, https:\/\/maciaszki.pl\/wp-content\/uploads\/2024\/04\/IMG_2379-225x300.jpg 225w, https:\/\/maciaszki.pl\/wp-content\/uploads\/2024\/04\/IMG_2379-1152x1536.jpg 1152w, https:\/\/maciaszki.pl\/wp-content\/uploads\/2024\/04\/IMG_2379-1536x2048.jpg 1536w, https:\/\/maciaszki.pl\/wp-content\/uploads\/2024\/04\/IMG_2379-scaled.jpg 1920w\" sizes=\"(max-width: 706px) 89vw, (max-width: 767px) 82vw, 740px\" \/><\/figure><\/li><\/ul><\/figure>\n\n\n\n<figure class=\"wp-block-image size-large\"><a href=\"https:\/\/maciaszki.pl\/wp-content\/uploads\/2024\/04\/DSC06634-2-scaled.jpg\"><img loading=\"lazy\" width=\"1024\" height=\"683\" src=\"https:\/\/maciaszki.pl\/wp-content\/uploads\/2024\/04\/DSC06634-2-1024x683.jpg\" alt=\"\" class=\"wp-image-4925\" srcset=\"https:\/\/maciaszki.pl\/wp-content\/uploads\/2024\/04\/DSC06634-2-1024x683.jpg 1024w, https:\/\/maciaszki.pl\/wp-content\/uploads\/2024\/04\/DSC06634-2-300x200.jpg 300w, https:\/\/maciaszki.pl\/wp-content\/uploads\/2024\/04\/DSC06634-2-768x512.jpg 768w, https:\/\/maciaszki.pl\/wp-content\/uploads\/2024\/04\/DSC06634-2-1536x1024.jpg 1536w, https:\/\/maciaszki.pl\/wp-content\/uploads\/2024\/04\/DSC06634-2-2048x1365.jpg 2048w\" sizes=\"(max-width: 706px) 89vw, (max-width: 767px) 82vw, 740px\" \/><\/a><figcaption><em>W\u0119dr\u00f3wk\u0119 &#8222;Czeska i Sakso\u0144ska Szwajcaria&#8221; ko\u0144czyli\u015bmy nad \u0141ab\u0105 przep\u0142ywaj\u0105c\u0105 obok mostu Bastei<\/em><\/figcaption><\/figure>\n\n\n\n<p class=\"has-small-font-size\">Cztery dni to dobry czas na pierwsze spotkanie z Czesk\u0105 i Sakso\u0144sk\u0105 Szwajcari\u0105, bo pozwala na zorientowanie si\u0119 w bogactwie atrakcji tego rejonu. Zarazem niedosyt jest tak wielki, \u017ce ju\u017c zaczyna si\u0119 uk\u0142ada\u0107 plany kolejnych wyjazd\u00f3w i przej\u015b\u0107 po obu stronach granicy. Mo\u017ce ca\u0142a Droga Malarzy z twierdz\u0105 K\u00f6nigstein? Mo\u017ce W\u0105w\u00f3z Edwarda, ale ten prawdopodobnie  b\u0119dzie zamkni\u0119ty jeszcze przez kolejne trzy lata. <\/p>\n\n\n\n<ul><li>Wi\u0119cej zdj\u0119\u0107 z trekkingu &#8222;Czeska i Sakso\u0144ska Szwajcaria&#8221; mo\u017cna znale\u017a\u0107 <a href=\"https:\/\/photos.app.goo.gl\/NWiTpbCC2qHABFvX9\" target=\"_blank\" rel=\"noreferrer noopener\">tutaj<\/a><\/li><li>Korzystali\u015bmy z mapy <a href=\"https:\/\/czytam.pl\/mapa-czeska-i-saksonska-szwajcaria-1-25-000-praca-zbiorowa-1122405?utm_source=ceneo&amp;utm_medium=cpc&amp;utm_campaign=ceneo&amp;ceneo_spo=true&amp;ceneo_cid=05bc00d4-3b8a-d2fd-677a-b24e59f7f241\" target=\"_blank\" rel=\"noreferrer noopener\">Czeska i Sakso\u0144ska Szwajcaria<\/a><\/li><li>Bardzo przydatna by\u0142a aplikacja <em><strong>Mapy.cz<\/strong><\/em> <\/li><\/ul>\n\n\n\n<p><\/p>\n","protected":false},"excerpt":{"rendered":"<p>O ile czeskie skalne miasto Ard\u0161pach jest w\u015br\u00f3d polskich turyst\u00f3w bardzo popularne, przede wszystkim jako cel wielu wycieczek, to ju\u017c w rejonie Szwajcarii Sakso\u0144skiej i Czeskiej j\u0119zyk polski s\u0142yszy si\u0119 zdecydowanie rzadziej. Troch\u0119 to dziwi, bo obie niezwykle malownicze \u201eSzwajcarie\u201d le\u017c\u0105 kilkadziesi\u0105t kilometr\u00f3w od Bogatyni, na pograniczu niemiecko-czeskim. Sze\u015b\u0107 lata temu przemierzali\u015bmy ten teren rowerami, &hellip; <\/p>\n<p class=\"link-more\"><a href=\"https:\/\/maciaszki.pl\/index.php\/2024\/04\/20\/szwajcaria-czeska-i-saksonska\/\" class=\"more-link\">Czytaj dalej<span class=\"screen-reader-text\"> Czeska i Sakso\u0144ska Szwajcaria<\/span><\/a><\/p>\n","protected":false},"author":4,"featured_media":4933,"comment_status":"open","ping_status":"closed","sticky":false,"template":"","format":"standard","meta":[],"categories":[4],"tags":[112,36,107,110,111,109,108,38],"yoast_head":"<!-- This site is optimized with the Yoast SEO plugin v17.6 - https:\/\/yoast.com\/wordpress\/plugins\/seo\/ -->\n<title>Czeska i Sakso\u0144ska Szwajcaria - Maciaszki<\/title>\n<meta name=\"description\" content=\"Czeska Sakso\u0144ska Szwajcaria Jet\u0159ichovice Schmilka Pirna H\u0159ensko most Bastei Brama Prav\u010dicka Sokole Gniazdo\" \/>\n<meta name=\"robots\" content=\"index, follow, max-snippet:-1, max-image-preview:large, max-video-preview:-1\" \/>\n<link rel=\"canonical\" href=\"https:\/\/maciaszki.pl\/index.php\/2024\/04\/20\/szwajcaria-czeska-i-saksonska\/\" \/>\n<meta property=\"og:locale\" content=\"pl_PL\" \/>\n<meta property=\"og:type\" content=\"article\" \/>\n<meta property=\"og:title\" content=\"Czeska i Sakso\u0144ska Szwajcaria - Maciaszki\" \/>\n<meta property=\"og:description\" content=\"Czeska Sakso\u0144ska Szwajcaria Jet\u0159ichovice Schmilka Pirna H\u0159ensko most Bastei Brama Prav\u010dicka Sokole Gniazdo\" \/>\n<meta property=\"og:url\" content=\"https:\/\/maciaszki.pl\/index.php\/2024\/04\/20\/szwajcaria-czeska-i-saksonska\/\" \/>\n<meta property=\"og:site_name\" content=\"Maciaszki\" \/>\n<meta property=\"article:published_time\" content=\"2024-04-20T10:26:07+00:00\" \/>\n<meta property=\"article:modified_time\" content=\"2024-08-07T19:56:03+00:00\" \/>\n<meta property=\"og:image\" content=\"https:\/\/maciaszki.pl\/wp-content\/uploads\/2024\/04\/DSC06729-scaled.jpg\" \/>\n\t<meta property=\"og:image:width\" content=\"2560\" \/>\n\t<meta property=\"og:image:height\" content=\"1704\" \/>\n<meta name=\"twitter:card\" content=\"summary_large_image\" \/>\n<meta name=\"twitter:label1\" content=\"Napisane przez\" \/>\n\t<meta name=\"twitter:data1\" content=\"Mariola\" \/>\n\t<meta name=\"twitter:label2\" content=\"Szacowany czas czytania\" \/>\n\t<meta name=\"twitter:data2\" content=\"18 minut\" \/>\n<script type=\"application\/ld+json\" class=\"yoast-schema-graph\">{\"@context\":\"https:\/\/schema.org\",\"@graph\":[{\"@type\":\"WebSite\",\"@id\":\"https:\/\/maciaszki.pl\/#website\",\"url\":\"https:\/\/maciaszki.pl\/\",\"name\":\"Maciaszki\",\"description\":\"W\\u0119dr\\u00f3wki w czasie i w przestrzeni\",\"potentialAction\":[{\"@type\":\"SearchAction\",\"target\":{\"@type\":\"EntryPoint\",\"urlTemplate\":\"https:\/\/maciaszki.pl\/?s={search_term_string}\"},\"query-input\":\"required name=search_term_string\"}],\"inLanguage\":\"pl-PL\"},{\"@type\":\"ImageObject\",\"@id\":\"https:\/\/maciaszki.pl\/index.php\/2024\/04\/20\/szwajcaria-czeska-i-saksonska\/#primaryimage\",\"inLanguage\":\"pl-PL\",\"url\":\"https:\/\/maciaszki.pl\/wp-content\/uploads\/2024\/04\/DSC06729-scaled.jpg\",\"contentUrl\":\"https:\/\/maciaszki.pl\/wp-content\/uploads\/2024\/04\/DSC06729-scaled.jpg\",\"width\":2560,\"height\":1704,\"caption\":\"SONY DSC\"},{\"@type\":\"WebPage\",\"@id\":\"https:\/\/maciaszki.pl\/index.php\/2024\/04\/20\/szwajcaria-czeska-i-saksonska\/#webpage\",\"url\":\"https:\/\/maciaszki.pl\/index.php\/2024\/04\/20\/szwajcaria-czeska-i-saksonska\/\",\"name\":\"Czeska i Sakso\\u0144ska Szwajcaria - Maciaszki\",\"isPartOf\":{\"@id\":\"https:\/\/maciaszki.pl\/#website\"},\"primaryImageOfPage\":{\"@id\":\"https:\/\/maciaszki.pl\/index.php\/2024\/04\/20\/szwajcaria-czeska-i-saksonska\/#primaryimage\"},\"datePublished\":\"2024-04-20T10:26:07+00:00\",\"dateModified\":\"2024-08-07T19:56:03+00:00\",\"author\":{\"@id\":\"https:\/\/maciaszki.pl\/#\/schema\/person\/fcb9e3fef16e5ff711ba8b5165219595\"},\"description\":\"Czeska Sakso\\u0144ska Szwajcaria Jet\\u0159ichovice Schmilka Pirna H\\u0159ensko most Bastei Brama Prav\\u010dicka Sokole Gniazdo\",\"breadcrumb\":{\"@id\":\"https:\/\/maciaszki.pl\/index.php\/2024\/04\/20\/szwajcaria-czeska-i-saksonska\/#breadcrumb\"},\"inLanguage\":\"pl-PL\",\"potentialAction\":[{\"@type\":\"ReadAction\",\"target\":[\"https:\/\/maciaszki.pl\/index.php\/2024\/04\/20\/szwajcaria-czeska-i-saksonska\/\"]}]},{\"@type\":\"BreadcrumbList\",\"@id\":\"https:\/\/maciaszki.pl\/index.php\/2024\/04\/20\/szwajcaria-czeska-i-saksonska\/#breadcrumb\",\"itemListElement\":[{\"@type\":\"ListItem\",\"position\":1,\"name\":\"Home\",\"item\":\"https:\/\/maciaszki.pl\/\"},{\"@type\":\"ListItem\",\"position\":2,\"name\":\"Czeska i Sakso\\u0144ska Szwajcaria\"}]},{\"@type\":\"Person\",\"@id\":\"https:\/\/maciaszki.pl\/#\/schema\/person\/fcb9e3fef16e5ff711ba8b5165219595\",\"name\":\"Mariola\",\"image\":{\"@type\":\"ImageObject\",\"@id\":\"https:\/\/maciaszki.pl\/#personlogo\",\"inLanguage\":\"pl-PL\",\"url\":\"https:\/\/secure.gravatar.com\/avatar\/e5db72b8951cba502cad3b466751186e?s=96&d=mm&r=g\",\"contentUrl\":\"https:\/\/secure.gravatar.com\/avatar\/e5db72b8951cba502cad3b466751186e?s=96&d=mm&r=g\",\"caption\":\"Mariola\"},\"url\":\"https:\/\/maciaszki.pl\/index.php\/author\/mariola\/\"}]}<\/script>\n<!-- \/ Yoast SEO plugin. -->","yoast_head_json":{"title":"Czeska i Sakso\u0144ska Szwajcaria - Maciaszki","description":"Czeska Sakso\u0144ska Szwajcaria Jet\u0159ichovice Schmilka Pirna H\u0159ensko most Bastei Brama Prav\u010dicka Sokole Gniazdo","robots":{"index":"index","follow":"follow","max-snippet":"max-snippet:-1","max-image-preview":"max-image-preview:large","max-video-preview":"max-video-preview:-1"},"canonical":"https:\/\/maciaszki.pl\/index.php\/2024\/04\/20\/szwajcaria-czeska-i-saksonska\/","og_locale":"pl_PL","og_type":"article","og_title":"Czeska i Sakso\u0144ska Szwajcaria - Maciaszki","og_description":"Czeska Sakso\u0144ska Szwajcaria Jet\u0159ichovice Schmilka Pirna H\u0159ensko most Bastei Brama Prav\u010dicka Sokole Gniazdo","og_url":"https:\/\/maciaszki.pl\/index.php\/2024\/04\/20\/szwajcaria-czeska-i-saksonska\/","og_site_name":"Maciaszki","article_published_time":"2024-04-20T10:26:07+00:00","article_modified_time":"2024-08-07T19:56:03+00:00","og_image":[{"width":2560,"height":1704,"url":"https:\/\/maciaszki.pl\/wp-content\/uploads\/2024\/04\/DSC06729-scaled.jpg","type":"image\/jpeg"}],"twitter_card":"summary_large_image","twitter_misc":{"Napisane przez":"Mariola","Szacowany czas czytania":"18 minut"},"schema":{"@context":"https:\/\/schema.org","@graph":[{"@type":"WebSite","@id":"https:\/\/maciaszki.pl\/#website","url":"https:\/\/maciaszki.pl\/","name":"Maciaszki","description":"W\u0119dr\u00f3wki w czasie i w przestrzeni","potentialAction":[{"@type":"SearchAction","target":{"@type":"EntryPoint","urlTemplate":"https:\/\/maciaszki.pl\/?s={search_term_string}"},"query-input":"required name=search_term_string"}],"inLanguage":"pl-PL"},{"@type":"ImageObject","@id":"https:\/\/maciaszki.pl\/index.php\/2024\/04\/20\/szwajcaria-czeska-i-saksonska\/#primaryimage","inLanguage":"pl-PL","url":"https:\/\/maciaszki.pl\/wp-content\/uploads\/2024\/04\/DSC06729-scaled.jpg","contentUrl":"https:\/\/maciaszki.pl\/wp-content\/uploads\/2024\/04\/DSC06729-scaled.jpg","width":2560,"height":1704,"caption":"SONY DSC"},{"@type":"WebPage","@id":"https:\/\/maciaszki.pl\/index.php\/2024\/04\/20\/szwajcaria-czeska-i-saksonska\/#webpage","url":"https:\/\/maciaszki.pl\/index.php\/2024\/04\/20\/szwajcaria-czeska-i-saksonska\/","name":"Czeska i Sakso\u0144ska Szwajcaria - Maciaszki","isPartOf":{"@id":"https:\/\/maciaszki.pl\/#website"},"primaryImageOfPage":{"@id":"https:\/\/maciaszki.pl\/index.php\/2024\/04\/20\/szwajcaria-czeska-i-saksonska\/#primaryimage"},"datePublished":"2024-04-20T10:26:07+00:00","dateModified":"2024-08-07T19:56:03+00:00","author":{"@id":"https:\/\/maciaszki.pl\/#\/schema\/person\/fcb9e3fef16e5ff711ba8b5165219595"},"description":"Czeska Sakso\u0144ska Szwajcaria Jet\u0159ichovice Schmilka Pirna H\u0159ensko most Bastei Brama Prav\u010dicka Sokole Gniazdo","breadcrumb":{"@id":"https:\/\/maciaszki.pl\/index.php\/2024\/04\/20\/szwajcaria-czeska-i-saksonska\/#breadcrumb"},"inLanguage":"pl-PL","potentialAction":[{"@type":"ReadAction","target":["https:\/\/maciaszki.pl\/index.php\/2024\/04\/20\/szwajcaria-czeska-i-saksonska\/"]}]},{"@type":"BreadcrumbList","@id":"https:\/\/maciaszki.pl\/index.php\/2024\/04\/20\/szwajcaria-czeska-i-saksonska\/#breadcrumb","itemListElement":[{"@type":"ListItem","position":1,"name":"Home","item":"https:\/\/maciaszki.pl\/"},{"@type":"ListItem","position":2,"name":"Czeska i Sakso\u0144ska Szwajcaria"}]},{"@type":"Person","@id":"https:\/\/maciaszki.pl\/#\/schema\/person\/fcb9e3fef16e5ff711ba8b5165219595","name":"Mariola","image":{"@type":"ImageObject","@id":"https:\/\/maciaszki.pl\/#personlogo","inLanguage":"pl-PL","url":"https:\/\/secure.gravatar.com\/avatar\/e5db72b8951cba502cad3b466751186e?s=96&d=mm&r=g","contentUrl":"https:\/\/secure.gravatar.com\/avatar\/e5db72b8951cba502cad3b466751186e?s=96&d=mm&r=g","caption":"Mariola"},"url":"https:\/\/maciaszki.pl\/index.php\/author\/mariola\/"}]}},"_links":{"self":[{"href":"https:\/\/maciaszki.pl\/index.php\/wp-json\/wp\/v2\/posts\/4860"}],"collection":[{"href":"https:\/\/maciaszki.pl\/index.php\/wp-json\/wp\/v2\/posts"}],"about":[{"href":"https:\/\/maciaszki.pl\/index.php\/wp-json\/wp\/v2\/types\/post"}],"author":[{"embeddable":true,"href":"https:\/\/maciaszki.pl\/index.php\/wp-json\/wp\/v2\/users\/4"}],"replies":[{"embeddable":true,"href":"https:\/\/maciaszki.pl\/index.php\/wp-json\/wp\/v2\/comments?post=4860"}],"version-history":[{"count":23,"href":"https:\/\/maciaszki.pl\/index.php\/wp-json\/wp\/v2\/posts\/4860\/revisions"}],"predecessor-version":[{"id":4960,"href":"https:\/\/maciaszki.pl\/index.php\/wp-json\/wp\/v2\/posts\/4860\/revisions\/4960"}],"wp:featuredmedia":[{"embeddable":true,"href":"https:\/\/maciaszki.pl\/index.php\/wp-json\/wp\/v2\/media\/4933"}],"wp:attachment":[{"href":"https:\/\/maciaszki.pl\/index.php\/wp-json\/wp\/v2\/media?parent=4860"}],"wp:term":[{"taxonomy":"category","embeddable":true,"href":"https:\/\/maciaszki.pl\/index.php\/wp-json\/wp\/v2\/categories?post=4860"},{"taxonomy":"post_tag","embeddable":true,"href":"https:\/\/maciaszki.pl\/index.php\/wp-json\/wp\/v2\/tags?post=4860"}],"curies":[{"name":"wp","href":"https:\/\/api.w.org\/{rel}","templated":true}]}}