{"id":4368,"date":"2023-06-04T08:58:21","date_gmt":"2023-06-04T06:58:21","guid":{"rendered":"https:\/\/maciaszki.pl\/?p=4368"},"modified":"2023-08-22T20:47:09","modified_gmt":"2023-08-22T18:47:09","slug":"wkolo-jeziorska-do-warty-i-przez-warte","status":"publish","type":"post","link":"https:\/\/maciaszki.pl\/index.php\/2023\/06\/04\/wkolo-jeziorska-do-warty-i-przez-warte\/","title":{"rendered":"Wko\u0142o Jeziorska &#8211; do Warty i przez Wart\u0119"},"content":{"rendered":"\n<p><\/p>\n\n\n\n<p class=\"has-small-font-size\">Trasa licz\u0105ca oko\u0142o 100 km ma w swoim zamy\u015ble p\u0119tl\u0119 wok\u00f3\u0142 Jeziorska. Punktem, gdzie przekraczamy Wart\u0119, jest most w\u0142a\u015bnie w Warcie. Kierunek jazdy wyznacza prosta zasada \u2013 d\u0142u\u017csza przerwa w P\u0119czniewie wypada ju\u017c w drodze powrotnej, kiedy dwie trzecie trasy mamy za sob\u0105. Dalej \u201eju\u017c tylko z g\u00f3rki\u201d!<\/p>\n\n\n\n<figure class=\"wp-block-gallery columns-2 is-cropped\"><ul class=\"blocks-gallery-grid\"><li class=\"blocks-gallery-item\"><figure><a href=\"https:\/\/maciaszki.pl\/wp-content\/uploads\/2023\/06\/IMG_0378-1-scaled.jpg\"><img loading=\"lazy\" width=\"681\" height=\"1024\" src=\"https:\/\/maciaszki.pl\/wp-content\/uploads\/2023\/06\/IMG_0378-1-681x1024.jpg\" alt=\"\" data-id=\"4377\" data-full-url=\"https:\/\/maciaszki.pl\/wp-content\/uploads\/2023\/06\/IMG_0378-1-scaled.jpg\" data-link=\"https:\/\/maciaszki.pl\/?attachment_id=4377\" class=\"wp-image-4377\" srcset=\"https:\/\/maciaszki.pl\/wp-content\/uploads\/2023\/06\/IMG_0378-1-681x1024.jpg 681w, https:\/\/maciaszki.pl\/wp-content\/uploads\/2023\/06\/IMG_0378-1-199x300.jpg 199w, https:\/\/maciaszki.pl\/wp-content\/uploads\/2023\/06\/IMG_0378-1-768x1155.jpg 768w, https:\/\/maciaszki.pl\/wp-content\/uploads\/2023\/06\/IMG_0378-1-1021x1536.jpg 1021w, https:\/\/maciaszki.pl\/wp-content\/uploads\/2023\/06\/IMG_0378-1-1361x2048.jpg 1361w, https:\/\/maciaszki.pl\/wp-content\/uploads\/2023\/06\/IMG_0378-1-scaled.jpg 1702w\" sizes=\"(max-width: 681px) 100vw, 681px\" \/><\/a><\/figure><\/li><li class=\"blocks-gallery-item\"><figure><a href=\"https:\/\/maciaszki.pl\/wp-content\/uploads\/2023\/06\/IMG_0380-scaled.jpg\"><img loading=\"lazy\" width=\"768\" height=\"1024\" src=\"https:\/\/maciaszki.pl\/wp-content\/uploads\/2023\/06\/IMG_0380-768x1024.jpg\" alt=\"\" data-id=\"4378\" data-full-url=\"https:\/\/maciaszki.pl\/wp-content\/uploads\/2023\/06\/IMG_0380-scaled.jpg\" data-link=\"https:\/\/maciaszki.pl\/?attachment_id=4378\" class=\"wp-image-4378\" srcset=\"https:\/\/maciaszki.pl\/wp-content\/uploads\/2023\/06\/IMG_0380-768x1024.jpg 768w, https:\/\/maciaszki.pl\/wp-content\/uploads\/2023\/06\/IMG_0380-225x300.jpg 225w, https:\/\/maciaszki.pl\/wp-content\/uploads\/2023\/06\/IMG_0380-1152x1536.jpg 1152w, https:\/\/maciaszki.pl\/wp-content\/uploads\/2023\/06\/IMG_0380-1536x2048.jpg 1536w, https:\/\/maciaszki.pl\/wp-content\/uploads\/2023\/06\/IMG_0380-scaled.jpg 1920w\" sizes=\"(max-width: 706px) 89vw, (max-width: 767px) 82vw, 740px\" \/><\/a><\/figure><\/li><\/ul><\/figure>\n\n\n\n<p class=\"has-small-font-size\">Wyruszamy z Turku \u015bcie\u017ck\u0105 rowerow\u0105 przez \u017buki i kierujemy si\u0119 na po\u0142udnie. Przez Kaczki Technikum, Mikulice i Czajk\u00f3w zmierzamy do Warty, zach\u0119ceni perspektyw\u0105 lod\u00f3w i mro\u017conej kawy. Wojew\u00f3dztwo wielkopolskie opuszczamy przed Ziemi\u0119cinem. To ju\u017c gmina Goszczan\u00f3w w wojew\u00f3dztwie \u0142\u00f3dzkim. <\/p>\n\n\n\n<!--more-->\n\n\n\n<p class=\"has-small-font-size\">W Popr\u0119\u017cnikach na skrzy\u017cowaniu zatrzymujemy si\u0119 obok krzy\u017ca z tablic\u0105 upami\u0119tniaj\u0105c\u0105 miejsce bitwy podczas powstania styczniowego. To tutaj 23 sierpnia 1863 roku oddzia\u0142 kawalerii powsta\u0144czej stoczy\u0142 walk\u0119 z wojskiem rosyjskim, trac\u0105c 20 \u017co\u0142nierzy. Zbiorowa mogi\u0142a znajduje si\u0119 na cmentarzu w Warcie.<\/p>\n\n\n\n<h4>W Warcie<\/h4>\n\n\n\n<figure class=\"wp-block-image size-large\"><a href=\"https:\/\/maciaszki.pl\/wp-content\/uploads\/2023\/06\/IMG_0502-scaled.jpg\"><img loading=\"lazy\" width=\"1024\" height=\"709\" src=\"https:\/\/maciaszki.pl\/wp-content\/uploads\/2023\/06\/IMG_0502-1024x709.jpg\" alt=\"\" class=\"wp-image-4417\" srcset=\"https:\/\/maciaszki.pl\/wp-content\/uploads\/2023\/06\/IMG_0502-1024x709.jpg 1024w, https:\/\/maciaszki.pl\/wp-content\/uploads\/2023\/06\/IMG_0502-300x208.jpg 300w, https:\/\/maciaszki.pl\/wp-content\/uploads\/2023\/06\/IMG_0502-768x532.jpg 768w, https:\/\/maciaszki.pl\/wp-content\/uploads\/2023\/06\/IMG_0502-1536x1064.jpg 1536w, https:\/\/maciaszki.pl\/wp-content\/uploads\/2023\/06\/IMG_0502-2048x1419.jpg 2048w\" sizes=\"(max-width: 706px) 89vw, (max-width: 767px) 82vw, 740px\" \/><\/a><figcaption><em>Zachodnia \u015bciana rynku w Warcie<\/em><\/figcaption><\/figure>\n\n\n\n<p class=\"has-small-font-size\">W niedzielne przedpo\u0142udnie Warta jest cicha i pusta. Pani z cukierni w\u0142a\u015bnie wystawia stoliki. Dobrze, bo na te lody i kaw\u0119 naprawd\u0119 czekali\u015bmy, zmagaj\u0105c si\u0119 z silnym wiatrem wiej\u0105cym centralnie w twarz. Na rynku znajduje si\u0119 pomnik Stanis\u0142awa Skar\u017cy\u0144skiego, najbardziej znanego warcianina, pilota, kt\u00f3ry w okresie mi\u0119dzywojennym dokona\u0142 wielu brawurowych i rekordowych przelot\u00f3w, m.in. pokona\u0142 Atlantyk, lec\u0105c z Afryki do Ameryki Po\u0142udniowej.<\/p>\n\n\n\n<div class=\"wp-block-image\"><figure class=\"aligncenter size-large is-resized\"><a href=\"https:\/\/maciaszki.pl\/wp-content\/uploads\/2023\/06\/DSC03555-1-scaled.jpg\"><img loading=\"lazy\" src=\"https:\/\/maciaszki.pl\/wp-content\/uploads\/2023\/06\/DSC03555-1-798x1024.jpg\" alt=\"\" class=\"wp-image-4424\" width=\"368\" height=\"471\" srcset=\"https:\/\/maciaszki.pl\/wp-content\/uploads\/2023\/06\/DSC03555-1-798x1024.jpg 798w, https:\/\/maciaszki.pl\/wp-content\/uploads\/2023\/06\/DSC03555-1-234x300.jpg 234w, https:\/\/maciaszki.pl\/wp-content\/uploads\/2023\/06\/DSC03555-1-768x986.jpg 768w, https:\/\/maciaszki.pl\/wp-content\/uploads\/2023\/06\/DSC03555-1-1197x1536.jpg 1197w, https:\/\/maciaszki.pl\/wp-content\/uploads\/2023\/06\/DSC03555-1-1596x2048.jpg 1596w, https:\/\/maciaszki.pl\/wp-content\/uploads\/2023\/06\/DSC03555-1-scaled.jpg 1995w\" sizes=\"(max-width: 368px) 100vw, 368px\" \/><\/a><figcaption><em>Pomnik Stanis\u0142awa Skar\u017cy\u0144skiego<\/em><\/figcaption><\/figure><\/div>\n\n\n\n<p class=\"has-small-font-size\">Historii Warty nad Wart\u0105 przyjrze\u0107 si\u0119 warto. To niewielkie miasteczko licz\u0105ce dzi\u015b ledwie 3200 mieszka\u0144c\u00f3w, uzyska\u0142o prawa miejskie &nbsp;ju\u017c w 1255 roku, czyli prawie sto lat wcze\u015bniej ni\u017c Turek. A\u017c do XVIII wieku by\u0142o pr\u0119\u017cnym miastem z dobrze rozwini\u0119tym rzemios\u0142em, ale czasy \u015bwietno\u015bci ma daleko za sob\u0105. Tym razem odwiedzamy ko\u015bci\u00f3\u0142 pw. Wniebowzi\u0119cia Matki Boskiej stanowi\u0105cy cz\u0119\u015b\u0107 zespo\u0142u klasztornego bernardyn\u00f3w. Jego pocz\u0105tki si\u0119gaj\u0105 XV w., ale kilkakrotnie przebudowywany straci\u0142 sw\u00f3j gotycki charakter i do naszych czas\u00f3w przetrwa\u0142 w barokowym stylu z XVII i XVIII wieku. Tu\u017c obok znajduje si\u0119 niewielki ko\u015bci\u00f3\u0142 pw. Narodzenia Matki Boskiej jako cz\u0119\u015b\u0107 zespo\u0142u klasztornego bernardynek z XVIIIw. <\/p>\n\n\n\n<figure class=\"wp-block-gallery columns-2 is-cropped\"><ul class=\"blocks-gallery-grid\"><li class=\"blocks-gallery-item\"><figure><a href=\"https:\/\/maciaszki.pl\/wp-content\/uploads\/2023\/06\/IMG_0385-scaled.jpg\"><img loading=\"lazy\" width=\"832\" height=\"1024\" src=\"https:\/\/maciaszki.pl\/wp-content\/uploads\/2023\/06\/IMG_0385-832x1024.jpg\" alt=\"\" data-id=\"4380\" data-full-url=\"https:\/\/maciaszki.pl\/wp-content\/uploads\/2023\/06\/IMG_0385-scaled.jpg\" data-link=\"https:\/\/maciaszki.pl\/?attachment_id=4380\" class=\"wp-image-4380\" srcset=\"https:\/\/maciaszki.pl\/wp-content\/uploads\/2023\/06\/IMG_0385-832x1024.jpg 832w, https:\/\/maciaszki.pl\/wp-content\/uploads\/2023\/06\/IMG_0385-244x300.jpg 244w, https:\/\/maciaszki.pl\/wp-content\/uploads\/2023\/06\/IMG_0385-768x945.jpg 768w, https:\/\/maciaszki.pl\/wp-content\/uploads\/2023\/06\/IMG_0385-1249x1536.jpg 1249w, https:\/\/maciaszki.pl\/wp-content\/uploads\/2023\/06\/IMG_0385-1665x2048.jpg 1665w\" sizes=\"(max-width: 706px) 89vw, (max-width: 767px) 82vw, 740px\" \/><\/a><\/figure><\/li><li class=\"blocks-gallery-item\"><figure><a href=\"https:\/\/maciaszki.pl\/wp-content\/uploads\/2023\/06\/IMG_0389-scaled.jpg\"><img loading=\"lazy\" width=\"864\" height=\"1024\" src=\"https:\/\/maciaszki.pl\/wp-content\/uploads\/2023\/06\/IMG_0389-864x1024.jpg\" alt=\"\" data-id=\"4381\" data-full-url=\"https:\/\/maciaszki.pl\/wp-content\/uploads\/2023\/06\/IMG_0389-scaled.jpg\" data-link=\"https:\/\/maciaszki.pl\/?attachment_id=4381\" class=\"wp-image-4381\" srcset=\"https:\/\/maciaszki.pl\/wp-content\/uploads\/2023\/06\/IMG_0389-864x1024.jpg 864w, https:\/\/maciaszki.pl\/wp-content\/uploads\/2023\/06\/IMG_0389-253x300.jpg 253w, https:\/\/maciaszki.pl\/wp-content\/uploads\/2023\/06\/IMG_0389-768x910.jpg 768w, https:\/\/maciaszki.pl\/wp-content\/uploads\/2023\/06\/IMG_0389-1297x1536.jpg 1297w, https:\/\/maciaszki.pl\/wp-content\/uploads\/2023\/06\/IMG_0389-1729x2048.jpg 1729w\" sizes=\"(max-width: 706px) 89vw, (max-width: 767px) 82vw, 740px\" \/><\/a><\/figure><\/li><\/ul><figcaption class=\"blocks-gallery-caption\"><em> Warta &#8211; ko\u015bci\u00f3\u0142 pw. Wniebowzi\u0119cia Matki Boskiej stanowi\u0105cy cz\u0119\u015b\u0107 zespo\u0142u klasztornego bernardyn\u00f3w <\/em><\/figcaption><\/figure>\n\n\n\n<figure class=\"wp-block-image size-large\"><a href=\"https:\/\/maciaszki.pl\/wp-content\/uploads\/2023\/06\/IMG_0381-scaled.jpg\"><img loading=\"lazy\" width=\"1024\" height=\"768\" src=\"https:\/\/maciaszki.pl\/wp-content\/uploads\/2023\/06\/IMG_0381-1024x768.jpg\" alt=\"\" class=\"wp-image-4382\" srcset=\"https:\/\/maciaszki.pl\/wp-content\/uploads\/2023\/06\/IMG_0381-1024x768.jpg 1024w, https:\/\/maciaszki.pl\/wp-content\/uploads\/2023\/06\/IMG_0381-300x225.jpg 300w, https:\/\/maciaszki.pl\/wp-content\/uploads\/2023\/06\/IMG_0381-768x576.jpg 768w, https:\/\/maciaszki.pl\/wp-content\/uploads\/2023\/06\/IMG_0381-1536x1152.jpg 1536w, https:\/\/maciaszki.pl\/wp-content\/uploads\/2023\/06\/IMG_0381-2048x1536.jpg 2048w\" sizes=\"(max-width: 706px) 89vw, (max-width: 767px) 82vw, 740px\" \/><\/a><figcaption><em> Ko\u015bci\u00f3\u0142 pw. Narodzenia Matki Boskiej jako cz\u0119\u015b\u0107 zespo\u0142u klasztornego bernardynek <\/em><\/figcaption><\/figure>\n\n\n\n<p class=\"has-small-font-size\">( Zach\u0119cam do obejrzenia kr\u00f3tkiego filmu \u201eWarta i jej tajemnice\u201d: <a href=\"https:\/\/www.warta.bernardyni.pl\/index.php?view=article&amp;id=441&amp;catid=2\">https:\/\/www.warta.bernardyni.pl\/index.php?view=article&amp;id=441&amp;catid=2<\/a> )<\/p>\n\n\n\n<p class=\"has-small-font-size\">Ma\u0142a Warta mo\u017ce pochwali\u0107 si\u0119 jeszcze jedn\u0105 budowl\u0105 sakraln\u0105, to gotycki ko\u015bci\u00f3\u0142 \u015bw. Miko\u0142aja wzniesiony w po\u0142owie XIVw. i przebudowany w XVIIw. W barokowym wn\u0119trzu mo\u017cna podziwia\u0107 cenny trzyskrzyd\u0142owy o\u0142tarz z pocz\u0105tku XVI w. przedstawiaj\u0105cy sceny z Wniebowzi\u0119cia Naj\u015bwi\u0119tszej Marii Panny.<\/p>\n\n\n\n<figure class=\"wp-block-image size-large\"><a href=\"https:\/\/maciaszki.pl\/wp-content\/uploads\/2023\/06\/IMG_0500-1-scaled.jpg\"><img loading=\"lazy\" width=\"1024\" height=\"751\" src=\"https:\/\/maciaszki.pl\/wp-content\/uploads\/2023\/06\/IMG_0500-1-1024x751.jpg\" alt=\"\" class=\"wp-image-4385\" srcset=\"https:\/\/maciaszki.pl\/wp-content\/uploads\/2023\/06\/IMG_0500-1-1024x751.jpg 1024w, https:\/\/maciaszki.pl\/wp-content\/uploads\/2023\/06\/IMG_0500-1-300x220.jpg 300w, https:\/\/maciaszki.pl\/wp-content\/uploads\/2023\/06\/IMG_0500-1-768x563.jpg 768w, https:\/\/maciaszki.pl\/wp-content\/uploads\/2023\/06\/IMG_0500-1-1536x1127.jpg 1536w, https:\/\/maciaszki.pl\/wp-content\/uploads\/2023\/06\/IMG_0500-1-2048x1502.jpg 2048w\" sizes=\"(max-width: 706px) 89vw, (max-width: 767px) 82vw, 740px\" \/><\/a><\/figure>\n\n\n\n<figure class=\"wp-block-image size-large\"><a href=\"https:\/\/maciaszki.pl\/wp-content\/uploads\/2023\/06\/IMG_0493-1-scaled.jpg\"><img loading=\"lazy\" width=\"768\" height=\"1024\" src=\"https:\/\/maciaszki.pl\/wp-content\/uploads\/2023\/06\/IMG_0493-1-768x1024.jpg\" alt=\"\" class=\"wp-image-4386\" srcset=\"https:\/\/maciaszki.pl\/wp-content\/uploads\/2023\/06\/IMG_0493-1-768x1024.jpg 768w, https:\/\/maciaszki.pl\/wp-content\/uploads\/2023\/06\/IMG_0493-1-225x300.jpg 225w, https:\/\/maciaszki.pl\/wp-content\/uploads\/2023\/06\/IMG_0493-1-1152x1536.jpg 1152w, https:\/\/maciaszki.pl\/wp-content\/uploads\/2023\/06\/IMG_0493-1-1536x2048.jpg 1536w, https:\/\/maciaszki.pl\/wp-content\/uploads\/2023\/06\/IMG_0493-1-scaled.jpg 1920w\" sizes=\"(max-width: 706px) 89vw, (max-width: 767px) 82vw, 740px\" \/><\/a><figcaption> <em>Gotycki ko\u015bci\u00f3\u0142 \u015bw. Miko\u0142aja wzniesiony w po\u0142owie XIVw<\/em> <\/figcaption><\/figure>\n\n\n\n<p class=\"has-small-font-size\">Miejscem najbardziej niezwyk\u0142ym okaza\u0142 si\u0119 dla nas cmentarz \u017cydowski. Zaskoczy\u0142 nas rozmiarami, ilo\u015bci\u0105 macew i &#8230; idealnym porz\u0105dkiem. Cmentarz (nowy; stary nie istnieje) zosta\u0142 za\u0142o\u017cony na pocz\u0105tku XIX wieku, a najstarsza macewa pochodzi z 1812 r. Warcia\u0144ski sztetl pozostawi\u0142 po sobie to \u015bwiadectwo w postaci 320 nagrobk\u00f3w. W 1939 roku Warta liczy\u0142a ok. 4400 mieszka\u0144c\u00f3w, z czego 2300 by\u0142o \u017bydami. Tym jednak nie by\u0142o dane spocz\u0105\u0107 na tutejszym cmentarzu &#8211; zgin\u0119li w obozie zag\u0142ady Kulmhoff w Che\u0142mnie nad Nerem.<\/p>\n\n\n\n<figure class=\"wp-block-image size-large\"><a href=\"https:\/\/maciaszki.pl\/wp-content\/uploads\/2023\/06\/DSC03550-scaled.jpg\"><img loading=\"lazy\" width=\"1024\" height=\"683\" src=\"https:\/\/maciaszki.pl\/wp-content\/uploads\/2023\/06\/DSC03550-1024x683.jpg\" alt=\"\" class=\"wp-image-4387\" srcset=\"https:\/\/maciaszki.pl\/wp-content\/uploads\/2023\/06\/DSC03550-1024x683.jpg 1024w, https:\/\/maciaszki.pl\/wp-content\/uploads\/2023\/06\/DSC03550-300x200.jpg 300w, https:\/\/maciaszki.pl\/wp-content\/uploads\/2023\/06\/DSC03550-768x512.jpg 768w, https:\/\/maciaszki.pl\/wp-content\/uploads\/2023\/06\/DSC03550-1536x1024.jpg 1536w, https:\/\/maciaszki.pl\/wp-content\/uploads\/2023\/06\/DSC03550-2048x1365.jpg 2048w\" sizes=\"(max-width: 706px) 89vw, (max-width: 767px) 82vw, 740px\" \/><\/a><\/figure>\n\n\n\n<figure class=\"wp-block-gallery columns-2 is-cropped\"><ul class=\"blocks-gallery-grid\"><li class=\"blocks-gallery-item\"><figure><a href=\"https:\/\/maciaszki.pl\/wp-content\/uploads\/2023\/06\/DSC03544-scaled.jpg\"><img loading=\"lazy\" width=\"540\" height=\"1024\" src=\"https:\/\/maciaszki.pl\/wp-content\/uploads\/2023\/06\/DSC03544-540x1024.jpg\" alt=\"\" data-id=\"4388\" data-full-url=\"https:\/\/maciaszki.pl\/wp-content\/uploads\/2023\/06\/DSC03544-scaled.jpg\" data-link=\"https:\/\/maciaszki.pl\/?attachment_id=4388\" class=\"wp-image-4388\" srcset=\"https:\/\/maciaszki.pl\/wp-content\/uploads\/2023\/06\/DSC03544-540x1024.jpg 540w, https:\/\/maciaszki.pl\/wp-content\/uploads\/2023\/06\/DSC03544-158x300.jpg 158w, https:\/\/maciaszki.pl\/wp-content\/uploads\/2023\/06\/DSC03544-768x1455.jpg 768w, https:\/\/maciaszki.pl\/wp-content\/uploads\/2023\/06\/DSC03544-811x1536.jpg 811w, https:\/\/maciaszki.pl\/wp-content\/uploads\/2023\/06\/DSC03544-1081x2048.jpg 1081w, https:\/\/maciaszki.pl\/wp-content\/uploads\/2023\/06\/DSC03544-scaled.jpg 1351w\" sizes=\"(max-width: 540px) 100vw, 540px\" \/><\/a><\/figure><\/li><li class=\"blocks-gallery-item\"><figure><a href=\"https:\/\/maciaszki.pl\/wp-content\/uploads\/2023\/06\/IMG_0492-scaled.jpg\"><img loading=\"lazy\" width=\"768\" height=\"1024\" src=\"https:\/\/maciaszki.pl\/wp-content\/uploads\/2023\/06\/IMG_0492-768x1024.jpg\" alt=\"\" data-id=\"4389\" data-full-url=\"https:\/\/maciaszki.pl\/wp-content\/uploads\/2023\/06\/IMG_0492-scaled.jpg\" data-link=\"https:\/\/maciaszki.pl\/?attachment_id=4389\" class=\"wp-image-4389\" srcset=\"https:\/\/maciaszki.pl\/wp-content\/uploads\/2023\/06\/IMG_0492-768x1024.jpg 768w, https:\/\/maciaszki.pl\/wp-content\/uploads\/2023\/06\/IMG_0492-225x300.jpg 225w, https:\/\/maciaszki.pl\/wp-content\/uploads\/2023\/06\/IMG_0492-1152x1536.jpg 1152w, https:\/\/maciaszki.pl\/wp-content\/uploads\/2023\/06\/IMG_0492-1536x2048.jpg 1536w, https:\/\/maciaszki.pl\/wp-content\/uploads\/2023\/06\/IMG_0492-scaled.jpg 1920w\" sizes=\"(max-width: 706px) 89vw, (max-width: 767px) 82vw, 740px\" \/><\/a><\/figure><\/li><\/ul><figcaption class=\"blocks-gallery-caption\">Cmentarz \u017cydowski w Warcie<\/figcaption><\/figure>\n\n\n\n<h4>Glinno, Brodnia, P\u0119czniew<\/h4>\n\n\n\n<p class=\"has-small-font-size\">Opuszczamy miasto i mostem na Warcie przeje\u017cd\u017camy na wschodni\u0105 jej cz\u0119\u015b\u0107. W Dzierz\u0105znej skr\u0119camy na p\u00f3\u0142noc \u2013 od tej chwili powoli b\u0119dziemy przybli\u017ca\u0107 si\u0119 do Turku. Atrakcj\u0105 we wsi Glinno jest wie\u017ca widokowa, z kt\u00f3rej podziwia\u0107 mo\u017cna p\u0142aski jak st\u00f3\u0142 pejza\u017c doliny Warty, jej rozlewiska z rezerwatem przyrody i zbiornik Jeziorsko. Drugi taki punkt znajduje si\u0119 po przeciwnej stronie rzeki w Proboszczowicach. <\/p>\n\n\n\n<figure class=\"wp-block-image size-large\"><a href=\"https:\/\/maciaszki.pl\/wp-content\/uploads\/2023\/06\/IMG_0395-scaled.jpg\"><img loading=\"lazy\" width=\"1024\" height=\"768\" src=\"https:\/\/maciaszki.pl\/wp-content\/uploads\/2023\/06\/IMG_0395-1024x768.jpg\" alt=\"\" class=\"wp-image-4390\" srcset=\"https:\/\/maciaszki.pl\/wp-content\/uploads\/2023\/06\/IMG_0395-1024x768.jpg 1024w, https:\/\/maciaszki.pl\/wp-content\/uploads\/2023\/06\/IMG_0395-300x225.jpg 300w, https:\/\/maciaszki.pl\/wp-content\/uploads\/2023\/06\/IMG_0395-768x576.jpg 768w, https:\/\/maciaszki.pl\/wp-content\/uploads\/2023\/06\/IMG_0395-1536x1152.jpg 1536w, https:\/\/maciaszki.pl\/wp-content\/uploads\/2023\/06\/IMG_0395-2048x1536.jpg 2048w\" sizes=\"(max-width: 706px) 89vw, (max-width: 767px) 82vw, 740px\" \/><\/a><\/figure>\n\n\n\n<p class=\"has-small-font-size\">W Glinnie znajduje si\u0119 te\u017c cmentarz, na kt\u00f3rym spoczywa 200 \u017co\u0142nierzy poleg\u0142ych podczas kampanii wrze\u015bniowej. To w\u0142a\u015bnie tutaj 4 i 5 wrze\u015bnia 1939 r. toczy\u0142y si\u0119 walki o utrzymanie linii Warty zako\u0144czone kl\u0119sk\u0105 polskich wojsk. Na cmentarnych tabliczkach nazwiska i wiek poleg\u0142ych. O tamtych wydarzeniach przypominaj\u0105 te\u017c bunkry w Glinnie. (<a href=\"http:\/\/www.niepodleglosc.lodzkie.eu\/page\/index.php?str=552\">http:\/\/www.niepodleglosc.lodzkie.eu\/page\/index.php?str=552<\/a> )<\/p>\n\n\n\n<figure class=\"wp-block-image size-large\"><a href=\"https:\/\/maciaszki.pl\/wp-content\/uploads\/2023\/06\/IMG_0474-scaled.jpg\"><img loading=\"lazy\" width=\"1024\" height=\"768\" src=\"https:\/\/maciaszki.pl\/wp-content\/uploads\/2023\/06\/IMG_0474-1024x768.jpg\" alt=\"\" class=\"wp-image-4391\" srcset=\"https:\/\/maciaszki.pl\/wp-content\/uploads\/2023\/06\/IMG_0474-1024x768.jpg 1024w, https:\/\/maciaszki.pl\/wp-content\/uploads\/2023\/06\/IMG_0474-300x225.jpg 300w, https:\/\/maciaszki.pl\/wp-content\/uploads\/2023\/06\/IMG_0474-768x576.jpg 768w, https:\/\/maciaszki.pl\/wp-content\/uploads\/2023\/06\/IMG_0474-1536x1152.jpg 1536w, https:\/\/maciaszki.pl\/wp-content\/uploads\/2023\/06\/IMG_0474-2048x1536.jpg 2048w\" sizes=\"(max-width: 706px) 89vw, (max-width: 767px) 82vw, 740px\" \/><\/a><\/figure>\n\n\n\n<p class=\"has-small-font-size\">Dalej do P\u0119czniewa mo\u017cna jecha\u0107 przez Lubol\u0119 lub przez Brodni\u0119. Niema\u0142ym zaskoczeniem by\u0142a dla nas informacja, \u017ce w\u0142a\u015bnie z Brodni pochodzi\u0142 Kazimierz Deka-Deczy\u0144ski, wiejski nauczyciel, ludowy dzia\u0142acz i powstaniec listopadowy, znany nam z powie\u015bci Leona Kruczkowskiego &#8222;Kordian i cham&#8221; (przyznam, nie by\u0142a to dla nas szczeg\u00f3lnie poci\u0105gaj\u0105ca lektura szkolna). W Brodni Kolonii zamieszka\u0142ej cz\u0119\u015bciowo przez letnik\u00f3w znajduje si\u0119 drewniany zabytkowy ko\u015bci\u00f3\u0142 \u015bw. Stanis\u0142awa Biskupa. Parafia w Brodni zosta\u0142a utworzona przed XIV w., a obecny ko\u015bci\u00f3\u0142 wybudowano  w po\u0142owie XVI w. (przebudowany pod koniec XIXw.). Niestety nie uda\u0142o si\u0119 nam wej\u015b\u0107 do \u015brodka. Mo\u017ce warto wybra\u0107 si\u0119 tu 16 sierpnia na odpust ku czci \u015bw. Rocha.<\/p>\n\n\n\n<figure class=\"wp-block-gallery columns-2 is-cropped\"><ul class=\"blocks-gallery-grid\"><li class=\"blocks-gallery-item\"><figure><a href=\"https:\/\/maciaszki.pl\/wp-content\/uploads\/2023\/06\/IMG_0470-scaled.jpg\"><img loading=\"lazy\" width=\"768\" height=\"1024\" src=\"https:\/\/maciaszki.pl\/wp-content\/uploads\/2023\/06\/IMG_0470-768x1024.jpg\" alt=\"\" data-id=\"4392\" data-full-url=\"https:\/\/maciaszki.pl\/wp-content\/uploads\/2023\/06\/IMG_0470-scaled.jpg\" data-link=\"https:\/\/maciaszki.pl\/?attachment_id=4392\" class=\"wp-image-4392\" srcset=\"https:\/\/maciaszki.pl\/wp-content\/uploads\/2023\/06\/IMG_0470-768x1024.jpg 768w, https:\/\/maciaszki.pl\/wp-content\/uploads\/2023\/06\/IMG_0470-225x300.jpg 225w, https:\/\/maciaszki.pl\/wp-content\/uploads\/2023\/06\/IMG_0470-1152x1536.jpg 1152w, https:\/\/maciaszki.pl\/wp-content\/uploads\/2023\/06\/IMG_0470-1536x2048.jpg 1536w, https:\/\/maciaszki.pl\/wp-content\/uploads\/2023\/06\/IMG_0470-scaled.jpg 1920w\" sizes=\"(max-width: 706px) 89vw, (max-width: 767px) 82vw, 740px\" \/><\/a><\/figure><\/li><li class=\"blocks-gallery-item\"><figure><a href=\"https:\/\/maciaszki.pl\/wp-content\/uploads\/2023\/06\/IMG_0473-scaled.jpg\"><img loading=\"lazy\" width=\"768\" height=\"1024\" src=\"https:\/\/maciaszki.pl\/wp-content\/uploads\/2023\/06\/IMG_0473-768x1024.jpg\" alt=\"\" data-id=\"4393\" data-full-url=\"https:\/\/maciaszki.pl\/wp-content\/uploads\/2023\/06\/IMG_0473-scaled.jpg\" data-link=\"https:\/\/maciaszki.pl\/?attachment_id=4393\" class=\"wp-image-4393\" srcset=\"https:\/\/maciaszki.pl\/wp-content\/uploads\/2023\/06\/IMG_0473-768x1024.jpg 768w, https:\/\/maciaszki.pl\/wp-content\/uploads\/2023\/06\/IMG_0473-225x300.jpg 225w, https:\/\/maciaszki.pl\/wp-content\/uploads\/2023\/06\/IMG_0473-1152x1536.jpg 1152w, https:\/\/maciaszki.pl\/wp-content\/uploads\/2023\/06\/IMG_0473-1536x2048.jpg 1536w, https:\/\/maciaszki.pl\/wp-content\/uploads\/2023\/06\/IMG_0473-scaled.jpg 1920w\" sizes=\"(max-width: 706px) 89vw, (max-width: 767px) 82vw, 740px\" \/><\/a><\/figure><\/li><\/ul><figcaption class=\"blocks-gallery-caption\"> Ko\u015bci\u00f3\u0142 \u015bw. Stanis\u0142awa Biskupa w Brodni wybudowano  w po\u0142owie XVI w. <\/figcaption><\/figure>\n\n\n\n<figure class=\"wp-block-image size-large\"><a href=\"https:\/\/maciaszki.pl\/wp-content\/uploads\/2023\/06\/DSC03517-scaled.jpg\"><img loading=\"lazy\" width=\"1024\" height=\"601\" src=\"https:\/\/maciaszki.pl\/wp-content\/uploads\/2023\/06\/DSC03517-1024x601.jpg\" alt=\"\" class=\"wp-image-4394\" srcset=\"https:\/\/maciaszki.pl\/wp-content\/uploads\/2023\/06\/DSC03517-1024x601.jpg 1024w, https:\/\/maciaszki.pl\/wp-content\/uploads\/2023\/06\/DSC03517-300x176.jpg 300w, https:\/\/maciaszki.pl\/wp-content\/uploads\/2023\/06\/DSC03517-768x450.jpg 768w, https:\/\/maciaszki.pl\/wp-content\/uploads\/2023\/06\/DSC03517-1536x901.jpg 1536w, https:\/\/maciaszki.pl\/wp-content\/uploads\/2023\/06\/DSC03517-2048x1201.jpg 2048w\" sizes=\"(max-width: 706px) 89vw, (max-width: 767px) 82vw, 740px\" \/><\/a><figcaption><em>Widok z okolic Brodni przez Jeziorsko, po drugiej stronie widoczna wie\u017ca ko\u015bcio\u0142a w Mi\u0142kowicach<\/em><\/figcaption><\/figure>\n\n\n\n<p class=\"has-small-font-size\">Malownicza droga do P\u0119czniewa prowadzi mi\u0119dzy stawami hodowlanymi. By\u0107 mo\u017ce P\u0119czniew ma szans\u0119 sta\u0107 si\u0119 wsi\u0105 turystyczna, ale na razie w centrum jest&nbsp; cicho i spokojnie. Odwiedzamy ko\u015bci\u00f3\u0142 \u015bw. Katarzyny \u2013 niewielki, drewniany, jednonawowy, zbudowany w miejsce wcze\u015bniejszego w XVIII w., z cennym barokowym wn\u0119trzem.<\/p>\n\n\n\n<figure class=\"wp-block-image size-large\"><a href=\"https:\/\/maciaszki.pl\/wp-content\/uploads\/2023\/06\/IMG_0464-scaled.jpg\"><img loading=\"lazy\" width=\"1024\" height=\"591\" src=\"https:\/\/maciaszki.pl\/wp-content\/uploads\/2023\/06\/IMG_0464-1024x591.jpg\" alt=\"\" class=\"wp-image-4395\" srcset=\"https:\/\/maciaszki.pl\/wp-content\/uploads\/2023\/06\/IMG_0464-1024x591.jpg 1024w, https:\/\/maciaszki.pl\/wp-content\/uploads\/2023\/06\/IMG_0464-300x173.jpg 300w, https:\/\/maciaszki.pl\/wp-content\/uploads\/2023\/06\/IMG_0464-768x443.jpg 768w, https:\/\/maciaszki.pl\/wp-content\/uploads\/2023\/06\/IMG_0464-1536x887.jpg 1536w, https:\/\/maciaszki.pl\/wp-content\/uploads\/2023\/06\/IMG_0464-2048x1182.jpg 2048w\" sizes=\"(max-width: 706px) 89vw, (max-width: 767px) 82vw, 740px\" \/><\/a><figcaption><em>Jeden z wielu staw\u00f3w hodowlanych okolic P\u0119czniewa<\/em><\/figcaption><\/figure>\n\n\n\n<figure class=\"wp-block-image size-large\"><a href=\"https:\/\/maciaszki.pl\/wp-content\/uploads\/2023\/06\/IMG_0400-scaled.jpg\"><img loading=\"lazy\" width=\"1024\" height=\"768\" src=\"https:\/\/maciaszki.pl\/wp-content\/uploads\/2023\/06\/IMG_0400-1024x768.jpg\" alt=\"\" class=\"wp-image-4396\" srcset=\"https:\/\/maciaszki.pl\/wp-content\/uploads\/2023\/06\/IMG_0400-1024x768.jpg 1024w, https:\/\/maciaszki.pl\/wp-content\/uploads\/2023\/06\/IMG_0400-300x225.jpg 300w, https:\/\/maciaszki.pl\/wp-content\/uploads\/2023\/06\/IMG_0400-768x576.jpg 768w, https:\/\/maciaszki.pl\/wp-content\/uploads\/2023\/06\/IMG_0400-1536x1152.jpg 1536w, https:\/\/maciaszki.pl\/wp-content\/uploads\/2023\/06\/IMG_0400-2048x1536.jpg 2048w\" sizes=\"(max-width: 706px) 89vw, (max-width: 767px) 82vw, 740px\" \/><\/a><\/figure>\n\n\n\n<figure class=\"wp-block-gallery columns-2 is-cropped\"><ul class=\"blocks-gallery-grid\"><li class=\"blocks-gallery-item\"><figure><a href=\"https:\/\/maciaszki.pl\/wp-content\/uploads\/2023\/06\/IMG_0405-scaled.jpg\"><img loading=\"lazy\" width=\"768\" height=\"1024\" src=\"https:\/\/maciaszki.pl\/wp-content\/uploads\/2023\/06\/IMG_0405-768x1024.jpg\" alt=\"\" data-id=\"4397\" data-full-url=\"https:\/\/maciaszki.pl\/wp-content\/uploads\/2023\/06\/IMG_0405-scaled.jpg\" data-link=\"https:\/\/maciaszki.pl\/?attachment_id=4397\" class=\"wp-image-4397\" srcset=\"https:\/\/maciaszki.pl\/wp-content\/uploads\/2023\/06\/IMG_0405-768x1024.jpg 768w, https:\/\/maciaszki.pl\/wp-content\/uploads\/2023\/06\/IMG_0405-225x300.jpg 225w, https:\/\/maciaszki.pl\/wp-content\/uploads\/2023\/06\/IMG_0405-1152x1536.jpg 1152w, https:\/\/maciaszki.pl\/wp-content\/uploads\/2023\/06\/IMG_0405-1536x2048.jpg 1536w, https:\/\/maciaszki.pl\/wp-content\/uploads\/2023\/06\/IMG_0405-scaled.jpg 1920w\" sizes=\"(max-width: 706px) 89vw, (max-width: 767px) 82vw, 740px\" \/><\/a><\/figure><\/li><li class=\"blocks-gallery-item\"><figure><a href=\"https:\/\/maciaszki.pl\/wp-content\/uploads\/2023\/06\/IMG_0401-scaled.jpg\"><img loading=\"lazy\" width=\"1024\" height=\"768\" src=\"https:\/\/maciaszki.pl\/wp-content\/uploads\/2023\/06\/IMG_0401-1024x768.jpg\" alt=\"\" data-id=\"4398\" data-full-url=\"https:\/\/maciaszki.pl\/wp-content\/uploads\/2023\/06\/IMG_0401-scaled.jpg\" data-link=\"https:\/\/maciaszki.pl\/?attachment_id=4398\" class=\"wp-image-4398\" srcset=\"https:\/\/maciaszki.pl\/wp-content\/uploads\/2023\/06\/IMG_0401-1024x768.jpg 1024w, https:\/\/maciaszki.pl\/wp-content\/uploads\/2023\/06\/IMG_0401-300x225.jpg 300w, https:\/\/maciaszki.pl\/wp-content\/uploads\/2023\/06\/IMG_0401-768x576.jpg 768w, https:\/\/maciaszki.pl\/wp-content\/uploads\/2023\/06\/IMG_0401-1536x1152.jpg 1536w, https:\/\/maciaszki.pl\/wp-content\/uploads\/2023\/06\/IMG_0401-2048x1536.jpg 2048w\" sizes=\"(max-width: 706px) 89vw, (max-width: 767px) 82vw, 740px\" \/><\/a><\/figure><\/li><\/ul><\/figure>\n\n\n\n<p><\/p>\n\n\n\n<figure class=\"wp-block-image size-large\"><a href=\"https:\/\/maciaszki.pl\/wp-content\/uploads\/2023\/06\/IMG_0406-scaled.jpg\"><img loading=\"lazy\" width=\"1024\" height=\"768\" src=\"https:\/\/maciaszki.pl\/wp-content\/uploads\/2023\/06\/IMG_0406-1024x768.jpg\" alt=\"\" class=\"wp-image-4400\" srcset=\"https:\/\/maciaszki.pl\/wp-content\/uploads\/2023\/06\/IMG_0406-1024x768.jpg 1024w, https:\/\/maciaszki.pl\/wp-content\/uploads\/2023\/06\/IMG_0406-300x225.jpg 300w, https:\/\/maciaszki.pl\/wp-content\/uploads\/2023\/06\/IMG_0406-768x576.jpg 768w, https:\/\/maciaszki.pl\/wp-content\/uploads\/2023\/06\/IMG_0406-1536x1152.jpg 1536w, https:\/\/maciaszki.pl\/wp-content\/uploads\/2023\/06\/IMG_0406-2048x1536.jpg 2048w\" sizes=\"(max-width: 706px) 89vw, (max-width: 767px) 82vw, 740px\" \/><\/a><figcaption><em>  Ko\u015bci\u00f3\u0142 \u015bw. Katarzyny w P\u0119czniewie<\/em><\/figcaption><\/figure>\n\n\n\n<p class=\"has-small-font-size\">Niedaleko od centrum wsi po jej p\u00f3\u0142nocnej stronie znajduje si\u0119 bar Sumex. Od lat przyje\u017cd\u017camy tu na mi\u0119tusa, pewni, \u017ce b\u0119dzie smaczny i \u015bwie\u017cy. Sto\u0142\u00f3w pod drzewami jest z roku na rok coraz wi\u0119cej, ale te\u017c przybywa amator\u00f3w sma\u017conych ryb, a w ciep\u0142\u0105, s\u0142oneczn\u0105 niedziel\u0119 s\u0105 tu prawdziwe t\u0142umy. Na szcz\u0119\u015bcie obs\u0142uga baru radzi sobie naprawd\u0119 \u015bwietnie.<\/p>\n\n\n\n<figure class=\"wp-block-image size-large\"><a href=\"https:\/\/maciaszki.pl\/wp-content\/uploads\/2023\/06\/IMG_0411-scaled.jpg\"><img loading=\"lazy\" width=\"1024\" height=\"768\" src=\"https:\/\/maciaszki.pl\/wp-content\/uploads\/2023\/06\/IMG_0411-1024x768.jpg\" alt=\"\" class=\"wp-image-4402\" srcset=\"https:\/\/maciaszki.pl\/wp-content\/uploads\/2023\/06\/IMG_0411-1024x768.jpg 1024w, https:\/\/maciaszki.pl\/wp-content\/uploads\/2023\/06\/IMG_0411-300x225.jpg 300w, https:\/\/maciaszki.pl\/wp-content\/uploads\/2023\/06\/IMG_0411-768x576.jpg 768w, https:\/\/maciaszki.pl\/wp-content\/uploads\/2023\/06\/IMG_0411-1536x1152.jpg 1536w, https:\/\/maciaszki.pl\/wp-content\/uploads\/2023\/06\/IMG_0411-2048x1536.jpg 2048w\" sizes=\"(max-width: 706px) 89vw, (max-width: 767px) 82vw, 740px\" \/><\/a><figcaption><em>Jak zwykle w P\u0119czniewie zam\u00f3wili\u015bmy mi\u0119tusa<\/em><\/figcaption><\/figure>\n\n\n\n<figure class=\"wp-block-image size-large\"><a href=\"https:\/\/maciaszki.pl\/wp-content\/uploads\/2023\/06\/DSC03507-scaled.jpg\"><img loading=\"lazy\" width=\"1024\" height=\"578\" src=\"https:\/\/maciaszki.pl\/wp-content\/uploads\/2023\/06\/DSC03507-1024x578.jpg\" alt=\"\" class=\"wp-image-4403\" srcset=\"https:\/\/maciaszki.pl\/wp-content\/uploads\/2023\/06\/DSC03507-1024x578.jpg 1024w, https:\/\/maciaszki.pl\/wp-content\/uploads\/2023\/06\/DSC03507-300x169.jpg 300w, https:\/\/maciaszki.pl\/wp-content\/uploads\/2023\/06\/DSC03507-768x433.jpg 768w, https:\/\/maciaszki.pl\/wp-content\/uploads\/2023\/06\/DSC03507-1536x867.jpg 1536w, https:\/\/maciaszki.pl\/wp-content\/uploads\/2023\/06\/DSC03507-2048x1156.jpg 2048w\" sizes=\"(max-width: 706px) 89vw, (max-width: 767px) 82vw, 740px\" \/><\/a><figcaption><em>Marina w P\u0119czniewie<\/em><\/figcaption><\/figure>\n\n\n\n<h4>Najmniejsza parafia w Polsce<\/h4>\n\n\n\n<p class=\"has-small-font-size\">Kolejn\u0105 atrakcj\u0105 na naszej trasie jest Siedl\u0105tk\u00f3w. Kiedy budowano zbiornik Jeziorsko, wysiedlono wie\u015b, pozostawiaj\u0105c&nbsp; jednak male\u0144ki ko\u015bci\u00f3\u0142ek. Otoczono go z trzech stron wysokim wa\u0142em zaporowym, tworz\u0105c sztuczny p\u00f3\u0142wysep, dzi\u0119ki czemu stoi w swoim dawnym miejscu poni\u017cej poziomu wody. Warto zaznaczy\u0107, \u017ce to najmniejsza parafia w Polsce, liczy ok. 150 parafian. Ko\u015bci\u00f3\u0142 \u015bw. Marka Ewangelisty zosta\u0142 zbudowany w 1683 roku z kamienia polnego i ceg\u0142y. Jest male\u0144ki i skromny. &nbsp;W o\u0142tarzu g\u0142\u00f3wnym znajduje si\u0119 kopia obrazu Matki Boskiej Siedl\u0105tkowskiej, orygina\u0142 z XVII w. sp\u0142on\u0105\u0142 w 1957r. W kruchcie ko\u015bcio\u0142a znajduje si\u0119 tablica po\u015bwi\u0119cona Adamowi Boles\u0142awowi Jab\u0142kowskiemu h. Wczele, w\u0142a\u015bcicielowi tych ziem, kt\u00f3ry straci\u0142 \u017cycie w powstaniu styczniowym.<\/p>\n\n\n\n<figure class=\"wp-block-gallery columns-2 is-cropped\"><ul class=\"blocks-gallery-grid\"><li class=\"blocks-gallery-item\"><figure><a href=\"https:\/\/maciaszki.pl\/wp-content\/uploads\/2023\/06\/IMG_0414-scaled.jpg\"><img loading=\"lazy\" width=\"990\" height=\"1024\" src=\"https:\/\/maciaszki.pl\/wp-content\/uploads\/2023\/06\/IMG_0414-990x1024.jpg\" alt=\"\" data-id=\"4404\" data-full-url=\"https:\/\/maciaszki.pl\/wp-content\/uploads\/2023\/06\/IMG_0414-scaled.jpg\" data-link=\"https:\/\/maciaszki.pl\/?attachment_id=4404\" class=\"wp-image-4404\" srcset=\"https:\/\/maciaszki.pl\/wp-content\/uploads\/2023\/06\/IMG_0414-990x1024.jpg 990w, https:\/\/maciaszki.pl\/wp-content\/uploads\/2023\/06\/IMG_0414-290x300.jpg 290w, https:\/\/maciaszki.pl\/wp-content\/uploads\/2023\/06\/IMG_0414-768x794.jpg 768w, https:\/\/maciaszki.pl\/wp-content\/uploads\/2023\/06\/IMG_0414-1485x1536.jpg 1485w, https:\/\/maciaszki.pl\/wp-content\/uploads\/2023\/06\/IMG_0414-1980x2048.jpg 1980w\" sizes=\"(max-width: 706px) 89vw, (max-width: 767px) 82vw, 740px\" \/><\/a><\/figure><\/li><li class=\"blocks-gallery-item\"><figure><a href=\"https:\/\/maciaszki.pl\/wp-content\/uploads\/2023\/06\/IMG_0416-scaled.jpg\"><img loading=\"lazy\" width=\"782\" height=\"1024\" src=\"https:\/\/maciaszki.pl\/wp-content\/uploads\/2023\/06\/IMG_0416-782x1024.jpg\" alt=\"\" data-id=\"4405\" data-full-url=\"https:\/\/maciaszki.pl\/wp-content\/uploads\/2023\/06\/IMG_0416-scaled.jpg\" data-link=\"https:\/\/maciaszki.pl\/?attachment_id=4405\" class=\"wp-image-4405\" srcset=\"https:\/\/maciaszki.pl\/wp-content\/uploads\/2023\/06\/IMG_0416-782x1024.jpg 782w, https:\/\/maciaszki.pl\/wp-content\/uploads\/2023\/06\/IMG_0416-229x300.jpg 229w, https:\/\/maciaszki.pl\/wp-content\/uploads\/2023\/06\/IMG_0416-768x1006.jpg 768w, https:\/\/maciaszki.pl\/wp-content\/uploads\/2023\/06\/IMG_0416-1172x1536.jpg 1172w, https:\/\/maciaszki.pl\/wp-content\/uploads\/2023\/06\/IMG_0416-1563x2048.jpg 1563w, https:\/\/maciaszki.pl\/wp-content\/uploads\/2023\/06\/IMG_0416-scaled.jpg 1954w\" sizes=\"(max-width: 706px) 89vw, (max-width: 767px) 82vw, 740px\" \/><\/a><\/figure><\/li><\/ul><\/figure>\n\n\n\n<figure class=\"wp-block-image size-large\"><a href=\"https:\/\/maciaszki.pl\/wp-content\/uploads\/2023\/06\/IMG_0417-scaled.jpg\"><img loading=\"lazy\" width=\"1024\" height=\"731\" src=\"https:\/\/maciaszki.pl\/wp-content\/uploads\/2023\/06\/IMG_0417-1024x731.jpg\" alt=\"\" class=\"wp-image-4406\" srcset=\"https:\/\/maciaszki.pl\/wp-content\/uploads\/2023\/06\/IMG_0417-1024x731.jpg 1024w, https:\/\/maciaszki.pl\/wp-content\/uploads\/2023\/06\/IMG_0417-300x214.jpg 300w, https:\/\/maciaszki.pl\/wp-content\/uploads\/2023\/06\/IMG_0417-768x548.jpg 768w, https:\/\/maciaszki.pl\/wp-content\/uploads\/2023\/06\/IMG_0417-1536x1096.jpg 1536w, https:\/\/maciaszki.pl\/wp-content\/uploads\/2023\/06\/IMG_0417-2048x1461.jpg 2048w\" sizes=\"(max-width: 706px) 89vw, (max-width: 767px) 82vw, 740px\" \/><\/a><figcaption><em> . Ko\u015bci\u00f3\u0142 \u015bw. Marka Ewangelisty w Siedl\u0105tkowie zosta\u0142 zbudowany w 1683 r.<\/em><\/figcaption><\/figure>\n\n\n\n<p class=\"has-small-font-size\">Jad\u0105c z Siedl\u0105tkowa, zatrzymujemy si\u0119 na tamie w Jeziorsku. Parking jak zwykle zajmuj\u0105 motocykli\u015bci. Zapora ma prawie 3 km ca\u0142kowitej d\u0142ugo\u015bci, tworz\u0105c zbiornik retencyjny o powierzchni ponad 42 km<sup>2<\/sup>. Tama od roku jest w remoncie, kt\u00f3ry zgodnie z planem powinien si\u0119 zako\u0144czy\u0107 w 2023.<\/p>\n\n\n\n<figure class=\"wp-block-image size-large\"><a href=\"https:\/\/maciaszki.pl\/wp-content\/uploads\/2023\/06\/IMG_0420-scaled.jpg\"><img loading=\"lazy\" width=\"1024\" height=\"662\" src=\"https:\/\/maciaszki.pl\/wp-content\/uploads\/2023\/06\/IMG_0420-1024x662.jpg\" alt=\"\" class=\"wp-image-4407\" srcset=\"https:\/\/maciaszki.pl\/wp-content\/uploads\/2023\/06\/IMG_0420-1024x662.jpg 1024w, https:\/\/maciaszki.pl\/wp-content\/uploads\/2023\/06\/IMG_0420-300x194.jpg 300w, https:\/\/maciaszki.pl\/wp-content\/uploads\/2023\/06\/IMG_0420-768x496.jpg 768w, https:\/\/maciaszki.pl\/wp-content\/uploads\/2023\/06\/IMG_0420-1536x993.jpg 1536w, https:\/\/maciaszki.pl\/wp-content\/uploads\/2023\/06\/IMG_0420-2048x1324.jpg 2048w\" sizes=\"(max-width: 706px) 89vw, (max-width: 767px) 82vw, 740px\" \/><\/a><\/figure>\n\n\n\n<p class=\"has-small-font-size\">St\u0105d ju\u017c zdecydowanie wracamy do Turku. Jedziemy przez Sk\u0119czniew, Zagaj, Boleszczyn, B\u0105dk\u00f3w , Przykon\u0119, obok zbiornika Gaj\u00f3wka czy, jak kto woli, lazurowego jeziorka. Przez ca\u0142y dzie\u0144 zrobili\u015bmy 107 km.<\/p>\n\n\n\n<figure class=\"wp-block-image size-full\"><a href=\"https:\/\/maciaszki.pl\/wp-content\/uploads\/2023\/06\/Image-1.jpg\"><img loading=\"lazy\" width=\"957\" height=\"957\" src=\"https:\/\/maciaszki.pl\/wp-content\/uploads\/2023\/06\/Image-1.jpg\" alt=\"\" class=\"wp-image-4408\" srcset=\"https:\/\/maciaszki.pl\/wp-content\/uploads\/2023\/06\/Image-1.jpg 957w, https:\/\/maciaszki.pl\/wp-content\/uploads\/2023\/06\/Image-1-300x300.jpg 300w, https:\/\/maciaszki.pl\/wp-content\/uploads\/2023\/06\/Image-1-150x150.jpg 150w, https:\/\/maciaszki.pl\/wp-content\/uploads\/2023\/06\/Image-1-768x768.jpg 768w, https:\/\/maciaszki.pl\/wp-content\/uploads\/2023\/06\/Image-1-100x100.jpg 100w\" sizes=\"(max-width: 706px) 89vw, (max-width: 767px) 82vw, 740px\" \/><\/a><figcaption><em>Nasza trasa wko\u0142o Jeziorska<\/em><\/figcaption><\/figure>\n","protected":false},"excerpt":{"rendered":"<p>Trasa licz\u0105ca oko\u0142o 100 km ma w swoim zamy\u015ble p\u0119tl\u0119 wok\u00f3\u0142 Jeziorska. Punktem, gdzie przekraczamy Wart\u0119, jest most w\u0142a\u015bnie w Warcie. Kierunek jazdy wyznacza prosta zasada \u2013 d\u0142u\u017csza przerwa w P\u0119czniewie wypada ju\u017c w drodze powrotnej, kiedy dwie trzecie trasy mamy za sob\u0105. Dalej \u201eju\u017c tylko z g\u00f3rki\u201d! Wyruszamy z Turku \u015bcie\u017ck\u0105 rowerow\u0105 przez \u017buki &hellip; <\/p>\n<p class=\"link-more\"><a href=\"https:\/\/maciaszki.pl\/index.php\/2023\/06\/04\/wkolo-jeziorska-do-warty-i-przez-warte\/\" class=\"more-link\">Czytaj dalej<span class=\"screen-reader-text\"> Wko\u0142o Jeziorska &#8211; do Warty i przez Wart\u0119<\/span><\/a><\/p>\n","protected":false},"author":4,"featured_media":4409,"comment_status":"open","ping_status":"closed","sticky":false,"template":"","format":"standard","meta":[],"categories":[5],"tags":[],"yoast_head":"<!-- This site is optimized with the Yoast SEO plugin v17.6 - https:\/\/yoast.com\/wordpress\/plugins\/seo\/ -->\n<title>Wko\u0142o Jeziorska - do Warty i przez Wart\u0119 - Maciaszki<\/title>\n<meta name=\"description\" content=\"rowerami dooko\u0142a Jeziorska, Warta, P\u0119czniew, Siedl\u0105tk\u00f3w, Glinno. ziemia \u0142\u00f3dzka, Sieradz, sumex, zapora, Brodnia\" \/>\n<meta name=\"robots\" content=\"index, follow, max-snippet:-1, max-image-preview:large, max-video-preview:-1\" \/>\n<link rel=\"canonical\" href=\"https:\/\/maciaszki.pl\/index.php\/2023\/06\/04\/wkolo-jeziorska-do-warty-i-przez-warte\/\" \/>\n<meta property=\"og:locale\" content=\"pl_PL\" \/>\n<meta property=\"og:type\" content=\"article\" \/>\n<meta property=\"og:title\" content=\"Wko\u0142o Jeziorska - do Warty i przez Wart\u0119 - Maciaszki\" \/>\n<meta property=\"og:description\" content=\"rowerami dooko\u0142a Jeziorska, Warta, P\u0119czniew, Siedl\u0105tk\u00f3w, Glinno. ziemia \u0142\u00f3dzka, Sieradz, sumex, zapora, Brodnia\" \/>\n<meta property=\"og:url\" content=\"https:\/\/maciaszki.pl\/index.php\/2023\/06\/04\/wkolo-jeziorska-do-warty-i-przez-warte\/\" \/>\n<meta property=\"og:site_name\" content=\"Maciaszki\" \/>\n<meta property=\"article:published_time\" content=\"2023-06-04T06:58:21+00:00\" \/>\n<meta property=\"article:modified_time\" content=\"2023-08-22T18:47:09+00:00\" \/>\n<meta property=\"og:image\" content=\"https:\/\/maciaszki.pl\/wp-content\/uploads\/2023\/06\/IMG_0489-scaled.jpg\" \/>\n\t<meta property=\"og:image:width\" content=\"2560\" \/>\n\t<meta property=\"og:image:height\" content=\"1372\" \/>\n<meta name=\"twitter:card\" content=\"summary_large_image\" \/>\n<meta name=\"twitter:label1\" content=\"Napisane przez\" \/>\n\t<meta name=\"twitter:data1\" content=\"Mariola\" \/>\n\t<meta name=\"twitter:label2\" content=\"Szacowany czas czytania\" \/>\n\t<meta name=\"twitter:data2\" content=\"11 minut\" \/>\n<script type=\"application\/ld+json\" class=\"yoast-schema-graph\">{\"@context\":\"https:\/\/schema.org\",\"@graph\":[{\"@type\":\"WebSite\",\"@id\":\"https:\/\/maciaszki.pl\/#website\",\"url\":\"https:\/\/maciaszki.pl\/\",\"name\":\"Maciaszki\",\"description\":\"W\\u0119dr\\u00f3wki w czasie i w przestrzeni\",\"potentialAction\":[{\"@type\":\"SearchAction\",\"target\":{\"@type\":\"EntryPoint\",\"urlTemplate\":\"https:\/\/maciaszki.pl\/?s={search_term_string}\"},\"query-input\":\"required name=search_term_string\"}],\"inLanguage\":\"pl-PL\"},{\"@type\":\"ImageObject\",\"@id\":\"https:\/\/maciaszki.pl\/index.php\/2023\/06\/04\/wkolo-jeziorska-do-warty-i-przez-warte\/#primaryimage\",\"inLanguage\":\"pl-PL\",\"url\":\"https:\/\/maciaszki.pl\/wp-content\/uploads\/2023\/06\/IMG_0489-scaled.jpg\",\"contentUrl\":\"https:\/\/maciaszki.pl\/wp-content\/uploads\/2023\/06\/IMG_0489-scaled.jpg\",\"width\":2560,\"height\":1372},{\"@type\":\"WebPage\",\"@id\":\"https:\/\/maciaszki.pl\/index.php\/2023\/06\/04\/wkolo-jeziorska-do-warty-i-przez-warte\/#webpage\",\"url\":\"https:\/\/maciaszki.pl\/index.php\/2023\/06\/04\/wkolo-jeziorska-do-warty-i-przez-warte\/\",\"name\":\"Wko\\u0142o Jeziorska - do Warty i przez Wart\\u0119 - Maciaszki\",\"isPartOf\":{\"@id\":\"https:\/\/maciaszki.pl\/#website\"},\"primaryImageOfPage\":{\"@id\":\"https:\/\/maciaszki.pl\/index.php\/2023\/06\/04\/wkolo-jeziorska-do-warty-i-przez-warte\/#primaryimage\"},\"datePublished\":\"2023-06-04T06:58:21+00:00\",\"dateModified\":\"2023-08-22T18:47:09+00:00\",\"author\":{\"@id\":\"https:\/\/maciaszki.pl\/#\/schema\/person\/fcb9e3fef16e5ff711ba8b5165219595\"},\"description\":\"rowerami dooko\\u0142a Jeziorska, Warta, P\\u0119czniew, Siedl\\u0105tk\\u00f3w, Glinno. ziemia \\u0142\\u00f3dzka, Sieradz, sumex, zapora, Brodnia\",\"breadcrumb\":{\"@id\":\"https:\/\/maciaszki.pl\/index.php\/2023\/06\/04\/wkolo-jeziorska-do-warty-i-przez-warte\/#breadcrumb\"},\"inLanguage\":\"pl-PL\",\"potentialAction\":[{\"@type\":\"ReadAction\",\"target\":[\"https:\/\/maciaszki.pl\/index.php\/2023\/06\/04\/wkolo-jeziorska-do-warty-i-przez-warte\/\"]}]},{\"@type\":\"BreadcrumbList\",\"@id\":\"https:\/\/maciaszki.pl\/index.php\/2023\/06\/04\/wkolo-jeziorska-do-warty-i-przez-warte\/#breadcrumb\",\"itemListElement\":[{\"@type\":\"ListItem\",\"position\":1,\"name\":\"Home\",\"item\":\"https:\/\/maciaszki.pl\/\"},{\"@type\":\"ListItem\",\"position\":2,\"name\":\"Wko\\u0142o Jeziorska &#8211; do Warty i przez Wart\\u0119\"}]},{\"@type\":\"Person\",\"@id\":\"https:\/\/maciaszki.pl\/#\/schema\/person\/fcb9e3fef16e5ff711ba8b5165219595\",\"name\":\"Mariola\",\"image\":{\"@type\":\"ImageObject\",\"@id\":\"https:\/\/maciaszki.pl\/#personlogo\",\"inLanguage\":\"pl-PL\",\"url\":\"https:\/\/secure.gravatar.com\/avatar\/e5db72b8951cba502cad3b466751186e?s=96&d=mm&r=g\",\"contentUrl\":\"https:\/\/secure.gravatar.com\/avatar\/e5db72b8951cba502cad3b466751186e?s=96&d=mm&r=g\",\"caption\":\"Mariola\"},\"url\":\"https:\/\/maciaszki.pl\/index.php\/author\/mariola\/\"}]}<\/script>\n<!-- \/ Yoast SEO plugin. -->","yoast_head_json":{"title":"Wko\u0142o Jeziorska - do Warty i przez Wart\u0119 - Maciaszki","description":"rowerami dooko\u0142a Jeziorska, Warta, P\u0119czniew, Siedl\u0105tk\u00f3w, Glinno. ziemia \u0142\u00f3dzka, Sieradz, sumex, zapora, Brodnia","robots":{"index":"index","follow":"follow","max-snippet":"max-snippet:-1","max-image-preview":"max-image-preview:large","max-video-preview":"max-video-preview:-1"},"canonical":"https:\/\/maciaszki.pl\/index.php\/2023\/06\/04\/wkolo-jeziorska-do-warty-i-przez-warte\/","og_locale":"pl_PL","og_type":"article","og_title":"Wko\u0142o Jeziorska - do Warty i przez Wart\u0119 - Maciaszki","og_description":"rowerami dooko\u0142a Jeziorska, Warta, P\u0119czniew, Siedl\u0105tk\u00f3w, Glinno. ziemia \u0142\u00f3dzka, Sieradz, sumex, zapora, Brodnia","og_url":"https:\/\/maciaszki.pl\/index.php\/2023\/06\/04\/wkolo-jeziorska-do-warty-i-przez-warte\/","og_site_name":"Maciaszki","article_published_time":"2023-06-04T06:58:21+00:00","article_modified_time":"2023-08-22T18:47:09+00:00","og_image":[{"width":2560,"height":1372,"url":"https:\/\/maciaszki.pl\/wp-content\/uploads\/2023\/06\/IMG_0489-scaled.jpg","type":"image\/jpeg"}],"twitter_card":"summary_large_image","twitter_misc":{"Napisane przez":"Mariola","Szacowany czas czytania":"11 minut"},"schema":{"@context":"https:\/\/schema.org","@graph":[{"@type":"WebSite","@id":"https:\/\/maciaszki.pl\/#website","url":"https:\/\/maciaszki.pl\/","name":"Maciaszki","description":"W\u0119dr\u00f3wki w czasie i w przestrzeni","potentialAction":[{"@type":"SearchAction","target":{"@type":"EntryPoint","urlTemplate":"https:\/\/maciaszki.pl\/?s={search_term_string}"},"query-input":"required name=search_term_string"}],"inLanguage":"pl-PL"},{"@type":"ImageObject","@id":"https:\/\/maciaszki.pl\/index.php\/2023\/06\/04\/wkolo-jeziorska-do-warty-i-przez-warte\/#primaryimage","inLanguage":"pl-PL","url":"https:\/\/maciaszki.pl\/wp-content\/uploads\/2023\/06\/IMG_0489-scaled.jpg","contentUrl":"https:\/\/maciaszki.pl\/wp-content\/uploads\/2023\/06\/IMG_0489-scaled.jpg","width":2560,"height":1372},{"@type":"WebPage","@id":"https:\/\/maciaszki.pl\/index.php\/2023\/06\/04\/wkolo-jeziorska-do-warty-i-przez-warte\/#webpage","url":"https:\/\/maciaszki.pl\/index.php\/2023\/06\/04\/wkolo-jeziorska-do-warty-i-przez-warte\/","name":"Wko\u0142o Jeziorska - do Warty i przez Wart\u0119 - Maciaszki","isPartOf":{"@id":"https:\/\/maciaszki.pl\/#website"},"primaryImageOfPage":{"@id":"https:\/\/maciaszki.pl\/index.php\/2023\/06\/04\/wkolo-jeziorska-do-warty-i-przez-warte\/#primaryimage"},"datePublished":"2023-06-04T06:58:21+00:00","dateModified":"2023-08-22T18:47:09+00:00","author":{"@id":"https:\/\/maciaszki.pl\/#\/schema\/person\/fcb9e3fef16e5ff711ba8b5165219595"},"description":"rowerami dooko\u0142a Jeziorska, Warta, P\u0119czniew, Siedl\u0105tk\u00f3w, Glinno. ziemia \u0142\u00f3dzka, Sieradz, sumex, zapora, Brodnia","breadcrumb":{"@id":"https:\/\/maciaszki.pl\/index.php\/2023\/06\/04\/wkolo-jeziorska-do-warty-i-przez-warte\/#breadcrumb"},"inLanguage":"pl-PL","potentialAction":[{"@type":"ReadAction","target":["https:\/\/maciaszki.pl\/index.php\/2023\/06\/04\/wkolo-jeziorska-do-warty-i-przez-warte\/"]}]},{"@type":"BreadcrumbList","@id":"https:\/\/maciaszki.pl\/index.php\/2023\/06\/04\/wkolo-jeziorska-do-warty-i-przez-warte\/#breadcrumb","itemListElement":[{"@type":"ListItem","position":1,"name":"Home","item":"https:\/\/maciaszki.pl\/"},{"@type":"ListItem","position":2,"name":"Wko\u0142o Jeziorska &#8211; do Warty i przez Wart\u0119"}]},{"@type":"Person","@id":"https:\/\/maciaszki.pl\/#\/schema\/person\/fcb9e3fef16e5ff711ba8b5165219595","name":"Mariola","image":{"@type":"ImageObject","@id":"https:\/\/maciaszki.pl\/#personlogo","inLanguage":"pl-PL","url":"https:\/\/secure.gravatar.com\/avatar\/e5db72b8951cba502cad3b466751186e?s=96&d=mm&r=g","contentUrl":"https:\/\/secure.gravatar.com\/avatar\/e5db72b8951cba502cad3b466751186e?s=96&d=mm&r=g","caption":"Mariola"},"url":"https:\/\/maciaszki.pl\/index.php\/author\/mariola\/"}]}},"_links":{"self":[{"href":"https:\/\/maciaszki.pl\/index.php\/wp-json\/wp\/v2\/posts\/4368"}],"collection":[{"href":"https:\/\/maciaszki.pl\/index.php\/wp-json\/wp\/v2\/posts"}],"about":[{"href":"https:\/\/maciaszki.pl\/index.php\/wp-json\/wp\/v2\/types\/post"}],"author":[{"embeddable":true,"href":"https:\/\/maciaszki.pl\/index.php\/wp-json\/wp\/v2\/users\/4"}],"replies":[{"embeddable":true,"href":"https:\/\/maciaszki.pl\/index.php\/wp-json\/wp\/v2\/comments?post=4368"}],"version-history":[{"count":17,"href":"https:\/\/maciaszki.pl\/index.php\/wp-json\/wp\/v2\/posts\/4368\/revisions"}],"predecessor-version":[{"id":4430,"href":"https:\/\/maciaszki.pl\/index.php\/wp-json\/wp\/v2\/posts\/4368\/revisions\/4430"}],"wp:featuredmedia":[{"embeddable":true,"href":"https:\/\/maciaszki.pl\/index.php\/wp-json\/wp\/v2\/media\/4409"}],"wp:attachment":[{"href":"https:\/\/maciaszki.pl\/index.php\/wp-json\/wp\/v2\/media?parent=4368"}],"wp:term":[{"taxonomy":"category","embeddable":true,"href":"https:\/\/maciaszki.pl\/index.php\/wp-json\/wp\/v2\/categories?post=4368"},{"taxonomy":"post_tag","embeddable":true,"href":"https:\/\/maciaszki.pl\/index.php\/wp-json\/wp\/v2\/tags?post=4368"}],"curies":[{"name":"wp","href":"https:\/\/api.w.org\/{rel}","templated":true}]}}