{"id":425,"date":"2018-11-01T19:42:29","date_gmt":"2018-11-01T18:42:29","guid":{"rendered":"https:\/\/maciaszki.pl\/?p=425"},"modified":"2020-06-29T12:19:20","modified_gmt":"2020-06-29T10:19:20","slug":"beskid-zywiecki-jesienna-wedrowka-wlk-racza-krawcow-wierch","status":"publish","type":"post","link":"https:\/\/maciaszki.pl\/index.php\/2018\/11\/01\/beskid-zywiecki-jesienna-wedrowka-wlk-racza-krawcow-wierch\/","title":{"rendered":"Beskid \u017bywiecki jesienna w\u0119dr\u00f3wka; Wlk. Racza &#8211; Krawc\u00f3w Wierch"},"content":{"rendered":"\n<p class=\"has-small-font-size\">Jak prawie ka\u017cdej jesieni r\u00f3wnie\u017c i w tym roku uda\u0142o si\u0119 nam sp\u0119dzi\u0107 kilka dni, w\u0119druj\u0105c po Beskidach. Tam chyba najlepiej mo\u017cna odczuwa\u0107 przemijaj\u0105cy kolejny rok i cieszy\u0107 si\u0119 kolorami p\u00f3\u017anej jesieni, kt\u00f3ra towarzyszy g\u00f3rskim w\u0119drowcom. Szczeg\u00f3lnie sobie upodobali\u015bmy Beskid \u017bywiecki. Zawsze powracaj\u0105 wspominamy wieczor\u00f3w w schroniskach, jest herbata jak zalewana darmowym wrz\u0105tkiem, s\u0105 rozmowy z innymi w\u0119drowcami przy stole. No i ma\u0142y kieliszek dobrego alkoholu po ci\u0119\u017ckim dniu &#8230;<\/p>\n\n\n\n<p class=\"has-small-font-size\">Tej jesieni wybrali\u015bmy taki klasyk: Beskid \u017bywiecki \u2013 pasmo Wielkiej Raczy: od Zwardonia poprzez Wielk\u0105 Racz\u0119, Przegibek, Wielk\u0105 Rycerzow\u0105, Krawc\u00f3w Wierch do Rajczy. Razem 80 km w 4 dni.<\/p>\n\n\n\n<figure class=\"wp-block-image alignnone\"><a href=\"https:\/\/maciaszki.pl\/wp-content\/uploads\/2018\/12\/JPEG_20181105_193616_-598508710.jpg\"><img loading=\"lazy\" width=\"300\" height=\"300\" src=\"https:\/\/maciaszki.pl\/wp-content\/uploads\/2018\/12\/JPEG_20181105_193616_-598508710-300x300.jpg\" alt=\"\" class=\"wp-image-424\" srcset=\"https:\/\/maciaszki.pl\/wp-content\/uploads\/2018\/12\/JPEG_20181105_193616_-598508710-300x300.jpg 300w, https:\/\/maciaszki.pl\/wp-content\/uploads\/2018\/12\/JPEG_20181105_193616_-598508710-150x150.jpg 150w, https:\/\/maciaszki.pl\/wp-content\/uploads\/2018\/12\/JPEG_20181105_193616_-598508710-768x768.jpg 768w, https:\/\/maciaszki.pl\/wp-content\/uploads\/2018\/12\/JPEG_20181105_193616_-598508710-100x100.jpg 100w, https:\/\/maciaszki.pl\/wp-content\/uploads\/2018\/12\/JPEG_20181105_193616_-598508710.jpg 1024w\" sizes=\"(max-width: 300px) 100vw, 300px\" \/><\/a><figcaption>Nasza trasa<\/figcaption><\/figure>\n\n\n\n<!--more-->\n\n\n\n<p class=\"has-small-font-size\">Schronisko na Wielkiej Raczy jest naszym ulubionym, tym pierwszym, w kt\u00f3rym byli\u015bmy wsp\u00f3lnie jeszcze przed \u015blubem.<\/p>\n\n\n\n<p class=\"has-small-font-size\">Mimo \u017ce rozpoczynali\u015bmy w\u0119dr\u00f3wk\u0119 1 listopada, to ca\u0142y czas cieszyli\u015bmy si\u0119 wyj\u0105tkowo ciep\u0142\u0105 i pogodn\u0105 jesieni\u0105. Ca\u0142e szcz\u0119\u015bcie, bo nie musieli\u015bmy w mokrej glinie wspina\u0107 si\u0119 na strome \u015bciany Oszusa.<\/p>\n\n\n\n<figure class=\"wp-block-image alignnone\"><a href=\"https:\/\/maciaszki.pl\/wp-content\/uploads\/2018\/12\/DSC01747.jpg\"><img loading=\"lazy\" width=\"1024\" height=\"681\" src=\"https:\/\/maciaszki.pl\/wp-content\/uploads\/2018\/12\/DSC01747-1024x681.jpg\" alt=\"\" class=\"wp-image-412\" srcset=\"https:\/\/maciaszki.pl\/wp-content\/uploads\/2018\/12\/DSC01747-1024x681.jpg 1024w, https:\/\/maciaszki.pl\/wp-content\/uploads\/2018\/12\/DSC01747-300x200.jpg 300w, https:\/\/maciaszki.pl\/wp-content\/uploads\/2018\/12\/DSC01747-768x511.jpg 768w\" sizes=\"(max-width: 706px) 89vw, (max-width: 767px) 82vw, 740px\" \/><\/a><figcaption>Na Wielkiej Raczy<\/figcaption><\/figure>\n\n\n\n<figure class=\"wp-block-image alignnone\"><a href=\"https:\/\/maciaszki.pl\/wp-content\/uploads\/2018\/12\/DSC01755.jpg\"><img loading=\"lazy\" width=\"681\" height=\"1024\" src=\"https:\/\/maciaszki.pl\/wp-content\/uploads\/2018\/12\/DSC01755-681x1024.jpg\" alt=\"\" class=\"wp-image-414\" srcset=\"https:\/\/maciaszki.pl\/wp-content\/uploads\/2018\/12\/DSC01755-681x1024.jpg 681w, https:\/\/maciaszki.pl\/wp-content\/uploads\/2018\/12\/DSC01755-200x300.jpg 200w, https:\/\/maciaszki.pl\/wp-content\/uploads\/2018\/12\/DSC01755-768x1155.jpg 768w, https:\/\/maciaszki.pl\/wp-content\/uploads\/2018\/12\/DSC01755.jpg 1222w\" sizes=\"(max-width: 681px) 100vw, 681px\" \/><\/a><figcaption>Widoki z Wielkiej Raczy<\/figcaption><\/figure>\n\n\n\n<figure class=\"wp-block-image\"><a href=\"https:\/\/maciaszki.pl\/wp-content\/uploads\/2018\/12\/DSC01751.jpg\"><img loading=\"lazy\" width=\"1024\" height=\"681\" src=\"https:\/\/maciaszki.pl\/wp-content\/uploads\/2018\/12\/DSC01751-1024x681.jpg\" alt=\"\" class=\"wp-image-413\" srcset=\"https:\/\/maciaszki.pl\/wp-content\/uploads\/2018\/12\/DSC01751-1024x681.jpg 1024w, https:\/\/maciaszki.pl\/wp-content\/uploads\/2018\/12\/DSC01751-300x200.jpg 300w, https:\/\/maciaszki.pl\/wp-content\/uploads\/2018\/12\/DSC01751-768x511.jpg 768w, https:\/\/maciaszki.pl\/wp-content\/uploads\/2018\/12\/DSC01751.jpg 1837w\" sizes=\"(max-width: 706px) 89vw, (max-width: 767px) 82vw, 740px\" \/><\/a><figcaption>Beskid \u017bywiecki<\/figcaption><\/figure>\n\n\n\n<figure class=\"wp-block-image alignnone\"><a href=\"https:\/\/maciaszki.pl\/wp-content\/uploads\/2018\/12\/DSC01776.jpg\"><img loading=\"lazy\" width=\"1024\" height=\"681\" src=\"https:\/\/maciaszki.pl\/wp-content\/uploads\/2018\/12\/DSC01776-1024x681.jpg\" alt=\"\" class=\"wp-image-415\" srcset=\"https:\/\/maciaszki.pl\/wp-content\/uploads\/2018\/12\/DSC01776-1024x681.jpg 1024w, https:\/\/maciaszki.pl\/wp-content\/uploads\/2018\/12\/DSC01776-300x200.jpg 300w, https:\/\/maciaszki.pl\/wp-content\/uploads\/2018\/12\/DSC01776-768x511.jpg 768w\" sizes=\"(max-width: 706px) 89vw, (max-width: 767px) 82vw, 740px\" \/><\/a><figcaption>Po noclegu na Wielkie Raczy ruszamy na Przegibek<\/figcaption><\/figure>\n\n\n\n<figure class=\"wp-block-image alignnone\"><a href=\"https:\/\/maciaszki.pl\/wp-content\/uploads\/2018\/12\/DSC01794.jpg\"><img loading=\"lazy\" width=\"1024\" height=\"681\" src=\"https:\/\/maciaszki.pl\/wp-content\/uploads\/2018\/12\/DSC01794-1024x681.jpg\" alt=\"\" class=\"wp-image-416\" srcset=\"https:\/\/maciaszki.pl\/wp-content\/uploads\/2018\/12\/DSC01794-1024x681.jpg 1024w, https:\/\/maciaszki.pl\/wp-content\/uploads\/2018\/12\/DSC01794-300x200.jpg 300w, https:\/\/maciaszki.pl\/wp-content\/uploads\/2018\/12\/DSC01794-768x511.jpg 768w, https:\/\/maciaszki.pl\/wp-content\/uploads\/2018\/12\/DSC01794.jpg 1837w\" sizes=\"(max-width: 706px) 89vw, (max-width: 767px) 82vw, 740px\" \/><\/a><figcaption>Jesie\u0144 w g\u00f3rach<\/figcaption><\/figure>\n\n\n\n<figure class=\"wp-block-image alignnone\"><a href=\"https:\/\/maciaszki.pl\/wp-content\/uploads\/2018\/12\/IMG_20181102_145320.jpg\"><img loading=\"lazy\" width=\"681\" height=\"1024\" src=\"https:\/\/maciaszki.pl\/wp-content\/uploads\/2018\/12\/IMG_20181102_145320-681x1024.jpg\" alt=\"\" class=\"wp-image-421\" srcset=\"https:\/\/maciaszki.pl\/wp-content\/uploads\/2018\/12\/IMG_20181102_145320-681x1024.jpg 681w, https:\/\/maciaszki.pl\/wp-content\/uploads\/2018\/12\/IMG_20181102_145320-199x300.jpg 199w, https:\/\/maciaszki.pl\/wp-content\/uploads\/2018\/12\/IMG_20181102_145320-768x1155.jpg 768w\" sizes=\"(max-width: 681px) 100vw, 681px\" \/><\/a><figcaption>A na Przegibku nale\u015bniki z jagodami i bit\u0105 \u015bmietan\u0105<\/figcaption><\/figure>\n\n\n\n<p class=\"has-small-font-size\">Noc sp\u0119dzili\u015bmy w przesympatycznej jak zwykle bac\u00f3wce na Wielkiej Rycerzowej. Tyle wspomnie\u0144 &#8230;<\/p>\n\n\n\n<figure class=\"wp-block-image alignnone\"><a href=\"https:\/\/maciaszki.pl\/wp-content\/uploads\/2018\/12\/DSC01805.jpg\"><img loading=\"lazy\" width=\"681\" height=\"1024\" src=\"https:\/\/maciaszki.pl\/wp-content\/uploads\/2018\/12\/DSC01805-681x1024.jpg\" alt=\"\" class=\"wp-image-417\" srcset=\"https:\/\/maciaszki.pl\/wp-content\/uploads\/2018\/12\/DSC01805-681x1024.jpg 681w, https:\/\/maciaszki.pl\/wp-content\/uploads\/2018\/12\/DSC01805-200x300.jpg 200w, https:\/\/maciaszki.pl\/wp-content\/uploads\/2018\/12\/DSC01805-768x1155.jpg 768w, https:\/\/maciaszki.pl\/wp-content\/uploads\/2018\/12\/DSC01805.jpg 1222w\" sizes=\"(max-width: 681px) 100vw, 681px\" \/><\/a><figcaption>Podej\u015bcie na Beskidek<\/figcaption><\/figure>\n\n\n\n<figure class=\"wp-block-image\"><a href=\"https:\/\/maciaszki.pl\/wp-content\/uploads\/2018\/12\/IMG_20181103_134707.jpg\"><img loading=\"lazy\" width=\"768\" height=\"1024\" src=\"https:\/\/maciaszki.pl\/wp-content\/uploads\/2018\/12\/IMG_20181103_134707-768x1024.jpg\" alt=\"\" class=\"wp-image-422\" srcset=\"https:\/\/maciaszki.pl\/wp-content\/uploads\/2018\/12\/IMG_20181103_134707-768x1024.jpg 768w, https:\/\/maciaszki.pl\/wp-content\/uploads\/2018\/12\/IMG_20181103_134707-225x300.jpg 225w, https:\/\/maciaszki.pl\/wp-content\/uploads\/2018\/12\/IMG_20181103_134707.jpg 1248w\" sizes=\"(max-width: 706px) 89vw, (max-width: 767px) 82vw, 740px\" \/><\/a><\/figure>\n\n\n\n<figure class=\"wp-block-image alignnone\"><a href=\"https:\/\/maciaszki.pl\/wp-content\/uploads\/2018\/12\/DSC01816.jpg\"><img loading=\"lazy\" width=\"681\" height=\"1024\" src=\"https:\/\/maciaszki.pl\/wp-content\/uploads\/2018\/12\/DSC01816-681x1024.jpg\" alt=\"\" class=\"wp-image-418\" srcset=\"https:\/\/maciaszki.pl\/wp-content\/uploads\/2018\/12\/DSC01816-681x1024.jpg 681w, https:\/\/maciaszki.pl\/wp-content\/uploads\/2018\/12\/DSC01816-200x300.jpg 200w, https:\/\/maciaszki.pl\/wp-content\/uploads\/2018\/12\/DSC01816-768x1155.jpg 768w, https:\/\/maciaszki.pl\/wp-content\/uploads\/2018\/12\/DSC01816.jpg 1222w\" sizes=\"(max-width: 681px) 100vw, 681px\" \/><\/a><figcaption>Podej\u015bcie na Oszus<\/figcaption><\/figure>\n\n\n\n<figure class=\"wp-block-image alignnone\"><a href=\"https:\/\/maciaszki.pl\/wp-content\/uploads\/2018\/12\/DSC01821.jpg\"><img loading=\"lazy\" width=\"1024\" height=\"681\" src=\"https:\/\/maciaszki.pl\/wp-content\/uploads\/2018\/12\/DSC01821-1024x681.jpg\" alt=\"\" class=\"wp-image-432\" srcset=\"https:\/\/maciaszki.pl\/wp-content\/uploads\/2018\/12\/DSC01821-1024x681.jpg 1024w, https:\/\/maciaszki.pl\/wp-content\/uploads\/2018\/12\/DSC01821-300x200.jpg 300w, https:\/\/maciaszki.pl\/wp-content\/uploads\/2018\/12\/DSC01821-768x511.jpg 768w\" sizes=\"(max-width: 706px) 89vw, (max-width: 767px) 82vw, 740px\" \/><\/a><figcaption>Kapliczka na g\u00f3rze Oszus<\/figcaption><\/figure>\n\n\n\n<figure class=\"wp-block-image alignnone\"><a href=\"https:\/\/maciaszki.pl\/wp-content\/uploads\/2018\/12\/DSC01835.jpg\"><img loading=\"lazy\" width=\"681\" height=\"1024\" src=\"https:\/\/maciaszki.pl\/wp-content\/uploads\/2018\/12\/DSC01835-681x1024.jpg\" alt=\"\" class=\"wp-image-419\" srcset=\"https:\/\/maciaszki.pl\/wp-content\/uploads\/2018\/12\/DSC01835-681x1024.jpg 681w, https:\/\/maciaszki.pl\/wp-content\/uploads\/2018\/12\/DSC01835-200x300.jpg 200w, https:\/\/maciaszki.pl\/wp-content\/uploads\/2018\/12\/DSC01835-768x1155.jpg 768w, https:\/\/maciaszki.pl\/wp-content\/uploads\/2018\/12\/DSC01835.jpg 1222w\" sizes=\"(max-width: 681px) 100vw, 681px\" \/><\/a><figcaption>Tak wygl\u0105da szlak przed Prze\u0142\u0119cz\u0105 Ujsolsk\u0105<\/figcaption><\/figure>\n\n\n\n<p class=\"has-small-font-size\">Kolejna noc w bac\u00f3wce na Krawc\u00f3w Wierchu. A rano widoki&#8230;<\/p>\n\n\n\n<figure class=\"wp-block-image alignnone\"><a href=\"https:\/\/maciaszki.pl\/wp-content\/uploads\/2018\/11\/DSC01847.jpg\"><img loading=\"lazy\" width=\"1024\" height=\"487\" src=\"https:\/\/maciaszki.pl\/wp-content\/uploads\/2018\/11\/DSC01847-1024x487.jpg\" alt=\"\" class=\"wp-image-435\" srcset=\"https:\/\/maciaszki.pl\/wp-content\/uploads\/2018\/11\/DSC01847-1024x487.jpg 1024w, https:\/\/maciaszki.pl\/wp-content\/uploads\/2018\/11\/DSC01847-300x143.jpg 300w, https:\/\/maciaszki.pl\/wp-content\/uploads\/2018\/11\/DSC01847-768x365.jpg 768w\" sizes=\"(max-width: 706px) 89vw, (max-width: 767px) 82vw, 740px\" \/><\/a><figcaption>Obydwie bac\u00f3wki s\u0105 przepi\u0119knie po\u0142o\u017cone<\/figcaption><\/figure>\n\n\n\n<figure class=\"wp-block-image alignnone\"><a href=\"https:\/\/maciaszki.pl\/wp-content\/uploads\/2018\/12\/IMG_20181104_094445.jpg\"><img loading=\"lazy\" width=\"1024\" height=\"768\" src=\"https:\/\/maciaszki.pl\/wp-content\/uploads\/2018\/12\/IMG_20181104_094445-1024x768.jpg\" alt=\"\" class=\"wp-image-423\" srcset=\"https:\/\/maciaszki.pl\/wp-content\/uploads\/2018\/12\/IMG_20181104_094445-1024x768.jpg 1024w, https:\/\/maciaszki.pl\/wp-content\/uploads\/2018\/12\/IMG_20181104_094445-300x225.jpg 300w, https:\/\/maciaszki.pl\/wp-content\/uploads\/2018\/12\/IMG_20181104_094445-768x576.jpg 768w, https:\/\/maciaszki.pl\/wp-content\/uploads\/2018\/12\/IMG_20181104_094445.jpg 1664w\" sizes=\"(max-width: 706px) 89vw, (max-width: 767px) 82vw, 740px\" \/><\/a><figcaption>Takie widoki towarzyszy\u0142y nam przy zej\u015bciu do Glinki<\/figcaption><\/figure>\n\n\n\n<p class=\"has-small-font-size\">Tylko do Rajczy i stamt\u0105d powr\u00f3t do domu&#8230;<\/p>\n\n\n\n<p class=\"has-small-font-size\"><strong>Wi\u0119cej zdj\u0119\u0107 na:&nbsp;<a href=\"https:\/\/photos.app.goo.gl\/GT8EwmApK6gu3fNL7\">Beskid \u017bywiecki 2019<\/a><\/strong><\/p>\n","protected":false},"excerpt":{"rendered":"<p>Jak prawie ka\u017cdej jesieni r\u00f3wnie\u017c i w tym roku uda\u0142o si\u0119 nam sp\u0119dzi\u0107 kilka dni, w\u0119druj\u0105c po Beskidach. Tam chyba najlepiej mo\u017cna odczuwa\u0107 przemijaj\u0105cy kolejny rok i cieszy\u0107 si\u0119 kolorami p\u00f3\u017anej jesieni, kt\u00f3ra towarzyszy g\u00f3rskim w\u0119drowcom. Szczeg\u00f3lnie sobie upodobali\u015bmy Beskid \u017bywiecki. Zawsze powracaj\u0105 wspominamy wieczor\u00f3w w schroniskach, jest herbata jak zalewana darmowym wrz\u0105tkiem, s\u0105 rozmowy &hellip; <\/p>\n<p class=\"link-more\"><a href=\"https:\/\/maciaszki.pl\/index.php\/2018\/11\/01\/beskid-zywiecki-jesienna-wedrowka-wlk-racza-krawcow-wierch\/\" class=\"more-link\">Czytaj dalej<span class=\"screen-reader-text\"> Beskid \u017bywiecki jesienna w\u0119dr\u00f3wka; Wlk. Racza &#8211; Krawc\u00f3w Wierch<\/span><\/a><\/p>\n","protected":false},"author":6,"featured_media":420,"comment_status":"open","ping_status":"open","sticky":false,"template":"","format":"standard","meta":[],"categories":[4],"tags":[80,75],"yoast_head":"<!-- This site is optimized with the Yoast SEO plugin v17.6 - https:\/\/yoast.com\/wordpress\/plugins\/seo\/ -->\n<title>Beskid \u017bywiecki jesienna w\u0119dr\u00f3wka; Wlk. Racza - Krawc\u00f3w Wierch - Maciaszki<\/title>\n<meta name=\"description\" content=\"Beskid \u017bywiecki jesie\u0144, przepi\u0119kna w\u0119dr\u00f3wka z plecakami w worku racza\u0144skim, Wlk. Racza, Przegibek, Rycerzowa, Oszus, Krawc\u00f3w Wierch, schroniska, bac\u00f3wki\" \/>\n<meta name=\"robots\" content=\"index, follow, max-snippet:-1, max-image-preview:large, max-video-preview:-1\" \/>\n<link rel=\"canonical\" href=\"https:\/\/maciaszki.pl\/index.php\/2018\/11\/01\/beskid-zywiecki-jesienna-wedrowka-wlk-racza-krawcow-wierch\/\" \/>\n<meta property=\"og:locale\" content=\"pl_PL\" \/>\n<meta property=\"og:type\" content=\"article\" \/>\n<meta property=\"og:title\" content=\"Beskid \u017bywiecki jesienna w\u0119dr\u00f3wka; Wlk. Racza - Krawc\u00f3w Wierch - Maciaszki\" \/>\n<meta property=\"og:description\" content=\"Beskid \u017bywiecki jesie\u0144, przepi\u0119kna w\u0119dr\u00f3wka z plecakami w worku racza\u0144skim, Wlk. Racza, Przegibek, Rycerzowa, Oszus, Krawc\u00f3w Wierch, schroniska, bac\u00f3wki\" \/>\n<meta property=\"og:url\" content=\"https:\/\/maciaszki.pl\/index.php\/2018\/11\/01\/beskid-zywiecki-jesienna-wedrowka-wlk-racza-krawcow-wierch\/\" \/>\n<meta property=\"og:site_name\" content=\"Maciaszki\" \/>\n<meta property=\"article:published_time\" content=\"2018-11-01T18:42:29+00:00\" \/>\n<meta property=\"article:modified_time\" content=\"2020-06-29T10:19:20+00:00\" \/>\n<meta property=\"og:image\" content=\"https:\/\/maciaszki.pl\/wp-content\/uploads\/2018\/12\/DSC01840.jpg\" \/>\n\t<meta property=\"og:image:width\" content=\"1837\" \/>\n\t<meta property=\"og:image:height\" content=\"1222\" \/>\n<meta name=\"twitter:card\" content=\"summary_large_image\" \/>\n<meta name=\"twitter:label1\" content=\"Napisane przez\" \/>\n\t<meta name=\"twitter:data1\" content=\"Tomek\" \/>\n\t<meta name=\"twitter:label2\" content=\"Szacowany czas czytania\" \/>\n\t<meta name=\"twitter:data2\" content=\"1 minuta\" \/>\n<script type=\"application\/ld+json\" class=\"yoast-schema-graph\">{\"@context\":\"https:\/\/schema.org\",\"@graph\":[{\"@type\":\"WebSite\",\"@id\":\"https:\/\/maciaszki.pl\/#website\",\"url\":\"https:\/\/maciaszki.pl\/\",\"name\":\"Maciaszki\",\"description\":\"W\\u0119dr\\u00f3wki w czasie i w przestrzeni\",\"potentialAction\":[{\"@type\":\"SearchAction\",\"target\":{\"@type\":\"EntryPoint\",\"urlTemplate\":\"https:\/\/maciaszki.pl\/?s={search_term_string}\"},\"query-input\":\"required name=search_term_string\"}],\"inLanguage\":\"pl-PL\"},{\"@type\":\"ImageObject\",\"@id\":\"https:\/\/maciaszki.pl\/index.php\/2018\/11\/01\/beskid-zywiecki-jesienna-wedrowka-wlk-racza-krawcow-wierch\/#primaryimage\",\"inLanguage\":\"pl-PL\",\"url\":\"https:\/\/maciaszki.pl\/wp-content\/uploads\/2018\/12\/DSC01840.jpg\",\"contentUrl\":\"https:\/\/maciaszki.pl\/wp-content\/uploads\/2018\/12\/DSC01840.jpg\",\"width\":1837,\"height\":1222},{\"@type\":\"WebPage\",\"@id\":\"https:\/\/maciaszki.pl\/index.php\/2018\/11\/01\/beskid-zywiecki-jesienna-wedrowka-wlk-racza-krawcow-wierch\/#webpage\",\"url\":\"https:\/\/maciaszki.pl\/index.php\/2018\/11\/01\/beskid-zywiecki-jesienna-wedrowka-wlk-racza-krawcow-wierch\/\",\"name\":\"Beskid \\u017bywiecki jesienna w\\u0119dr\\u00f3wka; Wlk. Racza - Krawc\\u00f3w Wierch - Maciaszki\",\"isPartOf\":{\"@id\":\"https:\/\/maciaszki.pl\/#website\"},\"primaryImageOfPage\":{\"@id\":\"https:\/\/maciaszki.pl\/index.php\/2018\/11\/01\/beskid-zywiecki-jesienna-wedrowka-wlk-racza-krawcow-wierch\/#primaryimage\"},\"datePublished\":\"2018-11-01T18:42:29+00:00\",\"dateModified\":\"2020-06-29T10:19:20+00:00\",\"author\":{\"@id\":\"https:\/\/maciaszki.pl\/#\/schema\/person\/927a7d4023a1599d0d448b6094ed01eb\"},\"description\":\"Beskid \\u017bywiecki jesie\\u0144, przepi\\u0119kna w\\u0119dr\\u00f3wka z plecakami w worku racza\\u0144skim, Wlk. Racza, Przegibek, Rycerzowa, Oszus, Krawc\\u00f3w Wierch, schroniska, bac\\u00f3wki\",\"breadcrumb\":{\"@id\":\"https:\/\/maciaszki.pl\/index.php\/2018\/11\/01\/beskid-zywiecki-jesienna-wedrowka-wlk-racza-krawcow-wierch\/#breadcrumb\"},\"inLanguage\":\"pl-PL\",\"potentialAction\":[{\"@type\":\"ReadAction\",\"target\":[\"https:\/\/maciaszki.pl\/index.php\/2018\/11\/01\/beskid-zywiecki-jesienna-wedrowka-wlk-racza-krawcow-wierch\/\"]}]},{\"@type\":\"BreadcrumbList\",\"@id\":\"https:\/\/maciaszki.pl\/index.php\/2018\/11\/01\/beskid-zywiecki-jesienna-wedrowka-wlk-racza-krawcow-wierch\/#breadcrumb\",\"itemListElement\":[{\"@type\":\"ListItem\",\"position\":1,\"name\":\"Home\",\"item\":\"https:\/\/maciaszki.pl\/\"},{\"@type\":\"ListItem\",\"position\":2,\"name\":\"Beskid \\u017bywiecki jesienna w\\u0119dr\\u00f3wka; Wlk. Racza &#8211; Krawc\\u00f3w Wierch\"}]},{\"@type\":\"Person\",\"@id\":\"https:\/\/maciaszki.pl\/#\/schema\/person\/927a7d4023a1599d0d448b6094ed01eb\",\"name\":\"Tomek\",\"image\":{\"@type\":\"ImageObject\",\"@id\":\"https:\/\/maciaszki.pl\/#personlogo\",\"inLanguage\":\"pl-PL\",\"url\":\"https:\/\/secure.gravatar.com\/avatar\/0ce461a5edaa58bb7fb6c252a1dbf70d?s=96&d=mm&r=g\",\"contentUrl\":\"https:\/\/secure.gravatar.com\/avatar\/0ce461a5edaa58bb7fb6c252a1dbf70d?s=96&d=mm&r=g\",\"caption\":\"Tomek\"},\"url\":\"https:\/\/maciaszki.pl\/index.php\/author\/tmaciaszek\/\"}]}<\/script>\n<!-- \/ Yoast SEO plugin. -->","yoast_head_json":{"title":"Beskid \u017bywiecki jesienna w\u0119dr\u00f3wka; Wlk. Racza - Krawc\u00f3w Wierch - Maciaszki","description":"Beskid \u017bywiecki jesie\u0144, przepi\u0119kna w\u0119dr\u00f3wka z plecakami w worku racza\u0144skim, Wlk. Racza, Przegibek, Rycerzowa, Oszus, Krawc\u00f3w Wierch, schroniska, bac\u00f3wki","robots":{"index":"index","follow":"follow","max-snippet":"max-snippet:-1","max-image-preview":"max-image-preview:large","max-video-preview":"max-video-preview:-1"},"canonical":"https:\/\/maciaszki.pl\/index.php\/2018\/11\/01\/beskid-zywiecki-jesienna-wedrowka-wlk-racza-krawcow-wierch\/","og_locale":"pl_PL","og_type":"article","og_title":"Beskid \u017bywiecki jesienna w\u0119dr\u00f3wka; Wlk. Racza - Krawc\u00f3w Wierch - Maciaszki","og_description":"Beskid \u017bywiecki jesie\u0144, przepi\u0119kna w\u0119dr\u00f3wka z plecakami w worku racza\u0144skim, Wlk. Racza, Przegibek, Rycerzowa, Oszus, Krawc\u00f3w Wierch, schroniska, bac\u00f3wki","og_url":"https:\/\/maciaszki.pl\/index.php\/2018\/11\/01\/beskid-zywiecki-jesienna-wedrowka-wlk-racza-krawcow-wierch\/","og_site_name":"Maciaszki","article_published_time":"2018-11-01T18:42:29+00:00","article_modified_time":"2020-06-29T10:19:20+00:00","og_image":[{"width":1837,"height":1222,"url":"https:\/\/maciaszki.pl\/wp-content\/uploads\/2018\/12\/DSC01840.jpg","type":"image\/jpeg"}],"twitter_card":"summary_large_image","twitter_misc":{"Napisane przez":"Tomek","Szacowany czas czytania":"1 minuta"},"schema":{"@context":"https:\/\/schema.org","@graph":[{"@type":"WebSite","@id":"https:\/\/maciaszki.pl\/#website","url":"https:\/\/maciaszki.pl\/","name":"Maciaszki","description":"W\u0119dr\u00f3wki w czasie i w przestrzeni","potentialAction":[{"@type":"SearchAction","target":{"@type":"EntryPoint","urlTemplate":"https:\/\/maciaszki.pl\/?s={search_term_string}"},"query-input":"required name=search_term_string"}],"inLanguage":"pl-PL"},{"@type":"ImageObject","@id":"https:\/\/maciaszki.pl\/index.php\/2018\/11\/01\/beskid-zywiecki-jesienna-wedrowka-wlk-racza-krawcow-wierch\/#primaryimage","inLanguage":"pl-PL","url":"https:\/\/maciaszki.pl\/wp-content\/uploads\/2018\/12\/DSC01840.jpg","contentUrl":"https:\/\/maciaszki.pl\/wp-content\/uploads\/2018\/12\/DSC01840.jpg","width":1837,"height":1222},{"@type":"WebPage","@id":"https:\/\/maciaszki.pl\/index.php\/2018\/11\/01\/beskid-zywiecki-jesienna-wedrowka-wlk-racza-krawcow-wierch\/#webpage","url":"https:\/\/maciaszki.pl\/index.php\/2018\/11\/01\/beskid-zywiecki-jesienna-wedrowka-wlk-racza-krawcow-wierch\/","name":"Beskid \u017bywiecki jesienna w\u0119dr\u00f3wka; Wlk. Racza - Krawc\u00f3w Wierch - Maciaszki","isPartOf":{"@id":"https:\/\/maciaszki.pl\/#website"},"primaryImageOfPage":{"@id":"https:\/\/maciaszki.pl\/index.php\/2018\/11\/01\/beskid-zywiecki-jesienna-wedrowka-wlk-racza-krawcow-wierch\/#primaryimage"},"datePublished":"2018-11-01T18:42:29+00:00","dateModified":"2020-06-29T10:19:20+00:00","author":{"@id":"https:\/\/maciaszki.pl\/#\/schema\/person\/927a7d4023a1599d0d448b6094ed01eb"},"description":"Beskid \u017bywiecki jesie\u0144, przepi\u0119kna w\u0119dr\u00f3wka z plecakami w worku racza\u0144skim, Wlk. Racza, Przegibek, Rycerzowa, Oszus, Krawc\u00f3w Wierch, schroniska, bac\u00f3wki","breadcrumb":{"@id":"https:\/\/maciaszki.pl\/index.php\/2018\/11\/01\/beskid-zywiecki-jesienna-wedrowka-wlk-racza-krawcow-wierch\/#breadcrumb"},"inLanguage":"pl-PL","potentialAction":[{"@type":"ReadAction","target":["https:\/\/maciaszki.pl\/index.php\/2018\/11\/01\/beskid-zywiecki-jesienna-wedrowka-wlk-racza-krawcow-wierch\/"]}]},{"@type":"BreadcrumbList","@id":"https:\/\/maciaszki.pl\/index.php\/2018\/11\/01\/beskid-zywiecki-jesienna-wedrowka-wlk-racza-krawcow-wierch\/#breadcrumb","itemListElement":[{"@type":"ListItem","position":1,"name":"Home","item":"https:\/\/maciaszki.pl\/"},{"@type":"ListItem","position":2,"name":"Beskid \u017bywiecki jesienna w\u0119dr\u00f3wka; Wlk. Racza &#8211; Krawc\u00f3w Wierch"}]},{"@type":"Person","@id":"https:\/\/maciaszki.pl\/#\/schema\/person\/927a7d4023a1599d0d448b6094ed01eb","name":"Tomek","image":{"@type":"ImageObject","@id":"https:\/\/maciaszki.pl\/#personlogo","inLanguage":"pl-PL","url":"https:\/\/secure.gravatar.com\/avatar\/0ce461a5edaa58bb7fb6c252a1dbf70d?s=96&d=mm&r=g","contentUrl":"https:\/\/secure.gravatar.com\/avatar\/0ce461a5edaa58bb7fb6c252a1dbf70d?s=96&d=mm&r=g","caption":"Tomek"},"url":"https:\/\/maciaszki.pl\/index.php\/author\/tmaciaszek\/"}]}},"_links":{"self":[{"href":"https:\/\/maciaszki.pl\/index.php\/wp-json\/wp\/v2\/posts\/425"}],"collection":[{"href":"https:\/\/maciaszki.pl\/index.php\/wp-json\/wp\/v2\/posts"}],"about":[{"href":"https:\/\/maciaszki.pl\/index.php\/wp-json\/wp\/v2\/types\/post"}],"author":[{"embeddable":true,"href":"https:\/\/maciaszki.pl\/index.php\/wp-json\/wp\/v2\/users\/6"}],"replies":[{"embeddable":true,"href":"https:\/\/maciaszki.pl\/index.php\/wp-json\/wp\/v2\/comments?post=425"}],"version-history":[{"count":20,"href":"https:\/\/maciaszki.pl\/index.php\/wp-json\/wp\/v2\/posts\/425\/revisions"}],"predecessor-version":[{"id":2195,"href":"https:\/\/maciaszki.pl\/index.php\/wp-json\/wp\/v2\/posts\/425\/revisions\/2195"}],"wp:featuredmedia":[{"embeddable":true,"href":"https:\/\/maciaszki.pl\/index.php\/wp-json\/wp\/v2\/media\/420"}],"wp:attachment":[{"href":"https:\/\/maciaszki.pl\/index.php\/wp-json\/wp\/v2\/media?parent=425"}],"wp:term":[{"taxonomy":"category","embeddable":true,"href":"https:\/\/maciaszki.pl\/index.php\/wp-json\/wp\/v2\/categories?post=425"},{"taxonomy":"post_tag","embeddable":true,"href":"https:\/\/maciaszki.pl\/index.php\/wp-json\/wp\/v2\/tags?post=425"}],"curies":[{"name":"wp","href":"https:\/\/api.w.org\/{rel}","templated":true}]}}