{"id":373,"date":"1982-07-31T20:37:29","date_gmt":"1982-07-31T18:37:29","guid":{"rendered":"https:\/\/maciaszki.pl\/?p=373"},"modified":"2025-10-18T08:40:04","modified_gmt":"2025-10-18T06:40:04","slug":"przejscie-beskidzkie-od-wisly-po-bieszczady","status":"publish","type":"post","link":"https:\/\/maciaszki.pl\/index.php\/1982\/07\/31\/przejscie-beskidzkie-od-wisly-po-bieszczady\/","title":{"rendered":"Przej\u015bcie beskidzkie od Wis\u0142y po Bieszczady 1982"},"content":{"rendered":"\n<p class=\"has-small-font-size\">Niecz\u0119sto zdarza si\u0119 taka podr\u00f3\u017c, kt\u00f3r\u0105 z r\u00f3\u017cnych wzgl\u0119d\u00f3w nazywa si\u0119 p\u00f3\u017aniej podr\u00f3\u017c\u0105 \u017cycia. Tym dla nas w\u0142a\u015bnie by\u0142o przej\u015bcie beskidzkie od Wis\u0142y po kra\u0144ce Bieszczad\u00f3w. Przemierzali\u015bmy j\u0105 w wi\u0119kszo\u015bci samotnie \u2013 opr\u00f3cz pierwszego tygodnia \u2013 obci\u0105\u017ceni ci\u0119\u017ckimi plecakami. Prawie 6 tygodni razem w g\u00f3rach, a by\u0142y to pocz\u0105tki naszej wsp\u00f3lnej drogi \u017cyciowej i wsp\u00f3lnego w\u0119drowania.<\/p>\n\n\n\n<!--more-->\n\n\n\n<p class=\"has-small-font-size\">Wymarzona w\u0119dr\u00f3wka przez ca\u0142e polskie Beskidy! Stan wojenny, zakaz poruszania si\u0119 w strefie nadgranicznej, na szcz\u0119\u015bcie zniesiony z okazji \u015bwi\u0119ta 22. Lipca. W sklepach wszystko na kartki, wi\u0119c pakujemy plecaki do oporu, czyli do momentu, gdy z plecakiem na plecach mo\u017cna wsta\u0107. M\u00f3j wa\u017cy ok. 30 kg, ale to i tak nie jest za du\u017co jak na 6 tygodni.<\/p>\n\n\n\n<p class=\"has-small-font-size\">31.07. Spotykamy Kaczor\u00f3w w Katowicach w poci\u0105gu do Wis\u0142y, sk\u0105d w upale ruszamy na Sto\u017cek. Pierwsze piwo. Po kilku godzinach marszu rozk\u0142adamy \u015bpiwory w lesie i drzemiemy. Po drodze mocz\u0119 nogi w potoku, gdy\u017c nowe buty kupione na bazarze R\u00f3\u017cyckiego nie zdo\u0142a\u0142y si\u0119 jeszcze u\u0142o\u017cy\u0107 i spowodowa\u0142y odparzenia. Wieczorem dochodzimy do schroniska studenckiego Pietraszonka, gdzie czeka na nas Orzech. Oczywi\u015bcie sw\u00f3j alkohol wypi\u0142 dnia poprzedniego.<\/p>\n\n\n\n<p class=\"has-small-font-size\">01.08. Z Pietraszonki przez Mil\u00f3wk\u0119 na Hal\u0119 Boracz\u0105. 20 minut od schroniska znajdujemy puste schronisko studenckie &#8222;Sabat\u00f3wka&#8221;, do kt\u00f3rego si\u0119 delikatnie w\u0142amujemy; sp\u0119dzimy tam dwie noce .<\/p>\n\n\n\n<figure class=\"wp-block-image size-large\"><img loading=\"lazy\" width=\"1024\" height=\"677\" src=\"https:\/\/maciaszki.pl\/wp-content\/uploads\/2020\/04\/27-2-1024x677.jpg\" alt=\"\" class=\"wp-image-1721\" srcset=\"https:\/\/maciaszki.pl\/wp-content\/uploads\/2020\/04\/27-2-1024x677.jpg 1024w, https:\/\/maciaszki.pl\/wp-content\/uploads\/2020\/04\/27-2-300x198.jpg 300w, https:\/\/maciaszki.pl\/wp-content\/uploads\/2020\/04\/27-2-768x508.jpg 768w, https:\/\/maciaszki.pl\/wp-content\/uploads\/2020\/04\/27-2-1536x1016.jpg 1536w, https:\/\/maciaszki.pl\/wp-content\/uploads\/2020\/04\/27-2.jpg 1977w\" sizes=\"(max-width: 706px) 89vw, (max-width: 767px) 82vw, 740px\" \/><figcaption>Leniwy dzie\u0144 w &#8222;Sabat\u00f3wce&#8221;<\/figcaption><\/figure>\n\n\n\n<figure class=\"wp-block-image alignnone\"><a href=\"https:\/\/maciaszki.pl\/wp-content\/uploads\/2018\/12\/img003-1.jpg\"><img loading=\"lazy\" width=\"1024\" height=\"646\" src=\"https:\/\/maciaszki.pl\/wp-content\/uploads\/2018\/12\/img003-1-1024x646.jpg\" alt=\"\" class=\"wp-image-385\" srcset=\"https:\/\/maciaszki.pl\/wp-content\/uploads\/2018\/12\/img003-1-1024x646.jpg 1024w, https:\/\/maciaszki.pl\/wp-content\/uploads\/2018\/12\/img003-1-300x189.jpg 300w, https:\/\/maciaszki.pl\/wp-content\/uploads\/2018\/12\/img003-1-768x485.jpg 768w\" sizes=\"(max-width: 706px) 89vw, (max-width: 767px) 82vw, 740px\" \/><\/a><figcaption>Pod &#8222;Sabat\u00f3wk\u0105&#8221;<\/figcaption><\/figure>\n\n\n\n<p class=\"has-small-font-size\">Podczas tej wyprawy do gotowania u\u017cywali\u015bmy rosyjskiego benzynowego juwla, kt\u00f3ry okaza\u0142 si\u0119 uszkodzony &#8211; bez iglicy. Przed ka\u017cdym rozpaleniem musia\u0142em go rozbiera\u0107 i czy\u015bci\u0107, co powodowa\u0142o, \u017ce chodzi\u0142em usmarowany po \u0142okcie i \u015bmierdz\u0105cy benzyn\u0105 .<\/p>\n\n\n\n<p class=\"has-small-font-size\">02.08. Kaczor z Orzechem zeszli w d\u00f3\u0142 poszuka\u0107 jakiej\u015b w\u00f3deczki; mieli\u015bmy kartki na alkohol. Okaza\u0142o si\u0119 \u017ce musieli jecha\u0107 a\u017c do \u017bywca, wr\u00f3cili popo\u0142udniem z dwiema flaszkami \u017cytniej. My w tym czasie ob\u017ceramy si\u0119 jagodami, kt\u00f3rych wok\u00f3l naszej chatki by\u0142o mn\u00f3stwo.<\/p>\n\n\n\n<p class=\"has-small-font-size\">03.08. &#8222;Sabat\u00f3wka&#8221; &#8211; Rysianka &#8211; Hala Miziowa, gdzie nocujemy. Schronisko zamykamy tak, jak je zastali\u015bmy, i ruszamy. Na Pilsko wchodzimy bez plecak\u00f3w.<\/p>\n\n\n\n<figure class=\"wp-block-image alignnone\"><a href=\"https:\/\/maciaszki.pl\/wp-content\/uploads\/2018\/12\/img006.jpg\"><img loading=\"lazy\" width=\"1024\" height=\"642\" src=\"https:\/\/maciaszki.pl\/wp-content\/uploads\/2018\/12\/img006-1024x642.jpg\" alt=\"\" class=\"wp-image-386\" srcset=\"https:\/\/maciaszki.pl\/wp-content\/uploads\/2018\/12\/img006-1024x642.jpg 1024w, https:\/\/maciaszki.pl\/wp-content\/uploads\/2018\/12\/img006-300x188.jpg 300w, https:\/\/maciaszki.pl\/wp-content\/uploads\/2018\/12\/img006-768x481.jpg 768w\" sizes=\"(max-width: 706px) 89vw, (max-width: 767px) 82vw, 740px\" \/><\/a><figcaption>Przy schronisku na Hali Lipowskiej<\/figcaption><\/figure>\n\n\n\n<figure class=\"wp-block-image alignnone wp-image-388 size-large\"><img loading=\"lazy\" width=\"1024\" height=\"810\" src=\"https:\/\/maciaszki.pl\/wp-content\/uploads\/2018\/12\/img008-1024x810.jpg\" alt=\"\" class=\"wp-image-388\" srcset=\"https:\/\/maciaszki.pl\/wp-content\/uploads\/2018\/12\/img008-1024x810.jpg 1024w, https:\/\/maciaszki.pl\/wp-content\/uploads\/2018\/12\/img008-300x237.jpg 300w, https:\/\/maciaszki.pl\/wp-content\/uploads\/2018\/12\/img008-768x607.jpg 768w\" sizes=\"(max-width: 706px) 89vw, (max-width: 767px) 82vw, 740px\" \/><figcaption>Pilsko przed nami<\/figcaption><\/figure>\n\n\n\n<p class=\"has-small-font-size\">04.08. Schodzimy do Korbielowa. W knajpie przy piwku zak\u0142adamy si\u0119 z bucami z Warszawy, \u017ce tego dnia dojdziemy na Markowe Szczawiny. Orzech \u015bpiewa wybitnie antypa\u0144stwow\u0105 piosenk\u0119 &#8222;Wlaz\u0142 kotek na p\u0142otek i mruga , kadencja Wojciecha za d\u0142uga&#8221;, za kt\u00f3r\u0105 zostali\u015bmy aresztowani przez wopist\u00f3w i przes\u0142uchani na stra\u017cnicy. Z Korbielowa uda\u0142o nam si\u0119 wyj\u015b\u0107 dopiero ok. 16, na Markowe docieramy przed 22. Wygrali\u015bmy skrzynk\u0119 piwa &#8211; co z tego, skoro do warszawiak\u00f3w nie ma jak zadzwoni\u0107. Telefon w schronisku jest niedost\u0119pny.<\/p>\n\n\n\n<p class=\"has-small-font-size\">05.08. Byczymy si\u0119 na Markowych Szczawinach. Bez plecak\u00f3w wchodzimy Perci\u0105 Akademik\u00f3w na Babi\u0105 G\u00f3r\u0119. Dalej mocz\u0119 nogi (w puszce \u017cywno\u015bciowej).<\/p>\n\n\n\n<figure class=\"wp-block-image alignnone\"><a href=\"https:\/\/maciaszki.pl\/wp-content\/uploads\/2018\/12\/img011.jpg\"><img loading=\"lazy\" width=\"640\" height=\"1024\" src=\"https:\/\/maciaszki.pl\/wp-content\/uploads\/2018\/12\/img011-640x1024.jpg\" alt=\"\" class=\"wp-image-389\" srcset=\"https:\/\/maciaszki.pl\/wp-content\/uploads\/2018\/12\/img011-640x1024.jpg 640w, https:\/\/maciaszki.pl\/wp-content\/uploads\/2018\/12\/img011-187x300.jpg 187w, https:\/\/maciaszki.pl\/wp-content\/uploads\/2018\/12\/img011-768x1229.jpg 768w\" sizes=\"(max-width: 640px) 100vw, 640px\" \/><\/a><figcaption>Na Perci Akademik\u00f3w<\/figcaption><\/figure>\n\n\n\n<figure class=\"wp-block-image alignnone\"><a href=\"https:\/\/maciaszki.pl\/wp-content\/uploads\/2018\/12\/img014.jpg\"><img loading=\"lazy\" width=\"1024\" height=\"812\" src=\"https:\/\/maciaszki.pl\/wp-content\/uploads\/2018\/12\/img014-1024x812.jpg\" alt=\"\" class=\"wp-image-390\" srcset=\"https:\/\/maciaszki.pl\/wp-content\/uploads\/2018\/12\/img014-1024x812.jpg 1024w, https:\/\/maciaszki.pl\/wp-content\/uploads\/2018\/12\/img014-300x238.jpg 300w, https:\/\/maciaszki.pl\/wp-content\/uploads\/2018\/12\/img014-768x609.jpg 768w\" sizes=\"(max-width: 706px) 89vw, (max-width: 767px) 82vw, 740px\" \/><\/a><figcaption>Na Babiej G\u00f3rze<\/figcaption><\/figure>\n\n\n\n<figure class=\"wp-block-image alignnone\"><a href=\"https:\/\/maciaszki.pl\/wp-content\/uploads\/2018\/12\/img015.jpg\"><img loading=\"lazy\" width=\"1024\" height=\"635\" src=\"https:\/\/maciaszki.pl\/wp-content\/uploads\/2018\/12\/img015-1024x635.jpg\" alt=\"\" class=\"wp-image-391\" srcset=\"https:\/\/maciaszki.pl\/wp-content\/uploads\/2018\/12\/img015-1024x635.jpg 1024w, https:\/\/maciaszki.pl\/wp-content\/uploads\/2018\/12\/img015-300x186.jpg 300w, https:\/\/maciaszki.pl\/wp-content\/uploads\/2018\/12\/img015-768x476.jpg 768w\" sizes=\"(max-width: 706px) 89vw, (max-width: 767px) 82vw, 740px\" \/><\/a><figcaption>Z Babi\u0105 w tle<\/figcaption><\/figure>\n\n\n\n<p class=\"has-small-font-size\">06.08. Idziemy przez Krowiarki, na Hali \u015amietanowej ogromne jagody z cukrem, nocleg na Hali Krupowej.<\/p>\n\n\n\n<figure class=\"wp-block-image alignnone wp-image-393 size-large\"><img loading=\"lazy\" width=\"1024\" height=\"716\" src=\"https:\/\/maciaszki.pl\/wp-content\/uploads\/2018\/12\/img017-1024x716.jpg\" alt=\"\" class=\"wp-image-393\" srcset=\"https:\/\/maciaszki.pl\/wp-content\/uploads\/2018\/12\/img017-1024x716.jpg 1024w, https:\/\/maciaszki.pl\/wp-content\/uploads\/2018\/12\/img017-300x210.jpg 300w, https:\/\/maciaszki.pl\/wp-content\/uploads\/2018\/12\/img017-768x537.jpg 768w\" sizes=\"(max-width: 706px) 89vw, (max-width: 767px) 82vw, 740px\" \/><figcaption>Na Hali \u015amietanowej<\/figcaption><\/figure>\n\n\n\n<p class=\"has-small-font-size\">Wieczorem ognisko, p\u00f3\u017aniej nie chc\u0105 nas wpu\u015bci\u0107 do schroniska. Jedno \u0142\u00f3\u017cko na dwie osoby i pretensje do Orzecha, \u017ce jest sam, bo si\u0119 miejsce marnuje.<\/p>\n\n\n\n<p class=\"has-small-font-size\">07.08. W Jordanowie robimy luksusowe zakupy na nasz\u0105 ostatni\u0105 wsp\u00f3ln\u0105 noc (Kaczory i Orzech wracaj\u0105 do domu) &#8211; koniak gruzi\u0144ski bez kartek (!), puszka szynki &#8222;Krakus&#8221;, piwo \u017bywiec.<\/p>\n\n\n\n<figure class=\"wp-block-image\"><img loading=\"lazy\" width=\"1024\" height=\"625\" src=\"https:\/\/maciaszki.pl\/wp-content\/uploads\/2018\/12\/img019-1024x625.jpg\" alt=\"\" class=\"wp-image-394\" srcset=\"https:\/\/maciaszki.pl\/wp-content\/uploads\/2018\/12\/img019-1024x625.jpg 1024w, https:\/\/maciaszki.pl\/wp-content\/uploads\/2018\/12\/img019-300x183.jpg 300w, https:\/\/maciaszki.pl\/wp-content\/uploads\/2018\/12\/img019-768x468.jpg 768w\" sizes=\"(max-width: 706px) 89vw, (max-width: 767px) 82vw, 740px\" \/><\/figure>\n\n\n\n<p class=\"has-small-font-size\">Wchodzimy z tym na Lubo\u0144, nocleg w namiocie obok schroniska, mycie w &#8222;bunkrze&#8221;.<\/p>\n\n\n\n<figure class=\"wp-block-image\"><a href=\"https:\/\/maciaszki.pl\/wp-content\/uploads\/2018\/12\/img022.jpg\"><img loading=\"lazy\" width=\"1024\" height=\"623\" src=\"https:\/\/maciaszki.pl\/wp-content\/uploads\/2018\/12\/img022-1024x623.jpg\" alt=\"\" class=\"wp-image-395\" srcset=\"https:\/\/maciaszki.pl\/wp-content\/uploads\/2018\/12\/img022-1024x623.jpg 1024w, https:\/\/maciaszki.pl\/wp-content\/uploads\/2018\/12\/img022-300x183.jpg 300w, https:\/\/maciaszki.pl\/wp-content\/uploads\/2018\/12\/img022-768x467.jpg 768w\" sizes=\"(max-width: 706px) 89vw, (max-width: 767px) 82vw, 740px\" \/><\/a><figcaption> Po\u017cegnanie na Luboniu Wielkim. Wydali\u015bmy po\u0142ow\u0119&nbsp; pieni\u0119dzy przeznaczonych na ca\u0142y wyjazd . Nast\u0119pne piwo wypijemy dopiero na koniec w\u0119dr\u00f3wki w Ustrzykach G\u00f3rnych., gdy b\u0119dziemy ko\u0144czy\u0107 nasze przej\u015bcie beskidzkie<\/figcaption><\/figure>\n\n\n\n<p class=\"has-small-font-size\"> 08.08. Schodzimy w d\u00f3\u0142. <\/p>\n\n\n\n<figure class=\"wp-block-image size-large is-resized\"><img loading=\"lazy\" src=\"https:\/\/maciaszki.pl\/wp-content\/uploads\/2020\/04\/27-27-669x1024.jpg\" alt=\"\" class=\"wp-image-1724\" width=\"482\" height=\"737\" srcset=\"https:\/\/maciaszki.pl\/wp-content\/uploads\/2020\/04\/27-27-669x1024.jpg 669w, https:\/\/maciaszki.pl\/wp-content\/uploads\/2020\/04\/27-27-196x300.jpg 196w, https:\/\/maciaszki.pl\/wp-content\/uploads\/2020\/04\/27-27-768x1175.jpg 768w, https:\/\/maciaszki.pl\/wp-content\/uploads\/2020\/04\/27-27-1004x1536.jpg 1004w, https:\/\/maciaszki.pl\/wp-content\/uploads\/2020\/04\/27-27-1339x2048.jpg 1339w, https:\/\/maciaszki.pl\/wp-content\/uploads\/2020\/04\/27-27-rotated.jpg 1587w\" sizes=\"(max-width: 482px) 100vw, 482px\" \/><\/figure>\n\n\n\n<p class=\"has-small-font-size\">Nocleg w schronisku m\u0142odzie\u017cowym w Por\u0119bie Wielkiej.<\/p>\n\n\n\n<p class=\"has-small-font-size\">09.08. Wchodzimy na Stare Wierchy, szukamy chatki studenckiej, nie znajdujemy. W burzy i deszczu przemoczeni dochodzimy na Turbacz, gdzie postanawiamy zanocowa\u0107. Jest to ostatnie schronisko PTTK na naszej trasie &#8211; by\u0142y to najdro\u017csze noclegi.<\/p>\n\n\n\n<p class=\"has-small-font-size\">10.08. Idziemy na Gorc . Niestety nie ma tam bazy namiotowej. Schodzimy do Ochotnicy i potem ostro pod g\u00f3r\u0119 na Luba\u0144 Wielki. Naj\u0142adniej po\u0142o\u017cona studencka baza namiotowa, pod samym szczytem z rozleg\u0142\u0105 panoram\u0105 we wszystkich kierunkach. Tylko do \u017ar\u00f3de\u0142ka do\u015b\u0107 daleko.<\/p>\n\n\n\n<p class=\"has-small-font-size\">11 i 12.08. Siedzimy na bazie odpoczywaj\u0105c od ci\u0119\u017ckich plecak\u00f3w. Zbieramy jagody, maliny, robimy konfitury na najbli\u017csze dni, spacerujemy.<\/p>\n\n\n\n<figure class=\"wp-block-image\"><a href=\"https:\/\/maciaszki.pl\/wp-content\/uploads\/2018\/12\/img027.jpg\"><img loading=\"lazy\" width=\"1024\" height=\"641\" src=\"https:\/\/maciaszki.pl\/wp-content\/uploads\/2018\/12\/img027-1024x641.jpg\" alt=\"\" class=\"wp-image-396\" srcset=\"https:\/\/maciaszki.pl\/wp-content\/uploads\/2018\/12\/img027-1024x641.jpg 1024w, https:\/\/maciaszki.pl\/wp-content\/uploads\/2018\/12\/img027-300x188.jpg 300w, https:\/\/maciaszki.pl\/wp-content\/uploads\/2018\/12\/img027-768x481.jpg 768w\" sizes=\"(max-width: 706px) 89vw, (max-width: 767px) 82vw, 740px\" \/><\/a><\/figure>\n\n\n\n<figure class=\"wp-block-image alignnone\"><a href=\"https:\/\/maciaszki.pl\/wp-content\/uploads\/2018\/12\/img030.jpg\"><img loading=\"lazy\" width=\"1024\" height=\"644\" src=\"https:\/\/maciaszki.pl\/wp-content\/uploads\/2018\/12\/img030-1024x644.jpg\" alt=\"\" class=\"wp-image-397\" srcset=\"https:\/\/maciaszki.pl\/wp-content\/uploads\/2018\/12\/img030-1024x644.jpg 1024w, https:\/\/maciaszki.pl\/wp-content\/uploads\/2018\/12\/img030-300x189.jpg 300w, https:\/\/maciaszki.pl\/wp-content\/uploads\/2018\/12\/img030-768x483.jpg 768w\" sizes=\"(max-width: 706px) 89vw, (max-width: 767px) 82vw, 740px\" \/><\/a><figcaption>Nasza radziecka maszynka i w\u0142a\u015bciwe wega\u0144skie menu na nasze przej\u015bcie beskidzkie<\/figcaption><\/figure>\n\n\n\n<figure class=\"wp-block-image size-large is-resized\"><img loading=\"lazy\" src=\"https:\/\/maciaszki.pl\/wp-content\/uploads\/2020\/04\/27-33-701x1024.jpg\" alt=\"\" class=\"wp-image-1723\" width=\"498\" height=\"727\" srcset=\"https:\/\/maciaszki.pl\/wp-content\/uploads\/2020\/04\/27-33-701x1024.jpg 701w, https:\/\/maciaszki.pl\/wp-content\/uploads\/2020\/04\/27-33-205x300.jpg 205w, https:\/\/maciaszki.pl\/wp-content\/uploads\/2020\/04\/27-33-768x1122.jpg 768w, https:\/\/maciaszki.pl\/wp-content\/uploads\/2020\/04\/27-33-1051x1536.jpg 1051w, https:\/\/maciaszki.pl\/wp-content\/uploads\/2020\/04\/27-33-1401x2048.jpg 1401w, https:\/\/maciaszki.pl\/wp-content\/uploads\/2020\/04\/27-33-rotated.jpg 1563w\" sizes=\"(max-width: 498px) 100vw, 498px\" \/><figcaption>5 minut w d\u00f3\u0142 od bazy by\u0142a jedyna woda, takie ciurkaj\u0105ce \u017ar\u00f3de\u0142ko<\/figcaption><\/figure>\n\n\n\n<p class=\"has-small-font-size\">13.08. Schodzimy do Kro\u015bcienka, baza nad Dunajcem, okrutna kaszanka sma\u017cona na maszynce. Zimna by\u0142a ohydna, ale ugrzana okaza\u0142a si\u0119 niejadalna. Zjedli\u015bmy. No, nieca\u0142\u0105.<\/p>\n\n\n\n<p class=\"has-small-font-size\">14.08. Wycieczka bez plecak\u00f3w w Pieniny &#8211; Sokolica, Trzy Korony.<\/p>\n\n\n\n<p class=\"has-small-font-size\"><a name=\"_GoBack\"><\/a>15.08. W po\u0142udnie wychodzimy ze Szczawnicy w Ma\u0142e Pieniny i grani\u0105 na Wysok\u0105. Upa\u0142, z braku wody musimy zej\u015b\u0107 z grani w d\u00f3\u0142 do potoku, dalej przez Jaworki na Wielkiego Rogacza. Do chatki na Niemcowej wchodzimy p\u00f3\u017anym wieczorem. Fantastyczna atmosfera, na powitanie dostajemy nale\u015bniki i herbat\u0119.<\/p>\n\n\n\n<figure class=\"wp-block-image size-large\"><img loading=\"lazy\" width=\"1024\" height=\"790\" src=\"https:\/\/maciaszki.pl\/wp-content\/uploads\/2020\/04\/27-45-1024x790.jpg\" alt=\"\" class=\"wp-image-1726\" srcset=\"https:\/\/maciaszki.pl\/wp-content\/uploads\/2020\/04\/27-45-1024x790.jpg 1024w, https:\/\/maciaszki.pl\/wp-content\/uploads\/2020\/04\/27-45-300x232.jpg 300w, https:\/\/maciaszki.pl\/wp-content\/uploads\/2020\/04\/27-45-768x593.jpg 768w, https:\/\/maciaszki.pl\/wp-content\/uploads\/2020\/04\/27-45-1536x1185.jpg 1536w, https:\/\/maciaszki.pl\/wp-content\/uploads\/2020\/04\/27-45.jpg 2002w\" sizes=\"(max-width: 706px) 89vw, (max-width: 767px) 82vw, 740px\" \/><figcaption>Grani\u0105 Ma\u0142ych Pienin<\/figcaption><\/figure>\n\n\n\n<figure class=\"wp-block-image size-large is-resized\"><img loading=\"lazy\" src=\"https:\/\/maciaszki.pl\/wp-content\/uploads\/2020\/04\/27-46-1024x760.jpg\" alt=\"\" class=\"wp-image-1727\" width=\"432\" height=\"320\" srcset=\"https:\/\/maciaszki.pl\/wp-content\/uploads\/2020\/04\/27-46-1024x760.jpg 1024w, https:\/\/maciaszki.pl\/wp-content\/uploads\/2020\/04\/27-46-300x223.jpg 300w, https:\/\/maciaszki.pl\/wp-content\/uploads\/2020\/04\/27-46-768x570.jpg 768w, https:\/\/maciaszki.pl\/wp-content\/uploads\/2020\/04\/27-46-1536x1140.jpg 1536w, https:\/\/maciaszki.pl\/wp-content\/uploads\/2020\/04\/27-46-2048x1520.jpg 2048w\" sizes=\"(max-width: 432px) 100vw, 432px\" \/><figcaption>Na Wysokiej<\/figcaption><\/figure>\n\n\n\n<p class=\"has-small-font-size\">16.08. Pracuj\u0119 na Niemcowej przy dostosowywaniu starego budynku do potrzeb noclegowych na stanowisku &#8222;obtyka&#8221;. Mn\u00f3stwo malin, dostali\u015bmy od jednej grupy studenckiej ca\u0142y kilogram cukru &#8211; by\u0142 to dla nas prawdziwy skarb, bo kartek nie mieli\u015bmy ju\u017c od dawna.<\/p>\n\n\n\n<figure class=\"wp-block-image size-large is-resized\"><img loading=\"lazy\" src=\"https:\/\/maciaszki.pl\/wp-content\/uploads\/2020\/04\/27-52-1024x647.jpg\" alt=\"\" class=\"wp-image-1728\" width=\"528\" height=\"333\" srcset=\"https:\/\/maciaszki.pl\/wp-content\/uploads\/2020\/04\/27-52-1024x647.jpg 1024w, https:\/\/maciaszki.pl\/wp-content\/uploads\/2020\/04\/27-52-300x190.jpg 300w, https:\/\/maciaszki.pl\/wp-content\/uploads\/2020\/04\/27-52-768x485.jpg 768w, https:\/\/maciaszki.pl\/wp-content\/uploads\/2020\/04\/27-52-1536x971.jpg 1536w, https:\/\/maciaszki.pl\/wp-content\/uploads\/2020\/04\/27-52.jpg 1810w\" sizes=\"(max-width: 528px) 100vw, 528px\" \/><figcaption>W tym namiocie i z takim widokiem spali\u015bmy na Niemcowej<\/figcaption><\/figure>\n\n\n\n<p class=\"has-small-font-size\">17.08. Przez Piwniczn\u0105 schodzimy do \u0141omnicy &#8211; schronisko m\u0142odzie\u017cowe. Woda mineralna leci tu wprost ze ska\u0142y ze starego \u017ar\u00f3de\u0142ka pami\u0119taj\u0105cego Niemc\u00f3w. Nale\u015bniki sma\u017cymy na po\u017cyczonej patelni.<\/p>\n\n\n\n<p class=\"has-small-font-size\">18.08. Hala \u0141abowska, Nad Wierchoml\u0105, baza Muszyna-Z\u0142ockie.<\/p>\n\n\n\n<figure class=\"wp-block-image size-large is-resized\"><img loading=\"lazy\" src=\"https:\/\/maciaszki.pl\/wp-content\/uploads\/2020\/04\/27-57-659x1024.jpg\" alt=\"\" class=\"wp-image-1730\" width=\"517\" height=\"803\" srcset=\"https:\/\/maciaszki.pl\/wp-content\/uploads\/2020\/04\/27-57-659x1024.jpg 659w, https:\/\/maciaszki.pl\/wp-content\/uploads\/2020\/04\/27-57-193x300.jpg 193w, https:\/\/maciaszki.pl\/wp-content\/uploads\/2020\/04\/27-57-768x1193.jpg 768w, https:\/\/maciaszki.pl\/wp-content\/uploads\/2020\/04\/27-57-989x1536.jpg 989w, https:\/\/maciaszki.pl\/wp-content\/uploads\/2020\/04\/27-57-1319x2048.jpg 1319w, https:\/\/maciaszki.pl\/wp-content\/uploads\/2020\/04\/27-57-scaled.jpg 1648w\" sizes=\"(max-width: 517px) 100vw, 517px\" \/><figcaption>Cerkiew \u015bw. Dymitra w Szczawniku<\/figcaption><\/figure>\n\n\n\n<p class=\"has-small-font-size\">19.08. Z\u0142ockie &#8211; Jastrz\u0119bik &#8211; Krynica; szukamy taniego noclegu, zwiedzamy miasto.<\/p>\n\n\n\n<p class=\"has-small-font-size\">20.08. Przez Lackow\u0105 na baz\u0119 w Wysowej.<\/p>\n\n\n\n<figure class=\"wp-block-image size-large\"><img loading=\"lazy\" width=\"1024\" height=\"699\" src=\"https:\/\/maciaszki.pl\/wp-content\/uploads\/2020\/04\/27-60-1024x699.jpg\" alt=\"\" class=\"wp-image-1731\" srcset=\"https:\/\/maciaszki.pl\/wp-content\/uploads\/2020\/04\/27-60-1024x699.jpg 1024w, https:\/\/maciaszki.pl\/wp-content\/uploads\/2020\/04\/27-60-300x205.jpg 300w, https:\/\/maciaszki.pl\/wp-content\/uploads\/2020\/04\/27-60-768x524.jpg 768w, https:\/\/maciaszki.pl\/wp-content\/uploads\/2020\/04\/27-60-1536x1049.jpg 1536w, https:\/\/maciaszki.pl\/wp-content\/uploads\/2020\/04\/27-60-2048x1399.jpg 2048w\" sizes=\"(max-width: 706px) 89vw, (max-width: 767px) 82vw, 740px\" \/><figcaption>Przed nami Lackowa<br><\/figcaption><\/figure>\n\n\n\n<figure class=\"wp-block-image size-large\"><img loading=\"lazy\" width=\"1024\" height=\"543\" src=\"https:\/\/maciaszki.pl\/wp-content\/uploads\/2020\/04\/27-61-1024x543.jpg\" alt=\"\" class=\"wp-image-1732\" srcset=\"https:\/\/maciaszki.pl\/wp-content\/uploads\/2020\/04\/27-61-1024x543.jpg 1024w, https:\/\/maciaszki.pl\/wp-content\/uploads\/2020\/04\/27-61-300x159.jpg 300w, https:\/\/maciaszki.pl\/wp-content\/uploads\/2020\/04\/27-61-768x407.jpg 768w, https:\/\/maciaszki.pl\/wp-content\/uploads\/2020\/04\/27-61-1536x814.jpg 1536w, https:\/\/maciaszki.pl\/wp-content\/uploads\/2020\/04\/27-61-2048x1086.jpg 2048w\" sizes=\"(max-width: 706px) 89vw, (max-width: 767px) 82vw, 740px\" \/><figcaption>Baza namiotowa w Wysowej<\/figcaption><\/figure>\n\n\n\n<p class=\"has-small-font-size\">21.08. Odpoczynek w Wysowej . Pijemy wody mineralne i obserwujemy koty poluj\u0105ce na myszy. Nic si\u0119 nie dzieje.<\/p>\n\n\n\n<p class=\"has-small-font-size\">22.08. Idziemy szlakiem granicznym, dzikim i zaro\u015bni\u0119tym. Nikogo. Kilkukrotnie b\u0142\u0105dzimy. Zbieramy je\u017cyny na kolacj\u0119. Najbli\u017csza cywilizacja &#8211; Grab, gdzie docieramy w nocy; schronisko m\u0142odzie\u017cowe zamkni\u0119te. Nocleg dostajemy u starszych ludzi , najpewniej \u0141emk\u00f3w, kt\u00f3rzy lokuj\u0105 nas w \u0142\u00f3\u017cku pod pierzyn\u0105 (prawdziw\u0105, w \u015brodku lata!) , nie bior\u0105c \u017cadnych pieni\u0119dzy.<\/p>\n\n\n\n<figure class=\"wp-block-image size-large\"><img loading=\"lazy\" width=\"1024\" height=\"666\" src=\"https:\/\/maciaszki.pl\/wp-content\/uploads\/2020\/04\/27-63-1024x666.jpg\" alt=\"\" class=\"wp-image-1734\" srcset=\"https:\/\/maciaszki.pl\/wp-content\/uploads\/2020\/04\/27-63-1024x666.jpg 1024w, https:\/\/maciaszki.pl\/wp-content\/uploads\/2020\/04\/27-63-300x195.jpg 300w, https:\/\/maciaszki.pl\/wp-content\/uploads\/2020\/04\/27-63-768x500.jpg 768w, https:\/\/maciaszki.pl\/wp-content\/uploads\/2020\/04\/27-63-1536x999.jpg 1536w, https:\/\/maciaszki.pl\/wp-content\/uploads\/2020\/04\/27-63-2048x1332.jpg 2048w\" sizes=\"(max-width: 706px) 89vw, (max-width: 767px) 82vw, 740px\" \/><figcaption>Grani\u0105 Beskidu Niskiego do Grabu<\/figcaption><\/figure>\n\n\n\n<p class=\"has-small-font-size\">23.08. Poprzez rozleg\u0142e hale Nad Tysowym, zaro\u015bni\u0119te, zdzicza\u0142e doliny z resztkami fundament\u00f3w zabudowa\u0144, dochodzimy do Barwinka. Nikogo.<\/p>\n\n\n\n<figure class=\"wp-block-image size-large\"><img loading=\"lazy\" width=\"1024\" height=\"676\" src=\"https:\/\/maciaszki.pl\/wp-content\/uploads\/2020\/04\/27-64-1024x676.jpg\" alt=\"\" class=\"wp-image-1735\" srcset=\"https:\/\/maciaszki.pl\/wp-content\/uploads\/2020\/04\/27-64-1024x676.jpg 1024w, https:\/\/maciaszki.pl\/wp-content\/uploads\/2020\/04\/27-64-300x198.jpg 300w, https:\/\/maciaszki.pl\/wp-content\/uploads\/2020\/04\/27-64-768x507.jpg 768w, https:\/\/maciaszki.pl\/wp-content\/uploads\/2020\/04\/27-64-1536x1015.jpg 1536w, https:\/\/maciaszki.pl\/wp-content\/uploads\/2020\/04\/27-64-2048x1353.jpg 2048w\" sizes=\"(max-width: 706px) 89vw, (max-width: 767px) 82vw, 740px\" \/><figcaption>Bezdro\u017ca Beskidu Niskiego<\/figcaption><\/figure>\n\n\n\n<figure class=\"wp-block-image size-large\"><img loading=\"lazy\" width=\"1024\" height=\"676\" src=\"https:\/\/maciaszki.pl\/wp-content\/uploads\/2020\/04\/27-68-1024x676.jpg\" alt=\"\" class=\"wp-image-1736\" srcset=\"https:\/\/maciaszki.pl\/wp-content\/uploads\/2020\/04\/27-68-1024x676.jpg 1024w, https:\/\/maciaszki.pl\/wp-content\/uploads\/2020\/04\/27-68-300x198.jpg 300w, https:\/\/maciaszki.pl\/wp-content\/uploads\/2020\/04\/27-68-768x507.jpg 768w, https:\/\/maciaszki.pl\/wp-content\/uploads\/2020\/04\/27-68-1536x1014.jpg 1536w, https:\/\/maciaszki.pl\/wp-content\/uploads\/2020\/04\/27-68-2048x1353.jpg 2048w\" sizes=\"(max-width: 706px) 89vw, (max-width: 767px) 82vw, 740px\" \/><\/figure>\n\n\n\n<p class=\"has-small-font-size\">24.08.Shronisko m\u0142odzie\u017cowe w Barwinku; odpoczynek. W schronisku szkolnym jaki\u015b go\u015b\u0107 gra na flecie.<\/p>\n\n\n\n<p class=\"has-small-font-size\">25.08. Zn\u00f3w pustym szlakiem do Jasiela, gdzie znajdujemy nocleg w zrujnowanych zabudowaniach, wybieramy stodo\u0142\u0119. Nikogo.<\/p>\n\n\n\n<figure class=\"wp-block-image size-large\"><img loading=\"lazy\" width=\"1024\" height=\"776\" src=\"https:\/\/maciaszki.pl\/wp-content\/uploads\/2020\/04\/27-74-1024x776.jpg\" alt=\"\" class=\"wp-image-1737\" srcset=\"https:\/\/maciaszki.pl\/wp-content\/uploads\/2020\/04\/27-74-1024x776.jpg 1024w, https:\/\/maciaszki.pl\/wp-content\/uploads\/2020\/04\/27-74-300x227.jpg 300w, https:\/\/maciaszki.pl\/wp-content\/uploads\/2020\/04\/27-74-768x582.jpg 768w, https:\/\/maciaszki.pl\/wp-content\/uploads\/2020\/04\/27-74-1536x1164.jpg 1536w, https:\/\/maciaszki.pl\/wp-content\/uploads\/2020\/04\/27-74-2048x1552.jpg 2048w\" sizes=\"(max-width: 706px) 89vw, (max-width: 767px) 82vw, 740px\" \/><figcaption>Nasz nocleg w Jasielu<\/figcaption><\/figure>\n\n\n\n<figure class=\"wp-block-image size-large\"><img loading=\"lazy\" width=\"1024\" height=\"731\" src=\"https:\/\/maciaszki.pl\/wp-content\/uploads\/2020\/04\/27-75-1024x731.jpg\" alt=\"\" class=\"wp-image-1738\" srcset=\"https:\/\/maciaszki.pl\/wp-content\/uploads\/2020\/04\/27-75-1024x731.jpg 1024w, https:\/\/maciaszki.pl\/wp-content\/uploads\/2020\/04\/27-75-300x214.jpg 300w, https:\/\/maciaszki.pl\/wp-content\/uploads\/2020\/04\/27-75-768x548.jpg 768w, https:\/\/maciaszki.pl\/wp-content\/uploads\/2020\/04\/27-75-1536x1096.jpg 1536w, https:\/\/maciaszki.pl\/wp-content\/uploads\/2020\/04\/27-75-2048x1462.jpg 2048w\" sizes=\"(max-width: 706px) 89vw, (max-width: 767px) 82vw, 740px\" \/><\/figure>\n\n\n\n<p class=\"has-small-font-size\">26.08. Rano budz\u0105 nas ha\u0142asy wi\u0119\u017ani\u00f3w buduj\u0105cych drog\u0119 w pobli\u017cu. Ruszamy do Koma\u0144czy, gdzie kotwiczymy si\u0119 na kilka dni na bazie.<\/p>\n\n\n\n<figure class=\"wp-block-image size-large\"><img loading=\"lazy\" width=\"1024\" height=\"762\" src=\"https:\/\/maciaszki.pl\/wp-content\/uploads\/2020\/04\/27-77-1024x762.jpg\" alt=\"\" class=\"wp-image-1740\" srcset=\"https:\/\/maciaszki.pl\/wp-content\/uploads\/2020\/04\/27-77-1024x762.jpg 1024w, https:\/\/maciaszki.pl\/wp-content\/uploads\/2020\/04\/27-77-300x223.jpg 300w, https:\/\/maciaszki.pl\/wp-content\/uploads\/2020\/04\/27-77-768x572.jpg 768w, https:\/\/maciaszki.pl\/wp-content\/uploads\/2020\/04\/27-77-1536x1143.jpg 1536w, https:\/\/maciaszki.pl\/wp-content\/uploads\/2020\/04\/27-77-2048x1525.jpg 2048w\" sizes=\"(max-width: 706px) 89vw, (max-width: 767px) 82vw, 740px\" \/><figcaption>Czerwonym szlakiem granicznym do Koma\u0144czy. Przez 5 dni na szlaku Beskidu Niskiego nie spotkali\u015bmy nikogo \ud83d\ude42<\/figcaption><\/figure>\n\n\n\n<p class=\"has-small-font-size\">27-30.08. Koma\u0144cza. Obijamy si\u0119, za\u0142atwiamy benzyn\u0119, opalamy si\u0119, p\u00f3\u017aniej czekamy, a\u017c przestanie pada\u0107.<\/p>\n\n\n\n<figure class=\"wp-block-image size-large\"><img loading=\"lazy\" width=\"1024\" height=\"700\" src=\"https:\/\/maciaszki.pl\/wp-content\/uploads\/2020\/04\/27-79-1024x700.jpg\" alt=\"\" class=\"wp-image-1741\" srcset=\"https:\/\/maciaszki.pl\/wp-content\/uploads\/2020\/04\/27-79-1024x700.jpg 1024w, https:\/\/maciaszki.pl\/wp-content\/uploads\/2020\/04\/27-79-300x205.jpg 300w, https:\/\/maciaszki.pl\/wp-content\/uploads\/2020\/04\/27-79-768x525.jpg 768w, https:\/\/maciaszki.pl\/wp-content\/uploads\/2020\/04\/27-79-1536x1050.jpg 1536w, https:\/\/maciaszki.pl\/wp-content\/uploads\/2020\/04\/27-79-2048x1400.jpg 2048w\" sizes=\"(max-width: 706px) 89vw, (max-width: 767px) 82vw, 740px\" \/><figcaption>Tak wygl\u0105da\u0142a baza namiotowa w Koma\u0144czy \ud83d\ude41<\/figcaption><\/figure>\n\n\n\n<p class=\"has-small-font-size\">31.08. Poprzez Jeziorka Duszaty\u0144skie, Chryszczat\u0105 na baz\u0119 w Rabem.<\/p>\n\n\n\n<figure class=\"wp-block-image alignnone\"><a href=\"https:\/\/maciaszki.pl\/wp-content\/uploads\/2018\/12\/doc227.jpg\"><img loading=\"lazy\" width=\"1024\" height=\"646\" src=\"https:\/\/maciaszki.pl\/wp-content\/uploads\/2018\/12\/doc227-1024x646.jpg\" alt=\"\" class=\"wp-image-378\" srcset=\"https:\/\/maciaszki.pl\/wp-content\/uploads\/2018\/12\/doc227-1024x646.jpg 1024w, https:\/\/maciaszki.pl\/wp-content\/uploads\/2018\/12\/doc227-300x189.jpg 300w, https:\/\/maciaszki.pl\/wp-content\/uploads\/2018\/12\/doc227-768x484.jpg 768w\" sizes=\"(max-width: 706px) 89vw, (max-width: 767px) 82vw, 740px\" \/><\/a><figcaption>Jeziorka Duszaty\u0144skie<\/figcaption><\/figure>\n\n\n\n<p class=\"has-small-font-size\">01.09. Pr\u00f3bujemy z\u0142apa\u0107 kolejk\u0119 w Mikowie, gubimy drog\u0119, p\u00f3\u017aniej 20 km na piechot\u0119 po obwodnicy. \u017badnego autobusu. Nocujemy w okolicach Solinki w szopie pod lasem. Ca\u0142\u0105 noc jaki\u015b uparty gryzo\u0144 chrupi\u0105cy pod pod\u0142og\u0105 nie daje nam spa\u0107. Stukanie nog\u0105 w deski pomaga na minut\u0119 i zn\u00f3w gryzie. Ulotni\u0142 si\u0119 rankiem.<\/p>\n\n\n\n<figure class=\"wp-block-image size-large\"><img loading=\"lazy\" width=\"1024\" height=\"646\" src=\"https:\/\/maciaszki.pl\/wp-content\/uploads\/2020\/04\/27-83-1024x646.jpg\" alt=\"\" class=\"wp-image-1742\" srcset=\"https:\/\/maciaszki.pl\/wp-content\/uploads\/2020\/04\/27-83-1024x646.jpg 1024w, https:\/\/maciaszki.pl\/wp-content\/uploads\/2020\/04\/27-83-300x189.jpg 300w, https:\/\/maciaszki.pl\/wp-content\/uploads\/2020\/04\/27-83-768x485.jpg 768w, https:\/\/maciaszki.pl\/wp-content\/uploads\/2020\/04\/27-83-1536x969.jpg 1536w, https:\/\/maciaszki.pl\/wp-content\/uploads\/2020\/04\/27-83-2048x1293.jpg 2048w\" sizes=\"(max-width: 706px) 89vw, (max-width: 767px) 82vw, 740px\" \/><figcaption>S\u0142o\u0144ce zachodzi nad pust\u0105 obwodnic\u0105 bieszczadzk\u0105<\/figcaption><\/figure>\n\n\n\n<p class=\"has-small-font-size\">02.09. Wstajemy o \u015bwicie i po kilku godzinach marszu robimy sobie \u015bniadanie w lesie w okolicach Roztoki. P\u00f3\u017aniej bez szlaku na Okr\u0105glik i Jas\u0142o, w d\u00f3\u0142 w g\u0142\u0119bokim lesie korytem potoku. Na baz\u0119 w Wetlinie docieramy p\u00f3\u017anym wieczorem kompletnie wyko\u0144czeni.<\/p>\n\n\n\n<figure class=\"wp-block-image size-large is-resized\"><img loading=\"lazy\" src=\"https:\/\/maciaszki.pl\/wp-content\/uploads\/2020\/04\/27-86-729x1024.jpg\" alt=\"\" class=\"wp-image-1743\" width=\"514\" height=\"722\" srcset=\"https:\/\/maciaszki.pl\/wp-content\/uploads\/2020\/04\/27-86-729x1024.jpg 729w, https:\/\/maciaszki.pl\/wp-content\/uploads\/2020\/04\/27-86-214x300.jpg 214w, https:\/\/maciaszki.pl\/wp-content\/uploads\/2020\/04\/27-86-768x1078.jpg 768w, https:\/\/maciaszki.pl\/wp-content\/uploads\/2020\/04\/27-86-1094x1536.jpg 1094w, https:\/\/maciaszki.pl\/wp-content\/uploads\/2020\/04\/27-86-1459x2048.jpg 1459w, https:\/\/maciaszki.pl\/wp-content\/uploads\/2020\/04\/27-86-scaled.jpg 1824w\" sizes=\"(max-width: 514px) 100vw, 514px\" \/><figcaption>Zej\u015bcie z Jas\u0142a do Wetliny bez szlaku, wzd\u0142u\u017c koryta potoku<\/figcaption><\/figure>\n\n\n\n<p class=\"has-small-font-size\">03.09. Smerek, Po\u0142onina .<\/p>\n\n\n\n<figure class=\"wp-block-image size-large\"><img loading=\"lazy\" width=\"1024\" height=\"686\" src=\"https:\/\/maciaszki.pl\/wp-content\/uploads\/2020\/04\/27-91-1024x686.jpg\" alt=\"\" class=\"wp-image-1746\" srcset=\"https:\/\/maciaszki.pl\/wp-content\/uploads\/2020\/04\/27-91-1024x686.jpg 1024w, https:\/\/maciaszki.pl\/wp-content\/uploads\/2020\/04\/27-91-300x201.jpg 300w, https:\/\/maciaszki.pl\/wp-content\/uploads\/2020\/04\/27-91-768x514.jpg 768w, https:\/\/maciaszki.pl\/wp-content\/uploads\/2020\/04\/27-91-1536x1028.jpg 1536w, https:\/\/maciaszki.pl\/wp-content\/uploads\/2020\/04\/27-91-2048x1371.jpg 2048w\" sizes=\"(max-width: 706px) 89vw, (max-width: 767px) 82vw, 740px\" \/><figcaption>Po\u0142onina Wetli\u0144ska<\/figcaption><\/figure>\n\n\n\n<figure class=\"wp-block-image\"><a href=\"https:\/\/maciaszki.pl\/wp-content\/uploads\/2018\/12\/doc231.jpg\"><img loading=\"lazy\" width=\"1024\" height=\"618\" src=\"https:\/\/maciaszki.pl\/wp-content\/uploads\/2018\/12\/doc231-1024x618.jpg\" alt=\"\" class=\"wp-image-381\" srcset=\"https:\/\/maciaszki.pl\/wp-content\/uploads\/2018\/12\/doc231-1024x618.jpg 1024w, https:\/\/maciaszki.pl\/wp-content\/uploads\/2018\/12\/doc231-300x181.jpg 300w, https:\/\/maciaszki.pl\/wp-content\/uploads\/2018\/12\/doc231-768x464.jpg 768w\" sizes=\"(max-width: 706px) 89vw, (max-width: 767px) 82vw, 740px\" \/><\/a><figcaption>Na Po\u0142oninie Wetli\u0144skiej<\/figcaption><\/figure>\n\n\n\n<figure class=\"wp-block-image\"><a href=\"https:\/\/maciaszki.pl\/wp-content\/uploads\/2018\/12\/doc229.jpg\"><img loading=\"lazy\" width=\"1024\" height=\"795\" src=\"https:\/\/maciaszki.pl\/wp-content\/uploads\/2018\/12\/doc229-1024x795.jpg\" alt=\"\" class=\"wp-image-379\" srcset=\"https:\/\/maciaszki.pl\/wp-content\/uploads\/2018\/12\/doc229-1024x795.jpg 1024w, https:\/\/maciaszki.pl\/wp-content\/uploads\/2018\/12\/doc229-300x233.jpg 300w, https:\/\/maciaszki.pl\/wp-content\/uploads\/2018\/12\/doc229-768x596.jpg 768w\" sizes=\"(max-width: 706px) 89vw, (max-width: 767px) 82vw, 740px\" \/><\/a><\/figure>\n\n\n\n<figure class=\"wp-block-image size-large\"><img loading=\"lazy\" width=\"1024\" height=\"663\" src=\"https:\/\/maciaszki.pl\/wp-content\/uploads\/2020\/04\/27-96-1024x663.jpg\" alt=\"\" class=\"wp-image-1748\" srcset=\"https:\/\/maciaszki.pl\/wp-content\/uploads\/2020\/04\/27-96-1024x663.jpg 1024w, https:\/\/maciaszki.pl\/wp-content\/uploads\/2020\/04\/27-96-300x194.jpg 300w, https:\/\/maciaszki.pl\/wp-content\/uploads\/2020\/04\/27-96-768x497.jpg 768w, https:\/\/maciaszki.pl\/wp-content\/uploads\/2020\/04\/27-96-1536x995.jpg 1536w, https:\/\/maciaszki.pl\/wp-content\/uploads\/2020\/04\/27-96-2048x1326.jpg 2048w\" sizes=\"(max-width: 706px) 89vw, (max-width: 767px) 82vw, 740px\" \/><figcaption>Po\u0142onina Wetli\u0144ska<\/figcaption><\/figure>\n\n\n\n<p class=\"has-small-font-size\">04.09. D\u0142ugi szlak poprzez Wielk\u0105 Rawk\u0119 do Ustrzyk. Baza zwini\u0119ta. Musimy na piechot\u0119 do Bere\u017cek i na Przys\u0142up Cary\u0144ski, gdzie zatrzymujemy si\u0119 na ostatnie trzy noce.<\/p>\n\n\n\n<figure class=\"wp-block-image size-large\"><img loading=\"lazy\" width=\"1024\" height=\"571\" src=\"https:\/\/maciaszki.pl\/wp-content\/uploads\/2020\/04\/27-103-1024x571.jpg\" alt=\"\" class=\"wp-image-1747\" srcset=\"https:\/\/maciaszki.pl\/wp-content\/uploads\/2020\/04\/27-103-1024x571.jpg 1024w, https:\/\/maciaszki.pl\/wp-content\/uploads\/2020\/04\/27-103-300x167.jpg 300w, https:\/\/maciaszki.pl\/wp-content\/uploads\/2020\/04\/27-103-768x428.jpg 768w, https:\/\/maciaszki.pl\/wp-content\/uploads\/2020\/04\/27-103-1536x857.jpg 1536w, https:\/\/maciaszki.pl\/wp-content\/uploads\/2020\/04\/27-103-2048x1142.jpg 2048w\" sizes=\"(max-width: 706px) 89vw, (max-width: 767px) 82vw, 740px\" \/><figcaption>W okolicach Wielkiej Rawki<\/figcaption><\/figure>\n\n\n\n<figure class=\"wp-block-image size-large\"><img loading=\"lazy\" width=\"755\" height=\"1024\" src=\"https:\/\/maciaszki.pl\/wp-content\/uploads\/2020\/04\/27-104-755x1024.jpg\" alt=\"\" class=\"wp-image-1745\" srcset=\"https:\/\/maciaszki.pl\/wp-content\/uploads\/2020\/04\/27-104-755x1024.jpg 755w, https:\/\/maciaszki.pl\/wp-content\/uploads\/2020\/04\/27-104-221x300.jpg 221w, https:\/\/maciaszki.pl\/wp-content\/uploads\/2020\/04\/27-104-768x1041.jpg 768w, https:\/\/maciaszki.pl\/wp-content\/uploads\/2020\/04\/27-104-1133x1536.jpg 1133w, https:\/\/maciaszki.pl\/wp-content\/uploads\/2020\/04\/27-104-1511x2048.jpg 1511w, https:\/\/maciaszki.pl\/wp-content\/uploads\/2020\/04\/27-104-rotated.jpg 1585w\" sizes=\"(max-width: 706px) 89vw, (max-width: 767px) 82vw, 740px\" \/><figcaption>Zej\u015bcie z Wielkiej Rawki do Ustrzyk G\u00f3rnych<\/figcaption><\/figure>\n\n\n\n<p class=\"has-small-font-size\">05.09. Idziemy na Tarnic\u0119 i Halicz, wracamy przez Bukowe Berdo. Bez plecak\u00f3w nie odczuwamy \u017cadnego zm\u0119czenia, wydaje si\u0119, \u017ce mo\u017cemy biega\u0107 po g\u00f3rach.<\/p>\n\n\n\n<figure class=\"wp-block-image size-large\"><img loading=\"lazy\" width=\"1024\" height=\"636\" src=\"https:\/\/maciaszki.pl\/wp-content\/uploads\/2020\/04\/27-110-1024x636.jpg\" alt=\"\" class=\"wp-image-1749\" srcset=\"https:\/\/maciaszki.pl\/wp-content\/uploads\/2020\/04\/27-110-1024x636.jpg 1024w, https:\/\/maciaszki.pl\/wp-content\/uploads\/2020\/04\/27-110-300x186.jpg 300w, https:\/\/maciaszki.pl\/wp-content\/uploads\/2020\/04\/27-110-768x477.jpg 768w, https:\/\/maciaszki.pl\/wp-content\/uploads\/2020\/04\/27-110-1536x955.jpg 1536w, https:\/\/maciaszki.pl\/wp-content\/uploads\/2020\/04\/27-110-2048x1273.jpg 2048w\" sizes=\"(max-width: 706px) 89vw, (max-width: 767px) 82vw, 740px\" \/><figcaption>Nasze przej\u015bcie beskidzkie ko\u0144czymy na rozleg\u0142ych bieszczadzkich po\u0142oninach<\/figcaption><\/figure>\n\n\n\n<figure class=\"wp-block-image size-large\"><img loading=\"lazy\" width=\"1024\" height=\"605\" src=\"https:\/\/maciaszki.pl\/wp-content\/uploads\/2020\/04\/27-115-1024x605.jpg\" alt=\"\" class=\"wp-image-1750\" srcset=\"https:\/\/maciaszki.pl\/wp-content\/uploads\/2020\/04\/27-115-1024x605.jpg 1024w, https:\/\/maciaszki.pl\/wp-content\/uploads\/2020\/04\/27-115-300x177.jpg 300w, https:\/\/maciaszki.pl\/wp-content\/uploads\/2020\/04\/27-115-768x454.jpg 768w, https:\/\/maciaszki.pl\/wp-content\/uploads\/2020\/04\/27-115-1536x908.jpg 1536w, https:\/\/maciaszki.pl\/wp-content\/uploads\/2020\/04\/27-115-2048x1211.jpg 2048w\" sizes=\"(max-width: 706px) 89vw, (max-width: 767px) 82vw, 740px\" \/><figcaption>Bukowe Berdo i Szeroki Wierch<\/figcaption><\/figure>\n\n\n\n<p class=\"has-small-font-size\">06.09. Z Przys\u0142upu idziemy na Po\u0142onin\u0119 Cary\u0144sk\u0105, schodzimy do Ustrzyk. Ostatni dzie\u0144 w g\u00f3rach, ogarnia nas smutek. Nie mamy ochoty wraca\u0107 do domu, kt\u00f3rego zreszt\u0105 nie posiadamy. Ch\u0119tnie zostaliby\u015bmy w g\u00f3rach na d\u0142u\u017cej. W sklepie w Ustrzykach na p\u00f3lce tylko ocet i sa\u0142atka warzywna w occie. Pozwalamy sobie na wypicie po piwku, kt\u00f3re smakuje wybornie, ale po tak d\u0142ugim okresie abstynencji sprawia, \u017ce jeste\u015bmy troch\u0119 zawiani.<\/p>\n\n\n\n<p class=\"has-small-font-size\">Wieczorem razem z niedawno poznanym koleg\u0105 postanowili\u015bmy sobie co\u015b ugotowa\u0107. Ch\u0142opak mia\u0142 ze sob\u0105 zapasy z paczki z Ameryki (!), wszystkie pachnia\u0142y myd\u0142em. Kiedy wieczorem w namiocie wlewa\u0142 benzyn\u0119 do juwla, nie zauwa\u017cy\u0142, \u017ce jest on pe\u0142en, a benzyna \u015bcieka mu po r\u0119kach. Nachyliwszy si\u0119 nad \u015bwieczk\u0105 (BHP!), zrobi\u0142 ma\u0142y po\u017car w du\u017cym wojskowym namiocie. Nie taki ma\u0142y zreszt\u0105, bo pal\u0105c\u0105 benzyn\u0105 obla\u0142 znajduj\u0105ce si\u0119 prycze i roz\u0142o\u017cone na nich rzeczy innych ludzi. Sam poparzy\u0142 sobie r\u0119k\u0119. By\u0142a to ostatnie przygoda naszego wyjazdu &#8211; mocny, ale niezbyt przyjemny akcent na koniec.<\/p>\n\n\n\n<p class=\"has-small-font-size\">Nast\u0119pnego dnia opuszczamy g\u00f3ry.<\/p>\n\n\n\n<p class=\"has-small-font-size\"><strong>Zdj\u0119cia z naszego szlaku &#8222;Przej\u015bcie beskidzkie 1982&#8221; mo\u017cna znale\u017a\u0107 <a href=\"https:\/\/photos.app.goo.gl\/8cKXoFmt1fAisfg26\" target=\"_blank\" rel=\"noreferrer noopener\">tutaj<\/a><\/strong><\/p>\n","protected":false},"excerpt":{"rendered":"<p>Niecz\u0119sto zdarza si\u0119 taka podr\u00f3\u017c, kt\u00f3r\u0105 z r\u00f3\u017cnych wzgl\u0119d\u00f3w nazywa si\u0119 p\u00f3\u017aniej podr\u00f3\u017c\u0105 \u017cycia. Tym dla nas w\u0142a\u015bnie by\u0142o przej\u015bcie beskidzkie od Wis\u0142y po kra\u0144ce Bieszczad\u00f3w. Przemierzali\u015bmy j\u0105 w wi\u0119kszo\u015bci samotnie \u2013 opr\u00f3cz pierwszego tygodnia \u2013 obci\u0105\u017ceni ci\u0119\u017ckimi plecakami. Prawie 6 tygodni razem w g\u00f3rach, a by\u0142y to pocz\u0105tki naszej wsp\u00f3lnej drogi \u017cyciowej i wsp\u00f3lnego &hellip; <\/p>\n<p class=\"link-more\"><a href=\"https:\/\/maciaszki.pl\/index.php\/1982\/07\/31\/przejscie-beskidzkie-od-wisly-po-bieszczady\/\" class=\"more-link\">Czytaj dalej<span class=\"screen-reader-text\"> Przej\u015bcie beskidzkie od Wis\u0142y po Bieszczady 1982<\/span><\/a><\/p>\n","protected":false},"author":6,"featured_media":382,"comment_status":"open","ping_status":"closed","sticky":false,"template":"","format":"standard","meta":[],"categories":[4],"tags":[80,75],"yoast_head":"<!-- This site is optimized with the Yoast SEO plugin v17.6 - https:\/\/yoast.com\/wordpress\/plugins\/seo\/ -->\n<title>Przej\u015bcie beskidzkie od Wis\u0142y po Bieszczady 1982 - Maciaszki<\/title>\n<meta name=\"description\" content=\"Przej\u015bcie beskidzkie od Wis\u0142y po Bieszczady, w\u0119dr\u00f3wka \u017cycia, lato, Beskid \u015al\u0105ski, \u017bywiecki, Wyspowy, Gorce, Pieniny, S\u0105decki, Niski, Bieszczady, bazy namiotowe\" \/>\n<meta name=\"robots\" content=\"index, follow, max-snippet:-1, max-image-preview:large, max-video-preview:-1\" \/>\n<link rel=\"canonical\" href=\"https:\/\/maciaszki.pl\/index.php\/1982\/07\/31\/przejscie-beskidzkie-od-wisly-po-bieszczady\/\" \/>\n<meta property=\"og:locale\" content=\"pl_PL\" \/>\n<meta property=\"og:type\" content=\"article\" \/>\n<meta property=\"og:title\" content=\"Przej\u015bcie beskidzkie od Wis\u0142y po Bieszczady 1982 - Maciaszki\" \/>\n<meta property=\"og:description\" content=\"Przej\u015bcie beskidzkie od Wis\u0142y po Bieszczady, w\u0119dr\u00f3wka \u017cycia, lato, Beskid \u015al\u0105ski, \u017bywiecki, Wyspowy, Gorce, Pieniny, S\u0105decki, Niski, Bieszczady, bazy namiotowe\" \/>\n<meta property=\"og:url\" content=\"https:\/\/maciaszki.pl\/index.php\/1982\/07\/31\/przejscie-beskidzkie-od-wisly-po-bieszczady\/\" \/>\n<meta property=\"og:site_name\" content=\"Maciaszki\" \/>\n<meta property=\"article:published_time\" content=\"1982-07-31T18:37:29+00:00\" \/>\n<meta property=\"article:modified_time\" content=\"2025-10-18T06:40:04+00:00\" \/>\n<meta property=\"og:image\" content=\"https:\/\/maciaszki.pl\/wp-content\/uploads\/2018\/12\/doc232.jpg\" \/>\n\t<meta property=\"og:image:width\" content=\"4172\" \/>\n\t<meta property=\"og:image:height\" content=\"2500\" \/>\n<meta name=\"twitter:card\" content=\"summary_large_image\" \/>\n<meta name=\"twitter:label1\" content=\"Napisane przez\" \/>\n\t<meta name=\"twitter:data1\" content=\"Tomek\" \/>\n\t<meta name=\"twitter:label2\" content=\"Szacowany czas czytania\" \/>\n\t<meta name=\"twitter:data2\" content=\"14 minut\" \/>\n<script type=\"application\/ld+json\" class=\"yoast-schema-graph\">{\"@context\":\"https:\/\/schema.org\",\"@graph\":[{\"@type\":\"WebSite\",\"@id\":\"https:\/\/maciaszki.pl\/#website\",\"url\":\"https:\/\/maciaszki.pl\/\",\"name\":\"Maciaszki\",\"description\":\"W\\u0119dr\\u00f3wki w czasie i w przestrzeni\",\"potentialAction\":[{\"@type\":\"SearchAction\",\"target\":{\"@type\":\"EntryPoint\",\"urlTemplate\":\"https:\/\/maciaszki.pl\/?s={search_term_string}\"},\"query-input\":\"required name=search_term_string\"}],\"inLanguage\":\"pl-PL\"},{\"@type\":\"ImageObject\",\"@id\":\"https:\/\/maciaszki.pl\/index.php\/1982\/07\/31\/przejscie-beskidzkie-od-wisly-po-bieszczady\/#primaryimage\",\"inLanguage\":\"pl-PL\",\"url\":\"https:\/\/maciaszki.pl\/wp-content\/uploads\/2018\/12\/doc232.jpg\",\"contentUrl\":\"https:\/\/maciaszki.pl\/wp-content\/uploads\/2018\/12\/doc232.jpg\",\"width\":4172,\"height\":2500},{\"@type\":\"WebPage\",\"@id\":\"https:\/\/maciaszki.pl\/index.php\/1982\/07\/31\/przejscie-beskidzkie-od-wisly-po-bieszczady\/#webpage\",\"url\":\"https:\/\/maciaszki.pl\/index.php\/1982\/07\/31\/przejscie-beskidzkie-od-wisly-po-bieszczady\/\",\"name\":\"Przej\\u015bcie beskidzkie od Wis\\u0142y po Bieszczady 1982 - Maciaszki\",\"isPartOf\":{\"@id\":\"https:\/\/maciaszki.pl\/#website\"},\"primaryImageOfPage\":{\"@id\":\"https:\/\/maciaszki.pl\/index.php\/1982\/07\/31\/przejscie-beskidzkie-od-wisly-po-bieszczady\/#primaryimage\"},\"datePublished\":\"1982-07-31T18:37:29+00:00\",\"dateModified\":\"2025-10-18T06:40:04+00:00\",\"author\":{\"@id\":\"https:\/\/maciaszki.pl\/#\/schema\/person\/927a7d4023a1599d0d448b6094ed01eb\"},\"description\":\"Przej\\u015bcie beskidzkie od Wis\\u0142y po Bieszczady, w\\u0119dr\\u00f3wka \\u017cycia, lato, Beskid \\u015al\\u0105ski, \\u017bywiecki, Wyspowy, Gorce, Pieniny, S\\u0105decki, Niski, Bieszczady, bazy namiotowe\",\"breadcrumb\":{\"@id\":\"https:\/\/maciaszki.pl\/index.php\/1982\/07\/31\/przejscie-beskidzkie-od-wisly-po-bieszczady\/#breadcrumb\"},\"inLanguage\":\"pl-PL\",\"potentialAction\":[{\"@type\":\"ReadAction\",\"target\":[\"https:\/\/maciaszki.pl\/index.php\/1982\/07\/31\/przejscie-beskidzkie-od-wisly-po-bieszczady\/\"]}]},{\"@type\":\"BreadcrumbList\",\"@id\":\"https:\/\/maciaszki.pl\/index.php\/1982\/07\/31\/przejscie-beskidzkie-od-wisly-po-bieszczady\/#breadcrumb\",\"itemListElement\":[{\"@type\":\"ListItem\",\"position\":1,\"name\":\"Home\",\"item\":\"https:\/\/maciaszki.pl\/\"},{\"@type\":\"ListItem\",\"position\":2,\"name\":\"Przej\\u015bcie beskidzkie od Wis\\u0142y po Bieszczady 1982\"}]},{\"@type\":\"Person\",\"@id\":\"https:\/\/maciaszki.pl\/#\/schema\/person\/927a7d4023a1599d0d448b6094ed01eb\",\"name\":\"Tomek\",\"image\":{\"@type\":\"ImageObject\",\"@id\":\"https:\/\/maciaszki.pl\/#personlogo\",\"inLanguage\":\"pl-PL\",\"url\":\"https:\/\/secure.gravatar.com\/avatar\/0ce461a5edaa58bb7fb6c252a1dbf70d?s=96&d=mm&r=g\",\"contentUrl\":\"https:\/\/secure.gravatar.com\/avatar\/0ce461a5edaa58bb7fb6c252a1dbf70d?s=96&d=mm&r=g\",\"caption\":\"Tomek\"},\"url\":\"https:\/\/maciaszki.pl\/index.php\/author\/tmaciaszek\/\"}]}<\/script>\n<!-- \/ Yoast SEO plugin. -->","yoast_head_json":{"title":"Przej\u015bcie beskidzkie od Wis\u0142y po Bieszczady 1982 - Maciaszki","description":"Przej\u015bcie beskidzkie od Wis\u0142y po Bieszczady, w\u0119dr\u00f3wka \u017cycia, lato, Beskid \u015al\u0105ski, \u017bywiecki, Wyspowy, Gorce, Pieniny, S\u0105decki, Niski, Bieszczady, bazy namiotowe","robots":{"index":"index","follow":"follow","max-snippet":"max-snippet:-1","max-image-preview":"max-image-preview:large","max-video-preview":"max-video-preview:-1"},"canonical":"https:\/\/maciaszki.pl\/index.php\/1982\/07\/31\/przejscie-beskidzkie-od-wisly-po-bieszczady\/","og_locale":"pl_PL","og_type":"article","og_title":"Przej\u015bcie beskidzkie od Wis\u0142y po Bieszczady 1982 - Maciaszki","og_description":"Przej\u015bcie beskidzkie od Wis\u0142y po Bieszczady, w\u0119dr\u00f3wka \u017cycia, lato, Beskid \u015al\u0105ski, \u017bywiecki, Wyspowy, Gorce, Pieniny, S\u0105decki, Niski, Bieszczady, bazy namiotowe","og_url":"https:\/\/maciaszki.pl\/index.php\/1982\/07\/31\/przejscie-beskidzkie-od-wisly-po-bieszczady\/","og_site_name":"Maciaszki","article_published_time":"1982-07-31T18:37:29+00:00","article_modified_time":"2025-10-18T06:40:04+00:00","og_image":[{"width":4172,"height":2500,"url":"https:\/\/maciaszki.pl\/wp-content\/uploads\/2018\/12\/doc232.jpg","type":"image\/jpeg"}],"twitter_card":"summary_large_image","twitter_misc":{"Napisane przez":"Tomek","Szacowany czas czytania":"14 minut"},"schema":{"@context":"https:\/\/schema.org","@graph":[{"@type":"WebSite","@id":"https:\/\/maciaszki.pl\/#website","url":"https:\/\/maciaszki.pl\/","name":"Maciaszki","description":"W\u0119dr\u00f3wki w czasie i w przestrzeni","potentialAction":[{"@type":"SearchAction","target":{"@type":"EntryPoint","urlTemplate":"https:\/\/maciaszki.pl\/?s={search_term_string}"},"query-input":"required name=search_term_string"}],"inLanguage":"pl-PL"},{"@type":"ImageObject","@id":"https:\/\/maciaszki.pl\/index.php\/1982\/07\/31\/przejscie-beskidzkie-od-wisly-po-bieszczady\/#primaryimage","inLanguage":"pl-PL","url":"https:\/\/maciaszki.pl\/wp-content\/uploads\/2018\/12\/doc232.jpg","contentUrl":"https:\/\/maciaszki.pl\/wp-content\/uploads\/2018\/12\/doc232.jpg","width":4172,"height":2500},{"@type":"WebPage","@id":"https:\/\/maciaszki.pl\/index.php\/1982\/07\/31\/przejscie-beskidzkie-od-wisly-po-bieszczady\/#webpage","url":"https:\/\/maciaszki.pl\/index.php\/1982\/07\/31\/przejscie-beskidzkie-od-wisly-po-bieszczady\/","name":"Przej\u015bcie beskidzkie od Wis\u0142y po Bieszczady 1982 - Maciaszki","isPartOf":{"@id":"https:\/\/maciaszki.pl\/#website"},"primaryImageOfPage":{"@id":"https:\/\/maciaszki.pl\/index.php\/1982\/07\/31\/przejscie-beskidzkie-od-wisly-po-bieszczady\/#primaryimage"},"datePublished":"1982-07-31T18:37:29+00:00","dateModified":"2025-10-18T06:40:04+00:00","author":{"@id":"https:\/\/maciaszki.pl\/#\/schema\/person\/927a7d4023a1599d0d448b6094ed01eb"},"description":"Przej\u015bcie beskidzkie od Wis\u0142y po Bieszczady, w\u0119dr\u00f3wka \u017cycia, lato, Beskid \u015al\u0105ski, \u017bywiecki, Wyspowy, Gorce, Pieniny, S\u0105decki, Niski, Bieszczady, bazy namiotowe","breadcrumb":{"@id":"https:\/\/maciaszki.pl\/index.php\/1982\/07\/31\/przejscie-beskidzkie-od-wisly-po-bieszczady\/#breadcrumb"},"inLanguage":"pl-PL","potentialAction":[{"@type":"ReadAction","target":["https:\/\/maciaszki.pl\/index.php\/1982\/07\/31\/przejscie-beskidzkie-od-wisly-po-bieszczady\/"]}]},{"@type":"BreadcrumbList","@id":"https:\/\/maciaszki.pl\/index.php\/1982\/07\/31\/przejscie-beskidzkie-od-wisly-po-bieszczady\/#breadcrumb","itemListElement":[{"@type":"ListItem","position":1,"name":"Home","item":"https:\/\/maciaszki.pl\/"},{"@type":"ListItem","position":2,"name":"Przej\u015bcie beskidzkie od Wis\u0142y po Bieszczady 1982"}]},{"@type":"Person","@id":"https:\/\/maciaszki.pl\/#\/schema\/person\/927a7d4023a1599d0d448b6094ed01eb","name":"Tomek","image":{"@type":"ImageObject","@id":"https:\/\/maciaszki.pl\/#personlogo","inLanguage":"pl-PL","url":"https:\/\/secure.gravatar.com\/avatar\/0ce461a5edaa58bb7fb6c252a1dbf70d?s=96&d=mm&r=g","contentUrl":"https:\/\/secure.gravatar.com\/avatar\/0ce461a5edaa58bb7fb6c252a1dbf70d?s=96&d=mm&r=g","caption":"Tomek"},"url":"https:\/\/maciaszki.pl\/index.php\/author\/tmaciaszek\/"}]}},"_links":{"self":[{"href":"https:\/\/maciaszki.pl\/index.php\/wp-json\/wp\/v2\/posts\/373"}],"collection":[{"href":"https:\/\/maciaszki.pl\/index.php\/wp-json\/wp\/v2\/posts"}],"about":[{"href":"https:\/\/maciaszki.pl\/index.php\/wp-json\/wp\/v2\/types\/post"}],"author":[{"embeddable":true,"href":"https:\/\/maciaszki.pl\/index.php\/wp-json\/wp\/v2\/users\/6"}],"replies":[{"embeddable":true,"href":"https:\/\/maciaszki.pl\/index.php\/wp-json\/wp\/v2\/comments?post=373"}],"version-history":[{"count":25,"href":"https:\/\/maciaszki.pl\/index.php\/wp-json\/wp\/v2\/posts\/373\/revisions"}],"predecessor-version":[{"id":2800,"href":"https:\/\/maciaszki.pl\/index.php\/wp-json\/wp\/v2\/posts\/373\/revisions\/2800"}],"wp:featuredmedia":[{"embeddable":true,"href":"https:\/\/maciaszki.pl\/index.php\/wp-json\/wp\/v2\/media\/382"}],"wp:attachment":[{"href":"https:\/\/maciaszki.pl\/index.php\/wp-json\/wp\/v2\/media?parent=373"}],"wp:term":[{"taxonomy":"category","embeddable":true,"href":"https:\/\/maciaszki.pl\/index.php\/wp-json\/wp\/v2\/categories?post=373"},{"taxonomy":"post_tag","embeddable":true,"href":"https:\/\/maciaszki.pl\/index.php\/wp-json\/wp\/v2\/tags?post=373"}],"curies":[{"name":"wp","href":"https:\/\/api.w.org\/{rel}","templated":true}]}}