{"id":3621,"date":"2021-12-03T14:18:47","date_gmt":"2021-12-03T13:18:47","guid":{"rendered":"https:\/\/maciaszki.pl\/?p=3621"},"modified":"2022-09-20T09:49:09","modified_gmt":"2022-09-20T07:49:09","slug":"nysa-odra-rugia-uznam-rowery-2021","status":"publish","type":"post","link":"https:\/\/maciaszki.pl\/index.php\/2021\/12\/03\/nysa-odra-rugia-uznam-rowery-2021\/","title":{"rendered":"Nysa Odra Rugia Uznam &#8211; rowery 2021"},"content":{"rendered":"\n<p class=\"has-small-font-size\">Przed wyjazdem wyra\u017anie okre\u015blili\u015bmy warunki: trasa tegorocznych rower\u00f3w MUSI by\u0107 blisko, pozwalaj\u0105c na maksymaln\u0105 mobilno\u015b\u0107, by w razie potrzeby przerwa\u0107 wakacje i w kr\u00f3tkim czasie wr\u00f3ci\u0107 do domu. Wyb\u00f3r pad\u0142 wi\u0119c na szlak rowerowy, kt\u00f3ry od lat odk\u0142adali\u015bmy na bli\u017cej nieokre\u015blon\u0105 przysz\u0142o\u015b\u0107, czyli Nysa \u0141u\u017cycka \u2013 Odra, kierunek oczywisty z po\u0142udnia na p\u00f3\u0142noc, tak daleko jak to b\u0119dzie mo\u017cliwe. Szukali\u015bmy plus\u00f3w takiego wariantu \u2013 z jednej strony niemieckie standardy, z drugiej logistyczne pozytywy. Dla nas to by\u0142a ju\u017c czwarta wyprawa rowerowa do Niemiec po <a href=\"https:\/\/maciaszki.pl\/index.php\/2013\/06\/30\/dunajska-trasa-rowerowa-donaueschingen-wieden\/\" target=\"_blank\" rel=\"noreferrer noopener\">Dunaju<\/a>, <a href=\"https:\/\/maciaszki.pl\/index.php\/2018\/06\/30\/rowerem-wzdluz-laby-lub-powrot-do-nrd\/\" target=\"_blank\" rel=\"noreferrer noopener\">\u0141abie <\/a>i <a href=\"https:\/\/maciaszki.pl\/index.php\/2019\/08\/20\/rowerem-wzdluz-renu-i-mozeli-oraz-alzacja-i-wogezy\/\" target=\"_blank\" rel=\"noreferrer noopener\">Mozeli z Renem<\/a>. Jak by\u0142o? Zapraszam do lektury relacji z wyprawy: Nysa Odra Rugia Uznam &#8211; rowery 2021.<\/p>\n\n\n\n<figure class=\"wp-block-gallery columns-1 is-cropped\"><ul class=\"blocks-gallery-grid\"><li class=\"blocks-gallery-item\"><figure><a href=\"https:\/\/maciaszki.pl\/wp-content\/uploads\/2021\/12\/20210801_184501-scaled.jpg\"><img loading=\"lazy\" width=\"1024\" height=\"768\" src=\"https:\/\/maciaszki.pl\/wp-content\/uploads\/2021\/12\/20210801_184501-1024x768.jpg\" alt=\"\" data-id=\"3624\" data-full-url=\"https:\/\/maciaszki.pl\/wp-content\/uploads\/2021\/12\/20210801_184501-scaled.jpg\" data-link=\"https:\/\/maciaszki.pl\/?attachment_id=3624\" class=\"wp-image-3624\" srcset=\"https:\/\/maciaszki.pl\/wp-content\/uploads\/2021\/12\/20210801_184501-1024x768.jpg 1024w, https:\/\/maciaszki.pl\/wp-content\/uploads\/2021\/12\/20210801_184501-300x225.jpg 300w, https:\/\/maciaszki.pl\/wp-content\/uploads\/2021\/12\/20210801_184501-768x576.jpg 768w, https:\/\/maciaszki.pl\/wp-content\/uploads\/2021\/12\/20210801_184501-1536x1152.jpg 1536w, https:\/\/maciaszki.pl\/wp-content\/uploads\/2021\/12\/20210801_184501-2048x1536.jpg 2048w\" sizes=\"(max-width: 706px) 89vw, (max-width: 767px) 82vw, 740px\" \/><\/a><\/figure><\/li><\/ul><\/figure>\n\n\n\n<!--more-->\n\n\n\n<h4><strong>Przed\u0142u\u017cony start<\/strong><\/h4>\n\n\n\n<p class=\"has-small-font-size\">Oficjalnym pocz\u0105tkiem naszej wyprawy ma by\u0107 punkt tr\u00f3jstyku granic, polskiej, czeskiej i niemieckiej, w pobli\u017cu Zittau. Wprawdzie zacz\u0105\u0107 mo\u017cna by zdecydowanie wy\u017cej, w Jabloncu albo Libercu, ale ten pierwszy odcinek odrzucamy ze wzgl\u0119du na utrudniony dojazd. Wyruszamy poci\u0105giem z Kalisza i z przesiadk\u0105 we Wroc\u0142awiu do\u015b\u0107 sprawnie doje\u017cd\u017camy do Zgorzelca. Wczesnopopo\u0142udniowa pora daje szans\u0119, by dojecha\u0107 na camping w Zittau. Nad nami chmury, pierwszy deszcz, a po przekroczeniu granicy, za Radomierzycami leje ju\u017c konkretnie. Przemoczeni chowamy si\u0119 w pierwszym Biergarten w okolicach Leuby, rozgrzewamy si\u0119 gor\u0105c\u0105 kaw\u0105 i weryfikujemy plany \u2013 postanawiamy jecha\u0107 do Bogatyni, znale\u017a\u0107 nocleg pod dachem, wysuszy\u0107 si\u0119 i kolejnego dnia skierowa\u0107 do Zittau.<\/p>\n\n\n\n<figure class=\"wp-block-image size-large\"><a href=\"https:\/\/maciaszki.pl\/wp-content\/uploads\/2021\/12\/DSC08668-scaled.jpg\"><img loading=\"lazy\" width=\"1024\" height=\"683\" src=\"https:\/\/maciaszki.pl\/wp-content\/uploads\/2021\/12\/DSC08668-1024x683.jpg\" alt=\"\" class=\"wp-image-3737\" srcset=\"https:\/\/maciaszki.pl\/wp-content\/uploads\/2021\/12\/DSC08668-1024x683.jpg 1024w, https:\/\/maciaszki.pl\/wp-content\/uploads\/2021\/12\/DSC08668-300x200.jpg 300w, https:\/\/maciaszki.pl\/wp-content\/uploads\/2021\/12\/DSC08668-768x512.jpg 768w, https:\/\/maciaszki.pl\/wp-content\/uploads\/2021\/12\/DSC08668-1536x1024.jpg 1536w, https:\/\/maciaszki.pl\/wp-content\/uploads\/2021\/12\/DSC08668-2048x1365.jpg 2048w\" sizes=\"(max-width: 706px) 89vw, (max-width: 767px) 82vw, 740px\" \/><\/a><figcaption><em>Jeden z nielicznych odrestaurowanych dom\u00f3w przys\u0142upowych w Bogatyni<\/em><\/figcaption><\/figure>\n\n\n\n<p class=\"has-small-font-size\">W Bogatyni jeste\u015bmy po raz pierwszy, ogl\u0105damy znajduj\u0105ce si\u0119 w centrum XIX-wieczne dwukondygnacyjne domy przys\u0142upowe o bardzo charakterystycznej konstrukcji szachulcowej, w\u015br\u00f3d nich najbardziej znany Dom Zegarmistrza. Domy przys\u0142upowe to prawdziwa pere\u0142ka i chluba Bogatyni. Tych odrestaurowanych jest zaledwie kilka, ale miasto na pewno ma ogromny potencja\u0142.<\/p>\n\n\n\n<figure class=\"wp-block-image size-large\"><a href=\"https:\/\/maciaszki.pl\/wp-content\/uploads\/2021\/12\/DSC08671-3-scaled.jpg\"><img loading=\"lazy\" width=\"1024\" height=\"683\" src=\"https:\/\/maciaszki.pl\/wp-content\/uploads\/2021\/12\/DSC08671-3-1024x683.jpg\" alt=\"\" class=\"wp-image-3647\" srcset=\"https:\/\/maciaszki.pl\/wp-content\/uploads\/2021\/12\/DSC08671-3-1024x683.jpg 1024w, https:\/\/maciaszki.pl\/wp-content\/uploads\/2021\/12\/DSC08671-3-300x200.jpg 300w, https:\/\/maciaszki.pl\/wp-content\/uploads\/2021\/12\/DSC08671-3-768x512.jpg 768w, https:\/\/maciaszki.pl\/wp-content\/uploads\/2021\/12\/DSC08671-3-1536x1024.jpg 1536w, https:\/\/maciaszki.pl\/wp-content\/uploads\/2021\/12\/DSC08671-3-2048x1365.jpg 2048w\" sizes=\"(max-width: 706px) 89vw, (max-width: 767px) 82vw, 740px\" \/><\/a><figcaption><em>Dom Zegarmistrza w Bogatyni<\/em><\/figcaption><\/figure>\n\n\n\n<p class=\"has-small-font-size\">Trasa z Bogatyni do tr\u00f3jstyku granic prowadzi pocz\u0105tkowo drog\u0105 o do\u015b\u0107 du\u017cym nat\u0119\u017ceniu ruchu samochodowego, dalej jest zdecydowanie lepiej. Mijamy gigantyczne wyrobisko kopalni Tur\u00f3w. Po\u0142\u0105czenie trzech granic to nasz punkt startu! S\u0105 flagi nad rzek\u0105, sporo ludzi i pami\u0105tkowe zdj\u0119cie. Pogoda te\u017c zdecydowanie lepsza. Po kr\u00f3tkim b\u0142\u0105dzeniu, przez Czechy przedostajemy si\u0119 na niemieck\u0105 stron\u0119 i zmierzamy wprost do Zittau, czyli \u017bytawy, historycznej stolicy \u0141u\u017cyc.<\/p>\n\n\n\n<figure class=\"wp-block-image size-large\"><a href=\"https:\/\/maciaszki.pl\/wp-content\/uploads\/2021\/12\/DSC08683-1.jpg\"><img loading=\"lazy\" width=\"1024\" height=\"683\" src=\"https:\/\/maciaszki.pl\/wp-content\/uploads\/2021\/12\/DSC08683-1-1024x683.jpg\" alt=\"\" class=\"wp-image-3645\" srcset=\"https:\/\/maciaszki.pl\/wp-content\/uploads\/2021\/12\/DSC08683-1-1024x683.jpg 1024w, https:\/\/maciaszki.pl\/wp-content\/uploads\/2021\/12\/DSC08683-1-300x200.jpg 300w, https:\/\/maciaszki.pl\/wp-content\/uploads\/2021\/12\/DSC08683-1-768x513.jpg 768w, https:\/\/maciaszki.pl\/wp-content\/uploads\/2021\/12\/DSC08683-1-1536x1025.jpg 1536w, https:\/\/maciaszki.pl\/wp-content\/uploads\/2021\/12\/DSC08683-1-2048x1367.jpg 2048w\" sizes=\"(max-width: 706px) 89vw, (max-width: 767px) 82vw, 740px\" \/><\/a><figcaption><em> Tr\u00f3jstyk granic nad Nys\u0105 \u0141u\u017cyck\u0105 w pobli\u017cu Zittau<\/em>. <em>Tutaj jest nasz pocz\u0105tkowy punkt wyprawy &#8222;Nysa Odra Rugia Uznam &#8211; rowery 2021&#8221;<\/em><\/figcaption><\/figure>\n\n\n\n<h4><strong>Nysa, czyli urzekaj\u0105cy pocz\u0105tek<\/strong><\/h4>\n\n\n\n<p class=\"has-small-font-size\">Zittau, miasto o do\u015b\u0107 skomplikowanej i wielokulturowej przesz\u0142o\u015bci, jest naprawd\u0119 godne uwagi. Podziwiamy jego architektur\u0119, klucz\u0105c z rowerami po zabytkowym centrum, ogl\u0105damy ratusz i ko\u015bci\u00f3\u0142 pw. Jana Chrzciciela.<\/p>\n\n\n\n<figure class=\"wp-block-image size-large\"><a href=\"https:\/\/maciaszki.pl\/wp-content\/uploads\/2021\/12\/IMG_20210729_115524982-scaled.jpg\"><img loading=\"lazy\" width=\"1024\" height=\"768\" src=\"https:\/\/maciaszki.pl\/wp-content\/uploads\/2021\/12\/IMG_20210729_115524982-1024x768.jpg\" alt=\"\" class=\"wp-image-3627\" srcset=\"https:\/\/maciaszki.pl\/wp-content\/uploads\/2021\/12\/IMG_20210729_115524982-1024x768.jpg 1024w, https:\/\/maciaszki.pl\/wp-content\/uploads\/2021\/12\/IMG_20210729_115524982-300x225.jpg 300w, https:\/\/maciaszki.pl\/wp-content\/uploads\/2021\/12\/IMG_20210729_115524982-768x576.jpg 768w, https:\/\/maciaszki.pl\/wp-content\/uploads\/2021\/12\/IMG_20210729_115524982-1536x1152.jpg 1536w, https:\/\/maciaszki.pl\/wp-content\/uploads\/2021\/12\/IMG_20210729_115524982-2048x1536.jpg 2048w\" sizes=\"(max-width: 706px) 89vw, (max-width: 767px) 82vw, 740px\" \/><\/a><figcaption><em>Rynek w Zittau<\/em><\/figcaption><\/figure>\n\n\n\n<p class=\"has-small-font-size\">Na d\u0142u\u017cej zatrzymujemy si\u0119 w Ostritz w barokowym kompleksie klasztornym St. Marienthal, kt\u00f3rego pocz\u0105tki si\u0119gaj\u0105 XIII wieku. Miejsce okazuje si\u0119 nad wyraz urokliwe, zw\u0142aszcza nieco mroczna kaplica klasztorna. Obok znajduje si\u0119 winnica wysuni\u0119ta najdalej na wsch\u00f3d Niemiec.<\/p>\n\n\n\n<figure class=\"wp-block-image size-large\"><a href=\"https:\/\/maciaszki.pl\/wp-content\/uploads\/2021\/12\/DSC08700-1-scaled.jpg\"><img loading=\"lazy\" width=\"1024\" height=\"683\" src=\"https:\/\/maciaszki.pl\/wp-content\/uploads\/2021\/12\/DSC08700-1-1024x683.jpg\" alt=\"\" class=\"wp-image-3648\" srcset=\"https:\/\/maciaszki.pl\/wp-content\/uploads\/2021\/12\/DSC08700-1-1024x683.jpg 1024w, https:\/\/maciaszki.pl\/wp-content\/uploads\/2021\/12\/DSC08700-1-300x200.jpg 300w, https:\/\/maciaszki.pl\/wp-content\/uploads\/2021\/12\/DSC08700-1-768x512.jpg 768w, https:\/\/maciaszki.pl\/wp-content\/uploads\/2021\/12\/DSC08700-1-1536x1024.jpg 1536w, https:\/\/maciaszki.pl\/wp-content\/uploads\/2021\/12\/DSC08700-1-2048x1365.jpg 2048w\" sizes=\"(max-width: 706px) 89vw, (max-width: 767px) 82vw, 740px\" \/><\/a><figcaption><em>Klasztor  St. Marienthal zosta\u0142 za\u0142o\u017cony w 1234 i istnieje nieprzerwanie do dzi\u015b. W 2006 r. zamieszkiwa\u0142o go 16 zakonnic. <\/em><\/figcaption><\/figure>\n\n\n\n<figure class=\"wp-block-image size-large\"><a href=\"https:\/\/maciaszki.pl\/wp-content\/uploads\/2021\/12\/DSC08706-scaled.jpg\"><img loading=\"lazy\" width=\"1024\" height=\"683\" src=\"https:\/\/maciaszki.pl\/wp-content\/uploads\/2021\/12\/DSC08706-1024x683.jpg\" alt=\"\" class=\"wp-image-3739\" srcset=\"https:\/\/maciaszki.pl\/wp-content\/uploads\/2021\/12\/DSC08706-1024x683.jpg 1024w, https:\/\/maciaszki.pl\/wp-content\/uploads\/2021\/12\/DSC08706-300x200.jpg 300w, https:\/\/maciaszki.pl\/wp-content\/uploads\/2021\/12\/DSC08706-768x512.jpg 768w, https:\/\/maciaszki.pl\/wp-content\/uploads\/2021\/12\/DSC08706-1536x1024.jpg 1536w, https:\/\/maciaszki.pl\/wp-content\/uploads\/2021\/12\/DSC08706-2048x1365.jpg 2048w\" sizes=\"(max-width: 706px) 89vw, (max-width: 767px) 82vw, 740px\" \/><\/a><figcaption><em>Wn\u0119trze ko\u015bcio\u0142a klasztoru St. Marienthal<\/em><\/figcaption><\/figure>\n\n\n\n<p class=\"has-small-font-size\">Ciesz\u0105c si\u0119 wyj\u0105tkowo leniwym pocz\u0105tkiem wyprawy, jeszcze raz zagl\u0105damy do znanego nam z poprzedniego dnia ogr\u00f3dka piwnego ko\u0142o Leuby na pierwszego wursta. Wprawdzie fanami kie\u0142basy nie jeste\u015bmy, ale tutaj traktujemy j\u0105 jako element lokalnego klimatu, a pierwsza par\u00f3wka (!) z musztard\u0105 daje nam du\u017co rado\u015bci.<\/p>\n\n\n\n<figure class=\"wp-block-image size-large\"><a href=\"https:\/\/maciaszki.pl\/wp-content\/uploads\/2021\/12\/DSC08713-1-scaled.jpg\"><img loading=\"lazy\" width=\"1024\" height=\"683\" src=\"https:\/\/maciaszki.pl\/wp-content\/uploads\/2021\/12\/DSC08713-1-1024x683.jpg\" alt=\"\" class=\"wp-image-3649\" srcset=\"https:\/\/maciaszki.pl\/wp-content\/uploads\/2021\/12\/DSC08713-1-1024x683.jpg 1024w, https:\/\/maciaszki.pl\/wp-content\/uploads\/2021\/12\/DSC08713-1-300x200.jpg 300w, https:\/\/maciaszki.pl\/wp-content\/uploads\/2021\/12\/DSC08713-1-768x512.jpg 768w, https:\/\/maciaszki.pl\/wp-content\/uploads\/2021\/12\/DSC08713-1-1536x1024.jpg 1536w, https:\/\/maciaszki.pl\/wp-content\/uploads\/2021\/12\/DSC08713-1-2048x1365.jpg 2048w\" sizes=\"(max-width: 706px) 89vw, (max-width: 767px) 82vw, 740px\" \/><\/a><figcaption><em>Pierwszy Biergarten na trasie<\/em><\/figcaption><\/figure>\n\n\n\n<figure class=\"wp-block-image size-large\"><a href=\"https:\/\/maciaszki.pl\/wp-content\/uploads\/2021\/12\/DSC08717-1.jpg\"><img loading=\"lazy\" width=\"1024\" height=\"685\" src=\"https:\/\/maciaszki.pl\/wp-content\/uploads\/2021\/12\/DSC08717-1-1024x685.jpg\" alt=\"\" class=\"wp-image-3650\" srcset=\"https:\/\/maciaszki.pl\/wp-content\/uploads\/2021\/12\/DSC08717-1-1024x685.jpg 1024w, https:\/\/maciaszki.pl\/wp-content\/uploads\/2021\/12\/DSC08717-1-300x201.jpg 300w, https:\/\/maciaszki.pl\/wp-content\/uploads\/2021\/12\/DSC08717-1-768x514.jpg 768w, https:\/\/maciaszki.pl\/wp-content\/uploads\/2021\/12\/DSC08717-1-1536x1027.jpg 1536w, https:\/\/maciaszki.pl\/wp-content\/uploads\/2021\/12\/DSC08717-1-2048x1370.jpg 2048w\" sizes=\"(max-width: 706px) 89vw, (max-width: 767px) 82vw, 740px\" \/><\/a><figcaption><em>Most kolejowy w Zgorzelcu to \u0142ukowy most kamienny o 475 m d\u0142ugo\u015bci i 35 prz\u0119s\u0142ach<\/em><\/figcaption><\/figure>\n\n\n\n<p class=\"has-small-font-size\">Ostatnim wa\u017cnym miejscem na trasie jest tego dnia G\u00f6rlitz. Przy wje\u017adzie do miasta podziwiamy kamienny most na Nysie \u0141u\u017cyckiej, jeden z czterech najwi\u0119kszych tego typu w Polsce i najd\u0142u\u017cszy w Niemczech. Masywne prz\u0119s\u0142a efektownie odbijaj\u0105 si\u0119 w wodzie, szkoda tylko, \u017ce \u015bwiat\u0142o ma\u0142o fotograficzne. Na pobyt w G\u00f6rlitz mo\u017cemy przeznaczy\u0107 niespe\u0142na dwie godziny. Jeste\u015bmy zachwyceni. Mo\u017cna si\u0119 nawet spotka\u0107 z opini\u0105, \u017ce to najpi\u0119kniejsze miasto w ca\u0142ych Niemczech. <\/p>\n\n\n\n<figure class=\"wp-block-image size-large\"><a href=\"https:\/\/maciaszki.pl\/wp-content\/uploads\/2021\/12\/DSC08737.jpg\"><img loading=\"lazy\" width=\"1024\" height=\"683\" src=\"https:\/\/maciaszki.pl\/wp-content\/uploads\/2021\/12\/DSC08737-1024x683.jpg\" alt=\"\" class=\"wp-image-3740\" srcset=\"https:\/\/maciaszki.pl\/wp-content\/uploads\/2021\/12\/DSC08737-1024x683.jpg 1024w, https:\/\/maciaszki.pl\/wp-content\/uploads\/2021\/12\/DSC08737-300x200.jpg 300w, https:\/\/maciaszki.pl\/wp-content\/uploads\/2021\/12\/DSC08737-768x512.jpg 768w, https:\/\/maciaszki.pl\/wp-content\/uploads\/2021\/12\/DSC08737-1536x1024.jpg 1536w, https:\/\/maciaszki.pl\/wp-content\/uploads\/2021\/12\/DSC08737-2048x1365.jpg 2048w\" sizes=\"(max-width: 706px) 89vw, (max-width: 767px) 82vw, 740px\" \/><\/a><figcaption><em> G\u00f6rlitz <\/em><\/figcaption><\/figure>\n\n\n\n<p class=\"has-small-font-size\"> G\u00f6rlitz  podobnie jak Zittau nie zosta\u0142o zbombardowane podczas nalot\u00f3w alianckich, kiedy to tak bardzo ucierpia\u0142o nieodleg\u0142e Drezno. Jest w nim pono\u0107 4000 zabytk\u00f3w. Robimy sobie zdj\u0119cia na tle kamieniczek na rynku, apteki ratuszowej i dw\u00f3ch ratusz\u00f3w. Do Ko\u015bcio\u0142a Piotra i Paw\u0142a wprowadza nas jaki\u015b tajemniczy jegomo\u015b\u0107. Z okalaj\u0105cych go mur\u00f3w patrzymy na Zgorzelec \u2013 brzydszego brata G\u00f6rlitz. Przechodzimy Mostem Staromiejskim, by podziwia\u0107 je z drugiej strony. A\u017c trudno sobie wyobrazi\u0107, \u017ce odbudowano go dopiero w 2004 roku, by po\u0142\u0105czy\u0107 obie cz\u0119\u015bci miasta.<\/p>\n\n\n\n<figure class=\"wp-block-gallery columns-2 is-cropped\"><ul class=\"blocks-gallery-grid\"><li class=\"blocks-gallery-item\"><figure><a href=\"https:\/\/maciaszki.pl\/wp-content\/uploads\/2021\/12\/20210729_170939-766x1024.jpg\"><img loading=\"lazy\" width=\"766\" height=\"1024\" src=\"https:\/\/maciaszki.pl\/wp-content\/uploads\/2021\/12\/20210729_170939-766x1024.jpg\" alt=\"\" data-id=\"3631\" data-link=\"https:\/\/maciaszki.pl\/?attachment_id=3631\" class=\"wp-image-3631\" srcset=\"https:\/\/maciaszki.pl\/wp-content\/uploads\/2021\/12\/20210729_170939-766x1024.jpg 766w, https:\/\/maciaszki.pl\/wp-content\/uploads\/2021\/12\/20210729_170939-224x300.jpg 224w, https:\/\/maciaszki.pl\/wp-content\/uploads\/2021\/12\/20210729_170939-768x1027.jpg 768w, https:\/\/maciaszki.pl\/wp-content\/uploads\/2021\/12\/20210729_170939-1149x1536.jpg 1149w, https:\/\/maciaszki.pl\/wp-content\/uploads\/2021\/12\/20210729_170939-1532x2048.jpg 1532w, https:\/\/maciaszki.pl\/wp-content\/uploads\/2021\/12\/20210729_170939-scaled.jpg 1915w\" sizes=\"(max-width: 706px) 89vw, (max-width: 767px) 82vw, 740px\" \/><\/a><\/figure><\/li><li class=\"blocks-gallery-item\"><figure><a href=\"https:\/\/maciaszki.pl\/wp-content\/uploads\/2021\/12\/20210729_172223-766x1024.jpg\"><img loading=\"lazy\" width=\"766\" height=\"1024\" src=\"https:\/\/maciaszki.pl\/wp-content\/uploads\/2021\/12\/20210729_172223-766x1024.jpg\" alt=\"\" data-id=\"3632\" data-link=\"https:\/\/maciaszki.pl\/?attachment_id=3632\" class=\"wp-image-3632\" srcset=\"https:\/\/maciaszki.pl\/wp-content\/uploads\/2021\/12\/20210729_172223-766x1024.jpg 766w, https:\/\/maciaszki.pl\/wp-content\/uploads\/2021\/12\/20210729_172223-224x300.jpg 224w, https:\/\/maciaszki.pl\/wp-content\/uploads\/2021\/12\/20210729_172223-768x1027.jpg 768w, https:\/\/maciaszki.pl\/wp-content\/uploads\/2021\/12\/20210729_172223-1149x1536.jpg 1149w, https:\/\/maciaszki.pl\/wp-content\/uploads\/2021\/12\/20210729_172223-1532x2048.jpg 1532w, https:\/\/maciaszki.pl\/wp-content\/uploads\/2021\/12\/20210729_172223-scaled.jpg 1915w\" sizes=\"(max-width: 706px) 89vw, (max-width: 767px) 82vw, 740px\" \/><\/a><\/figure><\/li><li class=\"blocks-gallery-item\"><figure><a href=\"https:\/\/maciaszki.pl\/wp-content\/uploads\/2021\/12\/DSC08723-2-683x1024.jpg\"><img loading=\"lazy\" width=\"683\" height=\"1024\" src=\"https:\/\/maciaszki.pl\/wp-content\/uploads\/2021\/12\/DSC08723-2-683x1024.jpg\" alt=\"\" data-id=\"3651\" data-link=\"https:\/\/maciaszki.pl\/?attachment_id=3651\" class=\"wp-image-3651\" srcset=\"https:\/\/maciaszki.pl\/wp-content\/uploads\/2021\/12\/DSC08723-2-683x1024.jpg 683w, https:\/\/maciaszki.pl\/wp-content\/uploads\/2021\/12\/DSC08723-2-200x300.jpg 200w, https:\/\/maciaszki.pl\/wp-content\/uploads\/2021\/12\/DSC08723-2-768x1152.jpg 768w, https:\/\/maciaszki.pl\/wp-content\/uploads\/2021\/12\/DSC08723-2-1024x1536.jpg 1024w, https:\/\/maciaszki.pl\/wp-content\/uploads\/2021\/12\/DSC08723-2-1365x2048.jpg 1365w, https:\/\/maciaszki.pl\/wp-content\/uploads\/2021\/12\/DSC08723-2-scaled.jpg 1707w\" sizes=\"(max-width: 683px) 100vw, 683px\" \/><\/a><figcaption class=\"blocks-gallery-item__caption\">Apteka Ratuszowa<\/figcaption><\/figure><\/li><li class=\"blocks-gallery-item\"><figure><a href=\"https:\/\/maciaszki.pl\/wp-content\/uploads\/2021\/12\/DSC08748-680x1024.jpg\"><img loading=\"lazy\" width=\"680\" height=\"1024\" src=\"https:\/\/maciaszki.pl\/wp-content\/uploads\/2021\/12\/DSC08748-680x1024.jpg\" alt=\"\" data-id=\"3652\" data-link=\"https:\/\/maciaszki.pl\/?attachment_id=3652\" class=\"wp-image-3652\" srcset=\"https:\/\/maciaszki.pl\/wp-content\/uploads\/2021\/12\/DSC08748-680x1024.jpg 680w, https:\/\/maciaszki.pl\/wp-content\/uploads\/2021\/12\/DSC08748-199x300.jpg 199w, https:\/\/maciaszki.pl\/wp-content\/uploads\/2021\/12\/DSC08748-768x1156.jpg 768w, https:\/\/maciaszki.pl\/wp-content\/uploads\/2021\/12\/DSC08748-1021x1536.jpg 1021w, https:\/\/maciaszki.pl\/wp-content\/uploads\/2021\/12\/DSC08748-1361x2048.jpg 1361w, https:\/\/maciaszki.pl\/wp-content\/uploads\/2021\/12\/DSC08748.jpg 1497w\" sizes=\"(max-width: 680px) 100vw, 680px\" \/><\/a><figcaption class=\"blocks-gallery-item__caption\">Ko\u015bci\u00f3\u0142 \u015bw. Piotra i Paw\u0142a<\/figcaption><\/figure><\/li><li class=\"blocks-gallery-item\"><figure><a href=\"https:\/\/maciaszki.pl\/wp-content\/uploads\/2021\/12\/DSC08732-scaled.jpg\"><img loading=\"lazy\" width=\"1024\" height=\"683\" src=\"https:\/\/maciaszki.pl\/wp-content\/uploads\/2021\/12\/DSC08732-1024x683.jpg\" alt=\"\" data-id=\"3653\" data-full-url=\"https:\/\/maciaszki.pl\/wp-content\/uploads\/2021\/12\/DSC08732-scaled.jpg\" data-link=\"https:\/\/maciaszki.pl\/?attachment_id=3653\" class=\"wp-image-3653\" srcset=\"https:\/\/maciaszki.pl\/wp-content\/uploads\/2021\/12\/DSC08732-1024x683.jpg 1024w, https:\/\/maciaszki.pl\/wp-content\/uploads\/2021\/12\/DSC08732-300x200.jpg 300w, https:\/\/maciaszki.pl\/wp-content\/uploads\/2021\/12\/DSC08732-768x512.jpg 768w, https:\/\/maciaszki.pl\/wp-content\/uploads\/2021\/12\/DSC08732-1536x1025.jpg 1536w, https:\/\/maciaszki.pl\/wp-content\/uploads\/2021\/12\/DSC08732-2048x1367.jpg 2048w\" sizes=\"(max-width: 706px) 89vw, (max-width: 767px) 82vw, 740px\" \/><\/a><figcaption class=\"blocks-gallery-item__caption\">Nowy Ratusz<\/figcaption><\/figure><\/li><\/ul><figcaption class=\"blocks-gallery-caption\"> G\u00f6rlitz jest jednym z niewielu niemieckich miast tej wielko\u015bci niezniszczonych podczas II wojny, a co za tym idzie posiadaj\u0105cych niezaburzony uk\u0142ad przestrzenny i zabytki ze wszystkich epok. <\/figcaption><\/figure>\n\n\n\n<p class=\"has-small-font-size\">Jest ju\u017c p\u00f3\u017ano, kiedy opuszczamy G\u00f6rlitz. Rezygnujemy z poszukiwania kempingu, a zamiast nocy w namiocie wybieramy pok\u00f3j w pensjonacie w Pie\u0144sku. Bez sza\u0142u, ale pod dachem. Od rana przeja\u017cd\u017cka po male\u0144kim Pie\u0144sku i ruszamy na tras\u0119. A ta okazuje si\u0119 prawdziwie malownicza. Prowadzi wzd\u0142u\u017c Nysy, ale cz\u0119sto od niej odbija, wycinaj\u0105c zygzaki. Rzeka o zmiennym nurcie cz\u0119sto wcina si\u0119 g\u0142\u0119boko, tworzy zakola i meandry. To miejsce sp\u0142yw\u00f3w pontonowych i kajakowych. Sporo tu kluczenia i podjazd\u00f3w, ale trasa warta jest wysi\u0142ku.<\/p>\n\n\n\n<figure class=\"wp-block-image size-large\"><a href=\"https:\/\/maciaszki.pl\/wp-content\/uploads\/2021\/12\/DSC08752-1-scaled.jpg\"><img loading=\"lazy\" width=\"1024\" height=\"683\" src=\"https:\/\/maciaszki.pl\/wp-content\/uploads\/2021\/12\/DSC08752-1-1024x683.jpg\" alt=\"\" class=\"wp-image-3654\" srcset=\"https:\/\/maciaszki.pl\/wp-content\/uploads\/2021\/12\/DSC08752-1-1024x683.jpg 1024w, https:\/\/maciaszki.pl\/wp-content\/uploads\/2021\/12\/DSC08752-1-300x200.jpg 300w, https:\/\/maciaszki.pl\/wp-content\/uploads\/2021\/12\/DSC08752-1-768x512.jpg 768w, https:\/\/maciaszki.pl\/wp-content\/uploads\/2021\/12\/DSC08752-1-1536x1024.jpg 1536w, https:\/\/maciaszki.pl\/wp-content\/uploads\/2021\/12\/DSC08752-1-2048x1365.jpg 2048w\" sizes=\"(max-width: 706px) 89vw, (max-width: 767px) 82vw, 740px\" \/><\/a><figcaption><em>Na ca\u0142ej d\u0142ugo\u015bci trasy wzd\u0142u\u017c Nysy i Odry towarzyszy\u0142y nam te niemieckie czarno-czerwono-\u017c\u00f3\u0142te s\u0142upki graniczne<\/em><\/figcaption><\/figure>\n\n\n\n<p class=\"has-small-font-size\">G\u0142\u00f3wna atrakcja dnia to niew\u0105tpliwie Bad Muskau, czyli Mu\u017cak\u00f3w i wielki kompleks parkowy rozci\u0105gaj\u0105cy si\u0119 po obu stronach Nysy. Teren jest rozleg\u0142y, a rowery pozwalaj\u0105 dotrze\u0107 w najdalsze zakamarki. Przeje\u017cd\u017camy te\u017c na polsk\u0105 stron\u0119 parku, a potem do \u0141\u0119knicy, gdzie pora\u017ca nas brzydota przygranicznego targowiska. Robi si\u0119 p\u00f3\u017ano. <\/p>\n\n\n\n<figure class=\"wp-block-image size-large\"><a href=\"https:\/\/maciaszki.pl\/wp-content\/uploads\/2021\/12\/IMG_20210730_152148810_HDR.jpg\"><img loading=\"lazy\" width=\"768\" height=\"1024\" src=\"https:\/\/maciaszki.pl\/wp-content\/uploads\/2021\/12\/IMG_20210730_152148810_HDR-768x1024.jpg\" alt=\"\" class=\"wp-image-3655\" srcset=\"https:\/\/maciaszki.pl\/wp-content\/uploads\/2021\/12\/IMG_20210730_152148810_HDR-768x1024.jpg 768w, https:\/\/maciaszki.pl\/wp-content\/uploads\/2021\/12\/IMG_20210730_152148810_HDR-225x300.jpg 225w, https:\/\/maciaszki.pl\/wp-content\/uploads\/2021\/12\/IMG_20210730_152148810_HDR-1152x1536.jpg 1152w, https:\/\/maciaszki.pl\/wp-content\/uploads\/2021\/12\/IMG_20210730_152148810_HDR-1536x2048.jpg 1536w, https:\/\/maciaszki.pl\/wp-content\/uploads\/2021\/12\/IMG_20210730_152148810_HDR.jpg 1560w\" sizes=\"(max-width: 706px) 89vw, (max-width: 767px) 82vw, 740px\" \/><\/a><figcaption><em>Bad Muskau czyli Mu\u017cak\u00f3w po \u0142u\u017cycku. W tle Nowy Zamek (Neues Schloss) z XVI w.<\/em><\/figcaption><\/figure>\n\n\n\n<figure class=\"wp-block-gallery columns-2 is-cropped\"><ul class=\"blocks-gallery-grid\"><li class=\"blocks-gallery-item\"><figure><a href=\"https:\/\/maciaszki.pl\/wp-content\/uploads\/2021\/12\/DSC08764.jpg\"><img loading=\"lazy\" width=\"682\" height=\"1024\" src=\"https:\/\/maciaszki.pl\/wp-content\/uploads\/2021\/12\/DSC08764-682x1024.jpg\" alt=\"\" data-id=\"3656\" data-full-url=\"https:\/\/maciaszki.pl\/wp-content\/uploads\/2021\/12\/DSC08764.jpg\" data-link=\"https:\/\/maciaszki.pl\/?attachment_id=3656\" class=\"wp-image-3656\" srcset=\"https:\/\/maciaszki.pl\/wp-content\/uploads\/2021\/12\/DSC08764-682x1024.jpg 682w, https:\/\/maciaszki.pl\/wp-content\/uploads\/2021\/12\/DSC08764-200x300.jpg 200w, https:\/\/maciaszki.pl\/wp-content\/uploads\/2021\/12\/DSC08764-768x1154.jpg 768w, https:\/\/maciaszki.pl\/wp-content\/uploads\/2021\/12\/DSC08764-1022x1536.jpg 1022w, https:\/\/maciaszki.pl\/wp-content\/uploads\/2021\/12\/DSC08764-1363x2048.jpg 1363w, https:\/\/maciaszki.pl\/wp-content\/uploads\/2021\/12\/DSC08764.jpg 1449w\" sizes=\"(max-width: 682px) 100vw, 682px\" \/><\/a><\/figure><\/li><li class=\"blocks-gallery-item\"><figure><a href=\"https:\/\/maciaszki.pl\/wp-content\/uploads\/2021\/12\/DSC08787-scaled.jpg\"><img loading=\"lazy\" width=\"683\" height=\"1024\" src=\"https:\/\/maciaszki.pl\/wp-content\/uploads\/2021\/12\/DSC08787-683x1024.jpg\" alt=\"\" data-id=\"3657\" data-full-url=\"https:\/\/maciaszki.pl\/wp-content\/uploads\/2021\/12\/DSC08787-scaled.jpg\" data-link=\"https:\/\/maciaszki.pl\/?attachment_id=3657\" class=\"wp-image-3657\" srcset=\"https:\/\/maciaszki.pl\/wp-content\/uploads\/2021\/12\/DSC08787-683x1024.jpg 683w, https:\/\/maciaszki.pl\/wp-content\/uploads\/2021\/12\/DSC08787-200x300.jpg 200w, https:\/\/maciaszki.pl\/wp-content\/uploads\/2021\/12\/DSC08787-768x1152.jpg 768w, https:\/\/maciaszki.pl\/wp-content\/uploads\/2021\/12\/DSC08787-1024x1536.jpg 1024w, https:\/\/maciaszki.pl\/wp-content\/uploads\/2021\/12\/DSC08787-1365x2048.jpg 1365w, https:\/\/maciaszki.pl\/wp-content\/uploads\/2021\/12\/DSC08787-scaled.jpg 1707w\" sizes=\"(max-width: 683px) 100vw, 683px\" \/><\/a><\/figure><\/li><\/ul><figcaption class=\"blocks-gallery-caption\">Bad Muskau<\/figcaption><\/figure>\n\n\n\n<p class=\"has-small-font-size\">Za Mu\u017cakowem spieszymy do Forst, by znale\u017a\u0107 nocleg o jakiej\u015b sensownej porze. Na doskona\u0142e miejsce trafiamy w Sacra. To restauracja z pensjonatem i rozleg\u0142ym ogr\u00f3dkiem dla kilku namiot\u00f3w, z niezale\u017cnym zapleczem sanitarnym. Po ca\u0142ym intensywnym dniu zas\u0142u\u017cenie raczymy si\u0119 ch\u0142odnym piwem.<\/p>\n\n\n\n<figure class=\"wp-block-image size-large\"><a href=\"https:\/\/maciaszki.pl\/wp-content\/uploads\/2021\/12\/DSC08755-scaled.jpg\"><img loading=\"lazy\" width=\"1024\" height=\"232\" src=\"https:\/\/maciaszki.pl\/wp-content\/uploads\/2021\/12\/DSC08755-1024x232.jpg\" alt=\"\" class=\"wp-image-3658\" srcset=\"https:\/\/maciaszki.pl\/wp-content\/uploads\/2021\/12\/DSC08755-1024x232.jpg 1024w, https:\/\/maciaszki.pl\/wp-content\/uploads\/2021\/12\/DSC08755-300x68.jpg 300w, https:\/\/maciaszki.pl\/wp-content\/uploads\/2021\/12\/DSC08755-768x174.jpg 768w, https:\/\/maciaszki.pl\/wp-content\/uploads\/2021\/12\/DSC08755-1536x348.jpg 1536w, https:\/\/maciaszki.pl\/wp-content\/uploads\/2021\/12\/DSC08755-2048x464.jpg 2048w\" sizes=\"(max-width: 706px) 89vw, (max-width: 767px) 82vw, 740px\" \/><\/a><figcaption><em>Nysa \u0141u\u017cycka zaskakuje prze\u0142omami, jest widoczny spory ruch kajakowo-wio\u015blarski<\/em><\/figcaption><\/figure>\n\n\n\n<figure class=\"wp-block-gallery columns-2 is-cropped\"><ul class=\"blocks-gallery-grid\"><li class=\"blocks-gallery-item\"><figure><a href=\"https:\/\/maciaszki.pl\/wp-content\/uploads\/2021\/12\/20210731_105958.jpg\"><img loading=\"lazy\" width=\"682\" height=\"1024\" src=\"https:\/\/maciaszki.pl\/wp-content\/uploads\/2021\/12\/20210731_105958-682x1024.jpg\" alt=\"\" data-id=\"3665\" data-full-url=\"https:\/\/maciaszki.pl\/wp-content\/uploads\/2021\/12\/20210731_105958.jpg\" data-link=\"https:\/\/maciaszki.pl\/?attachment_id=3665\" class=\"wp-image-3665\" srcset=\"https:\/\/maciaszki.pl\/wp-content\/uploads\/2021\/12\/20210731_105958-682x1024.jpg 682w, https:\/\/maciaszki.pl\/wp-content\/uploads\/2021\/12\/20210731_105958-200x300.jpg 200w, https:\/\/maciaszki.pl\/wp-content\/uploads\/2021\/12\/20210731_105958-768x1153.jpg 768w, https:\/\/maciaszki.pl\/wp-content\/uploads\/2021\/12\/20210731_105958-1023x1536.jpg 1023w, https:\/\/maciaszki.pl\/wp-content\/uploads\/2021\/12\/20210731_105958.jpg 1187w\" sizes=\"(max-width: 682px) 100vw, 682px\" \/><\/a><\/figure><\/li><li class=\"blocks-gallery-item\"><figure><a href=\"https:\/\/maciaszki.pl\/wp-content\/uploads\/2021\/12\/DSC08807-scaled.jpg\"><img loading=\"lazy\" width=\"683\" height=\"1024\" src=\"https:\/\/maciaszki.pl\/wp-content\/uploads\/2021\/12\/DSC08807-683x1024.jpg\" alt=\"\" data-id=\"3666\" data-full-url=\"https:\/\/maciaszki.pl\/wp-content\/uploads\/2021\/12\/DSC08807-scaled.jpg\" data-link=\"https:\/\/maciaszki.pl\/?attachment_id=3666\" class=\"wp-image-3666\" srcset=\"https:\/\/maciaszki.pl\/wp-content\/uploads\/2021\/12\/DSC08807-683x1024.jpg 683w, https:\/\/maciaszki.pl\/wp-content\/uploads\/2021\/12\/DSC08807-200x300.jpg 200w, https:\/\/maciaszki.pl\/wp-content\/uploads\/2021\/12\/DSC08807-768x1152.jpg 768w, https:\/\/maciaszki.pl\/wp-content\/uploads\/2021\/12\/DSC08807-1024x1536.jpg 1024w, https:\/\/maciaszki.pl\/wp-content\/uploads\/2021\/12\/DSC08807-1365x2048.jpg 1365w, https:\/\/maciaszki.pl\/wp-content\/uploads\/2021\/12\/DSC08807-scaled.jpg 1707w\" sizes=\"(max-width: 683px) 100vw, 683px\" \/><\/a><\/figure><\/li><\/ul><figcaption class=\"blocks-gallery-caption\">Ten odcinek \u015bcie\u017cki rowerowej zosta\u0142 poprowadzony po zamkni\u0119tej linii kolejowej<\/figcaption><\/figure>\n\n\n\n<p class=\"has-small-font-size\">Przed nami ostatni odcinek wzd\u0142u\u017c Nysy. Przeje\u017cd\u017camy przez Gubin. To wyj\u0105tkowa sytuacja, kiedy g\u0142\u00f3wna cz\u0119\u015b\u0107 miasta rozdzielonego granic\u0105 na Odrze znalaz\u0142a si\u0119 po wschodniej stronie, jest starsza i wydaje si\u0119 ciekawsza. <\/p>\n\n\n\n<figure class=\"wp-block-image size-large\"><a href=\"https:\/\/maciaszki.pl\/wp-content\/uploads\/2021\/12\/DSC08830.jpg\"><img loading=\"lazy\" width=\"1024\" height=\"683\" src=\"https:\/\/maciaszki.pl\/wp-content\/uploads\/2021\/12\/DSC08830-1024x683.jpg\" alt=\"\" class=\"wp-image-3659\" srcset=\"https:\/\/maciaszki.pl\/wp-content\/uploads\/2021\/12\/DSC08830-1024x683.jpg 1024w, https:\/\/maciaszki.pl\/wp-content\/uploads\/2021\/12\/DSC08830-300x200.jpg 300w, https:\/\/maciaszki.pl\/wp-content\/uploads\/2021\/12\/DSC08830-768x512.jpg 768w, https:\/\/maciaszki.pl\/wp-content\/uploads\/2021\/12\/DSC08830-1536x1024.jpg 1536w, https:\/\/maciaszki.pl\/wp-content\/uploads\/2021\/12\/DSC08830-2048x1365.jpg 2048w\" sizes=\"(max-width: 706px) 89vw, (max-width: 767px) 82vw, 740px\" \/><\/a><figcaption><em>Gubin &#8211; ko\u015bci\u00f3\u0142 parafialny pod wezwaniem \u015awi\u0119tej Tr\u00f3jcy, z po\u0142owy XV wieku \u2013 niestety zniszczony podczas wojny. W tle ratusz wzniesiony w XIV wieku,  przebudowany w stylu renesansowym.<\/em><\/figcaption><\/figure>\n\n\n\n<p class=\"has-small-font-size\">Zmierzamy w stron\u0119 uj\u015bcia Nysy do Odry. W planie d\u0142u\u017cszy odpoczynek z widokiem na to szczeg\u00f3lne miejsce na trasie Nysa \u2013 Odra. I zn\u00f3w niespodzianka \u2013 szlak rowerowy odbija nieco na zach\u00f3d, w dodatku, jak na ca\u0142ej trasie wzd\u0142u\u017c granicy, znajduje si\u0119 tu ogrodzenie, kt\u00f3re chroni przed dzikami i afryka\u0144skim pomorem \u015bwi\u0144. Czasem to masywny, drewniany p\u0142ot, czasem ta\u015bma pod pr\u0105dem. O doj\u015bciu do rzeki nie ma mowy. Pozostaje nam usi\u0105\u015b\u0107 nad brzegiem Odry, sk\u0105d Nys\u0119 ledwie wida\u0107. I tak zamykamy pierwszy etap naszej podr\u00f3\u017cy, Teraz Odra.<\/p>\n\n\n\n<figure class=\"wp-block-image size-large\"><a href=\"https:\/\/maciaszki.pl\/wp-content\/uploads\/2021\/12\/DSC08856.jpg\"><img loading=\"lazy\" width=\"1024\" height=\"684\" src=\"https:\/\/maciaszki.pl\/wp-content\/uploads\/2021\/12\/DSC08856-1024x684.jpg\" alt=\"\" class=\"wp-image-3660\" srcset=\"https:\/\/maciaszki.pl\/wp-content\/uploads\/2021\/12\/DSC08856-1024x684.jpg 1024w, https:\/\/maciaszki.pl\/wp-content\/uploads\/2021\/12\/DSC08856-300x200.jpg 300w, https:\/\/maciaszki.pl\/wp-content\/uploads\/2021\/12\/DSC08856-768x513.jpg 768w, https:\/\/maciaszki.pl\/wp-content\/uploads\/2021\/12\/DSC08856-1536x1026.jpg 1536w, https:\/\/maciaszki.pl\/wp-content\/uploads\/2021\/12\/DSC08856-2048x1368.jpg 2048w\" sizes=\"(max-width: 706px) 89vw, (max-width: 767px) 82vw, 740px\" \/><\/a><figcaption><em>Dotarli\u015bmy do Odry, pora na ma\u0142e \u015bwi\u0119towanie<\/em><\/figcaption><\/figure>\n\n\n\n<h4><strong>Nadodrza\u0144skie wa\u0142y<\/strong><\/h4>\n\n\n\n<p class=\"has-small-font-size\">O ile \u015bcie\u017cka rowerowa wiod\u0105ca wzd\u0142u\u017c Nysy cz\u0119sto odbija\u0142a od rzeki, to wzd\u0142u\u017c odry prowadzi niemal bez przerwy wa\u0142ami. Jest mo\u017ce nieco monotonna, ale za to doskonale przygotowana i cieszy si\u0119 spor\u0105 popularno\u015bci\u0105. W\u0142a\u015bciwie \u015bcie\u017cki s\u0105 dwie \u2013 jedna na grzbiecie wa\u0142u, druga poni\u017cej.<\/p>\n\n\n\n<figure class=\"wp-block-image size-large is-resized\"><a href=\"https:\/\/maciaszki.pl\/wp-content\/uploads\/2021\/12\/20210801_183416.jpg\"><img loading=\"lazy\" src=\"https:\/\/maciaszki.pl\/wp-content\/uploads\/2021\/12\/20210801_183416-681x1024.jpg\" alt=\"\" class=\"wp-image-3661\" width=\"540\" height=\"812\" srcset=\"https:\/\/maciaszki.pl\/wp-content\/uploads\/2021\/12\/20210801_183416-681x1024.jpg 681w, https:\/\/maciaszki.pl\/wp-content\/uploads\/2021\/12\/20210801_183416-200x300.jpg 200w, https:\/\/maciaszki.pl\/wp-content\/uploads\/2021\/12\/20210801_183416-768x1154.jpg 768w, https:\/\/maciaszki.pl\/wp-content\/uploads\/2021\/12\/20210801_183416-1022x1536.jpg 1022w, https:\/\/maciaszki.pl\/wp-content\/uploads\/2021\/12\/20210801_183416.jpg 1127w\" sizes=\"(max-width: 540px) 100vw, 540px\" \/><\/a><figcaption><em>Wygodna \u015bcie\u017cka rowerowa wiod\u0105ca bez ko\u0144ca po wa\u0142ach nadodrza\u0144skich<\/em><\/figcaption><\/figure>\n\n\n\n<p class=\"has-small-font-size\">W F\u00fcrstenberg, na peryferiach przemys\u0142owego miasta Eisenh\u00fcttenstadt, z daleka strasz\u0105 kominy elektrowni wzniesionej w 1943, a p\u00f3\u017aniej zniszczonej i rozebranej przez Armi\u0119 Czerwon\u0105. Po raz kolejny decydujemy si\u0119 na nocleg pod dachem po polskiej stronie, w S\u0142ubicach. Ka\u017cdy kolejny nocleg jest gorszy, a ten to kompletna pora\u017cka. Pensjonat Oaza \u2013 siermi\u0119\u017cny pok\u00f3j z \u0142azienk\u0105, czyli prysznicem, bo wc o bardzo w\u0105tpliwej czysto\u015bci wsp\u00f3lne na korytarzu, jeden czajnik na ca\u0142y obiekt, na dole bar z do\u015b\u0107 specyficzn\u0105 klientel\u0105. Niestety, jest zbyt p\u00f3\u017ano, by wybrzydza\u0107, zreszt\u0105 zd\u0105\u017cyli\u015bmy ju\u017c za to zap\u0142aci\u0107. T\u0142umaczymy sobie \u2013 to tylko jedna noc i obiecujemy: nigdy wi\u0119cej.<\/p>\n\n\n\n<figure class=\"wp-block-image size-large is-resized\"><a href=\"https:\/\/maciaszki.pl\/wp-content\/uploads\/2021\/12\/DSC08858.jpg\"><img loading=\"lazy\" src=\"https:\/\/maciaszki.pl\/wp-content\/uploads\/2021\/12\/DSC08858-682x1024.jpg\" alt=\"\" class=\"wp-image-3662\" width=\"599\" height=\"898\" srcset=\"https:\/\/maciaszki.pl\/wp-content\/uploads\/2021\/12\/DSC08858-682x1024.jpg 682w, https:\/\/maciaszki.pl\/wp-content\/uploads\/2021\/12\/DSC08858-200x300.jpg 200w, https:\/\/maciaszki.pl\/wp-content\/uploads\/2021\/12\/DSC08858-768x1153.jpg 768w, https:\/\/maciaszki.pl\/wp-content\/uploads\/2021\/12\/DSC08858-1023x1536.jpg 1023w, https:\/\/maciaszki.pl\/wp-content\/uploads\/2021\/12\/DSC08858-1364x2048.jpg 1364w, https:\/\/maciaszki.pl\/wp-content\/uploads\/2021\/12\/DSC08858.jpg 1615w\" sizes=\"(max-width: 599px) 100vw, 599px\" \/><\/a><figcaption><em> Charakterystyczne, widoczne z daleka kominy ruin elektrowni w Eisenh\u00fcttenstadt <\/em><\/figcaption><\/figure>\n\n\n\n<p class=\"has-small-font-size\">Od rana spieszymy si\u0119 bardziej ni\u017c zwykle \u2013 jeste\u015bmy um\u00f3wieni w Kostrzyniu na przyjacielskie spotkanie. Przy okazji smaczny obiad w restauracji Bastion i objazd twierdzy, a potem znowu wa\u0142y \u2013 r\u00f3wne, proste, nieco monotonne. Miejscowo\u015bci niewiele, po lewej stronie rzeki pola, po prawej \u0142\u0105ki, lasy i rozlewiska. Nad nami zbieraj\u0105 si\u0119 chmury, ale deszcz nam raczej nie grozi. Atrakcj\u0105 na trasie okazuje si\u0119 Most Siekierkowski, imponuj\u0105cy, widoczny z daleka. Wiedzieli\u015bmy, \u017ce ma nim prowadzi\u0107 \u015bcie\u017cka rowerowa, ale nie przysz\u0142o nam do g\u0142owy, \u017ce ju\u017c jest otwarta. Z pewno\u015bci\u0105 by\u015bmy j\u0105 wypr\u00f3bowali. Niestety, na naszej trasie nie by\u0142o \u017cadnych oznacze\u0144 informuj\u0105cych o mo\u017cliwo\u015bci przejazdu przez most.<\/p>\n\n\n\n<figure class=\"wp-block-image size-large\"><a href=\"https:\/\/maciaszki.pl\/wp-content\/uploads\/2021\/12\/20210801_190407.jpg\"><img loading=\"lazy\" width=\"1024\" height=\"768\" src=\"https:\/\/maciaszki.pl\/wp-content\/uploads\/2021\/12\/20210801_190407-1024x768.jpg\" alt=\"\" class=\"wp-image-3663\" srcset=\"https:\/\/maciaszki.pl\/wp-content\/uploads\/2021\/12\/20210801_190407-1024x768.jpg 1024w, https:\/\/maciaszki.pl\/wp-content\/uploads\/2021\/12\/20210801_190407-300x225.jpg 300w, https:\/\/maciaszki.pl\/wp-content\/uploads\/2021\/12\/20210801_190407-768x576.jpg 768w, https:\/\/maciaszki.pl\/wp-content\/uploads\/2021\/12\/20210801_190407-1536x1152.jpg 1536w, https:\/\/maciaszki.pl\/wp-content\/uploads\/2021\/12\/20210801_190407.jpg 2000w\" sizes=\"(max-width: 706px) 89vw, (max-width: 767px) 82vw, 740px\" \/><\/a><figcaption><em>Most siekierkowski, teraz \u015bcie\u017cka pieszo &#8211; rowerowa, fragment trasy Neur\u00fcdnitz-Siekierki<\/em><\/figcaption><\/figure>\n\n\n\n<p class=\"has-small-font-size\">Z baz\u0105 noclegow\u0105 nie jest tu za dobrze. Kemping\u00f3w w\u0142a\u015bciwie nie ma, a \u017ce zbli\u017ca si\u0119 wiecz\u00f3r i na liczniku kilometr\u00f3w sporo, decydujemy si\u0119 rozbi\u0107 namiot na dziko. Znajdujemy \u0142\u0105k\u0119 os\u0142oni\u0119t\u0105 od trasy pasem drzew. Wieczorem przychodz\u0105 sarny, kt\u00f3re szczekaj\u0105 zaniepokojone obecno\u015bci\u0105 intruz\u00f3w. Oszcz\u0119dnie dzielimy skromne zapasy wody. Jest cicho i przytulnie, zdecydowanie lepiej ni\u017c w pensjonacie w S\u0142ubicach. A ju\u017c wczesnym rankiem pojawiaj\u0105 si\u0119 pierwsi rowerzy\u015bci. Pozdrawiamy si\u0119 z u\u015bmiechem &#8211; oni energicznie na rowerach, my leniwie przy romantycznym \u015bniadaniu.<\/p>\n\n\n\n<figure class=\"wp-block-image size-large\"><a href=\"https:\/\/maciaszki.pl\/wp-content\/uploads\/2021\/12\/DSC08889-scaled.jpg\"><img loading=\"lazy\" width=\"1024\" height=\"683\" src=\"https:\/\/maciaszki.pl\/wp-content\/uploads\/2021\/12\/DSC08889-1024x683.jpg\" alt=\"\" class=\"wp-image-3667\" srcset=\"https:\/\/maciaszki.pl\/wp-content\/uploads\/2021\/12\/DSC08889-1024x683.jpg 1024w, https:\/\/maciaszki.pl\/wp-content\/uploads\/2021\/12\/DSC08889-300x200.jpg 300w, https:\/\/maciaszki.pl\/wp-content\/uploads\/2021\/12\/DSC08889-768x512.jpg 768w, https:\/\/maciaszki.pl\/wp-content\/uploads\/2021\/12\/DSC08889-1536x1024.jpg 1536w, https:\/\/maciaszki.pl\/wp-content\/uploads\/2021\/12\/DSC08889-2048x1365.jpg 2048w\" sizes=\"(max-width: 706px) 89vw, (max-width: 767px) 82vw, 740px\" \/><\/a><figcaption><em>Nasz pierwszy nocleg na dziko<\/em><\/figcaption><\/figure>\n\n\n\n<p class=\"has-small-font-size\">Ostatni dzie\u0144 wzd\u0142u\u017c Odry. Przeje\u017cd\u017camy na polsk\u0105 stron\u0119 do Osipowa. Napotkani rowerzy\u015bci opowiadaj\u0105 nam o niewielkim kempingu, kt\u00f3ry znajduje si\u0119 w pobli\u017cu granicy. Miejsce jest darmowe, z mo\u017cliwo\u015bci\u0105 korzystania z toalet znajduj\u0105cych si\u0119 na pobliskiej stacji benzynowej. Szybko wracamy na stron\u0119 niemieck\u0105, uciekaj\u0105c przed brzydot\u0105 targowisk. Schwed, Gartz i Mescherin to miejscowo\u015bci dobrze znane mieszka\u0144com Szczecina ch\u0119tnie odwiedzaj\u0105cym te okolice. Wielu zdecydowa\u0142o si\u0119 na to, by zamieszka\u0107 po lewej stronie Odry, korzystaj\u0105c z niskich cen nieruchomo\u015bci na peryferiach by\u0142ego NRD.<\/p>\n\n\n\n<figure class=\"wp-block-image size-large is-resized\"><a href=\"https:\/\/maciaszki.pl\/wp-content\/uploads\/2021\/12\/DSC08928-scaled.jpg\"><img loading=\"lazy\" src=\"https:\/\/maciaszki.pl\/wp-content\/uploads\/2021\/12\/DSC08928-683x1024.jpg\" alt=\"\" class=\"wp-image-3668\" width=\"556\" height=\"833\" srcset=\"https:\/\/maciaszki.pl\/wp-content\/uploads\/2021\/12\/DSC08928-683x1024.jpg 683w, https:\/\/maciaszki.pl\/wp-content\/uploads\/2021\/12\/DSC08928-200x300.jpg 200w, https:\/\/maciaszki.pl\/wp-content\/uploads\/2021\/12\/DSC08928-768x1152.jpg 768w, https:\/\/maciaszki.pl\/wp-content\/uploads\/2021\/12\/DSC08928-1024x1536.jpg 1024w, https:\/\/maciaszki.pl\/wp-content\/uploads\/2021\/12\/DSC08928-1365x2048.jpg 1365w, https:\/\/maciaszki.pl\/wp-content\/uploads\/2021\/12\/DSC08928-scaled.jpg 1707w\" sizes=\"(max-width: 556px) 100vw, 556px\" \/><\/a><figcaption><em>Gartz &#8211; ko\u015bci\u00f3\u0142 \u015bw. Szczepana zbudowany na prze\u0142omie XIII i XIV wieku w stylu gotyckim, murowany. Zniszczony w 1945 r., zachowany ch\u00f3r i transept. Pozostawiony w formie trwa\u0142ej ruiny.<\/em><\/figcaption><\/figure>\n\n\n\n<p class=\"has-small-font-size\">Gdy docieramy do Gartz, wpadamy na pomys\u0142, by wykorzysta\u0107 okazj\u0119 i zobaczy\u0107 Krzywy Las. Tyle razy czytali\u015bmy o nim i ogl\u0105dali\u015bmy fotografie, \u017ce trudno by\u0142oby przejecha\u0107 obok. Mostem w Mescherin, a w\u0142a\u015bciwie dwoma, przeje\u017cd\u017camy na polsk\u0105 stron\u0119. Droga do Gryfina jest brukowana i bardzo wyboista, obok niej r\u00f3wnie wyboista \u015bcie\u017cka wy\u0142o\u017cona kostk\u0105. Do Krzywego Lasu trzeba jecha\u0107 drog\u0105 samochodow\u0105 o bardzo nasilonym ruchu. <\/p>\n\n\n\n<figure class=\"wp-block-image size-large\"><a href=\"https:\/\/maciaszki.pl\/wp-content\/uploads\/2021\/12\/DSC08944-1-scaled.jpg\"><img loading=\"lazy\" width=\"1024\" height=\"683\" src=\"https:\/\/maciaszki.pl\/wp-content\/uploads\/2021\/12\/DSC08944-1-1024x683.jpg\" alt=\"\" class=\"wp-image-3742\" srcset=\"https:\/\/maciaszki.pl\/wp-content\/uploads\/2021\/12\/DSC08944-1-1024x683.jpg 1024w, https:\/\/maciaszki.pl\/wp-content\/uploads\/2021\/12\/DSC08944-1-300x200.jpg 300w, https:\/\/maciaszki.pl\/wp-content\/uploads\/2021\/12\/DSC08944-1-768x512.jpg 768w, https:\/\/maciaszki.pl\/wp-content\/uploads\/2021\/12\/DSC08944-1-1536x1024.jpg 1536w, https:\/\/maciaszki.pl\/wp-content\/uploads\/2021\/12\/DSC08944-1-2048x1365.jpg 2048w\" sizes=\"(max-width: 706px) 89vw, (max-width: 767px) 82vw, 740px\" \/><\/a><figcaption><em>Krzywy Las<\/em><\/figcaption><\/figure>\n\n\n\n<p class=\"has-small-font-size\">Wreszcie sam Krzywy Las \u2013 zdecydowanie przereklamowany. Prowadzi do niego piaszczysta, za\u015bmiecona \u015bcie\u017cka, a las jest zadeptany. Nie pomagaj\u0105 pro\u015bby na tablicach \u2013 kto mo\u017ce, a byli\u015bmy tego \u015bwiadkami, wchodzi na pochylone drzewa i skacze z nich. Jacy\u015b ch\u0142opcy, zreszt\u0105 pod opiek\u0105 rodzic\u00f3w, kopali w pnie, sprawdzaj\u0105c wytrzyma\u0142o\u015b\u0107 kory. T\u0105 sam\u0105 tras\u0105 wracamy do Gryfina. Troch\u0119 kr\u0119cimy si\u0119 po urokliwym centrum. Czas pomy\u015ble\u0107 o noclegu. Na pewno mijali\u015bmy kemping w Mescherin, ale postanawiamy zosta\u0107 w Gryfinie. I tu zaczynaj\u0105 si\u0119 problemy.<\/p>\n\n\n\n<figure class=\"wp-block-gallery columns-2 is-cropped\"><ul class=\"blocks-gallery-grid\"><li class=\"blocks-gallery-item\"><figure><a href=\"https:\/\/maciaszki.pl\/wp-content\/uploads\/2021\/12\/DSC08955-683x1024.jpg\"><img loading=\"lazy\" width=\"683\" height=\"1024\" src=\"https:\/\/maciaszki.pl\/wp-content\/uploads\/2021\/12\/DSC08955-683x1024.jpg\" alt=\"\" data-id=\"3669\" class=\"wp-image-3669\" srcset=\"https:\/\/maciaszki.pl\/wp-content\/uploads\/2021\/12\/DSC08955-683x1024.jpg 683w, https:\/\/maciaszki.pl\/wp-content\/uploads\/2021\/12\/DSC08955-200x300.jpg 200w, https:\/\/maciaszki.pl\/wp-content\/uploads\/2021\/12\/DSC08955-768x1152.jpg 768w, https:\/\/maciaszki.pl\/wp-content\/uploads\/2021\/12\/DSC08955-1024x1536.jpg 1024w, https:\/\/maciaszki.pl\/wp-content\/uploads\/2021\/12\/DSC08955-1365x2048.jpg 1365w, https:\/\/maciaszki.pl\/wp-content\/uploads\/2021\/12\/DSC08955-scaled.jpg 1707w\" sizes=\"(max-width: 683px) 100vw, 683px\" \/><\/a><\/figure><\/li><li class=\"blocks-gallery-item\"><figure><a href=\"https:\/\/maciaszki.pl\/wp-content\/uploads\/2021\/12\/DSC08960-1024x683.jpg\"><img loading=\"lazy\" width=\"1024\" height=\"683\" src=\"https:\/\/maciaszki.pl\/wp-content\/uploads\/2021\/12\/DSC08960-1024x683.jpg\" alt=\"\" data-id=\"3670\" data-link=\"https:\/\/maciaszki.pl\/?attachment_id=3670\" class=\"wp-image-3670\" srcset=\"https:\/\/maciaszki.pl\/wp-content\/uploads\/2021\/12\/DSC08960-1024x683.jpg 1024w, https:\/\/maciaszki.pl\/wp-content\/uploads\/2021\/12\/DSC08960-300x200.jpg 300w, https:\/\/maciaszki.pl\/wp-content\/uploads\/2021\/12\/DSC08960-768x512.jpg 768w, https:\/\/maciaszki.pl\/wp-content\/uploads\/2021\/12\/DSC08960-1536x1024.jpg 1536w, https:\/\/maciaszki.pl\/wp-content\/uploads\/2021\/12\/DSC08960-2048x1365.jpg 2048w\" sizes=\"(max-width: 706px) 89vw, (max-width: 767px) 82vw, 740px\" \/><\/a><\/figure><\/li><\/ul><figcaption class=\"blocks-gallery-caption\">Gryfino &#8211; Brama Ba\u0144ska \u2013 wybudowana w XIV wieku i Ko\u015bci\u00f3\u0142 Narodzenia NMP z XIII w. <\/figcaption><\/figure>\n\n\n\n<p class=\"has-small-font-size\">Informacje o tym, \u017ce w Gryfinie jest kemping, znale\u017ali\u015bmy wcze\u015bniej w internecie. Przeje\u017cd\u017caj\u0105c przez most tu\u017c za granic\u0105 widzieli\u015bmy tabliczk\u0119, kieruj\u0105c\u0105 na pole namiotowe: strza\u0142ka i 200m. Jedziemy. Oczywi\u015bcie bruk taki sam wyboisty, jak poprzednio. Tabliczka jest, ale \u017cadnego miejsca na namioty nie ma. Kto j\u0105 postawi\u0142 i dlaczego? Problem z zasi\u0119giem, ale wreszcie znajdujemy numer telefonu. Tak, kemping jest, w OSiRze w samym centrum Gryfina. Jeszcze raz ten sam wyboisty bruk. Na polu namiotowym trawka, cisza i spok\u00f3j. Jeden rowerzysta w male\u0144kim namiocie, jeden kamper z Holandii. I by\u0142oby \u015bwietnie, gdyby nie zaplecze sanitarne. Toaleta jak z czas\u00f3w g\u0142\u0119bokiego PRL-u. Ohyda.<\/p>\n\n\n\n<figure class=\"wp-block-image size-large\"><a href=\"https:\/\/maciaszki.pl\/wp-content\/uploads\/2021\/12\/DSC08968-scaled.jpg\"><img loading=\"lazy\" width=\"1024\" height=\"683\" src=\"https:\/\/maciaszki.pl\/wp-content\/uploads\/2021\/12\/DSC08968-1024x683.jpg\" alt=\"\" class=\"wp-image-3671\" srcset=\"https:\/\/maciaszki.pl\/wp-content\/uploads\/2021\/12\/DSC08968-1024x683.jpg 1024w, https:\/\/maciaszki.pl\/wp-content\/uploads\/2021\/12\/DSC08968-300x200.jpg 300w, https:\/\/maciaszki.pl\/wp-content\/uploads\/2021\/12\/DSC08968-768x512.jpg 768w, https:\/\/maciaszki.pl\/wp-content\/uploads\/2021\/12\/DSC08968-1536x1024.jpg 1536w, https:\/\/maciaszki.pl\/wp-content\/uploads\/2021\/12\/DSC08968-2048x1365.jpg 2048w\" sizes=\"(max-width: 706px) 89vw, (max-width: 767px) 82vw, 740px\" \/><\/a><figcaption><em>Wie\u017ca widokowa w Mescherin, ostatni rzut oka na Odr\u0119. Odbijamy od niej w kierunku na Rugi\u0119<\/em> <em>rozpoczynaj\u0105c drugi etap wyprawy &#8222;Nysa Odra Rugia Uznam &#8211; rowery 2021&#8221;<\/em><\/figcaption><\/figure>\n\n\n\n<p class=\"has-small-font-size\">Na dzie\u0144 dobry jeszcze raz bruk. Znamy go ju\u017c na pami\u0119\u0107. Zaraz za mostem po stronie niemieckiej zbaczamy do wie\u017cy widokowej, z kt\u00f3rej roztacza si\u0119 rozleg\u0142a panorama. Na bardzo podobn\u0105 wspinali\u015bmy si\u0119 w St\u00fctzkow przed Schwedt. Tutaj rozstajemy si\u0119 na dobre z Odr\u0105.<\/p>\n\n\n\n<h4><strong>Nowe krajobrazy Meklemburgii<\/strong><\/h4>\n\n\n\n<p class=\"has-small-font-size\">Jedziemy przez bardzo rolnicze tereny Meklemburgii, mijamy Tantow, Penkun, Krackow i L\u00f6cknitz. Przejazd przez ma\u0142e miejscowo\u015bci to niemal zawsze pr\u00f3ba zaprzyja\u017anienia si\u0119 z historycznymi brukami. W Ramin przed L\u00f6cknitz zatrzymujemy si\u0119 przy ma\u0142ym kamiennym ko\u015bciele pochodz\u0105cym z XIII wieku. Obok znajduj\u0105 si\u0119 stare krzy\u017ce i tablica z nazwiskami poleg\u0142ych w I wojnie \u015bwiatowej, taka jakich wiele w ca\u0142ych Niemczech. Gubimy si\u0119 troch\u0119 w L\u00f6cknitz. Szukamy ruin zamku i wie\u017cy zamkowej, a potem ruszamy na p\u00f3\u0142noc. <\/p>\n\n\n\n<figure class=\"wp-block-image size-large\"><a href=\"https:\/\/maciaszki.pl\/wp-content\/uploads\/2021\/12\/DSC08973.jpg\"><img loading=\"lazy\" width=\"1024\" height=\"683\" src=\"https:\/\/maciaszki.pl\/wp-content\/uploads\/2021\/12\/DSC08973-1024x683.jpg\" alt=\"\" class=\"wp-image-3672\" srcset=\"https:\/\/maciaszki.pl\/wp-content\/uploads\/2021\/12\/DSC08973-1024x683.jpg 1024w, https:\/\/maciaszki.pl\/wp-content\/uploads\/2021\/12\/DSC08973-300x200.jpg 300w, https:\/\/maciaszki.pl\/wp-content\/uploads\/2021\/12\/DSC08973-768x512.jpg 768w, https:\/\/maciaszki.pl\/wp-content\/uploads\/2021\/12\/DSC08973-1536x1025.jpg 1536w, https:\/\/maciaszki.pl\/wp-content\/uploads\/2021\/12\/DSC08973-2048x1366.jpg 2048w\" sizes=\"(max-width: 706px) 89vw, (max-width: 767px) 82vw, 740px\" \/><\/a><figcaption><em>Zamek w Penkun ostateczny kszta\u0142t uzyska\u0142 w 1658 roku po zako\u0144czeniu wojny 30-letniej. Ale brama wjazdowa  pochodzi z oko\u0142o 1300 roku.<\/em><\/figcaption><\/figure>\n\n\n\n<figure class=\"wp-block-gallery columns-3 is-cropped\"><ul class=\"blocks-gallery-grid\"><li class=\"blocks-gallery-item\"><figure><a href=\"https:\/\/maciaszki.pl\/wp-content\/uploads\/2021\/12\/DSC08975-scaled.jpg\"><img loading=\"lazy\" width=\"683\" height=\"1024\" src=\"https:\/\/maciaszki.pl\/wp-content\/uploads\/2021\/12\/DSC08975-683x1024.jpg\" alt=\"\" data-id=\"3673\" data-full-url=\"https:\/\/maciaszki.pl\/wp-content\/uploads\/2021\/12\/DSC08975-scaled.jpg\" data-link=\"https:\/\/maciaszki.pl\/?attachment_id=3673\" class=\"wp-image-3673\" srcset=\"https:\/\/maciaszki.pl\/wp-content\/uploads\/2021\/12\/DSC08975-683x1024.jpg 683w, https:\/\/maciaszki.pl\/wp-content\/uploads\/2021\/12\/DSC08975-200x300.jpg 200w, https:\/\/maciaszki.pl\/wp-content\/uploads\/2021\/12\/DSC08975-768x1152.jpg 768w, https:\/\/maciaszki.pl\/wp-content\/uploads\/2021\/12\/DSC08975-1024x1536.jpg 1024w, https:\/\/maciaszki.pl\/wp-content\/uploads\/2021\/12\/DSC08975-1365x2048.jpg 1365w, https:\/\/maciaszki.pl\/wp-content\/uploads\/2021\/12\/DSC08975-scaled.jpg 1707w\" sizes=\"(max-width: 683px) 100vw, 683px\" \/><\/a><\/figure><\/li><li class=\"blocks-gallery-item\"><figure><a href=\"https:\/\/maciaszki.pl\/wp-content\/uploads\/2021\/12\/DSC08976-scaled.jpg\"><img loading=\"lazy\" width=\"683\" height=\"1024\" src=\"https:\/\/maciaszki.pl\/wp-content\/uploads\/2021\/12\/DSC08976-683x1024.jpg\" alt=\"\" data-id=\"3674\" data-full-url=\"https:\/\/maciaszki.pl\/wp-content\/uploads\/2021\/12\/DSC08976-scaled.jpg\" data-link=\"https:\/\/maciaszki.pl\/?attachment_id=3674\" class=\"wp-image-3674\" srcset=\"https:\/\/maciaszki.pl\/wp-content\/uploads\/2021\/12\/DSC08976-683x1024.jpg 683w, https:\/\/maciaszki.pl\/wp-content\/uploads\/2021\/12\/DSC08976-200x300.jpg 200w, https:\/\/maciaszki.pl\/wp-content\/uploads\/2021\/12\/DSC08976-768x1152.jpg 768w, https:\/\/maciaszki.pl\/wp-content\/uploads\/2021\/12\/DSC08976-1024x1536.jpg 1024w, https:\/\/maciaszki.pl\/wp-content\/uploads\/2021\/12\/DSC08976-1365x2048.jpg 1365w, https:\/\/maciaszki.pl\/wp-content\/uploads\/2021\/12\/DSC08976-scaled.jpg 1707w\" sizes=\"(max-width: 683px) 100vw, 683px\" \/><\/a><\/figure><\/li><li class=\"blocks-gallery-item\"><figure><a href=\"https:\/\/maciaszki.pl\/wp-content\/uploads\/2021\/12\/IMG_20210803_182028165.jpg\"><img loading=\"lazy\" width=\"683\" height=\"1024\" src=\"https:\/\/maciaszki.pl\/wp-content\/uploads\/2021\/12\/IMG_20210803_182028165-683x1024.jpg\" alt=\"\" data-id=\"3675\" data-full-url=\"https:\/\/maciaszki.pl\/wp-content\/uploads\/2021\/12\/IMG_20210803_182028165.jpg\" data-link=\"https:\/\/maciaszki.pl\/?attachment_id=3675\" class=\"wp-image-3675\" srcset=\"https:\/\/maciaszki.pl\/wp-content\/uploads\/2021\/12\/IMG_20210803_182028165-683x1024.jpg 683w, https:\/\/maciaszki.pl\/wp-content\/uploads\/2021\/12\/IMG_20210803_182028165-200x300.jpg 200w, https:\/\/maciaszki.pl\/wp-content\/uploads\/2021\/12\/IMG_20210803_182028165-768x1152.jpg 768w, https:\/\/maciaszki.pl\/wp-content\/uploads\/2021\/12\/IMG_20210803_182028165-1024x1536.jpg 1024w, https:\/\/maciaszki.pl\/wp-content\/uploads\/2021\/12\/IMG_20210803_182028165.jpg 1178w\" sizes=\"(max-width: 683px) 100vw, 683px\" \/><\/a><\/figure><\/li><\/ul><figcaption class=\"blocks-gallery-caption\">W \u015bredniowieczu na Pomorzu Przednim ko\u015bcio\u0142y budowano m.in. z cios\u00f3w granitowych. Jeden z najstarszych<br>do dzi\u015b zachowanych znajduje si\u0119 w Ramin niedaleko L\u00f6cknitz.<\/figcaption><\/figure>\n\n\n\n<p><\/p>\n\n\n\n<p class=\"has-small-font-size\">Z Ludwigshof kierujemy si\u0119 na Rieth, a st\u0105d jeszcze raz przekraczamy granic\u0119, by dojecha\u0107 do Nowego Warpna. Niemi\u0142\u0105 niespodziank\u0105 tu\u017c za Rieth okaza\u0142 si\u0119 odcinek drogi z piaskiem po osie. Chyba troch\u0119 pob\u0142\u0105dzili\u015bmy. Za to Warpno \u2013 cudowne! Na kemping wyg\u0142odniali dojechali\u015bmy p\u00f3\u017anym wieczorem, ale mimo zamkni\u0119tego o tej porze baru uda\u0142o si\u0119 jeszcze zorganizowa\u0107 jakie\u015b frytki.<\/p>\n\n\n\n<figure class=\"wp-block-gallery columns-2 is-cropped\"><ul class=\"blocks-gallery-grid\"><li class=\"blocks-gallery-item\"><figure><a href=\"https:\/\/maciaszki.pl\/wp-content\/uploads\/2021\/12\/20210804_101204-682x1024.jpg\"><img loading=\"lazy\" width=\"682\" height=\"1024\" src=\"https:\/\/maciaszki.pl\/wp-content\/uploads\/2021\/12\/20210804_101204-682x1024.jpg\" alt=\"\" data-id=\"3681\" data-link=\"https:\/\/maciaszki.pl\/?attachment_id=3681\" class=\"wp-image-3681\" srcset=\"https:\/\/maciaszki.pl\/wp-content\/uploads\/2021\/12\/20210804_101204-682x1024.jpg 682w, https:\/\/maciaszki.pl\/wp-content\/uploads\/2021\/12\/20210804_101204-200x300.jpg 200w, https:\/\/maciaszki.pl\/wp-content\/uploads\/2021\/12\/20210804_101204-768x1153.jpg 768w, https:\/\/maciaszki.pl\/wp-content\/uploads\/2021\/12\/20210804_101204-1023x1536.jpg 1023w, https:\/\/maciaszki.pl\/wp-content\/uploads\/2021\/12\/20210804_101204.jpg 1286w\" sizes=\"(max-width: 682px) 100vw, 682px\" \/><\/a><\/figure><\/li><li class=\"blocks-gallery-item\"><figure><a href=\"https:\/\/maciaszki.pl\/wp-content\/uploads\/2021\/12\/DSC08989-683x1024.jpg\"><img loading=\"lazy\" width=\"683\" height=\"1024\" src=\"https:\/\/maciaszki.pl\/wp-content\/uploads\/2021\/12\/DSC08989-683x1024.jpg\" alt=\"\" data-id=\"3682\" data-link=\"https:\/\/maciaszki.pl\/?attachment_id=3682\" class=\"wp-image-3682\" srcset=\"https:\/\/maciaszki.pl\/wp-content\/uploads\/2021\/12\/DSC08989-683x1024.jpg 683w, https:\/\/maciaszki.pl\/wp-content\/uploads\/2021\/12\/DSC08989-200x300.jpg 200w, https:\/\/maciaszki.pl\/wp-content\/uploads\/2021\/12\/DSC08989-768x1151.jpg 768w, https:\/\/maciaszki.pl\/wp-content\/uploads\/2021\/12\/DSC08989-1025x1536.jpg 1025w, https:\/\/maciaszki.pl\/wp-content\/uploads\/2021\/12\/DSC08989-1366x2048.jpg 1366w, https:\/\/maciaszki.pl\/wp-content\/uploads\/2021\/12\/DSC08989.jpg 1567w\" sizes=\"(max-width: 683px) 100vw, 683px\" \/><\/a><\/figure><\/li><li class=\"blocks-gallery-item\"><figure><a href=\"https:\/\/maciaszki.pl\/wp-content\/uploads\/2021\/12\/DSC09000.jpg\"><img loading=\"lazy\" width=\"1024\" height=\"683\" src=\"https:\/\/maciaszki.pl\/wp-content\/uploads\/2021\/12\/DSC09000-1024x683.jpg\" alt=\"\" data-id=\"3683\" data-full-url=\"https:\/\/maciaszki.pl\/wp-content\/uploads\/2021\/12\/DSC09000.jpg\" data-link=\"https:\/\/maciaszki.pl\/?attachment_id=3683\" class=\"wp-image-3683\" srcset=\"https:\/\/maciaszki.pl\/wp-content\/uploads\/2021\/12\/DSC09000-1024x683.jpg 1024w, https:\/\/maciaszki.pl\/wp-content\/uploads\/2021\/12\/DSC09000-300x200.jpg 300w, https:\/\/maciaszki.pl\/wp-content\/uploads\/2021\/12\/DSC09000-768x513.jpg 768w, https:\/\/maciaszki.pl\/wp-content\/uploads\/2021\/12\/DSC09000-1536x1025.jpg 1536w, https:\/\/maciaszki.pl\/wp-content\/uploads\/2021\/12\/DSC09000-2048x1367.jpg 2048w\" sizes=\"(max-width: 706px) 89vw, (max-width: 767px) 82vw, 740px\" \/><\/a><figcaption class=\"blocks-gallery-item__caption\">Ratusz o konstrukcji ryglowej, z 1697.<\/figcaption><\/figure><\/li><\/ul><figcaption class=\"blocks-gallery-caption\">Nowe Warpno<\/figcaption><\/figure>\n\n\n\n<p class=\"has-small-font-size\">Od rana rowerowa przeja\u017cd\u017cka po Nowym Warpnie. Jest s\u0142onecznie, ale ch\u0142odno. Na ulicach pusto. Miasteczko jest wyj\u0105tkowo malownicze, stare, zadbane, o ciekawej historii. Alej\u0105 \u017beglarzy przechodzimy na nabrze\u017ce i starym, niemieckim kutrem rybackim przep\u0142ywamy do Altwarp (16 z\u0142\/os. + 16 z\u0142\/rower). Tu zn\u00f3w gubimy si\u0119 przez fatalne i myl\u0105ce oznaczenia trasy. Za to dalej malownicza le\u015bna \u015bcie\u017cka. Jedziemy na zach\u00f3d wzd\u0142u\u017c Zalewu Szczeci\u0144skiego, doje\u017cd\u017caj\u0105c do trasy rowerowej, kt\u00f3r\u0105 porzucili\u015bmy poprzedniego dnia. <\/p>\n\n\n\n<figure class=\"wp-block-image size-large is-resized\"><a href=\"https:\/\/maciaszki.pl\/wp-content\/uploads\/2021\/12\/20210804_102208.jpg\"><img loading=\"lazy\" src=\"https:\/\/maciaszki.pl\/wp-content\/uploads\/2021\/12\/20210804_102208-766x1024.jpg\" alt=\"\" class=\"wp-image-3684\" width=\"519\" height=\"693\" srcset=\"https:\/\/maciaszki.pl\/wp-content\/uploads\/2021\/12\/20210804_102208-766x1024.jpg 766w, https:\/\/maciaszki.pl\/wp-content\/uploads\/2021\/12\/20210804_102208-224x300.jpg 224w, https:\/\/maciaszki.pl\/wp-content\/uploads\/2021\/12\/20210804_102208-768x1027.jpg 768w, https:\/\/maciaszki.pl\/wp-content\/uploads\/2021\/12\/20210804_102208-1149x1536.jpg 1149w, https:\/\/maciaszki.pl\/wp-content\/uploads\/2021\/12\/20210804_102208.jpg 1496w\" sizes=\"(max-width: 519px) 100vw, 519px\" \/><\/a><figcaption><em>Do Starego Warpna (Altwarp) po drugiej stronie granicy i zatoki dostaniemy si\u0119 kutrem rybackim przysposobionym do przewozu turyst\u00f3w<\/em><\/figcaption><\/figure>\n\n\n\n<p class=\"has-small-font-size\">Mijamy Ueckerm\u00fcnde, \u0142adne wakacyjne miasteczko z pla\u017c\u0105 pe\u0142n\u0105 ludzi. W Bugewitz okazuje si\u0119 jednak, \u017ce trasa do Anklam wzd\u0142u\u017c zalewu jest z jakiego\u015b powodu zamkni\u0119ta. Przypadkowo spotkani rowerzy\u015bci radz\u0105, by kierowa\u0107 si\u0119 na zach\u00f3d. Trudno powiedzie\u0107, czy zrobili\u015bmy dobrze. Na mapie s\u0105 tu wprawdzie zaznaczone \u015bcie\u017cki rowerowe, ale trasa prowadzi ma\u0142o ruchliwymi drogami publicznymi, w\u015br\u00f3d p\u00f3l uprawnych, przez nieciekawe wsie, w dodatku zwykle brukowane. Znu\u017ceni i zm\u0119czeni decydujemy si\u0119 na nocleg na dziko, zw\u0142aszcza \u017ce na nic innego nie mo\u017cemy liczy\u0107. P\u00f3ki co mamy drog\u0119 wysypan\u0105 ostrym t\u0142uczniem. Wreszcie trafiamy na rozleg\u0142\u0105 \u0142\u0105k\u0119 os\u0142oni\u0119t\u0105 drzewami. Zn\u00f3w towarzysz\u0105 nam ciekawskie sarny.<\/p>\n\n\n\n<figure class=\"wp-block-image size-large\"><a href=\"https:\/\/maciaszki.pl\/wp-content\/uploads\/2021\/12\/DSC09042-scaled.jpg\"><img loading=\"lazy\" width=\"1024\" height=\"683\" src=\"https:\/\/maciaszki.pl\/wp-content\/uploads\/2021\/12\/DSC09042-1024x683.jpg\" alt=\"\" class=\"wp-image-3685\" srcset=\"https:\/\/maciaszki.pl\/wp-content\/uploads\/2021\/12\/DSC09042-1024x683.jpg 1024w, https:\/\/maciaszki.pl\/wp-content\/uploads\/2021\/12\/DSC09042-300x200.jpg 300w, https:\/\/maciaszki.pl\/wp-content\/uploads\/2021\/12\/DSC09042-768x512.jpg 768w, https:\/\/maciaszki.pl\/wp-content\/uploads\/2021\/12\/DSC09042-1536x1024.jpg 1536w, https:\/\/maciaszki.pl\/wp-content\/uploads\/2021\/12\/DSC09042-2048x1365.jpg 2048w\" sizes=\"(max-width: 706px) 89vw, (max-width: 767px) 82vw, 740px\" \/><\/a><figcaption><em> Urokliwe miasteczko Ueckerm\u00fcnde <\/em><\/figcaption><\/figure>\n\n\n\n<p class=\"has-small-font-size\"><\/p>\n\n\n\n<figure class=\"wp-block-gallery columns-2 is-cropped\"><ul class=\"blocks-gallery-grid\"><li class=\"blocks-gallery-item\"><figure><a href=\"https:\/\/maciaszki.pl\/wp-content\/uploads\/2021\/12\/DSC09046-scaled.jpg\"><img loading=\"lazy\" width=\"683\" height=\"1024\" src=\"https:\/\/maciaszki.pl\/wp-content\/uploads\/2021\/12\/DSC09046-683x1024.jpg\" alt=\"\" data-id=\"3686\" data-full-url=\"https:\/\/maciaszki.pl\/wp-content\/uploads\/2021\/12\/DSC09046-scaled.jpg\" data-link=\"https:\/\/maciaszki.pl\/?attachment_id=3686\" class=\"wp-image-3686\" srcset=\"https:\/\/maciaszki.pl\/wp-content\/uploads\/2021\/12\/DSC09046-683x1024.jpg 683w, https:\/\/maciaszki.pl\/wp-content\/uploads\/2021\/12\/DSC09046-200x300.jpg 200w, https:\/\/maciaszki.pl\/wp-content\/uploads\/2021\/12\/DSC09046-768x1152.jpg 768w, https:\/\/maciaszki.pl\/wp-content\/uploads\/2021\/12\/DSC09046-1024x1536.jpg 1024w, https:\/\/maciaszki.pl\/wp-content\/uploads\/2021\/12\/DSC09046-1365x2048.jpg 1365w, https:\/\/maciaszki.pl\/wp-content\/uploads\/2021\/12\/DSC09046-scaled.jpg 1707w\" sizes=\"(max-width: 683px) 100vw, 683px\" \/><\/a><\/figure><\/li><li class=\"blocks-gallery-item\"><figure><a href=\"https:\/\/maciaszki.pl\/wp-content\/uploads\/2021\/12\/DSC09055.jpg\"><img loading=\"lazy\" width=\"681\" height=\"1024\" src=\"https:\/\/maciaszki.pl\/wp-content\/uploads\/2021\/12\/DSC09055-681x1024.jpg\" alt=\"\" data-id=\"3687\" data-full-url=\"https:\/\/maciaszki.pl\/wp-content\/uploads\/2021\/12\/DSC09055.jpg\" data-link=\"https:\/\/maciaszki.pl\/?attachment_id=3687\" class=\"wp-image-3687\" srcset=\"https:\/\/maciaszki.pl\/wp-content\/uploads\/2021\/12\/DSC09055-681x1024.jpg 681w, https:\/\/maciaszki.pl\/wp-content\/uploads\/2021\/12\/DSC09055-200x300.jpg 200w, https:\/\/maciaszki.pl\/wp-content\/uploads\/2021\/12\/DSC09055-768x1154.jpg 768w, https:\/\/maciaszki.pl\/wp-content\/uploads\/2021\/12\/DSC09055-1022x1536.jpg 1022w, https:\/\/maciaszki.pl\/wp-content\/uploads\/2021\/12\/DSC09055-1363x2048.jpg 1363w, https:\/\/maciaszki.pl\/wp-content\/uploads\/2021\/12\/DSC09055.jpg 1545w\" sizes=\"(max-width: 681px) 100vw, 681px\" \/><\/a><\/figure><\/li><\/ul><figcaption class=\"blocks-gallery-caption\">Anklam &#8211; Steintor (Kamienna Brama) pochodz\u0105ca z XIII w. i ko\u015bci\u00f3\u0142 \u015bw. Miko\u0142aja, kt\u00f3rego budow\u0119 rozpocz\u0119to oko\u0142o 1280 r..<\/figcaption><\/figure>\n\n\n\n<p class=\"has-small-font-size\"> <\/p>\n\n\n\n<figure class=\"wp-block-image size-large\"><a href=\"https:\/\/maciaszki.pl\/wp-content\/uploads\/2021\/12\/IMG_20210805_073659756.jpg\"><img loading=\"lazy\" width=\"682\" height=\"1024\" src=\"https:\/\/maciaszki.pl\/wp-content\/uploads\/2021\/12\/IMG_20210805_073659756-682x1024.jpg\" alt=\"\" class=\"wp-image-3692\" srcset=\"https:\/\/maciaszki.pl\/wp-content\/uploads\/2021\/12\/IMG_20210805_073659756-682x1024.jpg 682w, https:\/\/maciaszki.pl\/wp-content\/uploads\/2021\/12\/IMG_20210805_073659756-200x300.jpg 200w, https:\/\/maciaszki.pl\/wp-content\/uploads\/2021\/12\/IMG_20210805_073659756-768x1152.jpg 768w, https:\/\/maciaszki.pl\/wp-content\/uploads\/2021\/12\/IMG_20210805_073659756-1024x1536.jpg 1024w, https:\/\/maciaszki.pl\/wp-content\/uploads\/2021\/12\/IMG_20210805_073659756.jpg 1095w\" sizes=\"(max-width: 682px) 100vw, 682px\" \/><\/a><figcaption><em>Nasz nocleg na \u0142\u0105ce przed Griefswaldem<\/em><\/figcaption><\/figure>\n\n\n\n<p class=\"has-small-font-size\">Rano zwijamy mokry namiot i wcze\u015bniej ni\u017c zwykle ruszamy w drog\u0119. Jedziemy wprost do centrum Greifswaldu. Greifswald to stare miasto hanzeatyckie, co t\u0142umaczy jego bogat\u0105, pi\u0119kn\u0105 zabudow\u0119. Przechadzamy si\u0119 w\u015br\u00f3d stragan\u00f3w na rynku, podziwiamy niezwyk\u0142e kamieniczki, zagl\u0105damy do trzech ko\u015bcio\u0142\u00f3w, w\u0119drujemy ulicami starego miasta. <\/p>\n\n\n\n<figure class=\"wp-block-gallery columns-2 is-cropped\"><ul class=\"blocks-gallery-grid\"><li class=\"blocks-gallery-item\"><figure><a href=\"https:\/\/maciaszki.pl\/wp-content\/uploads\/2021\/12\/DSC09079-683x1024.jpg\"><img loading=\"lazy\" width=\"683\" height=\"1024\" src=\"https:\/\/maciaszki.pl\/wp-content\/uploads\/2021\/12\/DSC09079-683x1024.jpg\" alt=\"\" data-id=\"3688\" data-link=\"https:\/\/maciaszki.pl\/?attachment_id=3688\" class=\"wp-image-3688\" srcset=\"https:\/\/maciaszki.pl\/wp-content\/uploads\/2021\/12\/DSC09079-683x1024.jpg 683w, https:\/\/maciaszki.pl\/wp-content\/uploads\/2021\/12\/DSC09079-200x300.jpg 200w, https:\/\/maciaszki.pl\/wp-content\/uploads\/2021\/12\/DSC09079-768x1152.jpg 768w, https:\/\/maciaszki.pl\/wp-content\/uploads\/2021\/12\/DSC09079-1024x1536.jpg 1024w, https:\/\/maciaszki.pl\/wp-content\/uploads\/2021\/12\/DSC09079-1365x2048.jpg 1365w, https:\/\/maciaszki.pl\/wp-content\/uploads\/2021\/12\/DSC09079-scaled.jpg 1707w\" sizes=\"(max-width: 683px) 100vw, 683px\" \/><\/a><\/figure><\/li><li class=\"blocks-gallery-item\"><figure><a href=\"https:\/\/maciaszki.pl\/wp-content\/uploads\/2021\/12\/DSC09083-682x1024.jpg\"><img loading=\"lazy\" width=\"682\" height=\"1024\" src=\"https:\/\/maciaszki.pl\/wp-content\/uploads\/2021\/12\/DSC09083-682x1024.jpg\" alt=\"\" data-id=\"3689\" data-link=\"https:\/\/maciaszki.pl\/?attachment_id=3689\" class=\"wp-image-3689\" srcset=\"https:\/\/maciaszki.pl\/wp-content\/uploads\/2021\/12\/DSC09083-682x1024.jpg 682w, https:\/\/maciaszki.pl\/wp-content\/uploads\/2021\/12\/DSC09083-200x300.jpg 200w, https:\/\/maciaszki.pl\/wp-content\/uploads\/2021\/12\/DSC09083-768x1153.jpg 768w, https:\/\/maciaszki.pl\/wp-content\/uploads\/2021\/12\/DSC09083-1024x1536.jpg 1024w, https:\/\/maciaszki.pl\/wp-content\/uploads\/2021\/12\/DSC09083-1365x2048.jpg 1365w, https:\/\/maciaszki.pl\/wp-content\/uploads\/2021\/12\/DSC09083.jpg 1476w\" sizes=\"(max-width: 682px) 100vw, 682px\" \/><\/a><\/figure><\/li><li class=\"blocks-gallery-item\"><figure><a href=\"https:\/\/maciaszki.pl\/wp-content\/uploads\/2021\/12\/DSC09085.jpg\"><img loading=\"lazy\" width=\"1024\" height=\"683\" src=\"https:\/\/maciaszki.pl\/wp-content\/uploads\/2021\/12\/DSC09085-1024x683.jpg\" alt=\"\" data-id=\"3690\" data-full-url=\"https:\/\/maciaszki.pl\/wp-content\/uploads\/2021\/12\/DSC09085.jpg\" data-link=\"https:\/\/maciaszki.pl\/?attachment_id=3690\" class=\"wp-image-3690\" srcset=\"https:\/\/maciaszki.pl\/wp-content\/uploads\/2021\/12\/DSC09085-1024x683.jpg 1024w, https:\/\/maciaszki.pl\/wp-content\/uploads\/2021\/12\/DSC09085-300x200.jpg 300w, https:\/\/maciaszki.pl\/wp-content\/uploads\/2021\/12\/DSC09085-768x512.jpg 768w, https:\/\/maciaszki.pl\/wp-content\/uploads\/2021\/12\/DSC09085-1536x1024.jpg 1536w, https:\/\/maciaszki.pl\/wp-content\/uploads\/2021\/12\/DSC09085-2048x1366.jpg 2048w\" sizes=\"(max-width: 706px) 89vw, (max-width: 767px) 82vw, 740px\" \/><\/a><\/figure><\/li><\/ul><figcaption class=\"blocks-gallery-caption\">Przepi\u0119kne hanzeatyckie miasto Greifswald &#8211; rynek staromiejski<\/figcaption><\/figure>\n\n\n\n<figure class=\"wp-block-gallery columns-2 is-cropped\"><ul class=\"blocks-gallery-grid\"><li class=\"blocks-gallery-item\"><figure><a href=\"https:\/\/maciaszki.pl\/wp-content\/uploads\/2021\/12\/DSC09086.jpg\"><img loading=\"lazy\" width=\"683\" height=\"1024\" src=\"https:\/\/maciaszki.pl\/wp-content\/uploads\/2021\/12\/DSC09086-683x1024.jpg\" alt=\"\" data-id=\"3694\" data-full-url=\"https:\/\/maciaszki.pl\/wp-content\/uploads\/2021\/12\/DSC09086.jpg\" data-link=\"https:\/\/maciaszki.pl\/?attachment_id=3694\" class=\"wp-image-3694\" srcset=\"https:\/\/maciaszki.pl\/wp-content\/uploads\/2021\/12\/DSC09086-683x1024.jpg 683w, https:\/\/maciaszki.pl\/wp-content\/uploads\/2021\/12\/DSC09086-200x300.jpg 200w, https:\/\/maciaszki.pl\/wp-content\/uploads\/2021\/12\/DSC09086-768x1151.jpg 768w, https:\/\/maciaszki.pl\/wp-content\/uploads\/2021\/12\/DSC09086-1025x1536.jpg 1025w, https:\/\/maciaszki.pl\/wp-content\/uploads\/2021\/12\/DSC09086-1366x2048.jpg 1366w, https:\/\/maciaszki.pl\/wp-content\/uploads\/2021\/12\/DSC09086.jpg 1567w\" sizes=\"(max-width: 683px) 100vw, 683px\" \/><\/a><\/figure><\/li><li class=\"blocks-gallery-item\"><figure><a href=\"https:\/\/maciaszki.pl\/wp-content\/uploads\/2021\/12\/DSC09104-1-scaled.jpg\"><img loading=\"lazy\" width=\"683\" height=\"1024\" src=\"https:\/\/maciaszki.pl\/wp-content\/uploads\/2021\/12\/DSC09104-1-683x1024.jpg\" alt=\"\" data-id=\"3695\" data-full-url=\"https:\/\/maciaszki.pl\/wp-content\/uploads\/2021\/12\/DSC09104-1-scaled.jpg\" data-link=\"https:\/\/maciaszki.pl\/?attachment_id=3695\" class=\"wp-image-3695\" srcset=\"https:\/\/maciaszki.pl\/wp-content\/uploads\/2021\/12\/DSC09104-1-683x1024.jpg 683w, https:\/\/maciaszki.pl\/wp-content\/uploads\/2021\/12\/DSC09104-1-200x300.jpg 200w, https:\/\/maciaszki.pl\/wp-content\/uploads\/2021\/12\/DSC09104-1-768x1152.jpg 768w, https:\/\/maciaszki.pl\/wp-content\/uploads\/2021\/12\/DSC09104-1-1024x1536.jpg 1024w, https:\/\/maciaszki.pl\/wp-content\/uploads\/2021\/12\/DSC09104-1-1365x2048.jpg 1365w, https:\/\/maciaszki.pl\/wp-content\/uploads\/2021\/12\/DSC09104-1-scaled.jpg 1707w\" sizes=\"(max-width: 683px) 100vw, 683px\" \/><\/a><\/figure><\/li><li class=\"blocks-gallery-item\"><figure><a href=\"https:\/\/maciaszki.pl\/wp-content\/uploads\/2021\/12\/DSC09111-scaled.jpg\"><img loading=\"lazy\" width=\"1024\" height=\"683\" src=\"https:\/\/maciaszki.pl\/wp-content\/uploads\/2021\/12\/DSC09111-1024x683.jpg\" alt=\"\" data-id=\"3696\" data-full-url=\"https:\/\/maciaszki.pl\/wp-content\/uploads\/2021\/12\/DSC09111-scaled.jpg\" data-link=\"https:\/\/maciaszki.pl\/?attachment_id=3696\" class=\"wp-image-3696\" srcset=\"https:\/\/maciaszki.pl\/wp-content\/uploads\/2021\/12\/DSC09111-1024x683.jpg 1024w, https:\/\/maciaszki.pl\/wp-content\/uploads\/2021\/12\/DSC09111-300x200.jpg 300w, https:\/\/maciaszki.pl\/wp-content\/uploads\/2021\/12\/DSC09111-768x512.jpg 768w, https:\/\/maciaszki.pl\/wp-content\/uploads\/2021\/12\/DSC09111-1536x1024.jpg 1536w, https:\/\/maciaszki.pl\/wp-content\/uploads\/2021\/12\/DSC09111-2048x1365.jpg 2048w\" sizes=\"(max-width: 706px) 89vw, (max-width: 767px) 82vw, 740px\" \/><\/a><\/figure><\/li><\/ul><figcaption class=\"blocks-gallery-caption\">Greifswald &#8211; Ko\u015bci\u00f3\u0142 Mariacki zwany Grub\u0105 Mari\u0105  &#8211;  Katedra \u015bw. Miko\u0142aja &#8211; Ko\u015bci\u00f3\u0142 \u015bw. Jakuba &#8211; wszystkie z XIIIw. Bogactwo i pot\u0119ga Hanzy!!!<\/figcaption><\/figure>\n\n\n\n<p class=\"has-small-font-size\">Czas biegnie, a przed nami niema\u0142o kilometr\u00f3w. Jedziemy G\u0142\u00f3wnym Szlakiem Ba\u0142tyckim do Stralsundu. Bruk ci\u0105gnie si\u0119 przez ponad 20 km. To stara droga, obok kt\u00f3rej powsta\u0142a trasa samochodowa. T\u0119 brukowan\u0105 oddano rowerzystom. Wielkie dzi\u0119ki! <\/p>\n\n\n\n<p><\/p>\n\n\n\n<p class=\"has-small-font-size\">Na liczniku kilometr\u00f3w nie za du\u017co, ale jest p\u00f3\u017ano. Obiecujemy sobie, \u017ce zwiedzimy Stralsund w drodze powrotnej, z czego ostatecznie nic nie wysz\u0142o. Kierujemy si\u0119 na stary, zwodzony most, by jak najszybciej przedosta\u0107 si\u0119 na Rugi\u0119.<\/p>\n\n\n\n<figure class=\"wp-block-image size-large\"><a href=\"https:\/\/maciaszki.pl\/wp-content\/uploads\/2021\/12\/DSC09145.jpg\"><img loading=\"lazy\" width=\"1024\" height=\"683\" src=\"https:\/\/maciaszki.pl\/wp-content\/uploads\/2021\/12\/DSC09145-1024x683.jpg\" alt=\"\" class=\"wp-image-3697\" srcset=\"https:\/\/maciaszki.pl\/wp-content\/uploads\/2021\/12\/DSC09145-1024x683.jpg 1024w, https:\/\/maciaszki.pl\/wp-content\/uploads\/2021\/12\/DSC09145-300x200.jpg 300w, https:\/\/maciaszki.pl\/wp-content\/uploads\/2021\/12\/DSC09145-768x512.jpg 768w, https:\/\/maciaszki.pl\/wp-content\/uploads\/2021\/12\/DSC09145-1536x1024.jpg 1536w, https:\/\/maciaszki.pl\/wp-content\/uploads\/2021\/12\/DSC09145.jpg 1999w\" sizes=\"(max-width: 706px) 89vw, (max-width: 767px) 82vw, 740px\" \/><\/a><figcaption><em>Mordercze bruki w drodze do Straslundu<\/em><\/figcaption><\/figure>\n\n\n\n<h4><strong>Przez wietrzn\u0105 Rugi\u0119<\/strong><\/h4>\n\n\n\n<p class=\"has-small-font-size\">Kiedy rozpoczynali\u015bmy nasz\u0105 nadodrza\u0144sk\u0105 tras\u0119, Rugi\u0119 traktowali\u015bmy jako cel mo\u017cliwy, ale nie warunek konieczny. Wiedzieli\u015bmy, \u017ce trzeba jej po\u015bwi\u0119ci\u0107 wi\u0119cej czasu i uwagi. Kiedy jednak perspektywa dotarcia tam sta\u0142 si\u0119 realna, nie wahali\u015bmy si\u0119. Niestety, mieli\u015bmy tylko dwa dni! I mo\u017ce za du\u017co by\u0142o w tym przypadkowo\u015bci i improwizacji wynikaj\u0105cych z niewiedzy.<\/p>\n\n\n\n<figure class=\"wp-block-image size-large is-resized\"><a href=\"https:\/\/maciaszki.pl\/wp-content\/uploads\/2021\/12\/DSC09152.jpg\"><img loading=\"lazy\" src=\"https:\/\/maciaszki.pl\/wp-content\/uploads\/2021\/12\/DSC09152-682x1024.jpg\" alt=\"\" class=\"wp-image-3698\" width=\"571\" height=\"857\" srcset=\"https:\/\/maciaszki.pl\/wp-content\/uploads\/2021\/12\/DSC09152-682x1024.jpg 682w, https:\/\/maciaszki.pl\/wp-content\/uploads\/2021\/12\/DSC09152-200x300.jpg 200w, https:\/\/maciaszki.pl\/wp-content\/uploads\/2021\/12\/DSC09152-768x1153.jpg 768w, https:\/\/maciaszki.pl\/wp-content\/uploads\/2021\/12\/DSC09152-1023x1536.jpg 1023w, https:\/\/maciaszki.pl\/wp-content\/uploads\/2021\/12\/DSC09152-1364x2048.jpg 1364w, https:\/\/maciaszki.pl\/wp-content\/uploads\/2021\/12\/DSC09152.jpg 1658w\" sizes=\"(max-width: 571px) 100vw, 571px\" \/><\/a><figcaption><em>Na Rugi\u0119 dostajemy si\u0119 mostem zwodzonym<\/em><\/figcaption><\/figure>\n\n\n\n<figure class=\"wp-block-image size-large\"><a href=\"https:\/\/maciaszki.pl\/wp-content\/uploads\/2021\/12\/DSC09158.jpg\"><img loading=\"lazy\" width=\"1024\" height=\"683\" src=\"https:\/\/maciaszki.pl\/wp-content\/uploads\/2021\/12\/DSC09158-1024x683.jpg\" alt=\"\" class=\"wp-image-3699\" srcset=\"https:\/\/maciaszki.pl\/wp-content\/uploads\/2021\/12\/DSC09158-1024x683.jpg 1024w, https:\/\/maciaszki.pl\/wp-content\/uploads\/2021\/12\/DSC09158-300x200.jpg 300w, https:\/\/maciaszki.pl\/wp-content\/uploads\/2021\/12\/DSC09158-768x513.jpg 768w, https:\/\/maciaszki.pl\/wp-content\/uploads\/2021\/12\/DSC09158-1536x1025.jpg 1536w, https:\/\/maciaszki.pl\/wp-content\/uploads\/2021\/12\/DSC09158.jpg 2020w\" sizes=\"(max-width: 706px) 89vw, (max-width: 767px) 82vw, 740px\" \/><\/a><figcaption><em>Pierwsze wino wypite na Rugii<\/em><\/figcaption><\/figure>\n\n\n\n<p class=\"has-small-font-size\">Za mostem ruszyli\u015bmy na zach\u00f3d w kierunku Altef\u00e4hr, zak\u0142adaj\u0105c, \u017ce objedziemy znaczn\u0105 cz\u0119\u015b\u0107 wyspy zgodnie z kierunkiem wskaz\u00f3wek zegara. Nie ma tu pla\u017c ani kurort\u00f3w, rowerzyst\u00f3w te\u017c niewielu. Pierwszy nocleg znajdujemy na du\u017cym i raczej ma\u0142o przytulnym kempingu w S<em>\u00fc<\/em>hrendorf. Na Rugii jest ch\u0142odno i wieje, oczywi\u015bcie w oczy. Zatrzymujemy si\u0119 przy \u015bredniowiecznych ko\u015bcio\u0142ach w Gingst i Schaprode. Interesuj\u0105cy wydaje si\u0119 zw\u0142aszcza ten drugi, pod wezwaniem \u015bw. Jana, z zachowanymi elementami roma\u0144skimi. Centralna cz\u0119\u015b\u0107 wyspy to tereny rolnicze, a pejza\u017c wydaje si\u0119 nieco monotonny. <\/p>\n\n\n\n<figure class=\"wp-block-gallery columns-2 is-cropped\"><ul class=\"blocks-gallery-grid\"><li class=\"blocks-gallery-item\"><figure><a href=\"https:\/\/maciaszki.pl\/wp-content\/uploads\/2021\/12\/DSC09182.jpg\"><img loading=\"lazy\" width=\"1024\" height=\"682\" src=\"https:\/\/maciaszki.pl\/wp-content\/uploads\/2021\/12\/DSC09182-1024x682.jpg\" alt=\"\" data-id=\"3702\" data-full-url=\"https:\/\/maciaszki.pl\/wp-content\/uploads\/2021\/12\/DSC09182.jpg\" data-link=\"https:\/\/maciaszki.pl\/?attachment_id=3702\" class=\"wp-image-3702\" srcset=\"https:\/\/maciaszki.pl\/wp-content\/uploads\/2021\/12\/DSC09182-1024x682.jpg 1024w, https:\/\/maciaszki.pl\/wp-content\/uploads\/2021\/12\/DSC09182-300x200.jpg 300w, https:\/\/maciaszki.pl\/wp-content\/uploads\/2021\/12\/DSC09182-768x511.jpg 768w, https:\/\/maciaszki.pl\/wp-content\/uploads\/2021\/12\/DSC09182-1536x1023.jpg 1536w, https:\/\/maciaszki.pl\/wp-content\/uploads\/2021\/12\/DSC09182-2048x1364.jpg 2048w\" sizes=\"(max-width: 706px) 89vw, (max-width: 767px) 82vw, 740px\" \/><\/a><figcaption class=\"blocks-gallery-item__caption\">Takie \u015bcie\u017cki nie by\u0142y regu\u0142\u0105<\/figcaption><\/figure><\/li><li class=\"blocks-gallery-item\"><figure><a href=\"https:\/\/maciaszki.pl\/wp-content\/uploads\/2021\/12\/DSC09183.jpg\"><img loading=\"lazy\" width=\"681\" height=\"1024\" src=\"https:\/\/maciaszki.pl\/wp-content\/uploads\/2021\/12\/DSC09183-681x1024.jpg\" alt=\"\" data-id=\"3703\" data-full-url=\"https:\/\/maciaszki.pl\/wp-content\/uploads\/2021\/12\/DSC09183.jpg\" data-link=\"https:\/\/maciaszki.pl\/?attachment_id=3703\" class=\"wp-image-3703\" srcset=\"https:\/\/maciaszki.pl\/wp-content\/uploads\/2021\/12\/DSC09183-681x1024.jpg 681w, https:\/\/maciaszki.pl\/wp-content\/uploads\/2021\/12\/DSC09183-200x300.jpg 200w, https:\/\/maciaszki.pl\/wp-content\/uploads\/2021\/12\/DSC09183-768x1154.jpg 768w, https:\/\/maciaszki.pl\/wp-content\/uploads\/2021\/12\/DSC09183-1022x1536.jpg 1022w, https:\/\/maciaszki.pl\/wp-content\/uploads\/2021\/12\/DSC09183-1363x2048.jpg 1363w, https:\/\/maciaszki.pl\/wp-content\/uploads\/2021\/12\/DSC09183.jpg 1631w\" sizes=\"(max-width: 681px) 100vw, 681px\" \/><\/a><figcaption class=\"blocks-gallery-item__caption\">Ko\u015bci\u00f3\u0142 Schaprode &#8211; lista os\u00f3b z parafii poleg\u0142ych w Wielkiej Wojnie.<\/figcaption><\/figure><\/li><li class=\"blocks-gallery-item\"><figure><a href=\"https:\/\/maciaszki.pl\/wp-content\/uploads\/2021\/12\/DSC09191-scaled.jpg\"><img loading=\"lazy\" width=\"1024\" height=\"683\" src=\"https:\/\/maciaszki.pl\/wp-content\/uploads\/2021\/12\/DSC09191-1024x683.jpg\" alt=\"\" data-id=\"3704\" data-full-url=\"https:\/\/maciaszki.pl\/wp-content\/uploads\/2021\/12\/DSC09191-scaled.jpg\" data-link=\"https:\/\/maciaszki.pl\/?attachment_id=3704\" class=\"wp-image-3704\" srcset=\"https:\/\/maciaszki.pl\/wp-content\/uploads\/2021\/12\/DSC09191-1024x683.jpg 1024w, https:\/\/maciaszki.pl\/wp-content\/uploads\/2021\/12\/DSC09191-300x200.jpg 300w, https:\/\/maciaszki.pl\/wp-content\/uploads\/2021\/12\/DSC09191-768x512.jpg 768w, https:\/\/maciaszki.pl\/wp-content\/uploads\/2021\/12\/DSC09191-1536x1024.jpg 1536w, https:\/\/maciaszki.pl\/wp-content\/uploads\/2021\/12\/DSC09191-2048x1365.jpg 2048w\" sizes=\"(max-width: 706px) 89vw, (max-width: 767px) 82vw, 740px\" \/><\/a><figcaption class=\"blocks-gallery-item__caption\">Popularne pokrycie dachowe na Rugii<\/figcaption><\/figure><\/li><\/ul><\/figure>\n\n\n\n<p class=\"has-small-font-size\">Promem przeprawiamy si\u0119 na p\u00f3\u0142nocn\u0105, niedost\u0119pn\u0105 cz\u0119\u015b\u0107 wyspy, Wittow, jednak ograniczony czas nie pozwala na to, by dotrze\u0107 do Arkony \u2013 przyl\u0105dka wysuni\u0119tego najdalej na p\u00f3\u0142noc Rugii. Szkoda, bo omin\u0119\u0142o nas sporo atrakcji: miejsce kultu s\u0142owia\u0144skiego boga \u015awi\u0119towita, latarnia morska i stara rybacka wioska Witt. Przez w\u0105sk\u0105 mierzej\u0119 Schaabe zmierzamy ku wschodniej cz\u0119\u015bci wyspy. Sporo tu podjazd\u00f3w, co przy ostrym wietrze nie\u017ale daje si\u0119 nam we znaki.<\/p>\n\n\n\n<figure class=\"wp-block-image size-large\"><a href=\"https:\/\/maciaszki.pl\/wp-content\/uploads\/2021\/12\/DSC09194-1.jpg\"><img loading=\"lazy\" width=\"1024\" height=\"683\" src=\"https:\/\/maciaszki.pl\/wp-content\/uploads\/2021\/12\/DSC09194-1-1024x683.jpg\" alt=\"\" class=\"wp-image-3706\" srcset=\"https:\/\/maciaszki.pl\/wp-content\/uploads\/2021\/12\/DSC09194-1-1024x683.jpg 1024w, https:\/\/maciaszki.pl\/wp-content\/uploads\/2021\/12\/DSC09194-1-300x200.jpg 300w, https:\/\/maciaszki.pl\/wp-content\/uploads\/2021\/12\/DSC09194-1-768x512.jpg 768w, https:\/\/maciaszki.pl\/wp-content\/uploads\/2021\/12\/DSC09194-1-1536x1024.jpg 1536w, https:\/\/maciaszki.pl\/wp-content\/uploads\/2021\/12\/DSC09194-1-2048x1365.jpg 2048w\" sizes=\"(max-width: 706px) 89vw, (max-width: 767px) 82vw, 740px\" \/><\/a><figcaption><em>Prom w Wittiwer przewozi nas na p\u00f3\u0142nocn\u0105 cz\u0119\u015b\u0107 wyspy.<\/em><\/figcaption><\/figure>\n\n\n\n<p class=\"has-small-font-size\">Przed nami jedna z najwi\u0119kszych atrakcji Rugii \u2013 Park Narodowy Jasmund. Docieramy kr\u00f3tko przed zamkni\u0119ciem kasy, wi\u0119c p\u0142acimy tylko 50% ceny bilet\u00f3w \u2013 po 5 Euro. Zdaje si\u0119, \u017ce po zamkni\u0119ciu te\u017c mo\u017cna wej\u015b\u0107. Fotografujemy si\u0119 przy s\u0142ynnych <em>Kredowych ska\u0142ach na Rugii<\/em> Friedricha, a na szczycie, na kraw\u0119dzi wysokiego klifu, gdzie obecnie znajduje si\u0119 taras widokowy, konfrontujemy imponuj\u0105cy pejza\u017c z wizj\u0105 malarsk\u0105. C\u00f3\u017c, Friedrich wyra\u017anie doda\u0142 swemu dzie\u0142u ekspresji, \u201ezag\u0119szczaj\u0105c\u201d krajobraz i zamykaj\u0105c w nim kilka postaci w symbolicznych pozach.<\/p>\n\n\n\n<figure class=\"wp-block-image size-large\"><a href=\"https:\/\/maciaszki.pl\/wp-content\/uploads\/2021\/12\/20210806_190334.jpg\"><img loading=\"lazy\" width=\"681\" height=\"1024\" src=\"https:\/\/maciaszki.pl\/wp-content\/uploads\/2021\/12\/20210806_190334-681x1024.jpg\" alt=\"\" class=\"wp-image-3707\" srcset=\"https:\/\/maciaszki.pl\/wp-content\/uploads\/2021\/12\/20210806_190334-681x1024.jpg 681w, https:\/\/maciaszki.pl\/wp-content\/uploads\/2021\/12\/20210806_190334-199x300.jpg 199w, https:\/\/maciaszki.pl\/wp-content\/uploads\/2021\/12\/20210806_190334-768x1155.jpg 768w, https:\/\/maciaszki.pl\/wp-content\/uploads\/2021\/12\/20210806_190334-1021x1536.jpg 1021w, https:\/\/maciaszki.pl\/wp-content\/uploads\/2021\/12\/20210806_190334.jpg 1327w\" sizes=\"(max-width: 681px) 100vw, 681px\" \/><\/a><figcaption><em>Ska\u0142y kredowe na Rugii namalowane przez Caspara Davida Friedricha w 1818<\/em><\/figcaption><\/figure>\n\n\n\n<figure class=\"wp-block-image size-large\"><a href=\"https:\/\/maciaszki.pl\/wp-content\/uploads\/2021\/12\/DSC09237-scaled.jpg\"><img loading=\"lazy\" width=\"1024\" height=\"683\" src=\"https:\/\/maciaszki.pl\/wp-content\/uploads\/2021\/12\/DSC09237-1024x683.jpg\" alt=\"\" class=\"wp-image-3708\" srcset=\"https:\/\/maciaszki.pl\/wp-content\/uploads\/2021\/12\/DSC09237-1024x683.jpg 1024w, https:\/\/maciaszki.pl\/wp-content\/uploads\/2021\/12\/DSC09237-300x200.jpg 300w, https:\/\/maciaszki.pl\/wp-content\/uploads\/2021\/12\/DSC09237-768x512.jpg 768w, https:\/\/maciaszki.pl\/wp-content\/uploads\/2021\/12\/DSC09237-1536x1024.jpg 1536w, https:\/\/maciaszki.pl\/wp-content\/uploads\/2021\/12\/DSC09237-2048x1365.jpg 2048w\" sizes=\"(max-width: 706px) 89vw, (max-width: 767px) 82vw, 740px\" \/><\/a><figcaption><em>Ska\u0142y kredowe na Rugii<\/em><\/figcaption><\/figure>\n\n\n\n<p class=\"has-small-font-size\">Coraz bardziej zdeterminowani p\u00f3\u017an\u0105 por\u0105, niecierpliwie rozgl\u0105damy si\u0119 za noclegiem. Przed Sassnitz trafiamy przypadkowo na osobliwy kemping, kt\u00f3rego atrakcj\u0105 (chyba) mia\u0142o by\u0107 sk\u0142adowisko starych hanomag\u00f3w, ci\u0119\u017car\u00f3wek pomalowanych w barwy militarne (Naturerlebniscamp Rugen \u2013 Ferienheim Birkengrund). Kemping mimo wysokiej ceny okaza\u0142 si\u0119 do\u015b\u0107 siermi\u0119\u017cny, ale za to z wygodnym dost\u0119pem do pr\u0105du, co w innych miejscach wcale nie by\u0142o takie oczywiste, bezp\u0142atn\u0105 kaw\u0105 i ciep\u0142ymi bu\u0142eczkami na \u015bniadanie. Pono\u0107 przygotowywa\u0142 je do\u015b\u0107 ekscentryczny szef pola namiotowego. No i atmosfera zdecydowanie swobodniejsza ni\u017c na innych niemieckich kempingach, o czym zdecydowa\u0142o pewnie towarzystwo bardzo wielonarodowo\u015bciowe.<\/p>\n\n\n\n<figure class=\"wp-block-image size-large\"><a href=\"https:\/\/maciaszki.pl\/wp-content\/uploads\/2021\/12\/DSC09225.jpg\"><img loading=\"lazy\" width=\"1024\" height=\"683\" src=\"https:\/\/maciaszki.pl\/wp-content\/uploads\/2021\/12\/DSC09225-1024x683.jpg\" alt=\"\" class=\"wp-image-3710\" srcset=\"https:\/\/maciaszki.pl\/wp-content\/uploads\/2021\/12\/DSC09225-1024x683.jpg 1024w, https:\/\/maciaszki.pl\/wp-content\/uploads\/2021\/12\/DSC09225-300x200.jpg 300w, https:\/\/maciaszki.pl\/wp-content\/uploads\/2021\/12\/DSC09225-768x512.jpg 768w, https:\/\/maciaszki.pl\/wp-content\/uploads\/2021\/12\/DSC09225-1536x1024.jpg 1536w, https:\/\/maciaszki.pl\/wp-content\/uploads\/2021\/12\/DSC09225-2048x1365.jpg 2048w\" sizes=\"(max-width: 706px) 89vw, (max-width: 767px) 82vw, 740px\" \/><\/a><figcaption><em>Drogi na Rugii<\/em><\/figcaption><\/figure>\n\n\n\n<p class=\"has-small-font-size\">Wschodnia cze\u015b\u0107 Rugii jest pe\u0142na r\u00f3\u017cnorodnych atrakcji. Jedn\u0105 z nich jest wybudowany przed II wojn\u0105 \u015bwiatow\u0105 gigantyczny o\u015brodek wypoczynkowy i szkoleniowy dla 20000 os\u00f3b w Prora, oczywi\u015bcie z przeznaczeniem dla nazist\u00f3w. Z jednego z budynk\u00f3w wychodzi akurat gromada dzieci z walizkami \u2013 pewnie sp\u0119dza\u0142y tu wakacje. Jedziemy wzd\u0142u\u017c morza i ci\u0105gn\u0105cych si\u0119 wielokilometrowych pla\u017c odgrodzonych od drogi pasem lasu. Przedostanie si\u0119 tam z rowerem i ci\u0119\u017ckim sakwami to spory wyczyn ze wzgl\u0119du na \u015bcie\u017cki pe\u0142ne nadmorskiego piasku. Niedaleko Binz podje\u017cd\u017camy do zamku Granitz \u2013 ostry podjazd po bruku, gdzie nie daj\u0105 rady solidne niemieckie elektryki, dla nas jest wyzwaniem i pr\u00f3b\u0105 si\u0142. Co, my nie podjedziemy!<\/p>\n\n\n\n<figure class=\"wp-block-image size-large\"><a href=\"https:\/\/maciaszki.pl\/wp-content\/uploads\/2021\/12\/DSC09257-1-scaled.jpg\"><img loading=\"lazy\" width=\"1024\" height=\"683\" src=\"https:\/\/maciaszki.pl\/wp-content\/uploads\/2021\/12\/DSC09257-1-1024x683.jpg\" alt=\"\" class=\"wp-image-3711\" srcset=\"https:\/\/maciaszki.pl\/wp-content\/uploads\/2021\/12\/DSC09257-1-1024x683.jpg 1024w, https:\/\/maciaszki.pl\/wp-content\/uploads\/2021\/12\/DSC09257-1-300x200.jpg 300w, https:\/\/maciaszki.pl\/wp-content\/uploads\/2021\/12\/DSC09257-1-768x512.jpg 768w, https:\/\/maciaszki.pl\/wp-content\/uploads\/2021\/12\/DSC09257-1-1536x1024.jpg 1536w, https:\/\/maciaszki.pl\/wp-content\/uploads\/2021\/12\/DSC09257-1-2048x1365.jpg 2048w\" sizes=\"(max-width: 706px) 89vw, (max-width: 767px) 82vw, 740px\" \/><\/a><figcaption><em>P\u00f3\u017anoklasycystyczny zamek my\u015bliwski Granitz (1837-1846\/51) po\u0142o\u017cony jest na po\u0142udnie od Binz na g\u00f3rze Tempelberg<\/em><\/figcaption><\/figure>\n\n\n\n<p class=\"has-small-font-size\">Czasu mamy coraz mniej, po\u0142udniowo-wschodni\u0105 cz\u0119\u015b\u0107 wyspy zostawiamy wi\u0119c na kolejny przyjazd, a teraz wzd\u0142u\u017c morza kierujemy si\u0119 na zach\u00f3d. Trzeba zd\u0105\u017cy\u0107 na prom w Glewitz i jeszcze poszuka\u0107 noclegu. Pozwalamy sobie jeszcze na d\u0142u\u017cszy odpoczynek w urokliwej letniskowej miejscowo\u015bci o zabawnej nazwie Gross Stresow, a potem przez Putbus i Garz spieszymy do Glewitz na prom do Stalbrode. Nie ma szans na powr\u00f3t do Stralsund. Szkoda, bo w ten spos\u00f3b omin\u0119li\u015bmy wa\u017cne miasto na trasie naszego wyjazdu.<\/p>\n\n\n\n<figure class=\"wp-block-image size-large\"><a href=\"https:\/\/maciaszki.pl\/wp-content\/uploads\/2021\/12\/20210807_131430.jpg\"><img loading=\"lazy\" width=\"766\" height=\"1024\" src=\"https:\/\/maciaszki.pl\/wp-content\/uploads\/2021\/12\/20210807_131430-766x1024.jpg\" alt=\"\" class=\"wp-image-3712\" srcset=\"https:\/\/maciaszki.pl\/wp-content\/uploads\/2021\/12\/20210807_131430-766x1024.jpg 766w, https:\/\/maciaszki.pl\/wp-content\/uploads\/2021\/12\/20210807_131430-224x300.jpg 224w, https:\/\/maciaszki.pl\/wp-content\/uploads\/2021\/12\/20210807_131430-768x1027.jpg 768w, https:\/\/maciaszki.pl\/wp-content\/uploads\/2021\/12\/20210807_131430-1149x1536.jpg 1149w, https:\/\/maciaszki.pl\/wp-content\/uploads\/2021\/12\/20210807_131430.jpg 1496w\" sizes=\"(max-width: 706px) 89vw, (max-width: 767px) 82vw, 740px\" \/><\/a><figcaption><em>Gro\u00df Stresow<\/em>, t<em>am zjedli\u015bmy najlepszy wurst na szlaku, no i piwo by\u0142o super<\/em><\/figcaption><\/figure>\n\n\n\n<figure class=\"wp-block-image size-large\"><a href=\"https:\/\/maciaszki.pl\/wp-content\/uploads\/2021\/12\/20210807_174604.jpg\"><img loading=\"lazy\" width=\"766\" height=\"1024\" src=\"https:\/\/maciaszki.pl\/wp-content\/uploads\/2021\/12\/20210807_174604-766x1024.jpg\" alt=\"\" class=\"wp-image-3713\" srcset=\"https:\/\/maciaszki.pl\/wp-content\/uploads\/2021\/12\/20210807_174604-766x1024.jpg 766w, https:\/\/maciaszki.pl\/wp-content\/uploads\/2021\/12\/20210807_174604-224x300.jpg 224w, https:\/\/maciaszki.pl\/wp-content\/uploads\/2021\/12\/20210807_174604-768x1027.jpg 768w, https:\/\/maciaszki.pl\/wp-content\/uploads\/2021\/12\/20210807_174604-1149x1536.jpg 1149w, https:\/\/maciaszki.pl\/wp-content\/uploads\/2021\/12\/20210807_174604.jpg 1496w\" sizes=\"(max-width: 706px) 89vw, (max-width: 767px) 82vw, 740px\" \/><\/a><figcaption><em>Rugi\u0119 opuszczamy promem w Glewitzer<\/em><\/figcaption><\/figure>\n\n\n\n<h4><strong>Powr\u00f3t wzd\u0142u\u017c Ba\u0142tyku<\/strong><\/h4>\n\n\n\n<p class=\"has-small-font-size\">Drog\u0119 do Greifswaldu pami\u0119tamy a\u017c za dobrze. To kostka brukowa i \u017cadnej alternatywy. Niestety, nie ma te\u017c kempingu. Zm\u0119czeni doje\u017cd\u017camy do pola namiotowego w Wieck na peryferiach Greifswaldu, ale po 20.00 nie ma mowy by dosta\u0107 si\u0119 do \u015brodka. Nieuprzejmy g\u0142os w telefonie m\u00f3wi: geschlossen i koniec. Zapada zmrok i robi si\u0119 coraz beznadziejniej, bo miejsca, by rozbi\u0107 namiot na dziko najzwyczajniej nie ma. Wreszcie 4 m<sup>2 <\/sup>za polem kukurydzy, s\u0105 trzcina i par\u0119 drzew. Jest cicho i \u201enastrojowo\u201d, trafi\u0142a si\u0119 nawet jaka\u015b dorodna sarna, zaskoczona namiotem na jej terenie. <\/p>\n\n\n\n<figure class=\"wp-block-image size-large\"><a href=\"https:\/\/maciaszki.pl\/wp-content\/uploads\/2021\/12\/DSC09294.jpg\"><img loading=\"lazy\" width=\"1024\" height=\"683\" src=\"https:\/\/maciaszki.pl\/wp-content\/uploads\/2021\/12\/DSC09294-1024x683.jpg\" alt=\"\" class=\"wp-image-3714\" srcset=\"https:\/\/maciaszki.pl\/wp-content\/uploads\/2021\/12\/DSC09294-1024x683.jpg 1024w, https:\/\/maciaszki.pl\/wp-content\/uploads\/2021\/12\/DSC09294-300x200.jpg 300w, https:\/\/maciaszki.pl\/wp-content\/uploads\/2021\/12\/DSC09294-768x512.jpg 768w, https:\/\/maciaszki.pl\/wp-content\/uploads\/2021\/12\/DSC09294-1536x1024.jpg 1536w, https:\/\/maciaszki.pl\/wp-content\/uploads\/2021\/12\/DSC09294-2048x1365.jpg 2048w\" sizes=\"(max-width: 706px) 89vw, (max-width: 767px) 82vw, 740px\" \/><\/a><figcaption><em>Super miejsce noclegowe na skraju pola kukurydzy.<\/em><\/figcaption><\/figure>\n\n\n\n<p class=\"has-small-font-size\">Nad morzem zwalniamy tempo. W miejscowo\u015bci Lubmin pozwalamy sobie na spacer po molo. W Wolgast, dawnej siedzibie ksi\u0105\u017c\u0105t pomorskich, przedostajemy si\u0119 na wysp\u0119 Uznam i tu najpierw odwiedzamy Peenem\u00fcnde, legendarne miejsce produkcji rakiet V2.<\/p>\n\n\n\n<figure class=\"wp-block-gallery columns-2 is-cropped\"><ul class=\"blocks-gallery-grid\"><li class=\"blocks-gallery-item\"><figure><a href=\"https:\/\/maciaszki.pl\/wp-content\/uploads\/2021\/12\/DSC09323-1024x683.jpg\"><img loading=\"lazy\" width=\"1024\" height=\"683\" src=\"https:\/\/maciaszki.pl\/wp-content\/uploads\/2021\/12\/DSC09323-1024x683.jpg\" alt=\"\" data-id=\"3716\" data-link=\"https:\/\/maciaszki.pl\/?attachment_id=3716\" class=\"wp-image-3716\" srcset=\"https:\/\/maciaszki.pl\/wp-content\/uploads\/2021\/12\/DSC09323-1024x683.jpg 1024w, https:\/\/maciaszki.pl\/wp-content\/uploads\/2021\/12\/DSC09323-300x200.jpg 300w, https:\/\/maciaszki.pl\/wp-content\/uploads\/2021\/12\/DSC09323-768x512.jpg 768w, https:\/\/maciaszki.pl\/wp-content\/uploads\/2021\/12\/DSC09323-1536x1024.jpg 1536w, https:\/\/maciaszki.pl\/wp-content\/uploads\/2021\/12\/DSC09323-2048x1365.jpg 2048w\" sizes=\"(max-width: 706px) 89vw, (max-width: 767px) 82vw, 740px\" \/><\/a><\/figure><\/li><li class=\"blocks-gallery-item\"><figure><a href=\"https:\/\/maciaszki.pl\/wp-content\/uploads\/2021\/12\/DSC09324-681x1024.jpg\"><img loading=\"lazy\" width=\"681\" height=\"1024\" src=\"https:\/\/maciaszki.pl\/wp-content\/uploads\/2021\/12\/DSC09324-681x1024.jpg\" alt=\"\" data-id=\"3717\" data-link=\"https:\/\/maciaszki.pl\/?attachment_id=3717\" class=\"wp-image-3717\" srcset=\"https:\/\/maciaszki.pl\/wp-content\/uploads\/2021\/12\/DSC09324-681x1024.jpg 681w, https:\/\/maciaszki.pl\/wp-content\/uploads\/2021\/12\/DSC09324-200x300.jpg 200w, https:\/\/maciaszki.pl\/wp-content\/uploads\/2021\/12\/DSC09324-768x1154.jpg 768w, https:\/\/maciaszki.pl\/wp-content\/uploads\/2021\/12\/DSC09324-1022x1536.jpg 1022w, https:\/\/maciaszki.pl\/wp-content\/uploads\/2021\/12\/DSC09324-1363x2048.jpg 1363w, https:\/\/maciaszki.pl\/wp-content\/uploads\/2021\/12\/DSC09324.jpg 1481w\" sizes=\"(max-width: 681px) 100vw, 681px\" \/><\/a><\/figure><\/li><li class=\"blocks-gallery-item\"><figure><a href=\"https:\/\/maciaszki.pl\/wp-content\/uploads\/2021\/12\/DSC09320-1.jpg\"><img loading=\"lazy\" width=\"1024\" height=\"684\" src=\"https:\/\/maciaszki.pl\/wp-content\/uploads\/2021\/12\/DSC09320-1-1024x684.jpg\" alt=\"\" data-id=\"3718\" data-full-url=\"https:\/\/maciaszki.pl\/wp-content\/uploads\/2021\/12\/DSC09320-1.jpg\" data-link=\"https:\/\/maciaszki.pl\/?attachment_id=3718\" class=\"wp-image-3718\" srcset=\"https:\/\/maciaszki.pl\/wp-content\/uploads\/2021\/12\/DSC09320-1-1024x684.jpg 1024w, https:\/\/maciaszki.pl\/wp-content\/uploads\/2021\/12\/DSC09320-1-300x200.jpg 300w, https:\/\/maciaszki.pl\/wp-content\/uploads\/2021\/12\/DSC09320-1-768x513.jpg 768w, https:\/\/maciaszki.pl\/wp-content\/uploads\/2021\/12\/DSC09320-1-1536x1025.jpg 1536w, https:\/\/maciaszki.pl\/wp-content\/uploads\/2021\/12\/DSC09320-1-2048x1367.jpg 2048w\" sizes=\"(max-width: 706px) 89vw, (max-width: 767px) 82vw, 740px\" \/><\/a><\/figure><\/li><\/ul><figcaption class=\"blocks-gallery-caption\">Wolgast  (Wo\u0142ogoszcz) &#8211; dawna stolica ksi\u0105\u017c\u0105t pomorskich. Tutaj b\u0119dziemy przeje\u017cd\u017ca\u0107 mostem na Uznam<\/figcaption><\/figure>\n\n\n\n<figure class=\"wp-block-image size-large\"><a href=\"https:\/\/maciaszki.pl\/wp-content\/uploads\/2021\/12\/DSC09332-scaled.jpg\"><img loading=\"lazy\" width=\"1024\" height=\"683\" src=\"https:\/\/maciaszki.pl\/wp-content\/uploads\/2021\/12\/DSC09332-1024x683.jpg\" alt=\"\" class=\"wp-image-3719\" srcset=\"https:\/\/maciaszki.pl\/wp-content\/uploads\/2021\/12\/DSC09332-1024x683.jpg 1024w, https:\/\/maciaszki.pl\/wp-content\/uploads\/2021\/12\/DSC09332-300x200.jpg 300w, https:\/\/maciaszki.pl\/wp-content\/uploads\/2021\/12\/DSC09332-768x512.jpg 768w, https:\/\/maciaszki.pl\/wp-content\/uploads\/2021\/12\/DSC09332-1536x1024.jpg 1536w, https:\/\/maciaszki.pl\/wp-content\/uploads\/2021\/12\/DSC09332-2048x1365.jpg 2048w\" sizes=\"(max-width: 706px) 89vw, (max-width: 767px) 82vw, 740px\" \/><\/a><figcaption><em>Muzeum w Peenem\u00fcnde na wyspie Uznam po\u015bwi\u0119cone budowie rakiet V2<\/em><\/figcaption><\/figure>\n\n\n\n<p class=\"has-small-font-size\">Kemping\u00f3w na Uznam jest bardzo du\u017co. Ci\u0105gn\u0105 si\u0119 kilometrami wzd\u0142u\u017c trasy i s\u0105 przepe\u0142nione. Okazuje si\u0119, \u017ce nale\u017ca\u0142o dokona\u0107 wcze\u015bniejszej rezerwacji. W Zinnowitz znajdujemy miejsce tylko dlatego, \u017ce mamy bardzo ma\u0142y namiot. Pan z obs\u0142ugi pola prowadzi nas najpierw d\u0142ugo, d\u0142ugo do wyznaczonego miejsca, a potem wskazuje kawa\u0142ek piachu mi\u0119dzy linkami innych namiot\u00f3w. Rozbawieni s\u0105 wszyscy, tak\u017ce ci, kt\u00f3rym mamy wbi\u0107 szpilki w przedsionku. Pod\u0142adowanie telefon\u00f3w w takim t\u0142umie te\u017c nie jest proste. No ale tutaj trudno my\u015ble\u0107 o noclegu na dziko.<\/p>\n\n\n\n<figure class=\"wp-block-image size-large\"><a href=\"https:\/\/maciaszki.pl\/wp-content\/uploads\/2021\/12\/DSC09353.jpg\"><img loading=\"lazy\" width=\"681\" height=\"1024\" src=\"https:\/\/maciaszki.pl\/wp-content\/uploads\/2021\/12\/DSC09353-681x1024.jpg\" alt=\"\" class=\"wp-image-3720\" srcset=\"https:\/\/maciaszki.pl\/wp-content\/uploads\/2021\/12\/DSC09353-681x1024.jpg 681w, https:\/\/maciaszki.pl\/wp-content\/uploads\/2021\/12\/DSC09353-200x300.jpg 200w, https:\/\/maciaszki.pl\/wp-content\/uploads\/2021\/12\/DSC09353-768x1154.jpg 768w, https:\/\/maciaszki.pl\/wp-content\/uploads\/2021\/12\/DSC09353-1022x1536.jpg 1022w, https:\/\/maciaszki.pl\/wp-content\/uploads\/2021\/12\/DSC09353-1363x2048.jpg 1363w, https:\/\/maciaszki.pl\/wp-content\/uploads\/2021\/12\/DSC09353.jpg 1513w\" sizes=\"(max-width: 681px) 100vw, 681px\" \/><\/a><figcaption><em>Na molo w Zinnowitz<\/em><\/figcaption><\/figure>\n\n\n\n<figure class=\"wp-block-image size-large is-resized\"><a href=\"https:\/\/maciaszki.pl\/wp-content\/uploads\/2021\/12\/WhatsApp-Image-2021-08-09-at-13.01.09.jpg\"><img loading=\"lazy\" src=\"https:\/\/maciaszki.pl\/wp-content\/uploads\/2021\/12\/WhatsApp-Image-2021-08-09-at-13.01.09-1024x862.jpg\" alt=\"\" class=\"wp-image-3721\" width=\"660\" height=\"555\" srcset=\"https:\/\/maciaszki.pl\/wp-content\/uploads\/2021\/12\/WhatsApp-Image-2021-08-09-at-13.01.09-1024x862.jpg 1024w, https:\/\/maciaszki.pl\/wp-content\/uploads\/2021\/12\/WhatsApp-Image-2021-08-09-at-13.01.09-300x253.jpg 300w, https:\/\/maciaszki.pl\/wp-content\/uploads\/2021\/12\/WhatsApp-Image-2021-08-09-at-13.01.09-768x647.jpg 768w, https:\/\/maciaszki.pl\/wp-content\/uploads\/2021\/12\/WhatsApp-Image-2021-08-09-at-13.01.09.jpg 1349w\" sizes=\"(max-width: 660px) 100vw, 660px\" \/><\/a><figcaption><em>Ostatnie piwo pite w Niemczech, tym razem na pla\u017cy w Ahlbeck. Jak\u017ce\u017c smakowa\u0142o.<\/em>,..,,<\/figcaption><\/figure>\n\n\n\n<p class=\"has-small-font-size\">Z Zinnowitz do \u015awinouj\u015bcia, mety naszej wyprawy, mamy ju\u017c niedaleka. Trasa rowerowa prowadzi przez nadmorskie kurorty i jest naprawd\u0119 malownicza. S\u0105 te\u017c kr\u00f3tkie, ale bardzo ostre podjazdy, na kt\u00f3rych nasze rowery zn\u00f3w radz\u0105 sobie lepiej ni\u017c elektryczne. Jeszcze chwila relaksu na pla\u017cy, Ahlbeck i\u2026 \u015awinouj\u015bcie. Potem ju\u017c tylko wiecz\u00f3r w Szczecinie, powr\u00f3t pociagiem i ostatni rowerowy odcinek z Ko\u0142a do Turku \u2013 w zimnym ulewnym deszczu. Deszcz jak klamra otwiera\u0142 i zamyka\u0142 ca\u0142y nasz wyjazd.<\/p>\n\n\n\n<figure class=\"wp-block-image size-large\"><a href=\"https:\/\/maciaszki.pl\/wp-content\/uploads\/2021\/12\/20210809_142334.jpg\"><img loading=\"lazy\" width=\"682\" height=\"1024\" src=\"https:\/\/maciaszki.pl\/wp-content\/uploads\/2021\/12\/20210809_142334-682x1024.jpg\" alt=\"\" class=\"wp-image-3722\" srcset=\"https:\/\/maciaszki.pl\/wp-content\/uploads\/2021\/12\/20210809_142334-682x1024.jpg 682w, https:\/\/maciaszki.pl\/wp-content\/uploads\/2021\/12\/20210809_142334-200x300.jpg 200w, https:\/\/maciaszki.pl\/wp-content\/uploads\/2021\/12\/20210809_142334-768x1152.jpg 768w, https:\/\/maciaszki.pl\/wp-content\/uploads\/2021\/12\/20210809_142334.jpg 839w\" sizes=\"(max-width: 682px) 100vw, 682px\" \/><\/a><figcaption><em>Granic\u0119 przekraczamy pomi\u0119dzy Ahlbeck a \u015awinouj\u015bciem, gdzie ko\u0144czymy wypraw\u0119<\/em> &#8222;<em>Nysa Odra Rugia Uznam &#8211; rowery 2021<\/em>&#8222;<\/figcaption><\/figure>\n\n\n\n<p class=\"has-small-font-size\">Podczas wyprawy przejechali\u015bmy w 14 dni <strong>1152<\/strong> km. Korzystali\u015bmy z:<\/p>\n\n\n\n<ul class=\"has-small-font-size\"><li>&#8211; przewodnika wyposa\u017conego w mapki: \u201e<a href=\"https:\/\/www.megaksiazki.pl\/svet\/2822785-oder-neise-radweg.html?utm_si=dEh1ckV0aDRyTWpneU1qYzROVFE0TGpNM01EQXdNQT09&amp;adtype=%7Badtype%7D&amp;product_id=%7Bproduct_id%7D&amp;product_partition_id=%7Bproduct_partition_id%7D&amp;store_code=%7Bstore_code%7D&amp;matchtype=&amp;network=g&amp;device=c&amp;creative=86980132997&amp;keyword=&amp;placement=&amp;param1=&amp;param2=&amp;adposition=&amp;campaignid=311701277&amp;adgroupid=25605646997&amp;feeditemid=&amp;targetid=pla-602095291110&amp;loc_physical_ms=1011632&amp;loc_interest_ms=&amp;searchtype=search&amp;gclid=Cj0KCQiA-qGNBhD3ARIsAO_o7ynomzpvYQLDzEmmV5RKIsCR-G83LKdSWQKfDgwbMdFlWVWfMXKLFs0aAtWhEALw_wcB\" target=\"_blank\" rel=\"noreferrer noopener\">Oder-Neisse- Radweg<\/a>\u201d z serii \u201eBikeline. Radtourenbuch\u201d,<\/li><li>&#8211; mapy: \u201e<a href=\"https:\/\/www.megaksiazki.pl\/wiecej-ksiazek\/2896397-adfc-radtourenkarte-4-rugen-usedom-vorpommern-1-150-000-reis-und-wetterfest-gps-tracks-download.html?utm_si=dEh1ckV0aDRyTWpnNU5qTTVOek15TGpNd01qQXdNQT09&amp;adtype=%7Badtype%7D&amp;product_id=%7Bproduct_id%7D&amp;product_partition_id=%7Bproduct_partition_id%7D&amp;store_code=%7Bstore_code%7D&amp;matchtype=&amp;network=g&amp;device=c&amp;creative=86980132997&amp;keyword=&amp;placement=&amp;param1=&amp;param2=&amp;adposition=&amp;campaignid=311701277&amp;adgroupid=25605646997&amp;feeditemid=&amp;targetid=pla-603928569305&amp;loc_physical_ms=1011632&amp;loc_interest_ms=&amp;searchtype=search&amp;gclid=Cj0KCQiA-qGNBhD3ARIsAO_o7ykvu2GO_noku8Q-zs9uYfUVkTS5wY22DWwspS_uLP4patY7prXixZ8aAhWIEALw_wcB\" target=\"_blank\" rel=\"noreferrer noopener\">Rugen\/Usedom Vorpommern<\/a>\u201d 1:150000,<\/li><li>&#8211; materia\u0142\u00f3w internetowych<\/li><\/ul>\n\n\n\n<p><\/p>\n\n\n\n<ul class=\"has-small-font-size\"><li>&#8211; mapka wyprawy znajduje si\u0119 <a href=\"https:\/\/www.google.com\/maps\/d\/edit?mid=1tTGvbosK7bCCkgMy2BMT8xcBTiqrTwCp&amp;usp=sharing\" target=\"_blank\" rel=\"noreferrer noopener\">tutaj<\/a><\/li><li>&#8211; wi\u0119cej zdj\u0119\u0107 z wyprawy &#8222;Nysa Odra Rugia Uznam &#8211; rowery 2021&#8221; dost\u0119pnych jest <a href=\"https:\/\/photos.app.goo.gl\/rxY25jvX1qY4vXAeA\" target=\"_blank\" rel=\"noreferrer noopener\">tutaj<\/a><\/li><\/ul>\n\n\n\n<p><\/p>\n","protected":false},"excerpt":{"rendered":"<p>Przed wyjazdem wyra\u017anie okre\u015blili\u015bmy warunki: trasa tegorocznych rower\u00f3w MUSI by\u0107 blisko, pozwalaj\u0105c na maksymaln\u0105 mobilno\u015b\u0107, by w razie potrzeby przerwa\u0107 wakacje i w kr\u00f3tkim czasie wr\u00f3ci\u0107 do domu. Wyb\u00f3r pad\u0142 wi\u0119c na szlak rowerowy, kt\u00f3ry od lat odk\u0142adali\u015bmy na bli\u017cej nieokre\u015blon\u0105 przysz\u0142o\u015b\u0107, czyli Nysa \u0141u\u017cycka \u2013 Odra, kierunek oczywisty z po\u0142udnia na p\u00f3\u0142noc, tak daleko &hellip; <\/p>\n<p class=\"link-more\"><a href=\"https:\/\/maciaszki.pl\/index.php\/2021\/12\/03\/nysa-odra-rugia-uznam-rowery-2021\/\" class=\"more-link\">Czytaj dalej<span class=\"screen-reader-text\"> Nysa Odra Rugia Uznam &#8211; rowery 2021<\/span><\/a><\/p>\n","protected":false},"author":4,"featured_media":3622,"comment_status":"open","ping_status":"closed","sticky":false,"template":"","format":"standard","meta":[],"categories":[5],"tags":[49,90,91,17],"yoast_head":"<!-- This site is optimized with the Yoast SEO plugin v17.6 - https:\/\/yoast.com\/wordpress\/plugins\/seo\/ -->\n<title>Nysa Odra Rugia Uznam - rowery 2021 - Maciaszki<\/title>\n<meta name=\"description\" content=\"nysa-odra-rugia-uznam-G\u00f6rlitz-Zittau-pomorze przednie-rowery-\u015bcie\u017cka rowerowa-\u015bwinouj\u015bcie-Greifswald-Gryfino\" \/>\n<meta name=\"robots\" content=\"index, follow, max-snippet:-1, max-image-preview:large, max-video-preview:-1\" \/>\n<link rel=\"canonical\" href=\"https:\/\/maciaszki.pl\/index.php\/2021\/12\/03\/nysa-odra-rugia-uznam-rowery-2021\/\" \/>\n<meta property=\"og:locale\" content=\"pl_PL\" \/>\n<meta property=\"og:type\" content=\"article\" \/>\n<meta property=\"og:title\" content=\"Nysa Odra Rugia Uznam - rowery 2021 - Maciaszki\" \/>\n<meta property=\"og:description\" content=\"nysa-odra-rugia-uznam-G\u00f6rlitz-Zittau-pomorze przednie-rowery-\u015bcie\u017cka rowerowa-\u015bwinouj\u015bcie-Greifswald-Gryfino\" \/>\n<meta property=\"og:url\" content=\"https:\/\/maciaszki.pl\/index.php\/2021\/12\/03\/nysa-odra-rugia-uznam-rowery-2021\/\" \/>\n<meta property=\"og:site_name\" content=\"Maciaszki\" \/>\n<meta property=\"article:published_time\" content=\"2021-12-03T13:18:47+00:00\" \/>\n<meta property=\"article:modified_time\" content=\"2022-09-20T07:49:09+00:00\" \/>\n<meta property=\"og:image\" content=\"https:\/\/maciaszki.pl\/wp-content\/uploads\/2021\/12\/DSC08877-scaled.jpg\" \/>\n\t<meta property=\"og:image:width\" content=\"2560\" \/>\n\t<meta property=\"og:image:height\" content=\"1171\" \/>\n<meta name=\"twitter:card\" content=\"summary_large_image\" \/>\n<meta name=\"twitter:label1\" content=\"Napisane przez\" \/>\n\t<meta name=\"twitter:data1\" content=\"Mariola\" \/>\n\t<meta name=\"twitter:label2\" content=\"Szacowany czas czytania\" \/>\n\t<meta name=\"twitter:data2\" content=\"30 minut\" \/>\n<script type=\"application\/ld+json\" class=\"yoast-schema-graph\">{\"@context\":\"https:\/\/schema.org\",\"@graph\":[{\"@type\":\"WebSite\",\"@id\":\"https:\/\/maciaszki.pl\/#website\",\"url\":\"https:\/\/maciaszki.pl\/\",\"name\":\"Maciaszki\",\"description\":\"W\\u0119dr\\u00f3wki w czasie i w przestrzeni\",\"potentialAction\":[{\"@type\":\"SearchAction\",\"target\":{\"@type\":\"EntryPoint\",\"urlTemplate\":\"https:\/\/maciaszki.pl\/?s={search_term_string}\"},\"query-input\":\"required name=search_term_string\"}],\"inLanguage\":\"pl-PL\"},{\"@type\":\"ImageObject\",\"@id\":\"https:\/\/maciaszki.pl\/index.php\/2021\/12\/03\/nysa-odra-rugia-uznam-rowery-2021\/#primaryimage\",\"inLanguage\":\"pl-PL\",\"url\":\"https:\/\/maciaszki.pl\/wp-content\/uploads\/2021\/12\/DSC08877-scaled.jpg\",\"contentUrl\":\"https:\/\/maciaszki.pl\/wp-content\/uploads\/2021\/12\/DSC08877-scaled.jpg\",\"width\":2560,\"height\":1171},{\"@type\":\"WebPage\",\"@id\":\"https:\/\/maciaszki.pl\/index.php\/2021\/12\/03\/nysa-odra-rugia-uznam-rowery-2021\/#webpage\",\"url\":\"https:\/\/maciaszki.pl\/index.php\/2021\/12\/03\/nysa-odra-rugia-uznam-rowery-2021\/\",\"name\":\"Nysa Odra Rugia Uznam - rowery 2021 - Maciaszki\",\"isPartOf\":{\"@id\":\"https:\/\/maciaszki.pl\/#website\"},\"primaryImageOfPage\":{\"@id\":\"https:\/\/maciaszki.pl\/index.php\/2021\/12\/03\/nysa-odra-rugia-uznam-rowery-2021\/#primaryimage\"},\"datePublished\":\"2021-12-03T13:18:47+00:00\",\"dateModified\":\"2022-09-20T07:49:09+00:00\",\"author\":{\"@id\":\"https:\/\/maciaszki.pl\/#\/schema\/person\/fcb9e3fef16e5ff711ba8b5165219595\"},\"description\":\"nysa-odra-rugia-uznam-G\\u00f6rlitz-Zittau-pomorze przednie-rowery-\\u015bcie\\u017cka rowerowa-\\u015bwinouj\\u015bcie-Greifswald-Gryfino\",\"breadcrumb\":{\"@id\":\"https:\/\/maciaszki.pl\/index.php\/2021\/12\/03\/nysa-odra-rugia-uznam-rowery-2021\/#breadcrumb\"},\"inLanguage\":\"pl-PL\",\"potentialAction\":[{\"@type\":\"ReadAction\",\"target\":[\"https:\/\/maciaszki.pl\/index.php\/2021\/12\/03\/nysa-odra-rugia-uznam-rowery-2021\/\"]}]},{\"@type\":\"BreadcrumbList\",\"@id\":\"https:\/\/maciaszki.pl\/index.php\/2021\/12\/03\/nysa-odra-rugia-uznam-rowery-2021\/#breadcrumb\",\"itemListElement\":[{\"@type\":\"ListItem\",\"position\":1,\"name\":\"Home\",\"item\":\"https:\/\/maciaszki.pl\/\"},{\"@type\":\"ListItem\",\"position\":2,\"name\":\"Nysa Odra Rugia Uznam &#8211; rowery 2021\"}]},{\"@type\":\"Person\",\"@id\":\"https:\/\/maciaszki.pl\/#\/schema\/person\/fcb9e3fef16e5ff711ba8b5165219595\",\"name\":\"Mariola\",\"image\":{\"@type\":\"ImageObject\",\"@id\":\"https:\/\/maciaszki.pl\/#personlogo\",\"inLanguage\":\"pl-PL\",\"url\":\"https:\/\/secure.gravatar.com\/avatar\/e5db72b8951cba502cad3b466751186e?s=96&d=mm&r=g\",\"contentUrl\":\"https:\/\/secure.gravatar.com\/avatar\/e5db72b8951cba502cad3b466751186e?s=96&d=mm&r=g\",\"caption\":\"Mariola\"},\"url\":\"https:\/\/maciaszki.pl\/index.php\/author\/mariola\/\"}]}<\/script>\n<!-- \/ Yoast SEO plugin. -->","yoast_head_json":{"title":"Nysa Odra Rugia Uznam - rowery 2021 - Maciaszki","description":"nysa-odra-rugia-uznam-G\u00f6rlitz-Zittau-pomorze przednie-rowery-\u015bcie\u017cka rowerowa-\u015bwinouj\u015bcie-Greifswald-Gryfino","robots":{"index":"index","follow":"follow","max-snippet":"max-snippet:-1","max-image-preview":"max-image-preview:large","max-video-preview":"max-video-preview:-1"},"canonical":"https:\/\/maciaszki.pl\/index.php\/2021\/12\/03\/nysa-odra-rugia-uznam-rowery-2021\/","og_locale":"pl_PL","og_type":"article","og_title":"Nysa Odra Rugia Uznam - rowery 2021 - Maciaszki","og_description":"nysa-odra-rugia-uznam-G\u00f6rlitz-Zittau-pomorze przednie-rowery-\u015bcie\u017cka rowerowa-\u015bwinouj\u015bcie-Greifswald-Gryfino","og_url":"https:\/\/maciaszki.pl\/index.php\/2021\/12\/03\/nysa-odra-rugia-uznam-rowery-2021\/","og_site_name":"Maciaszki","article_published_time":"2021-12-03T13:18:47+00:00","article_modified_time":"2022-09-20T07:49:09+00:00","og_image":[{"width":2560,"height":1171,"url":"https:\/\/maciaszki.pl\/wp-content\/uploads\/2021\/12\/DSC08877-scaled.jpg","type":"image\/jpeg"}],"twitter_card":"summary_large_image","twitter_misc":{"Napisane przez":"Mariola","Szacowany czas czytania":"30 minut"},"schema":{"@context":"https:\/\/schema.org","@graph":[{"@type":"WebSite","@id":"https:\/\/maciaszki.pl\/#website","url":"https:\/\/maciaszki.pl\/","name":"Maciaszki","description":"W\u0119dr\u00f3wki w czasie i w przestrzeni","potentialAction":[{"@type":"SearchAction","target":{"@type":"EntryPoint","urlTemplate":"https:\/\/maciaszki.pl\/?s={search_term_string}"},"query-input":"required name=search_term_string"}],"inLanguage":"pl-PL"},{"@type":"ImageObject","@id":"https:\/\/maciaszki.pl\/index.php\/2021\/12\/03\/nysa-odra-rugia-uznam-rowery-2021\/#primaryimage","inLanguage":"pl-PL","url":"https:\/\/maciaszki.pl\/wp-content\/uploads\/2021\/12\/DSC08877-scaled.jpg","contentUrl":"https:\/\/maciaszki.pl\/wp-content\/uploads\/2021\/12\/DSC08877-scaled.jpg","width":2560,"height":1171},{"@type":"WebPage","@id":"https:\/\/maciaszki.pl\/index.php\/2021\/12\/03\/nysa-odra-rugia-uznam-rowery-2021\/#webpage","url":"https:\/\/maciaszki.pl\/index.php\/2021\/12\/03\/nysa-odra-rugia-uznam-rowery-2021\/","name":"Nysa Odra Rugia Uznam - rowery 2021 - Maciaszki","isPartOf":{"@id":"https:\/\/maciaszki.pl\/#website"},"primaryImageOfPage":{"@id":"https:\/\/maciaszki.pl\/index.php\/2021\/12\/03\/nysa-odra-rugia-uznam-rowery-2021\/#primaryimage"},"datePublished":"2021-12-03T13:18:47+00:00","dateModified":"2022-09-20T07:49:09+00:00","author":{"@id":"https:\/\/maciaszki.pl\/#\/schema\/person\/fcb9e3fef16e5ff711ba8b5165219595"},"description":"nysa-odra-rugia-uznam-G\u00f6rlitz-Zittau-pomorze przednie-rowery-\u015bcie\u017cka rowerowa-\u015bwinouj\u015bcie-Greifswald-Gryfino","breadcrumb":{"@id":"https:\/\/maciaszki.pl\/index.php\/2021\/12\/03\/nysa-odra-rugia-uznam-rowery-2021\/#breadcrumb"},"inLanguage":"pl-PL","potentialAction":[{"@type":"ReadAction","target":["https:\/\/maciaszki.pl\/index.php\/2021\/12\/03\/nysa-odra-rugia-uznam-rowery-2021\/"]}]},{"@type":"BreadcrumbList","@id":"https:\/\/maciaszki.pl\/index.php\/2021\/12\/03\/nysa-odra-rugia-uznam-rowery-2021\/#breadcrumb","itemListElement":[{"@type":"ListItem","position":1,"name":"Home","item":"https:\/\/maciaszki.pl\/"},{"@type":"ListItem","position":2,"name":"Nysa Odra Rugia Uznam &#8211; rowery 2021"}]},{"@type":"Person","@id":"https:\/\/maciaszki.pl\/#\/schema\/person\/fcb9e3fef16e5ff711ba8b5165219595","name":"Mariola","image":{"@type":"ImageObject","@id":"https:\/\/maciaszki.pl\/#personlogo","inLanguage":"pl-PL","url":"https:\/\/secure.gravatar.com\/avatar\/e5db72b8951cba502cad3b466751186e?s=96&d=mm&r=g","contentUrl":"https:\/\/secure.gravatar.com\/avatar\/e5db72b8951cba502cad3b466751186e?s=96&d=mm&r=g","caption":"Mariola"},"url":"https:\/\/maciaszki.pl\/index.php\/author\/mariola\/"}]}},"_links":{"self":[{"href":"https:\/\/maciaszki.pl\/index.php\/wp-json\/wp\/v2\/posts\/3621"}],"collection":[{"href":"https:\/\/maciaszki.pl\/index.php\/wp-json\/wp\/v2\/posts"}],"about":[{"href":"https:\/\/maciaszki.pl\/index.php\/wp-json\/wp\/v2\/types\/post"}],"author":[{"embeddable":true,"href":"https:\/\/maciaszki.pl\/index.php\/wp-json\/wp\/v2\/users\/4"}],"replies":[{"embeddable":true,"href":"https:\/\/maciaszki.pl\/index.php\/wp-json\/wp\/v2\/comments?post=3621"}],"version-history":[{"count":35,"href":"https:\/\/maciaszki.pl\/index.php\/wp-json\/wp\/v2\/posts\/3621\/revisions"}],"predecessor-version":[{"id":3759,"href":"https:\/\/maciaszki.pl\/index.php\/wp-json\/wp\/v2\/posts\/3621\/revisions\/3759"}],"wp:featuredmedia":[{"embeddable":true,"href":"https:\/\/maciaszki.pl\/index.php\/wp-json\/wp\/v2\/media\/3622"}],"wp:attachment":[{"href":"https:\/\/maciaszki.pl\/index.php\/wp-json\/wp\/v2\/media?parent=3621"}],"wp:term":[{"taxonomy":"category","embeddable":true,"href":"https:\/\/maciaszki.pl\/index.php\/wp-json\/wp\/v2\/categories?post=3621"},{"taxonomy":"post_tag","embeddable":true,"href":"https:\/\/maciaszki.pl\/index.php\/wp-json\/wp\/v2\/tags?post=3621"}],"curies":[{"name":"wp","href":"https:\/\/api.w.org\/{rel}","templated":true}]}}