{"id":3310,"date":"2015-06-04T18:35:00","date_gmt":"2015-06-04T16:35:00","guid":{"rendered":"https:\/\/maciaszki.pl\/?p=3310"},"modified":"2021-03-16T18:22:01","modified_gmt":"2021-03-16T17:22:01","slug":"mala-fatra-luczanska-wedrowka-z-namiotem-velka-luka-2015r","status":"publish","type":"post","link":"https:\/\/maciaszki.pl\/index.php\/2015\/06\/04\/mala-fatra-luczanska-wedrowka-z-namiotem-velka-luka-2015r\/","title":{"rendered":"Ma\u0142a Fatra Lucza\u0144ska &#8211; w\u0119dr\u00f3wka z namiotem (Ve\u013ek\u00e1 l\u00faka) &#8211; 2015r."},"content":{"rendered":"\n<p class=\"has-small-font-size\">Bardzo dobrze znamy Ma\u0142\u0105 Fatr\u0119 &#8211; cz\u0119\u015b\u0107 Krywa\u0144sk\u0105 (relacj\u0119 z jednego z wyjazd\u00f3w mo\u017cna znale\u017a\u0107 <a aria-label=\"undefined (opens in a new tab)\" href=\"https:\/\/maciaszki.pl\/index.php\/2013\/05\/01\/wedrowka_po_malej_fatrze_krywanskiej_na_dlugi_weekend\/\" target=\"_blank\" rel=\"noreferrer noopener\">tutaj<\/a>), wi\u0119c tym razem na w\u0119dr\u00f3wk\u0119 w d\u0142ugi weekend z okazji Bo\u017cego Cia\u0142a  wybrali\u015bmy dla odmiany nieznan\u0105 nam wcze\u015bniej Ma\u0142\u0105 Fatr\u0119 Lucza\u0144sk\u0105. Lucza\u0144ska, bo najwy\u017cszym szczytem jest Ve\u013ek\u00e1 l\u00faka&nbsp;(Wielka \u0141\u0105ka po polsku) (1476 m n.p.m.). Na ca\u0142ej grani jznajduje si\u0119 tylko jedno schronisko &#8211; Chata Martinsk\u00e9 hole, wi\u0119c decydujemy si\u0119 na wariant namiotowy. Okaza\u0142o si\u0119, \u017ce by\u0142 to dobry wyb\u00f3r &#8211; te g\u00f3ry obfituj\u0105 w doskona\u0142e, widokowe polany, \u015bwietnie nadaj\u0105ce si\u0119 do biwakowania. Po raz pierwszy raz zdarzy\u0142o si\u0119 nam sp\u0119dzi\u0107 noc na samym szczycie, na Min\u010dolu, gdzie z jednego miejsca mogli\u015bmy podziwia\u0107 zach\u00f3d s\u0142o\u0144ca nad Jawornikami, a wsch\u00f3d nad Krywaniem Wielkim. <\/p>\n\n\n\n<figure class=\"wp-block-image size-large\"><a href=\"https:\/\/maciaszki.pl\/wp-content\/uploads\/2020\/09\/DSC08576-scaled.jpg\"><img loading=\"lazy\" width=\"1024\" height=\"412\" src=\"https:\/\/maciaszki.pl\/wp-content\/uploads\/2020\/09\/DSC08576-1024x412.jpg\" alt=\"\" class=\"wp-image-3358\" srcset=\"https:\/\/maciaszki.pl\/wp-content\/uploads\/2020\/09\/DSC08576-1024x412.jpg 1024w, https:\/\/maciaszki.pl\/wp-content\/uploads\/2020\/09\/DSC08576-300x121.jpg 300w, https:\/\/maciaszki.pl\/wp-content\/uploads\/2020\/09\/DSC08576-768x309.jpg 768w, https:\/\/maciaszki.pl\/wp-content\/uploads\/2020\/09\/DSC08576-1536x617.jpg 1536w, https:\/\/maciaszki.pl\/wp-content\/uploads\/2020\/09\/DSC08576-2048x823.jpg 2048w\" sizes=\"(max-width: 706px) 89vw, (max-width: 767px) 82vw, 740px\" \/><\/a><figcaption>Widok z Ma\u0142ej Fatry Lucza\u0144skiej na Ma\u0142\u0105 Fatr\u0119 Krywa\u0144sk\u0105<\/figcaption><\/figure>\n\n\n\n<!--more-->\n\n\n\n<p class=\"has-small-font-size\">W czwartek zostawiamy samoch\u00f3d na parkingu przed urz\u0119dem gminy w Turie i dwoma autobusami (brawo s\u0142owacki PKS!) przez Rajec docieramy na Fa\u010dkovsk\u00e9 sedlo, kt\u00f3re oddziela Ma\u0142\u0105 Fatr\u0119 od G\u00f3r Stra\u017cowskich. St\u0105d b\u0119dziemy pod\u0105\u017ca\u0107 grani\u0105 w kierunku p\u00f3\u0142nocnowschodnim. Tego dnia naszym g\u0142\u00f3wnym celem jest K\u013eak (1351 m), najciekawszy szczyt Ma\u0142ej Fatry Lucza\u0144skiej. K\u013eak jest szczytem wybitnym, skalistym, z wapiennymi kilkudziesi\u0119ciometrowymi \u015bcianami opadaj\u0105cymi w kierunku zachodnim. Wierzcho\u0142ek g\u00f3ry jest doskona\u0142ym punktem widokowym. <\/p>\n\n\n\n<figure class=\"wp-block-image size-large\"><a href=\"https:\/\/maciaszki.pl\/wp-content\/uploads\/2020\/09\/DSC08439-1-scaled.jpg\"><img loading=\"lazy\" width=\"1024\" height=\"681\" src=\"https:\/\/maciaszki.pl\/wp-content\/uploads\/2020\/09\/DSC08439-1-1024x681.jpg\" alt=\"\" class=\"wp-image-3317\" srcset=\"https:\/\/maciaszki.pl\/wp-content\/uploads\/2020\/09\/DSC08439-1-1024x681.jpg 1024w, https:\/\/maciaszki.pl\/wp-content\/uploads\/2020\/09\/DSC08439-1-300x200.jpg 300w, https:\/\/maciaszki.pl\/wp-content\/uploads\/2020\/09\/DSC08439-1-768x511.jpg 768w, https:\/\/maciaszki.pl\/wp-content\/uploads\/2020\/09\/DSC08439-1-1536x1022.jpg 1536w, https:\/\/maciaszki.pl\/wp-content\/uploads\/2020\/09\/DSC08439-1-2048x1363.jpg 2048w\" sizes=\"(max-width: 706px) 89vw, (max-width: 767px) 82vw, 740px\" \/><\/a><figcaption>Po drodze na K\u013eak jest Reva\u0144 (1205 m) i Reva\u0144skie sedlo<\/figcaption><\/figure>\n\n\n\n<figure class=\"wp-block-image size-large\"><a href=\"https:\/\/maciaszki.pl\/wp-content\/uploads\/2020\/09\/DSC08443-scaled.jpg\"><img loading=\"lazy\" width=\"1024\" height=\"681\" src=\"https:\/\/maciaszki.pl\/wp-content\/uploads\/2020\/09\/DSC08443-1024x681.jpg\" alt=\"\" class=\"wp-image-3318\" srcset=\"https:\/\/maciaszki.pl\/wp-content\/uploads\/2020\/09\/DSC08443-1024x681.jpg 1024w, https:\/\/maciaszki.pl\/wp-content\/uploads\/2020\/09\/DSC08443-300x200.jpg 300w, https:\/\/maciaszki.pl\/wp-content\/uploads\/2020\/09\/DSC08443-768x511.jpg 768w, https:\/\/maciaszki.pl\/wp-content\/uploads\/2020\/09\/DSC08443-1536x1022.jpg 1536w, https:\/\/maciaszki.pl\/wp-content\/uploads\/2020\/09\/DSC08443-2048x1363.jpg 2048w\" sizes=\"(max-width: 706px) 89vw, (max-width: 767px) 82vw, 740px\" \/><\/a><figcaption>Pod szczytem K\u013eaka<\/figcaption><\/figure>\n\n\n\n<figure class=\"wp-block-image size-large\"><a href=\"https:\/\/maciaszki.pl\/wp-content\/uploads\/2020\/09\/DSC08450-scaled.jpg\"><img loading=\"lazy\" width=\"1024\" height=\"681\" src=\"https:\/\/maciaszki.pl\/wp-content\/uploads\/2020\/09\/DSC08450-1024x681.jpg\" alt=\"\" class=\"wp-image-3319\" srcset=\"https:\/\/maciaszki.pl\/wp-content\/uploads\/2020\/09\/DSC08450-1024x681.jpg 1024w, https:\/\/maciaszki.pl\/wp-content\/uploads\/2020\/09\/DSC08450-300x200.jpg 300w, https:\/\/maciaszki.pl\/wp-content\/uploads\/2020\/09\/DSC08450-768x511.jpg 768w, https:\/\/maciaszki.pl\/wp-content\/uploads\/2020\/09\/DSC08450-1536x1022.jpg 1536w, https:\/\/maciaszki.pl\/wp-content\/uploads\/2020\/09\/DSC08450-2048x1363.jpg 2048w\" sizes=\"(max-width: 706px) 89vw, (max-width: 767px) 82vw, 740px\" \/><\/a><figcaption>Ju\u017c na szczycie<\/figcaption><\/figure>\n\n\n\n<figure class=\"wp-block-image size-large\"><a href=\"https:\/\/maciaszki.pl\/wp-content\/uploads\/2020\/09\/DSC08456-scaled.jpg\"><img loading=\"lazy\" width=\"681\" height=\"1024\" src=\"https:\/\/maciaszki.pl\/wp-content\/uploads\/2020\/09\/DSC08456-681x1024.jpg\" alt=\"\" class=\"wp-image-3320\" srcset=\"https:\/\/maciaszki.pl\/wp-content\/uploads\/2020\/09\/DSC08456-681x1024.jpg 681w, https:\/\/maciaszki.pl\/wp-content\/uploads\/2020\/09\/DSC08456-200x300.jpg 200w, https:\/\/maciaszki.pl\/wp-content\/uploads\/2020\/09\/DSC08456-768x1154.jpg 768w, https:\/\/maciaszki.pl\/wp-content\/uploads\/2020\/09\/DSC08456-1022x1536.jpg 1022w, https:\/\/maciaszki.pl\/wp-content\/uploads\/2020\/09\/DSC08456-1363x2048.jpg 1363w, https:\/\/maciaszki.pl\/wp-content\/uploads\/2020\/09\/DSC08456-scaled.jpg 1704w\" sizes=\"(max-width: 681px) 100vw, 681px\" \/><\/a><figcaption>Pionowe \u015bciany K\u013eaka<\/figcaption><\/figure>\n\n\n\n<figure class=\"wp-block-image size-large\"><a href=\"https:\/\/maciaszki.pl\/wp-content\/uploads\/2020\/09\/DSC08459-scaled.jpg\"><img loading=\"lazy\" width=\"1024\" height=\"681\" src=\"https:\/\/maciaszki.pl\/wp-content\/uploads\/2020\/09\/DSC08459-1024x681.jpg\" alt=\"\" class=\"wp-image-3321\" srcset=\"https:\/\/maciaszki.pl\/wp-content\/uploads\/2020\/09\/DSC08459-1024x681.jpg 1024w, https:\/\/maciaszki.pl\/wp-content\/uploads\/2020\/09\/DSC08459-300x200.jpg 300w, https:\/\/maciaszki.pl\/wp-content\/uploads\/2020\/09\/DSC08459-768x511.jpg 768w, https:\/\/maciaszki.pl\/wp-content\/uploads\/2020\/09\/DSC08459-1536x1022.jpg 1536w, https:\/\/maciaszki.pl\/wp-content\/uploads\/2020\/09\/DSC08459-2048x1363.jpg 2048w\" sizes=\"(max-width: 706px) 89vw, (max-width: 767px) 82vw, 740px\" \/><\/a><figcaption>Ma\u0142a Fatra Lucza\u0144ska &#8211; w\u0119dr\u00f3wka z namiotem. Na <em>K\u013eak<\/em>u<\/figcaption><\/figure>\n\n\n\n<figure class=\"wp-block-image size-large\"><a href=\"https:\/\/maciaszki.pl\/wp-content\/uploads\/2020\/09\/DSC08462-scaled.jpg\"><img loading=\"lazy\" width=\"1024\" height=\"681\" src=\"https:\/\/maciaszki.pl\/wp-content\/uploads\/2020\/09\/DSC08462-1024x681.jpg\" alt=\"\" class=\"wp-image-3322\" srcset=\"https:\/\/maciaszki.pl\/wp-content\/uploads\/2020\/09\/DSC08462-1024x681.jpg 1024w, https:\/\/maciaszki.pl\/wp-content\/uploads\/2020\/09\/DSC08462-300x200.jpg 300w, https:\/\/maciaszki.pl\/wp-content\/uploads\/2020\/09\/DSC08462-768x511.jpg 768w, https:\/\/maciaszki.pl\/wp-content\/uploads\/2020\/09\/DSC08462-1536x1022.jpg 1536w, https:\/\/maciaszki.pl\/wp-content\/uploads\/2020\/09\/DSC08462-2048x1363.jpg 2048w\" sizes=\"(max-width: 706px) 89vw, (max-width: 767px) 82vw, 740px\" \/><\/a><figcaption>W dole droga na Fa\u010dkovsk\u00e9 sedlo<\/figcaption><\/figure>\n\n\n\n<p class=\"has-small-font-size\">Dalej szlak prowadzi nas przez kolejne punkty widokowe. Jeden z nich to Ostr\u00e1 skala (1220 m) i jak sama nazwa wskazuje, jest rzeczywi\u015bcie ostra, skalista, z wapiennymi \u015bcianami i pi\u0119knymi widokami na stron\u0119 zachodni\u0105. Jako \u017ce wiatr si\u0119 wzmaga, nie decydujemy si\u0119 rozbija\u0107 na prze\u0142\u0119czy Vr\u00ed\u010dansk\u00e9 sedlo, lecz robimy to nieco wcze\u015bniej, w lesie, os\u0142oni\u0119ci wysokimi drzewami. Miejsce okaza\u0142o si\u0119 doskona\u0142e, jeste\u015bmy sami, wok\u00f3\u0142 panuje idealna cisza. <\/p>\n\n\n\n<figure class=\"wp-block-image size-large\"><a href=\"https:\/\/maciaszki.pl\/wp-content\/uploads\/2020\/09\/DSC08470-scaled.jpg\"><img loading=\"lazy\" width=\"1024\" height=\"681\" src=\"https:\/\/maciaszki.pl\/wp-content\/uploads\/2020\/09\/DSC08470-1024x681.jpg\" alt=\"\" class=\"wp-image-3323\" srcset=\"https:\/\/maciaszki.pl\/wp-content\/uploads\/2020\/09\/DSC08470-1024x681.jpg 1024w, https:\/\/maciaszki.pl\/wp-content\/uploads\/2020\/09\/DSC08470-300x200.jpg 300w, https:\/\/maciaszki.pl\/wp-content\/uploads\/2020\/09\/DSC08470-768x511.jpg 768w, https:\/\/maciaszki.pl\/wp-content\/uploads\/2020\/09\/DSC08470-1536x1022.jpg 1536w, https:\/\/maciaszki.pl\/wp-content\/uploads\/2020\/09\/DSC08470-2048x1363.jpg 2048w\" sizes=\"(max-width: 706px) 89vw, (max-width: 767px) 82vw, 740px\" \/><\/a><figcaption>\u015acie\u017cka na Ostrej skale<\/figcaption><\/figure>\n\n\n\n<figure class=\"wp-block-image size-large\"><a href=\"https:\/\/maciaszki.pl\/wp-content\/uploads\/2020\/09\/DSC08487-scaled.jpg\"><img loading=\"lazy\" width=\"1024\" height=\"681\" src=\"https:\/\/maciaszki.pl\/wp-content\/uploads\/2020\/09\/DSC08487-1024x681.jpg\" alt=\"\" class=\"wp-image-3324\" srcset=\"https:\/\/maciaszki.pl\/wp-content\/uploads\/2020\/09\/DSC08487-1024x681.jpg 1024w, https:\/\/maciaszki.pl\/wp-content\/uploads\/2020\/09\/DSC08487-300x200.jpg 300w, https:\/\/maciaszki.pl\/wp-content\/uploads\/2020\/09\/DSC08487-768x511.jpg 768w, https:\/\/maciaszki.pl\/wp-content\/uploads\/2020\/09\/DSC08487-1536x1022.jpg 1536w, https:\/\/maciaszki.pl\/wp-content\/uploads\/2020\/09\/DSC08487-2048x1363.jpg 2048w\" sizes=\"(max-width: 706px) 89vw, (max-width: 767px) 82vw, 740px\" \/><\/a><figcaption>A to my o poranku \ud83d\ude42<\/figcaption><\/figure>\n\n\n\n<figure class=\"wp-block-image size-large\"><a href=\"https:\/\/maciaszki.pl\/wp-content\/uploads\/2020\/09\/DSC08502-scaled.jpg\"><img loading=\"lazy\" width=\"1024\" height=\"684\" src=\"https:\/\/maciaszki.pl\/wp-content\/uploads\/2020\/09\/DSC08502-1024x684.jpg\" alt=\"\" class=\"wp-image-3325\" srcset=\"https:\/\/maciaszki.pl\/wp-content\/uploads\/2020\/09\/DSC08502-1024x684.jpg 1024w, https:\/\/maciaszki.pl\/wp-content\/uploads\/2020\/09\/DSC08502-300x200.jpg 300w, https:\/\/maciaszki.pl\/wp-content\/uploads\/2020\/09\/DSC08502-768x513.jpg 768w, https:\/\/maciaszki.pl\/wp-content\/uploads\/2020\/09\/DSC08502-1536x1026.jpg 1536w, https:\/\/maciaszki.pl\/wp-content\/uploads\/2020\/09\/DSC08502-2048x1368.jpg 2048w\" sizes=\"(max-width: 706px) 89vw, (max-width: 767px) 82vw, 740px\" \/><\/a><figcaption>Po \u015bniadaniu ruszyli\u015bmy grani\u0105<\/figcaption><\/figure>\n\n\n\n<p class=\"has-small-font-size\">Pod\u0105\u017camy czerwonym graniowym szlakiem Ma\u0142ej Fatry. Po drodze mijamy mn\u00f3stwo pi\u0119knych g\u00f3rskich polan, wr\u0119cz zach\u0119caj\u0105cych do biwakowania, z rozleg\u0142ymi widokami we wszystkich kierunkach. Na grani jest dos\u0142ownie tylko kilka \u017ar\u00f3de\u0142ek, wi\u0119c trzeba by\u0107 czujnym, szczeg\u00f3lnie gdy si\u0119 idzie w tak upalny dzie\u0144. Bardzo daje nam si\u0119 we znaki strome podej\u015bcie na Hnilick\u0105 K\u00fd\u010der\u0119&nbsp;(1217 m), ale widoki rekompensuj\u0105 zm\u0119czenie.<\/p>\n\n\n\n<figure class=\"wp-block-image size-large\"><a href=\"https:\/\/maciaszki.pl\/wp-content\/uploads\/2020\/09\/DSC08511-scaled.jpg\"><img loading=\"lazy\" width=\"1024\" height=\"683\" src=\"https:\/\/maciaszki.pl\/wp-content\/uploads\/2020\/09\/DSC08511-1024x683.jpg\" alt=\"\" class=\"wp-image-3326\" srcset=\"https:\/\/maciaszki.pl\/wp-content\/uploads\/2020\/09\/DSC08511-1024x683.jpg 1024w, https:\/\/maciaszki.pl\/wp-content\/uploads\/2020\/09\/DSC08511-300x200.jpg 300w, https:\/\/maciaszki.pl\/wp-content\/uploads\/2020\/09\/DSC08511-768x512.jpg 768w, https:\/\/maciaszki.pl\/wp-content\/uploads\/2020\/09\/DSC08511-1536x1025.jpg 1536w, https:\/\/maciaszki.pl\/wp-content\/uploads\/2020\/09\/DSC08511-2048x1366.jpg 2048w\" sizes=\"(max-width: 706px) 89vw, (max-width: 767px) 82vw, 740px\" \/><\/a><figcaption>Typowy krajobraz z grani Ma\u0142ej Fatry<\/figcaption><\/figure>\n\n\n\n<figure class=\"wp-block-image size-large\"><a href=\"https:\/\/maciaszki.pl\/wp-content\/uploads\/2020\/09\/DSC08507-1-scaled.jpg\"><img loading=\"lazy\" width=\"1024\" height=\"535\" src=\"https:\/\/maciaszki.pl\/wp-content\/uploads\/2020\/09\/DSC08507-1-1024x535.jpg\" alt=\"\" class=\"wp-image-3329\" srcset=\"https:\/\/maciaszki.pl\/wp-content\/uploads\/2020\/09\/DSC08507-1-1024x535.jpg 1024w, https:\/\/maciaszki.pl\/wp-content\/uploads\/2020\/09\/DSC08507-1-300x157.jpg 300w, https:\/\/maciaszki.pl\/wp-content\/uploads\/2020\/09\/DSC08507-1-768x401.jpg 768w, https:\/\/maciaszki.pl\/wp-content\/uploads\/2020\/09\/DSC08507-1-1536x802.jpg 1536w, https:\/\/maciaszki.pl\/wp-content\/uploads\/2020\/09\/DSC08507-1-2048x1070.jpg 2048w\" sizes=\"(max-width: 706px) 89vw, (max-width: 767px) 82vw, 740px\" \/><\/a><\/figure>\n\n\n\n<figure class=\"wp-block-image size-large\"><a href=\"https:\/\/maciaszki.pl\/wp-content\/uploads\/2020\/09\/DSC08519-scaled.jpg\"><img loading=\"lazy\" width=\"1024\" height=\"681\" src=\"https:\/\/maciaszki.pl\/wp-content\/uploads\/2020\/09\/DSC08519-1024x681.jpg\" alt=\"\" class=\"wp-image-3328\" srcset=\"https:\/\/maciaszki.pl\/wp-content\/uploads\/2020\/09\/DSC08519-1024x681.jpg 1024w, https:\/\/maciaszki.pl\/wp-content\/uploads\/2020\/09\/DSC08519-300x200.jpg 300w, https:\/\/maciaszki.pl\/wp-content\/uploads\/2020\/09\/DSC08519-768x511.jpg 768w, https:\/\/maciaszki.pl\/wp-content\/uploads\/2020\/09\/DSC08519-1536x1022.jpg 1536w, https:\/\/maciaszki.pl\/wp-content\/uploads\/2020\/09\/DSC08519-2048x1363.jpg 2048w\" sizes=\"(max-width: 706px) 89vw, (max-width: 767px) 82vw, 740px\" \/><\/a><figcaption>Przed nami 200 m bardzo stromego podej\u015bcia na Hnilick\u0105 K\u00fd\u010der\u0119<\/figcaption><\/figure>\n\n\n\n<figure class=\"wp-block-image size-large\"><a href=\"https:\/\/maciaszki.pl\/wp-content\/uploads\/2020\/09\/DSC08522-2-scaled.jpg\"><img loading=\"lazy\" width=\"1024\" height=\"698\" src=\"https:\/\/maciaszki.pl\/wp-content\/uploads\/2020\/09\/DSC08522-2-1024x698.jpg\" alt=\"\" class=\"wp-image-3332\" srcset=\"https:\/\/maciaszki.pl\/wp-content\/uploads\/2020\/09\/DSC08522-2-1024x698.jpg 1024w, https:\/\/maciaszki.pl\/wp-content\/uploads\/2020\/09\/DSC08522-2-300x205.jpg 300w, https:\/\/maciaszki.pl\/wp-content\/uploads\/2020\/09\/DSC08522-2-768x524.jpg 768w, https:\/\/maciaszki.pl\/wp-content\/uploads\/2020\/09\/DSC08522-2-1536x1048.jpg 1536w, https:\/\/maciaszki.pl\/wp-content\/uploads\/2020\/09\/DSC08522-2-2048x1397.jpg 2048w\" sizes=\"(max-width: 706px) 89vw, (max-width: 767px) 82vw, 740px\" \/><\/a><figcaption>Na szczycie pot i zm\u0119czenie, w tle charakterystyczny kszta\u0142t K\u013eaka, na kt\u00f3rym byli\u015bmy poprzedniego dnia<\/figcaption><\/figure>\n\n\n\n<p class=\"has-small-font-size\">Na kolejny nocleg decydujemy si\u0119 zej\u015b\u0107 z grani w dolin\u0119 i rozbi\u0107 namiot nad potokiem. W ten spos\u00f3b rozwi\u0105zujemy  problem wody do picia i wieczornej toalety. Z Sedla Marikovej schodzimy kilkaset metr\u00f3w w d\u00f3\u0142 wzd\u0142u\u017c potoku Bystricka, rozbijamy namiot na kawa\u0142ku p\u0142askiego, przy wiacie na siano. Jest potok, jest pusto i cicho, czeg\u00f3\u017c wi\u0119cej chcie\u0107.<\/p>\n\n\n\n<figure class=\"wp-block-image size-large\"><a href=\"https:\/\/maciaszki.pl\/wp-content\/uploads\/2020\/09\/DSC08524-scaled.jpg\"><img loading=\"lazy\" width=\"1024\" height=\"681\" src=\"https:\/\/maciaszki.pl\/wp-content\/uploads\/2020\/09\/DSC08524-1024x681.jpg\" alt=\"\" class=\"wp-image-3334\" srcset=\"https:\/\/maciaszki.pl\/wp-content\/uploads\/2020\/09\/DSC08524-1024x681.jpg 1024w, https:\/\/maciaszki.pl\/wp-content\/uploads\/2020\/09\/DSC08524-300x200.jpg 300w, https:\/\/maciaszki.pl\/wp-content\/uploads\/2020\/09\/DSC08524-768x511.jpg 768w, https:\/\/maciaszki.pl\/wp-content\/uploads\/2020\/09\/DSC08524-1536x1022.jpg 1536w, https:\/\/maciaszki.pl\/wp-content\/uploads\/2020\/09\/DSC08524-2048x1363.jpg 2048w\" sizes=\"(max-width: 706px) 89vw, (max-width: 767px) 82vw, 740px\" \/><\/a><figcaption>Schodzimy w dolin\u0119<\/figcaption><\/figure>\n\n\n\n<figure class=\"wp-block-image size-large\"><a href=\"https:\/\/maciaszki.pl\/wp-content\/uploads\/2020\/09\/DSC08531-scaled.jpg\"><img loading=\"lazy\" width=\"1024\" height=\"681\" src=\"https:\/\/maciaszki.pl\/wp-content\/uploads\/2020\/09\/DSC08531-1024x681.jpg\" alt=\"\" class=\"wp-image-3335\" srcset=\"https:\/\/maciaszki.pl\/wp-content\/uploads\/2020\/09\/DSC08531-1024x681.jpg 1024w, https:\/\/maciaszki.pl\/wp-content\/uploads\/2020\/09\/DSC08531-300x200.jpg 300w, https:\/\/maciaszki.pl\/wp-content\/uploads\/2020\/09\/DSC08531-768x511.jpg 768w, https:\/\/maciaszki.pl\/wp-content\/uploads\/2020\/09\/DSC08531-1536x1022.jpg 1536w, https:\/\/maciaszki.pl\/wp-content\/uploads\/2020\/09\/DSC08531-2048x1363.jpg 2048w\" sizes=\"(max-width: 706px) 89vw, (max-width: 767px) 82vw, 740px\" \/><\/a><figcaption>Nasz drugi nocleg<\/figcaption><\/figure>\n\n\n\n<figure class=\"wp-block-image size-large\"><a href=\"https:\/\/maciaszki.pl\/wp-content\/uploads\/2020\/09\/DSC08538-scaled.jpg\"><img loading=\"lazy\" width=\"1024\" height=\"681\" src=\"https:\/\/maciaszki.pl\/wp-content\/uploads\/2020\/09\/DSC08538-1024x681.jpg\" alt=\"\" class=\"wp-image-3336\" srcset=\"https:\/\/maciaszki.pl\/wp-content\/uploads\/2020\/09\/DSC08538-1024x681.jpg 1024w, https:\/\/maciaszki.pl\/wp-content\/uploads\/2020\/09\/DSC08538-300x200.jpg 300w, https:\/\/maciaszki.pl\/wp-content\/uploads\/2020\/09\/DSC08538-768x511.jpg 768w, https:\/\/maciaszki.pl\/wp-content\/uploads\/2020\/09\/DSC08538-1536x1022.jpg 1536w, https:\/\/maciaszki.pl\/wp-content\/uploads\/2020\/09\/DSC08538-2048x1363.jpg 2048w\" sizes=\"(max-width: 706px) 89vw, (max-width: 767px) 82vw, 740px\" \/><\/a><figcaption>I poranna kawa<\/figcaption><\/figure>\n\n\n\n<p class=\"has-small-font-size\">Zeszli\u015bmy w d\u00f3\u0142, ale teraz czeka nas powr\u00f3t na gra\u0144, by dotrze\u0107 na najwy\u017cszy szczyt Ve\u013ek\u0105 l\u00fak\u0119&nbsp;(1476 m n.p.m.) &#8211; czyli ok. 900 m podej\u015bcia. Ale na pocz\u0105tku jeszcze schodzimy do zamku Kunerad, aby stamt\u0105d wzd\u0142u\u017c Svita\u010dovej doliny rozpocz\u0105\u0107 d\u0142ugie podej\u015bcie.<\/p>\n\n\n\n<figure class=\"wp-block-image size-large\"><a href=\"https:\/\/maciaszki.pl\/wp-content\/uploads\/2020\/09\/DSC08550-scaled.jpg\"><img loading=\"lazy\" width=\"1024\" height=\"681\" src=\"https:\/\/maciaszki.pl\/wp-content\/uploads\/2020\/09\/DSC08550-1024x681.jpg\" alt=\"\" class=\"wp-image-3338\" srcset=\"https:\/\/maciaszki.pl\/wp-content\/uploads\/2020\/09\/DSC08550-1024x681.jpg 1024w, https:\/\/maciaszki.pl\/wp-content\/uploads\/2020\/09\/DSC08550-300x200.jpg 300w, https:\/\/maciaszki.pl\/wp-content\/uploads\/2020\/09\/DSC08550-768x511.jpg 768w, https:\/\/maciaszki.pl\/wp-content\/uploads\/2020\/09\/DSC08550-1536x1022.jpg 1536w, https:\/\/maciaszki.pl\/wp-content\/uploads\/2020\/09\/DSC08550-2048x1363.jpg 2048w\" sizes=\"(max-width: 706px) 89vw, (max-width: 767px) 82vw, 740px\" \/><\/a><figcaption>Zamek Kunerad nie wygl\u0105da za dobrze<\/figcaption><\/figure>\n\n\n\n<figure class=\"wp-block-image size-large\"><a href=\"https:\/\/maciaszki.pl\/wp-content\/uploads\/2020\/09\/DSC08557-scaled.jpg\"><img loading=\"lazy\" width=\"1024\" height=\"683\" src=\"https:\/\/maciaszki.pl\/wp-content\/uploads\/2020\/09\/DSC08557-1024x683.jpg\" alt=\"\" class=\"wp-image-3339\" srcset=\"https:\/\/maciaszki.pl\/wp-content\/uploads\/2020\/09\/DSC08557-1024x683.jpg 1024w, https:\/\/maciaszki.pl\/wp-content\/uploads\/2020\/09\/DSC08557-300x200.jpg 300w, https:\/\/maciaszki.pl\/wp-content\/uploads\/2020\/09\/DSC08557-768x513.jpg 768w, https:\/\/maciaszki.pl\/wp-content\/uploads\/2020\/09\/DSC08557-1536x1025.jpg 1536w, https:\/\/maciaszki.pl\/wp-content\/uploads\/2020\/09\/DSC08557-2048x1367.jpg 2048w\" sizes=\"(max-width: 706px) 89vw, (max-width: 767px) 82vw, 740px\" \/><\/a><figcaption>W drodze na Ve\u013ek\u0105 l\u00fak\u0119 na grani jest Vetern\u00e9 (1442 m). Odpoczywamy po wyczerpuj\u0105cym podej\u015bciu<\/figcaption><\/figure>\n\n\n\n<figure class=\"wp-block-image size-large\"><a href=\"https:\/\/maciaszki.pl\/wp-content\/uploads\/2020\/09\/DSC08560-scaled.jpg\"><img loading=\"lazy\" width=\"1024\" height=\"681\" src=\"https:\/\/maciaszki.pl\/wp-content\/uploads\/2020\/09\/DSC08560-1024x681.jpg\" alt=\"\" class=\"wp-image-3342\" srcset=\"https:\/\/maciaszki.pl\/wp-content\/uploads\/2020\/09\/DSC08560-1024x681.jpg 1024w, https:\/\/maciaszki.pl\/wp-content\/uploads\/2020\/09\/DSC08560-300x200.jpg 300w, https:\/\/maciaszki.pl\/wp-content\/uploads\/2020\/09\/DSC08560-768x511.jpg 768w, https:\/\/maciaszki.pl\/wp-content\/uploads\/2020\/09\/DSC08560-1536x1022.jpg 1536w, https:\/\/maciaszki.pl\/wp-content\/uploads\/2020\/09\/DSC08560-2048x1363.jpg 2048w\" sizes=\"(max-width: 706px) 89vw, (max-width: 767px) 82vw, 740px\" \/><\/a><\/figure>\n\n\n\n<p class=\"has-small-font-size\">Po d\u0142ugim le\u017ceniu na szczycie Vetern\u00e9 (1442 m) wchodzimy na Ve\u013ek\u0105 l\u00fak\u0119, kt\u00f3rej masyw w cz\u0119\u015bci oko\u0142ogrzbietowej pokryty jest rozleg\u0142ymi \u0142\u0105kami g\u00f3rskimi, znanymi po stronie wschodniej&nbsp;jako&nbsp;Martinsk\u00e9 hole.&nbsp; Na wzniesieniu&nbsp;Kri\u017cawy, ok. 1&nbsp;km na p\u00f3\u0142noc od kulminacji szczytu \u201eWielkiej \u0141\u0105ki\u201d, znajduje si\u0119 wysoki maszt nadajnika radiowo-telewizyjnego. Zurbanizowany charakter szczytu niezbyt nam si\u0119 podoba. Aby skosztowa\u0107 w ten gor\u0105cy dzie\u0144 zimnego s\u0142owackiego piwa musimy odbi\u0107 od grani i zej\u015b\u0107 p\u00f3\u0142 godziny w d\u00f3\u0142 w kierunku na Martinsk\u00e9 hole. <\/p>\n\n\n\n<figure class=\"wp-block-image size-large is-resized\"><a href=\"https:\/\/maciaszki.pl\/wp-content\/uploads\/2020\/09\/DSC08563-scaled.jpg\"><img loading=\"lazy\" src=\"https:\/\/maciaszki.pl\/wp-content\/uploads\/2020\/09\/DSC08563-681x1024.jpg\" alt=\"\" class=\"wp-image-3343\" width=\"358\" height=\"538\" srcset=\"https:\/\/maciaszki.pl\/wp-content\/uploads\/2020\/09\/DSC08563-681x1024.jpg 681w, https:\/\/maciaszki.pl\/wp-content\/uploads\/2020\/09\/DSC08563-200x300.jpg 200w, https:\/\/maciaszki.pl\/wp-content\/uploads\/2020\/09\/DSC08563-768x1154.jpg 768w, https:\/\/maciaszki.pl\/wp-content\/uploads\/2020\/09\/DSC08563-1022x1536.jpg 1022w, https:\/\/maciaszki.pl\/wp-content\/uploads\/2020\/09\/DSC08563-1363x2048.jpg 1363w, https:\/\/maciaszki.pl\/wp-content\/uploads\/2020\/09\/DSC08563-scaled.jpg 1704w\" sizes=\"(max-width: 358px) 100vw, 358px\" \/><\/a><figcaption>Pierwsze piwo w trzecim dniu w\u0119dr\u00f3wki. Nale\u017ca\u0142o nam si\u0119.<\/figcaption><\/figure>\n\n\n\n<p class=\"has-small-font-size\">Niestety, piwo rozleniwia, trudniej wi\u0119c wr\u00f3ci\u0107 na gra\u0144. Zaj\u0119\u0142o nam to 45 minut. Potem idziemy ods\u0142oni\u0119t\u0105 grani\u0105 z pi\u0119knymi widokami na wspomniany na pocz\u0105tku Min\u010dol (1364 m), najbardziej wysuni\u0119ty na p\u00f3\u0142noc wyra\u017anie wybijaj\u0105cy si\u0119 szczyt Ma\u0142ej Fatry Lucza\u0144skiej. Namiot rozbijamy na polanie pod samym szczytem i w rankingu g\u00f3rskich nocleg\u00f3w ten niew\u0105tpliwie dzier\u017cy palm\u0119 pierwsze\u0144stwa. W tak pi\u0119knych okoliczno\u015bciach nigdy nie nocowali\u015bmy. Smakuj\u0105c ferneta, podziwiamy zach\u00f3d s\u0142o\u0144ca nad Javornikami, a kilka godzin p\u00f3\u017aniej wsch\u00f3d nad pasmem Wielkiego Krywania. <\/p>\n\n\n\n<figure class=\"wp-block-image size-large\"><a href=\"https:\/\/maciaszki.pl\/wp-content\/uploads\/2020\/09\/DSC08569-scaled.jpg\"><img loading=\"lazy\" width=\"1024\" height=\"684\" src=\"https:\/\/maciaszki.pl\/wp-content\/uploads\/2020\/09\/DSC08569-1024x684.jpg\" alt=\"\" class=\"wp-image-3344\" srcset=\"https:\/\/maciaszki.pl\/wp-content\/uploads\/2020\/09\/DSC08569-1024x684.jpg 1024w, https:\/\/maciaszki.pl\/wp-content\/uploads\/2020\/09\/DSC08569-300x200.jpg 300w, https:\/\/maciaszki.pl\/wp-content\/uploads\/2020\/09\/DSC08569-768x513.jpg 768w, https:\/\/maciaszki.pl\/wp-content\/uploads\/2020\/09\/DSC08569-1536x1026.jpg 1536w, https:\/\/maciaszki.pl\/wp-content\/uploads\/2020\/09\/DSC08569-2048x1368.jpg 2048w\" sizes=\"(max-width: 706px) 89vw, (max-width: 767px) 82vw, 740px\" \/><\/a><figcaption>W tle drugie pasmo Ma\u0142ej Fatry &#8211; Wielki Krywa\u0144<\/figcaption><\/figure>\n\n\n\n<figure class=\"wp-block-image size-large\"><a href=\"https:\/\/maciaszki.pl\/wp-content\/uploads\/2020\/09\/DSC08586-scaled.jpg\"><img loading=\"lazy\" width=\"1024\" height=\"681\" src=\"https:\/\/maciaszki.pl\/wp-content\/uploads\/2020\/09\/DSC08586-1024x681.jpg\" alt=\"\" class=\"wp-image-3345\" srcset=\"https:\/\/maciaszki.pl\/wp-content\/uploads\/2020\/09\/DSC08586-1024x681.jpg 1024w, https:\/\/maciaszki.pl\/wp-content\/uploads\/2020\/09\/DSC08586-300x200.jpg 300w, https:\/\/maciaszki.pl\/wp-content\/uploads\/2020\/09\/DSC08586-768x511.jpg 768w, https:\/\/maciaszki.pl\/wp-content\/uploads\/2020\/09\/DSC08586-1536x1022.jpg 1536w, https:\/\/maciaszki.pl\/wp-content\/uploads\/2020\/09\/DSC08586-2048x1363.jpg 2048w\" sizes=\"(max-width: 706px) 89vw, (max-width: 767px) 82vw, 740px\" \/><\/a><figcaption>Nasz namiot na Min\u010dolu<\/figcaption><\/figure>\n\n\n\n<figure class=\"wp-block-image size-large\"><a href=\"https:\/\/maciaszki.pl\/wp-content\/uploads\/2020\/09\/DSC08591-scaled.jpg\"><img loading=\"lazy\" width=\"1024\" height=\"684\" src=\"https:\/\/maciaszki.pl\/wp-content\/uploads\/2020\/09\/DSC08591-1024x684.jpg\" alt=\"\" class=\"wp-image-3359\" srcset=\"https:\/\/maciaszki.pl\/wp-content\/uploads\/2020\/09\/DSC08591-1024x684.jpg 1024w, https:\/\/maciaszki.pl\/wp-content\/uploads\/2020\/09\/DSC08591-300x200.jpg 300w, https:\/\/maciaszki.pl\/wp-content\/uploads\/2020\/09\/DSC08591-768x513.jpg 768w, https:\/\/maciaszki.pl\/wp-content\/uploads\/2020\/09\/DSC08591-1536x1026.jpg 1536w, https:\/\/maciaszki.pl\/wp-content\/uploads\/2020\/09\/DSC08591-2048x1368.jpg 2048w\" sizes=\"(max-width: 706px) 89vw, (max-width: 767px) 82vw, 740px\" \/><\/a><figcaption>Przedwieczorny widok z namiotu<\/figcaption><\/figure>\n\n\n\n<figure class=\"wp-block-image size-large\"><a href=\"https:\/\/maciaszki.pl\/wp-content\/uploads\/2020\/09\/DSC08597-scaled.jpg\"><img loading=\"lazy\" width=\"1024\" height=\"681\" src=\"https:\/\/maciaszki.pl\/wp-content\/uploads\/2020\/09\/DSC08597-1024x681.jpg\" alt=\"\" class=\"wp-image-3346\" srcset=\"https:\/\/maciaszki.pl\/wp-content\/uploads\/2020\/09\/DSC08597-1024x681.jpg 1024w, https:\/\/maciaszki.pl\/wp-content\/uploads\/2020\/09\/DSC08597-300x200.jpg 300w, https:\/\/maciaszki.pl\/wp-content\/uploads\/2020\/09\/DSC08597-768x511.jpg 768w, https:\/\/maciaszki.pl\/wp-content\/uploads\/2020\/09\/DSC08597-1536x1022.jpg 1536w, https:\/\/maciaszki.pl\/wp-content\/uploads\/2020\/09\/DSC08597-2048x1363.jpg 2048w\" sizes=\"(max-width: 706px) 89vw, (max-width: 767px) 82vw, 740px\" \/><\/a><figcaption>S\u0142o\u0144ce zachodzi nad Javornikami<\/figcaption><\/figure>\n\n\n\n<figure class=\"wp-block-image size-large\"><a href=\"https:\/\/maciaszki.pl\/wp-content\/uploads\/2020\/09\/DSC08611-1-scaled.jpg\"><img loading=\"lazy\" width=\"1024\" height=\"681\" src=\"https:\/\/maciaszki.pl\/wp-content\/uploads\/2020\/09\/DSC08611-1-1024x681.jpg\" alt=\"\" class=\"wp-image-3347\" srcset=\"https:\/\/maciaszki.pl\/wp-content\/uploads\/2020\/09\/DSC08611-1-1024x681.jpg 1024w, https:\/\/maciaszki.pl\/wp-content\/uploads\/2020\/09\/DSC08611-1-300x200.jpg 300w, https:\/\/maciaszki.pl\/wp-content\/uploads\/2020\/09\/DSC08611-1-768x511.jpg 768w, https:\/\/maciaszki.pl\/wp-content\/uploads\/2020\/09\/DSC08611-1-1536x1022.jpg 1536w, https:\/\/maciaszki.pl\/wp-content\/uploads\/2020\/09\/DSC08611-1-2048x1363.jpg 2048w\" sizes=\"(max-width: 706px) 89vw, (max-width: 767px) 82vw, 740px\" \/><\/a><figcaption>Wsch\u00f3d s\u0142o\u0144ca nad Ma\u0142\u0105 Fatr\u0105 Krywa\u0144sk\u0105<\/figcaption><\/figure>\n\n\n\n<figure class=\"wp-block-image size-large\"><a href=\"https:\/\/maciaszki.pl\/wp-content\/uploads\/2020\/09\/DSC08626-scaled.jpg\"><img loading=\"lazy\" width=\"1024\" height=\"681\" src=\"https:\/\/maciaszki.pl\/wp-content\/uploads\/2020\/09\/DSC08626-1024x681.jpg\" alt=\"\" class=\"wp-image-3348\" srcset=\"https:\/\/maciaszki.pl\/wp-content\/uploads\/2020\/09\/DSC08626-1024x681.jpg 1024w, https:\/\/maciaszki.pl\/wp-content\/uploads\/2020\/09\/DSC08626-300x200.jpg 300w, https:\/\/maciaszki.pl\/wp-content\/uploads\/2020\/09\/DSC08626-768x511.jpg 768w, https:\/\/maciaszki.pl\/wp-content\/uploads\/2020\/09\/DSC08626-1536x1022.jpg 1536w, https:\/\/maciaszki.pl\/wp-content\/uploads\/2020\/09\/DSC08626-2048x1363.jpg 2048w\" sizes=\"(max-width: 706px) 89vw, (max-width: 767px) 82vw, 740px\" \/><\/a><figcaption>Poranne impresje<\/figcaption><\/figure>\n\n\n\n<figure class=\"wp-block-image size-large\"><a href=\"https:\/\/maciaszki.pl\/wp-content\/uploads\/2020\/09\/DSC08630-1-scaled.jpg\"><img loading=\"lazy\" width=\"1024\" height=\"681\" src=\"https:\/\/maciaszki.pl\/wp-content\/uploads\/2020\/09\/DSC08630-1-1024x681.jpg\" alt=\"\" class=\"wp-image-3356\" srcset=\"https:\/\/maciaszki.pl\/wp-content\/uploads\/2020\/09\/DSC08630-1-1024x681.jpg 1024w, https:\/\/maciaszki.pl\/wp-content\/uploads\/2020\/09\/DSC08630-1-300x200.jpg 300w, https:\/\/maciaszki.pl\/wp-content\/uploads\/2020\/09\/DSC08630-1-768x511.jpg 768w, https:\/\/maciaszki.pl\/wp-content\/uploads\/2020\/09\/DSC08630-1-1536x1022.jpg 1536w, https:\/\/maciaszki.pl\/wp-content\/uploads\/2020\/09\/DSC08630-1-2048x1363.jpg 2048w\" sizes=\"(max-width: 706px) 89vw, (max-width: 767px) 82vw, 740px\" \/><\/a><\/figure>\n\n\n\n<figure class=\"wp-block-image size-large\"><a href=\"https:\/\/maciaszki.pl\/wp-content\/uploads\/2020\/09\/DSC08635-1-scaled.jpg\"><img loading=\"lazy\" width=\"1024\" height=\"681\" src=\"https:\/\/maciaszki.pl\/wp-content\/uploads\/2020\/09\/DSC08635-1-1024x681.jpg\" alt=\"\" class=\"wp-image-3357\" srcset=\"https:\/\/maciaszki.pl\/wp-content\/uploads\/2020\/09\/DSC08635-1-1024x681.jpg 1024w, https:\/\/maciaszki.pl\/wp-content\/uploads\/2020\/09\/DSC08635-1-300x200.jpg 300w, https:\/\/maciaszki.pl\/wp-content\/uploads\/2020\/09\/DSC08635-1-768x511.jpg 768w, https:\/\/maciaszki.pl\/wp-content\/uploads\/2020\/09\/DSC08635-1-1536x1022.jpg 1536w, https:\/\/maciaszki.pl\/wp-content\/uploads\/2020\/09\/DSC08635-1-2048x1363.jpg 2048w\" sizes=\"(max-width: 706px) 89vw, (max-width: 767px) 82vw, 740px\" \/><\/a><figcaption>Kawa na szczycie <em>Min\u010dol<\/em>a<\/figcaption><\/figure>\n\n\n\n<p class=\"has-small-font-size\">Przed nami ostatni dzie\u0144 w\u0119dr\u00f3wki. Schodzimy zielonym szlakiem do wsi Vi\u0161\u0148ov\u00e9, tam ostatnie ma\u0142e piwo. P\u00f3\u017aniej kilka kilometr\u00f3w do Turie, gdzie czeka na nas samoch\u00f3d. Wracamy! <\/p>\n\n\n\n<figure class=\"wp-block-image size-large\"><a href=\"https:\/\/maciaszki.pl\/wp-content\/uploads\/2020\/09\/DSC08647-scaled.jpg\"><img loading=\"lazy\" width=\"1024\" height=\"681\" src=\"https:\/\/maciaszki.pl\/wp-content\/uploads\/2020\/09\/DSC08647-1024x681.jpg\" alt=\"\" class=\"wp-image-3362\" srcset=\"https:\/\/maciaszki.pl\/wp-content\/uploads\/2020\/09\/DSC08647-1024x681.jpg 1024w, https:\/\/maciaszki.pl\/wp-content\/uploads\/2020\/09\/DSC08647-300x200.jpg 300w, https:\/\/maciaszki.pl\/wp-content\/uploads\/2020\/09\/DSC08647-768x511.jpg 768w, https:\/\/maciaszki.pl\/wp-content\/uploads\/2020\/09\/DSC08647-1536x1022.jpg 1536w, https:\/\/maciaszki.pl\/wp-content\/uploads\/2020\/09\/DSC08647-2048x1363.jpg 2048w\" sizes=\"(max-width: 706px) 89vw, (max-width: 767px) 82vw, 740px\" \/><\/a><figcaption>Poranek ostatniego dnia. Ruszamy<\/figcaption><\/figure>\n\n\n\n<figure class=\"wp-block-image size-large\"><a href=\"https:\/\/maciaszki.pl\/wp-content\/uploads\/2020\/09\/DSC08661-scaled.jpg\"><img loading=\"lazy\" width=\"1024\" height=\"681\" src=\"https:\/\/maciaszki.pl\/wp-content\/uploads\/2020\/09\/DSC08661-1024x681.jpg\" alt=\"\" class=\"wp-image-3363\" srcset=\"https:\/\/maciaszki.pl\/wp-content\/uploads\/2020\/09\/DSC08661-1024x681.jpg 1024w, https:\/\/maciaszki.pl\/wp-content\/uploads\/2020\/09\/DSC08661-300x200.jpg 300w, https:\/\/maciaszki.pl\/wp-content\/uploads\/2020\/09\/DSC08661-768x511.jpg 768w, https:\/\/maciaszki.pl\/wp-content\/uploads\/2020\/09\/DSC08661-1536x1022.jpg 1536w, https:\/\/maciaszki.pl\/wp-content\/uploads\/2020\/09\/DSC08661-2048x1363.jpg 2048w\" sizes=\"(max-width: 706px) 89vw, (max-width: 767px) 82vw, 740px\" \/><\/a><figcaption>W d\u00f3\u0142 do wsi <em>Vi\u0161\u0148ov\u00e9<\/em><\/figcaption><\/figure>\n\n\n\n<p class=\"has-small-font-size\">Wi\u0119cej zdj\u0119\u0107 z d\u0142ugiego weekendu &#8222;Ma\u0142a Fatra Lucza\u0144ska &#8211; w\u0119dr\u00f3wka z namiotem&#8221; mo\u017cna znale\u017a\u0107 <a aria-label=\"undefined (opens in a new tab)\" href=\"https:\/\/photos.app.goo.gl\/r5usHHSSspNFmGbn8\" target=\"_blank\" rel=\"noreferrer noopener\">tutaj<\/a>. Korzystali\u015bmy z mapy &#8222;<a href=\"https:\/\/mapy.bialystok.pl\/p174,120-mala-fatra-martinske-hole-mal\u00e1-fatra-martinsk\u00e9-hole-mapa-turystyczna-1-50-000.html\" target=\"_blank\" aria-label=\"undefined (opens in a new tab)\" rel=\"noreferrer noopener\">MALA FATRA MARTINSKE HOLE<\/a>&#8221; w skali 1:50000<\/p>\n","protected":false},"excerpt":{"rendered":"<p>Bardzo dobrze znamy Ma\u0142\u0105 Fatr\u0119 &#8211; cz\u0119\u015b\u0107 Krywa\u0144sk\u0105 (relacj\u0119 z jednego z wyjazd\u00f3w mo\u017cna znale\u017a\u0107 tutaj), wi\u0119c tym razem na w\u0119dr\u00f3wk\u0119 w d\u0142ugi weekend z okazji Bo\u017cego Cia\u0142a wybrali\u015bmy dla odmiany nieznan\u0105 nam wcze\u015bniej Ma\u0142\u0105 Fatr\u0119 Lucza\u0144sk\u0105. Lucza\u0144ska, bo najwy\u017cszym szczytem jest Ve\u013ek\u00e1 l\u00faka&nbsp;(Wielka \u0141\u0105ka po polsku) (1476 m n.p.m.). Na ca\u0142ej grani jznajduje si\u0119 &hellip; <\/p>\n<p class=\"link-more\"><a href=\"https:\/\/maciaszki.pl\/index.php\/2015\/06\/04\/mala-fatra-luczanska-wedrowka-z-namiotem-velka-luka-2015r\/\" class=\"more-link\">Czytaj dalej<span class=\"screen-reader-text\"> Ma\u0142a Fatra Lucza\u0144ska &#8211; w\u0119dr\u00f3wka z namiotem (Ve\u013ek\u00e1 l\u00faka) &#8211; 2015r.<\/span><\/a><\/p>\n","protected":false},"author":6,"featured_media":3354,"comment_status":"open","ping_status":"closed","sticky":false,"template":"","format":"standard","meta":[],"categories":[4],"tags":[75,85],"yoast_head":"<!-- This site is optimized with the Yoast SEO plugin v17.6 - https:\/\/yoast.com\/wordpress\/plugins\/seo\/ -->\n<title>Ma\u0142a Fatra Lucza\u0144ska - w\u0119dr\u00f3wka z namiotem (Ve\u013ek\u00e1 l\u00faka) - 2015r. - Maciaszki<\/title>\n<meta name=\"description\" content=\"Ma\u0142a Fatra Lucza\u0144ska - w\u0119dr\u00f3wka z namiotem, Klak, Ve\u013ek\u00e1 l\u00faka Wielka \u0141\u0105ka, Martinskie Hole, ska\u0142y wapienne, Ostra skalka, Min\u010dol, piwo,\" \/>\n<meta name=\"robots\" content=\"index, follow, max-snippet:-1, max-image-preview:large, max-video-preview:-1\" \/>\n<link rel=\"canonical\" href=\"https:\/\/maciaszki.pl\/index.php\/2015\/06\/04\/mala-fatra-luczanska-wedrowka-z-namiotem-velka-luka-2015r\/\" \/>\n<meta property=\"og:locale\" content=\"pl_PL\" \/>\n<meta property=\"og:type\" content=\"article\" \/>\n<meta property=\"og:title\" content=\"Ma\u0142a Fatra Lucza\u0144ska - w\u0119dr\u00f3wka z namiotem (Ve\u013ek\u00e1 l\u00faka) - 2015r. - Maciaszki\" \/>\n<meta property=\"og:description\" content=\"Ma\u0142a Fatra Lucza\u0144ska - w\u0119dr\u00f3wka z namiotem, Klak, Ve\u013ek\u00e1 l\u00faka Wielka \u0141\u0105ka, Martinskie Hole, ska\u0142y wapienne, Ostra skalka, Min\u010dol, piwo,\" \/>\n<meta property=\"og:url\" content=\"https:\/\/maciaszki.pl\/index.php\/2015\/06\/04\/mala-fatra-luczanska-wedrowka-z-namiotem-velka-luka-2015r\/\" \/>\n<meta property=\"og:site_name\" content=\"Maciaszki\" \/>\n<meta property=\"article:published_time\" content=\"2015-06-04T16:35:00+00:00\" \/>\n<meta property=\"article:modified_time\" content=\"2021-03-16T17:22:01+00:00\" \/>\n<meta property=\"og:image\" content=\"https:\/\/maciaszki.pl\/wp-content\/uploads\/2020\/09\/DSC08510-3-scaled.jpg\" \/>\n\t<meta property=\"og:image:width\" content=\"2560\" \/>\n\t<meta property=\"og:image:height\" content=\"767\" \/>\n<meta name=\"twitter:card\" content=\"summary_large_image\" \/>\n<meta name=\"twitter:label1\" content=\"Napisane przez\" \/>\n\t<meta name=\"twitter:data1\" content=\"Tomek\" \/>\n\t<meta name=\"twitter:label2\" content=\"Szacowany czas czytania\" \/>\n\t<meta name=\"twitter:data2\" content=\"5 minut\" \/>\n<script type=\"application\/ld+json\" class=\"yoast-schema-graph\">{\"@context\":\"https:\/\/schema.org\",\"@graph\":[{\"@type\":\"WebSite\",\"@id\":\"https:\/\/maciaszki.pl\/#website\",\"url\":\"https:\/\/maciaszki.pl\/\",\"name\":\"Maciaszki\",\"description\":\"W\\u0119dr\\u00f3wki w czasie i w przestrzeni\",\"potentialAction\":[{\"@type\":\"SearchAction\",\"target\":{\"@type\":\"EntryPoint\",\"urlTemplate\":\"https:\/\/maciaszki.pl\/?s={search_term_string}\"},\"query-input\":\"required name=search_term_string\"}],\"inLanguage\":\"pl-PL\"},{\"@type\":\"ImageObject\",\"@id\":\"https:\/\/maciaszki.pl\/index.php\/2015\/06\/04\/mala-fatra-luczanska-wedrowka-z-namiotem-velka-luka-2015r\/#primaryimage\",\"inLanguage\":\"pl-PL\",\"url\":\"https:\/\/maciaszki.pl\/wp-content\/uploads\/2020\/09\/DSC08510-3-scaled.jpg\",\"contentUrl\":\"https:\/\/maciaszki.pl\/wp-content\/uploads\/2020\/09\/DSC08510-3-scaled.jpg\",\"width\":2560,\"height\":767,\"caption\":\"SONY DSC\"},{\"@type\":\"WebPage\",\"@id\":\"https:\/\/maciaszki.pl\/index.php\/2015\/06\/04\/mala-fatra-luczanska-wedrowka-z-namiotem-velka-luka-2015r\/#webpage\",\"url\":\"https:\/\/maciaszki.pl\/index.php\/2015\/06\/04\/mala-fatra-luczanska-wedrowka-z-namiotem-velka-luka-2015r\/\",\"name\":\"Ma\\u0142a Fatra Lucza\\u0144ska - w\\u0119dr\\u00f3wka z namiotem (Ve\\u013ek\\u00e1 l\\u00faka) - 2015r. - Maciaszki\",\"isPartOf\":{\"@id\":\"https:\/\/maciaszki.pl\/#website\"},\"primaryImageOfPage\":{\"@id\":\"https:\/\/maciaszki.pl\/index.php\/2015\/06\/04\/mala-fatra-luczanska-wedrowka-z-namiotem-velka-luka-2015r\/#primaryimage\"},\"datePublished\":\"2015-06-04T16:35:00+00:00\",\"dateModified\":\"2021-03-16T17:22:01+00:00\",\"author\":{\"@id\":\"https:\/\/maciaszki.pl\/#\/schema\/person\/927a7d4023a1599d0d448b6094ed01eb\"},\"description\":\"Ma\\u0142a Fatra Lucza\\u0144ska - w\\u0119dr\\u00f3wka z namiotem, Klak, Ve\\u013ek\\u00e1 l\\u00faka Wielka \\u0141\\u0105ka, Martinskie Hole, ska\\u0142y wapienne, Ostra skalka, Min\\u010dol, piwo,\",\"breadcrumb\":{\"@id\":\"https:\/\/maciaszki.pl\/index.php\/2015\/06\/04\/mala-fatra-luczanska-wedrowka-z-namiotem-velka-luka-2015r\/#breadcrumb\"},\"inLanguage\":\"pl-PL\",\"potentialAction\":[{\"@type\":\"ReadAction\",\"target\":[\"https:\/\/maciaszki.pl\/index.php\/2015\/06\/04\/mala-fatra-luczanska-wedrowka-z-namiotem-velka-luka-2015r\/\"]}]},{\"@type\":\"BreadcrumbList\",\"@id\":\"https:\/\/maciaszki.pl\/index.php\/2015\/06\/04\/mala-fatra-luczanska-wedrowka-z-namiotem-velka-luka-2015r\/#breadcrumb\",\"itemListElement\":[{\"@type\":\"ListItem\",\"position\":1,\"name\":\"Home\",\"item\":\"https:\/\/maciaszki.pl\/\"},{\"@type\":\"ListItem\",\"position\":2,\"name\":\"Ma\\u0142a Fatra Lucza\\u0144ska &#8211; w\\u0119dr\\u00f3wka z namiotem (Ve\\u013ek\\u00e1 l\\u00faka) &#8211; 2015r.\"}]},{\"@type\":\"Person\",\"@id\":\"https:\/\/maciaszki.pl\/#\/schema\/person\/927a7d4023a1599d0d448b6094ed01eb\",\"name\":\"Tomek\",\"image\":{\"@type\":\"ImageObject\",\"@id\":\"https:\/\/maciaszki.pl\/#personlogo\",\"inLanguage\":\"pl-PL\",\"url\":\"https:\/\/secure.gravatar.com\/avatar\/0ce461a5edaa58bb7fb6c252a1dbf70d?s=96&d=mm&r=g\",\"contentUrl\":\"https:\/\/secure.gravatar.com\/avatar\/0ce461a5edaa58bb7fb6c252a1dbf70d?s=96&d=mm&r=g\",\"caption\":\"Tomek\"},\"url\":\"https:\/\/maciaszki.pl\/index.php\/author\/tmaciaszek\/\"}]}<\/script>\n<!-- \/ Yoast SEO plugin. -->","yoast_head_json":{"title":"Ma\u0142a Fatra Lucza\u0144ska - w\u0119dr\u00f3wka z namiotem (Ve\u013ek\u00e1 l\u00faka) - 2015r. - Maciaszki","description":"Ma\u0142a Fatra Lucza\u0144ska - w\u0119dr\u00f3wka z namiotem, Klak, Ve\u013ek\u00e1 l\u00faka Wielka \u0141\u0105ka, Martinskie Hole, ska\u0142y wapienne, Ostra skalka, Min\u010dol, piwo,","robots":{"index":"index","follow":"follow","max-snippet":"max-snippet:-1","max-image-preview":"max-image-preview:large","max-video-preview":"max-video-preview:-1"},"canonical":"https:\/\/maciaszki.pl\/index.php\/2015\/06\/04\/mala-fatra-luczanska-wedrowka-z-namiotem-velka-luka-2015r\/","og_locale":"pl_PL","og_type":"article","og_title":"Ma\u0142a Fatra Lucza\u0144ska - w\u0119dr\u00f3wka z namiotem (Ve\u013ek\u00e1 l\u00faka) - 2015r. - Maciaszki","og_description":"Ma\u0142a Fatra Lucza\u0144ska - w\u0119dr\u00f3wka z namiotem, Klak, Ve\u013ek\u00e1 l\u00faka Wielka \u0141\u0105ka, Martinskie Hole, ska\u0142y wapienne, Ostra skalka, Min\u010dol, piwo,","og_url":"https:\/\/maciaszki.pl\/index.php\/2015\/06\/04\/mala-fatra-luczanska-wedrowka-z-namiotem-velka-luka-2015r\/","og_site_name":"Maciaszki","article_published_time":"2015-06-04T16:35:00+00:00","article_modified_time":"2021-03-16T17:22:01+00:00","og_image":[{"width":2560,"height":767,"url":"https:\/\/maciaszki.pl\/wp-content\/uploads\/2020\/09\/DSC08510-3-scaled.jpg","type":"image\/jpeg"}],"twitter_card":"summary_large_image","twitter_misc":{"Napisane przez":"Tomek","Szacowany czas czytania":"5 minut"},"schema":{"@context":"https:\/\/schema.org","@graph":[{"@type":"WebSite","@id":"https:\/\/maciaszki.pl\/#website","url":"https:\/\/maciaszki.pl\/","name":"Maciaszki","description":"W\u0119dr\u00f3wki w czasie i w przestrzeni","potentialAction":[{"@type":"SearchAction","target":{"@type":"EntryPoint","urlTemplate":"https:\/\/maciaszki.pl\/?s={search_term_string}"},"query-input":"required name=search_term_string"}],"inLanguage":"pl-PL"},{"@type":"ImageObject","@id":"https:\/\/maciaszki.pl\/index.php\/2015\/06\/04\/mala-fatra-luczanska-wedrowka-z-namiotem-velka-luka-2015r\/#primaryimage","inLanguage":"pl-PL","url":"https:\/\/maciaszki.pl\/wp-content\/uploads\/2020\/09\/DSC08510-3-scaled.jpg","contentUrl":"https:\/\/maciaszki.pl\/wp-content\/uploads\/2020\/09\/DSC08510-3-scaled.jpg","width":2560,"height":767,"caption":"SONY DSC"},{"@type":"WebPage","@id":"https:\/\/maciaszki.pl\/index.php\/2015\/06\/04\/mala-fatra-luczanska-wedrowka-z-namiotem-velka-luka-2015r\/#webpage","url":"https:\/\/maciaszki.pl\/index.php\/2015\/06\/04\/mala-fatra-luczanska-wedrowka-z-namiotem-velka-luka-2015r\/","name":"Ma\u0142a Fatra Lucza\u0144ska - w\u0119dr\u00f3wka z namiotem (Ve\u013ek\u00e1 l\u00faka) - 2015r. - Maciaszki","isPartOf":{"@id":"https:\/\/maciaszki.pl\/#website"},"primaryImageOfPage":{"@id":"https:\/\/maciaszki.pl\/index.php\/2015\/06\/04\/mala-fatra-luczanska-wedrowka-z-namiotem-velka-luka-2015r\/#primaryimage"},"datePublished":"2015-06-04T16:35:00+00:00","dateModified":"2021-03-16T17:22:01+00:00","author":{"@id":"https:\/\/maciaszki.pl\/#\/schema\/person\/927a7d4023a1599d0d448b6094ed01eb"},"description":"Ma\u0142a Fatra Lucza\u0144ska - w\u0119dr\u00f3wka z namiotem, Klak, Ve\u013ek\u00e1 l\u00faka Wielka \u0141\u0105ka, Martinskie Hole, ska\u0142y wapienne, Ostra skalka, Min\u010dol, piwo,","breadcrumb":{"@id":"https:\/\/maciaszki.pl\/index.php\/2015\/06\/04\/mala-fatra-luczanska-wedrowka-z-namiotem-velka-luka-2015r\/#breadcrumb"},"inLanguage":"pl-PL","potentialAction":[{"@type":"ReadAction","target":["https:\/\/maciaszki.pl\/index.php\/2015\/06\/04\/mala-fatra-luczanska-wedrowka-z-namiotem-velka-luka-2015r\/"]}]},{"@type":"BreadcrumbList","@id":"https:\/\/maciaszki.pl\/index.php\/2015\/06\/04\/mala-fatra-luczanska-wedrowka-z-namiotem-velka-luka-2015r\/#breadcrumb","itemListElement":[{"@type":"ListItem","position":1,"name":"Home","item":"https:\/\/maciaszki.pl\/"},{"@type":"ListItem","position":2,"name":"Ma\u0142a Fatra Lucza\u0144ska &#8211; w\u0119dr\u00f3wka z namiotem (Ve\u013ek\u00e1 l\u00faka) &#8211; 2015r."}]},{"@type":"Person","@id":"https:\/\/maciaszki.pl\/#\/schema\/person\/927a7d4023a1599d0d448b6094ed01eb","name":"Tomek","image":{"@type":"ImageObject","@id":"https:\/\/maciaszki.pl\/#personlogo","inLanguage":"pl-PL","url":"https:\/\/secure.gravatar.com\/avatar\/0ce461a5edaa58bb7fb6c252a1dbf70d?s=96&d=mm&r=g","contentUrl":"https:\/\/secure.gravatar.com\/avatar\/0ce461a5edaa58bb7fb6c252a1dbf70d?s=96&d=mm&r=g","caption":"Tomek"},"url":"https:\/\/maciaszki.pl\/index.php\/author\/tmaciaszek\/"}]}},"_links":{"self":[{"href":"https:\/\/maciaszki.pl\/index.php\/wp-json\/wp\/v2\/posts\/3310"}],"collection":[{"href":"https:\/\/maciaszki.pl\/index.php\/wp-json\/wp\/v2\/posts"}],"about":[{"href":"https:\/\/maciaszki.pl\/index.php\/wp-json\/wp\/v2\/types\/post"}],"author":[{"embeddable":true,"href":"https:\/\/maciaszki.pl\/index.php\/wp-json\/wp\/v2\/users\/6"}],"replies":[{"embeddable":true,"href":"https:\/\/maciaszki.pl\/index.php\/wp-json\/wp\/v2\/comments?post=3310"}],"version-history":[{"count":20,"href":"https:\/\/maciaszki.pl\/index.php\/wp-json\/wp\/v2\/posts\/3310\/revisions"}],"predecessor-version":[{"id":3374,"href":"https:\/\/maciaszki.pl\/index.php\/wp-json\/wp\/v2\/posts\/3310\/revisions\/3374"}],"wp:featuredmedia":[{"embeddable":true,"href":"https:\/\/maciaszki.pl\/index.php\/wp-json\/wp\/v2\/media\/3354"}],"wp:attachment":[{"href":"https:\/\/maciaszki.pl\/index.php\/wp-json\/wp\/v2\/media?parent=3310"}],"wp:term":[{"taxonomy":"category","embeddable":true,"href":"https:\/\/maciaszki.pl\/index.php\/wp-json\/wp\/v2\/categories?post=3310"},{"taxonomy":"post_tag","embeddable":true,"href":"https:\/\/maciaszki.pl\/index.php\/wp-json\/wp\/v2\/tags?post=3310"}],"curies":[{"name":"wp","href":"https:\/\/api.w.org\/{rel}","templated":true}]}}