{"id":324,"date":"2007-05-01T15:48:34","date_gmt":"2007-05-01T13:48:34","guid":{"rendered":"https:\/\/maciaszki.pl\/?p=324"},"modified":"2020-08-04T23:12:32","modified_gmt":"2020-08-04T21:12:32","slug":"wielka-fatra-trekking-maj-2007","status":"publish","type":"post","link":"https:\/\/maciaszki.pl\/index.php\/2007\/05\/01\/wielka-fatra-trekking-maj-2007\/","title":{"rendered":"Wielka Fatra &#8211; trekking maj 2007"},"content":{"rendered":"\n<p class=\"has-small-font-size western\"><span style=\"font-family: Tahoma, sans-serif;\">Od wielu ju\u017c lat d\u0142ugi weekend majowy po\u015bwi\u0119camy na w\u0119dr\u00f3wki po g\u00f3rach,&nbsp;<\/span><span style=\"font-family: Tahoma, sans-serif;\">a <\/span><span style=\"font-family: Tahoma, sans-serif;\">Wielka Fatr<\/span><span style=\"font-family: Tahoma, sans-serif;\">a j<\/span><span style=\"font-family: Tahoma, sans-serif;\">est doskona\u0142<\/span><span style=\"font-family: Tahoma, sans-serif;\">ym<\/span><span style=\"font-family: Tahoma, sans-serif;\"> miejsce<\/span><span style=\"font-family: Tahoma, sans-serif;\">m<\/span> <span style=\"font-family: Tahoma, sans-serif;\">d<\/span><span style=\"font-family: Tahoma, sans-serif;\">la turyst\u00f3w ceni\u0105cych sobie cisz\u0119, brak ludzi na szlakach, przepi\u0119kne widoki. <\/span><span style=\"font-family: Tahoma, sans-serif;\">K<\/span><span style=\"font-family: Tahoma, sans-serif;\">iedy znajdziemy si\u0119 na grani i mamy szerok\u0105 panoram\u0119, w kt\u00f3r\u0105kolwiek stron\u0119 by\u015bmy si\u0119 nie zwr\u00f3cili, wsz\u0119dzie widzimy morze g\u00f3r. Od p\u00f3\u0142nocy wybija si\u0119 Wlk. Chocz w G\u00f3rach Chocza\u0144skich oraz Ma\u0142a Fatra z Krywaniem, na zachodzie Lucza\u0144ska Fatra, na po\u0142udniu Kremnicke Vrchy oraz na wschodzie Ni\u017cne Tatry. Naturalnie doskonale widoczne s\u0105 r\u00f3wnie\u017c Tatry, a nawet dalsze Beskidy z Babi\u0105 G\u00f3r\u0105. Tutaj czujemy, \u017ce g\u00f3ry si\u0119gaj\u0105 po sam horyzont i nie maj\u0105 ko\u0144ca.<\/span><\/p>\n\n\n\n<!--more-->\n\n\n\n<p class=\"has-small-font-size western\"><span style=\"font-family: Tahoma, sans-serif;\"> Wielka Fatra nale\u017cy do najbardziej rozleg\u0142ych pasm g\u00f3rskich S\u0142owacji z zachowanym r\u00f3\u017cnorodnym i niezurbanizowanym obszarem przyrodniczym. Jest rozci\u0105gni\u0119ta po\u0142udnikowo o d\u0142ugo\u015bci ok. 40 km oraz szeroko\u015bci od wschodu do zachodu do 25 km. Biegn\u0105ca od p\u00f3\u0142nocy w kierunku po\u0142udniowym g\u0142\u0119boka, dwudziestokilometrowa Lubochnia\u0144ska Dolina rozdziela g\u00f3ry w tej cz\u0119\u015bci na 2 r\u00f3wnoleg\u0142e pasma: zachodnie, tu szczyty i doliny s\u0105 lesiste, a nieliczne szlaki zaro\u015bni\u0119te i puste oraz wschodnie z rozleg\u0142ymi polanami, szczeg\u00f3lnie pod szczytami. Inny charakter maj\u0105 g\u00f3ry w cz\u0119\u015bci po\u0142udniowo-zachodniej &#8211; wyraziste zjawiska krasowe jak skalne \u015bciany, stopnie, okna i kanionowe<\/span> <span style=\"font-family: Tahoma, sans-serif;\">doliny. <\/span><\/p>\n\n\n\n<p class=\"has-small-font-size western\"><span style=\"font-family: Tahoma, sans-serif;\"> Poniewa\u017c znakowanych szlak\u00f3w jest znacznie mniej ni\u017c w s\u0105siednich pasmach, dzia\u0142aj\u0105 tu tylko trzy schroniska: Horsk\u00fd hotel Kr\u00e1\u013eova Stud\u0148a, Chata pod Bori\u0161ovom(mi\u0142e schronisko o niepowtarzalnej g\u00f3rskiej atmosferze, niemal w centrum masywu) oraz Horsk\u00fd Hotel Smrekovicawe wschodniej cz\u0119\u015bci g\u00f3r. Dlatego planuj\u0105c w\u0119dr\u00f3wk\u0119 graniami Wielkiej Fatry najwygodniej zdecydowa\u0107 si\u0119 na biwakowanie w g\u00f3rach w namiotach.<\/span><\/p>\n\n\n\n<p class=\"has-small-font-size western\"><span style=\"color: #000000;\"><span style=\"font-family: Tahoma, sans-serif;\">Tym razem<\/span><\/span> <span style=\"color: #000000;\"><span style=\"font-family: Tahoma, sans-serif;\">nasz\u0105 w\u0119dr\u00f3wk\u0119 po Wielkiej Fatrze rozpoczynamy w <\/span><\/span><span style=\"font-family: Tahoma, sans-serif;\">Lubochni, <\/span><span style=\"font-family: Tahoma, sans-serif;\">samochody zostawiamy<\/span><span style=\"font-family: Tahoma, sans-serif;\"> na podw\u00f3rku u go\u015bcinnych \u201etubylc\u00f3w\u201d. Przebieramy si\u0119 i zarzucamy ci\u0119\u017ckie plecaki na ramiona. Na pocz\u0105tku w\u0119dr\u00f3wki plecaki s\u0105 najci\u0119\u017csze, musimy wzi\u0105\u0107 zapasy \u017cywno\u015bci na 5 dni &#8211; przy przej\u015bciu graniowym nie ma mo\u017cliwo\u015bci ich uzupe\u0142nienia. \u017badnych wiosek, sklep\u00f3w, jedynie 2 nie najlepiej<\/span> <span style=\"font-family: Tahoma, sans-serif;\">zaopatrzone schroniska. Naszym planem <\/span><span style=\"font-family: Tahoma, sans-serif;\">jes<\/span><span style=\"font-family: Tahoma, sans-serif;\">t przej\u015b\u0107 pasmem wschodnim w kierunku po\u0142udniowym na Plosk\u0119, a nast\u0119pnie wr\u00f3ci\u0107 pasmem zachodnim. Jest to trasa mniej wi\u0119cej na 5 dni w\u0119dr\u00f3wki.<\/span><\/p>\n\n\n\n<h6><span style=\"font-family: Tahoma, sans-serif;\">I dzie\u0144.<\/span><\/h6>\n\n\n\n<figure class=\"wp-block-image alignnone\"><a href=\"https:\/\/maciaszki.pl\/wp-content\/uploads\/2007\/05\/PICT0002.jpg\"><img loading=\"lazy\" width=\"1628\" height=\"603\" src=\"https:\/\/maciaszki.pl\/wp-content\/uploads\/2007\/05\/PICT0002.jpg\" alt=\"\" class=\"wp-image-336\" srcset=\"https:\/\/maciaszki.pl\/wp-content\/uploads\/2007\/05\/PICT0002.jpg 1628w, https:\/\/maciaszki.pl\/wp-content\/uploads\/2007\/05\/PICT0002-300x111.jpg 300w, https:\/\/maciaszki.pl\/wp-content\/uploads\/2007\/05\/PICT0002-768x284.jpg 768w, https:\/\/maciaszki.pl\/wp-content\/uploads\/2007\/05\/PICT0002-1024x379.jpg 1024w\" sizes=\"(max-width: 706px) 89vw, (max-width: 767px) 82vw, 740px\" \/><\/a><figcaption>Ca\u0142a ekipa na starcie w\u0119dr\u00f3wki<\/figcaption><\/figure>\n\n\n\n<p class=\"has-small-font-size western\"><span style=\"font-family: Tahoma, sans-serif;\">R<\/span><span style=\"font-family: Tahoma, sans-serif;\">uszamy dolin\u0105 Lubochnia\u0144sk\u0105, aby p\u00f3\u017aniej bez szlaku wej\u015b\u0107 na gra\u0144. Jak zwykle wchodzenie \u201ena dziko\u201d nie jest najkr\u00f3tsz\u0105 drog\u0105 i na gra\u0144 docieramy po 3 godzinach ostrego podej\u015bcia, b\u0142\u0105dzenia i przedzierania si\u0119 przez zaro\u015bla. Po drodze robimy sobie odpoczynek, na kuchenkach gazowych gotujemy zupki. Wspominamy dawne urz\u0105dzenia gotuj\u0105ce jak kochery na denaturat czy te\u017c rosyjski \u201ejuwel\u201d benzynowy, kt\u00f3ry czasem niespodziewanie zmienia\u0142 si\u0119 w miotacz ognia. Teraz jednorazowe kartusze s\u0105 naprawd\u0119 dobrodziejstwem dla turyst\u00f3w.<\/span><\/p>\n\n\n\n<figure class=\"wp-block-image\"><a href=\"https:\/\/maciaszki.pl\/wp-content\/uploads\/2007\/05\/P1020465.jpg\"><img loading=\"lazy\" width=\"1024\" height=\"768\" src=\"https:\/\/maciaszki.pl\/wp-content\/uploads\/2007\/05\/P1020465-1024x768.jpg\" alt=\"\" class=\"wp-image-326\" srcset=\"https:\/\/maciaszki.pl\/wp-content\/uploads\/2007\/05\/P1020465-1024x768.jpg 1024w, https:\/\/maciaszki.pl\/wp-content\/uploads\/2007\/05\/P1020465-300x225.jpg 300w, https:\/\/maciaszki.pl\/wp-content\/uploads\/2007\/05\/P1020465-768x576.jpg 768w\" sizes=\"(max-width: 706px) 89vw, (max-width: 767px) 82vw, 740px\" \/><\/a><\/figure>\n\n\n\n<figure class=\"wp-block-image\"><a href=\"https:\/\/maciaszki.pl\/wp-content\/uploads\/2007\/05\/PICT0006.jpg\"><img loading=\"lazy\" width=\"225\" height=\"300\" src=\"https:\/\/maciaszki.pl\/wp-content\/uploads\/2007\/05\/PICT0006-225x300.jpg\" alt=\"\" class=\"wp-image-338\" srcset=\"https:\/\/maciaszki.pl\/wp-content\/uploads\/2007\/05\/PICT0006-225x300.jpg 225w, https:\/\/maciaszki.pl\/wp-content\/uploads\/2007\/05\/PICT0006-768x1024.jpg 768w, https:\/\/maciaszki.pl\/wp-content\/uploads\/2007\/05\/PICT0006.jpg 1704w\" sizes=\"(max-width: 225px) 100vw, 225px\" \/><\/a><\/figure>\n\n\n\n<p class=\"has-small-font-size western\"><span style=\"font-family: Tahoma, sans-serif;\"> Docieramy do szlaku i dalej b\u0119dziemy pod\u0105\u017ca\u0107 grani\u0105 raz w g\u00f3r\u0119, raz w d\u00f3\u0142. Na polanach podszczytowych w okolicach Magurki znajdujemy dobre miejsce do biwakowania. Namioty, herbata, kolacja, ma\u0142e ognisko. Pusto. Przez ca\u0142y czas naszej pi\u0119ciodniowej w\u0119dr\u00f3wki tylko 2 razy spotkali\u015bmy ma\u0142e, kilkuosobowe grupki turyst\u00f3w z Polski. Niemo\u017cliwe w polskich g\u00f3rach! Ma\u0142y ruch turystyczny lub troch\u0119 wy\u017csza kultura s\u0105 chyba przyczyn\u0105 braku \u015bmieci na szlakach. Wieczorem przychodzi mr\u00f3z, wszak jest dopiero 1 maja, a jeste\u015bmy wysoko w g\u00f3rach. W takich warunkach \u015bpiwory puchowe s\u0105 nieodzowne.<\/span><\/p>\n\n\n\n<h6><span style=\"font-family: Tahoma, sans-serif;\">II dzie\u0144<\/span><\/h6>\n\n\n\n<p class=\"has-small-font-size western\"><span style=\"font-family: Tahoma, sans-serif;\"> S\u0142o\u0144ce, rze\u015bkie powietrze od rana. Z miejsca naszego noclegu roztacza si\u0119 imponuj\u0105ca panorama w kierunku p\u00f3\u0142nocnym i p\u00f3\u0142nocno-wschodnim. Wida\u0107 Tatry oraz nasz\u0105 ukochan\u0105 Babi\u0105 G\u00f3r\u0119. Jak\u017ce w takich warunkach smakuje \u015bniadanie i gor\u0105ca herbata. Po zwini\u0119ciu namiot\u00f3w ruszamy na szlak. Idziemy grani\u0105, bardzo urozmaicon\u0105 na tym odcinku. Sporo skalnych, robi\u0105cych wra\u017cenie urwisk, ale te\u017c i ods\u0142oni\u0119tych \u0142\u0105k daj\u0105cych mo\u017cliwo\u015b\u0107 podziwiania przepi\u0119knych widok\u00f3w.<\/span><\/p>\n\n\n\n<figure class=\"wp-block-image\"><a href=\"https:\/\/maciaszki.pl\/wp-content\/uploads\/2007\/05\/PICT0048.jpg\"><img loading=\"lazy\" width=\"1024\" height=\"768\" src=\"https:\/\/maciaszki.pl\/wp-content\/uploads\/2007\/05\/PICT0048-1024x768.jpg\" alt=\"\" class=\"wp-image-342\" srcset=\"https:\/\/maciaszki.pl\/wp-content\/uploads\/2007\/05\/PICT0048-1024x768.jpg 1024w, https:\/\/maciaszki.pl\/wp-content\/uploads\/2007\/05\/PICT0048-300x225.jpg 300w, https:\/\/maciaszki.pl\/wp-content\/uploads\/2007\/05\/PICT0048-768x576.jpg 768w\" sizes=\"(max-width: 706px) 89vw, (max-width: 767px) 82vw, 740px\" \/><\/a><\/figure>\n\n\n\n<p class=\"has-small-font-size western\"><span style=\"font-family: Tahoma, sans-serif;\">Szczeg\u00f3lnie pi\u0119knie na tym odcinku prezentuj\u0105 si\u0119 o\u015bnie\u017cone szczyty Tatr, pobliskie Ni\u017cne Tatry jak i Ma\u0142a Fatra. Na rozleg\u0142ych halach prze\u0142\u0119czy pod Tvaro\u017cnym Gruniem znajdujemy \u017ar\u00f3d\u0142o i mo\u017cemy uzupe\u0142ni\u0107 zapasy wody, kt\u00f3r\u0105 wykorzystamy na p\u00f3\u017aniejszy obiad. Woda jest bardzo czu\u0142ym punktem w w\u0119dr\u00f3wkach po graniach, niestety zawsze trzeba nosi\u0107 spory jej zapas obci\u0105\u017caj\u0105c plecaki. Na d\u0142ugich odcinkach nie ma mo\u017cliwo\u015bci jej znalezienia. Nieraz musieli\u015bmy zmienia\u0107 tras\u0119 w\u0119dr\u00f3wki i schodzi\u0107 w dolin\u0119 z powodu braku wody. <\/span><\/p>\n\n\n\n<figure class=\"wp-block-image\"><a href=\"https:\/\/maciaszki.pl\/wp-content\/uploads\/2007\/05\/P1020535.jpg\"><img loading=\"lazy\" width=\"1024\" height=\"768\" src=\"https:\/\/maciaszki.pl\/wp-content\/uploads\/2007\/05\/P1020535-1024x768.jpg\" alt=\"\" class=\"wp-image-331\" srcset=\"https:\/\/maciaszki.pl\/wp-content\/uploads\/2007\/05\/P1020535-1024x768.jpg 1024w, https:\/\/maciaszki.pl\/wp-content\/uploads\/2007\/05\/P1020535-300x225.jpg 300w, https:\/\/maciaszki.pl\/wp-content\/uploads\/2007\/05\/P1020535-768x576.jpg 768w\" sizes=\"(max-width: 706px) 89vw, (max-width: 767px) 82vw, 740px\" \/><\/a><\/figure>\n\n\n\n<p class=\"has-small-font-size western\"><span style=\"font-family: Tahoma, sans-serif;\">Teraz na halach za prze\u0142\u0119cz\u0105 mo\u017cemy sobie zrobi\u0107 pyszny obiad. Po zej\u015bciu na prze\u0142\u0119cz \u2013 przepi\u0119kny widok na Ni\u017cne Tatry, kt\u00f3re s\u0105 jakby w zasi\u0119gu r\u0119ki &#8211; wchodzimy w las i po p\u0142atach \u015bniegu docieramy na hale Ma\u0142ej Smrekovicy. Odpoczynek na dywanach z krokus\u00f3w i szybko schodzimy do jedynego w tej cz\u0119\u015bci g\u00f3r schroniska.<\/span><\/p>\n\n\n\n<figure class=\"wp-block-image\"><a href=\"https:\/\/maciaszki.pl\/wp-content\/uploads\/2007\/05\/P1020523.jpg\"><img loading=\"lazy\" width=\"1024\" height=\"768\" src=\"https:\/\/maciaszki.pl\/wp-content\/uploads\/2007\/05\/P1020523-1024x768.jpg\" alt=\"\" class=\"wp-image-330\" srcset=\"https:\/\/maciaszki.pl\/wp-content\/uploads\/2007\/05\/P1020523-1024x768.jpg 1024w, https:\/\/maciaszki.pl\/wp-content\/uploads\/2007\/05\/P1020523-300x225.jpg 300w, https:\/\/maciaszki.pl\/wp-content\/uploads\/2007\/05\/P1020523-768x576.jpg 768w\" sizes=\"(max-width: 706px) 89vw, (max-width: 767px) 82vw, 740px\" \/><\/a><\/figure>\n\n\n\n<p class=\"has-small-font-size western\"><span style=\"font-family: Tahoma, sans-serif;\">Jest reklamowane jako najwy\u017cej po\u0142o\u017cony g\u00f3rski hotel na S\u0142owacji 1339 m n.p.m. i opr\u00f3cz budynku zasadniczego o wy\u017cszym standardzie i dro\u017cszym mo\u017cna znale\u017a\u0107 nocleg w jednym z kilku budynk\u00f3w rozrzuconych na hali. My wybrali\u015bmy wariant ta\u0144szy, we w\u0142asnych \u015bpiworach w parterowym budynku, troch\u0119 przypominaj\u0105cym hotel pracowniczy. Smrekovica jest doskona\u0142ym punktem wypadowym do w\u0119dr\u00f3wek po Wielkie Fatrze, <\/span><span style=\"font-family: Tahoma, sans-serif;\">m<\/span><span style=\"font-family: Tahoma, sans-serif;\">o\u017cna tu dotrze\u0107 <\/span><span style=\"font-family: Tahoma, sans-serif;\">r\u00f3wnie\u017c <\/span><span style=\"font-family: Tahoma, sans-serif;\">samochodem <\/span><span style=\"font-family: Tahoma, sans-serif;\">ale raczej w okresie letnim. <\/span><span style=\"font-family: Tahoma, sans-serif;\">Ze wzgl\u0119du na wysoko\u015b\u0107, obecno\u015b\u0107 wyci\u0105gu oraz wyznakowanych tras biegowych jest to r\u00f3wnie\u017c dobre miejsce do uprawiania sport\u00f3w zimowych. <\/span><\/p>\n\n\n\n<h6><span style=\"font-family: Tahoma, sans-serif;\">III dzie\u0144<\/span><\/h6>\n\n\n\n<figure class=\"wp-block-image alignnone\"><a href=\"https:\/\/maciaszki.pl\/wp-content\/uploads\/2007\/05\/P1020509.jpg\"><img loading=\"lazy\" width=\"1024\" height=\"768\" src=\"https:\/\/maciaszki.pl\/wp-content\/uploads\/2007\/05\/P1020509-1024x768.jpg\" alt=\"\" class=\"wp-image-328\" srcset=\"https:\/\/maciaszki.pl\/wp-content\/uploads\/2007\/05\/P1020509-1024x768.jpg 1024w, https:\/\/maciaszki.pl\/wp-content\/uploads\/2007\/05\/P1020509-300x225.jpg 300w, https:\/\/maciaszki.pl\/wp-content\/uploads\/2007\/05\/P1020509-768x576.jpg 768w\" sizes=\"(max-width: 706px) 89vw, (max-width: 767px) 82vw, 740px\" \/><\/a><figcaption>Nie ma jak s\u0142owackie piwo przed drog\u0105<\/figcaption><\/figure>\n\n\n\n<p class=\"has-small-font-size western\"><span style=\"font-family: Tahoma, sans-serif;\"> I dalej w pi\u0119knym s\u0142o\u0144cu ruszamy d\u0142ugimi trawersami Skalnej Alpy w stron\u0119 ostrego czuba Rakytova. Jego charakterystyczny kszta\u0142t jest widziany prawie z ka\u017cdego punktu Wielkiej Fatry. Byli\u015bmy na szczycie poprzednio, wi\u0119c tym razem w \u015bniegu trawersujemy jego strome zbocza. Zim\u0105 wyst\u0119puje tu niebezpiecze\u0144stwo lawin, o czym informuj\u0105 tablice. <\/span><\/p>\n\n\n\n<figure class=\"wp-block-image\"><a href=\"https:\/\/maciaszki.pl\/wp-content\/uploads\/2007\/05\/P1020514.jpg\"><img loading=\"lazy\" width=\"1024\" height=\"768\" src=\"https:\/\/maciaszki.pl\/wp-content\/uploads\/2007\/05\/P1020514-1024x768.jpg\" alt=\"\" class=\"wp-image-329\" srcset=\"https:\/\/maciaszki.pl\/wp-content\/uploads\/2007\/05\/P1020514-1024x768.jpg 1024w, https:\/\/maciaszki.pl\/wp-content\/uploads\/2007\/05\/P1020514-300x225.jpg 300w, https:\/\/maciaszki.pl\/wp-content\/uploads\/2007\/05\/P1020514-768x576.jpg 768w\" sizes=\"(max-width: 706px) 89vw, (max-width: 767px) 82vw, 740px\" \/><\/a><\/figure>\n\n\n\n<p class=\"has-small-font-size western\"><span style=\"font-family: Tahoma, sans-serif;\">Po mini\u0119ciu <\/span><span style=\"font-family: Tahoma, sans-serif;\">Cza<\/span><span style=\"font-family: Tahoma, sans-serif;\">rnego Kamienia zatrzymujemy si\u0119 na <\/span><span style=\"font-family: Tahoma, sans-serif;\">prze\u0142\u0119czy <\/span><span style=\"font-family: Tahoma, sans-serif;\">na d\u0142u\u017cszy odpoczynek. Krajobraz wyra\u017anie si\u0119 zmienia, przed nami odkryta kopu\u0142a Ploski, od kt\u00f3rej na po\u0142udnie odchodzi najwy\u017csza, o charakterze po\u0142onin, cz\u0119\u015b\u0107 Wielkiej Fatry. <\/span><\/p>\n\n\n\n<figure class=\"wp-block-image\"><a href=\"https:\/\/maciaszki.pl\/wp-content\/uploads\/2007\/05\/P1020543.jpg\"><img loading=\"lazy\" width=\"768\" height=\"1024\" src=\"https:\/\/maciaszki.pl\/wp-content\/uploads\/2007\/05\/P1020543-768x1024.jpg\" alt=\"\" class=\"wp-image-333\" srcset=\"https:\/\/maciaszki.pl\/wp-content\/uploads\/2007\/05\/P1020543-768x1024.jpg 768w, https:\/\/maciaszki.pl\/wp-content\/uploads\/2007\/05\/P1020543-225x300.jpg 225w, https:\/\/maciaszki.pl\/wp-content\/uploads\/2007\/05\/P1020543.jpg 1920w\" sizes=\"(max-width: 706px) 89vw, (max-width: 767px) 82vw, 740px\" \/><\/a><\/figure>\n\n\n\n<p class=\"has-small-font-size western\"><span style=\"font-family: Tahoma, sans-serif;\">Ale my po podej\u015bciu w mokrym \u015bniegu schodzimy stromym zboczem w stron\u0119 Chaty pod Bori\u0161ovom, chyba jedynego na S\u0142owacji schroniska z niepowtarzaln\u0105 g\u00f3rsk\u0105 atmosfer\u0105, przypominaj\u0105c\u0105 nasze beskidzkie bac\u00f3wki. Mimo \u017ce mieli\u015bmy w planach kontynuowanie marszu w kierunku na Javorin\u0119, magia i uroda tego miejsca zatrzyma\u0142a nas na nocleg. Jeszcze 5 lat wcze\u015bniej schronisko by\u0142o w fatalnym stanie technicznym &#8211; pozarywane \u0142\u00f3\u017cka, brak wody, ale teraz po remoncie wygl\u0105da naprawd\u0119 dobrze. Nie dochodzi tu \u017cadna droga, wszystko trzeba wnie\u015b\u0107 na plecach. Schronisko pozbawione jest pr\u0105du, w godzinach wieczornych pracuje agregat, ale nastr\u00f3j tworz\u0105 stare, stylowe lampy naftowe.<\/span><\/p>\n\n\n\n<figure class=\"wp-block-image alignnone\"><a href=\"https:\/\/maciaszki.pl\/wp-content\/uploads\/2007\/05\/PICT0061.jpg\"><img loading=\"lazy\" width=\"1024\" height=\"768\" src=\"https:\/\/maciaszki.pl\/wp-content\/uploads\/2007\/05\/PICT0061-1024x768.jpg\" alt=\"\" class=\"wp-image-344\" srcset=\"https:\/\/maciaszki.pl\/wp-content\/uploads\/2007\/05\/PICT0061-1024x768.jpg 1024w, https:\/\/maciaszki.pl\/wp-content\/uploads\/2007\/05\/PICT0061-300x225.jpg 300w, https:\/\/maciaszki.pl\/wp-content\/uploads\/2007\/05\/PICT0061-768x576.jpg 768w\" sizes=\"(max-width: 706px) 89vw, (max-width: 767px) 82vw, 740px\" \/><\/a><figcaption>W chacie pod Borisovem<\/figcaption><\/figure>\n\n\n\n<h6><span style=\"font-family: Tahoma, sans-serif;\">IV dzie\u0144<\/span><\/h6>\n\n\n\n<p class=\"has-small-font-size western\"><span style=\"font-family: Tahoma, sans-serif;\"> Po szybkim \u015bniadaniu zostawiamy plecaki w schronisku \u2013 1300 m n.p.m. i zdobywamy Bori\u0161ov \u2013 1510 m n.p.m., a te 210 m r\u00f3\u017cnicy to bardzo strome podej\u015bcie. Sam Bori\u0161ov jest ostrym, wybijaj\u0105cym si\u0119 i charakterystycznym w krajobrazie Wielkiej Fatry szczytem, r\u00f3\u017cni\u0105cym si\u0119 od \u0142agodnych kopu\u0142 najwy\u017cszych partii g\u00f3r na po\u0142udniu oraz w wi\u0119kszo\u015bci zalesionego grzbietu, kt\u00f3ry ci\u0105gnie si\u0119 w kierunku p\u00f3\u0142nocnym.<\/span><\/p>\n\n\n\n<figure class=\"wp-block-image alignnone\"><a href=\"https:\/\/maciaszki.pl\/wp-content\/uploads\/2007\/05\/PICT0005.jpg\"><img loading=\"lazy\" width=\"1024\" height=\"768\" src=\"https:\/\/maciaszki.pl\/wp-content\/uploads\/2007\/05\/PICT0005-1024x768.jpg\" alt=\"\" class=\"wp-image-337\" srcset=\"https:\/\/maciaszki.pl\/wp-content\/uploads\/2007\/05\/PICT0005-1024x768.jpg 1024w, https:\/\/maciaszki.pl\/wp-content\/uploads\/2007\/05\/PICT0005-300x225.jpg 300w, https:\/\/maciaszki.pl\/wp-content\/uploads\/2007\/05\/PICT0005-768x576.jpg 768w\" sizes=\"(max-width: 706px) 89vw, (max-width: 767px) 82vw, 740px\" \/><\/a><figcaption>Na Bori\u0161ovie<\/figcaption><\/figure>\n\n\n\n<p class=\"has-small-font-size western\"><span style=\"font-family: Tahoma, sans-serif;\">Ze schroniska pod\u0105\u017camy w\u0142a\u015bnie t\u0105 grani\u0105, kt\u00f3rej wschodnie zbocze ostro opada do Doliny Lubochnia\u0144skiej. Tutaj szlak jest ju\u017c zupe\u0142nie bezludny, rzadko ucz\u0119szczany, czasem pozarastany. Jedynie pierwszy odcinek na Javorin\u0119 wiedzie ods\u0142oni\u0119tymi halami z pi\u0119knymi widokami na wschodni\u0105 cz\u0119\u015b\u0107 g\u00f3r. Idziemy teraz czerwonym, g\u0142\u00f3wnym szlakiem zwanym Velkofatra<\/span><span style=\"font-family: Tahoma, sans-serif;\">n<\/span><span style=\"font-family: Tahoma, sans-serif;\">sk\u0105 magistral\u0105. Na stromych polanach robimy d\u0142u\u017cszy odpoczynek, maszynki gazowe id\u0105 w ruch, gotujemy obiad czyli chi\u0144skie zupki. <\/span><\/p>\n\n\n\n<figure class=\"wp-block-image\"><a href=\"https:\/\/maciaszki.pl\/wp-content\/uploads\/2007\/05\/P1020597.jpg\"><img loading=\"lazy\" width=\"1024\" height=\"768\" src=\"https:\/\/maciaszki.pl\/wp-content\/uploads\/2007\/05\/P1020597-1024x768.jpg\" alt=\"\" class=\"wp-image-334\" srcset=\"https:\/\/maciaszki.pl\/wp-content\/uploads\/2007\/05\/P1020597-1024x768.jpg 1024w, https:\/\/maciaszki.pl\/wp-content\/uploads\/2007\/05\/P1020597-300x225.jpg 300w, https:\/\/maciaszki.pl\/wp-content\/uploads\/2007\/05\/P1020597-768x576.jpg 768w\" sizes=\"(max-width: 706px) 89vw, (max-width: 767px) 82vw, 740px\" \/><\/a><\/figure>\n\n\n\n<p class=\"has-small-font-size western\"><span style=\"font-family: Tahoma, sans-serif;\">W lesie na prze\u0142\u0119czy za Jarabin\u0105 znajdujemy \u0142adne polanki, nadaj\u0105ce si\u0119 do biwakowania. Jest te\u017c miejsce na ognisko. Decydujemy si\u0119 na biwak, tym bardziej \u017ce poni\u017cej prze\u0142\u0105czy zauwa\u017camy ma\u0142e cieki wodne. Trzeba by\u0142o jedynie zej\u015b\u0107 100 m w d\u00f3\u0142, aby zmieni\u0142y si\u0119 w male\u0144ki strumyczek, z kt\u00f3rego da\u0142o si\u0119 nabra\u0107 wody. Teraz tylko tradycyjny wieczorny rytua\u0142: rozbijamy namioty, gotujemy wod\u0119 na herbat\u0119, robimy kolacj\u0119 i znosimy chrust. Siedz\u0105c przy ogniu mamy \u015bwiadomo\u015b\u0107 \u017ce w promieniu 10 km nie ma innego cz\u0142owieka, jedynie g\u00f3ry i my. Rado\u015b\u0107 w sercach. <\/span><\/p>\n\n\n\n<h6><span style=\"font-family: Tahoma, sans-serif;\">V dzie\u0144<\/span><\/h6>\n\n\n\n<p class=\"has-small-font-size western\"><span style=\"font-family: Tahoma, sans-serif;\">Rano budzi nas deszcz, kt\u00f3ry na szcz\u0119\u015bcie p\u00f3\u017aniej przechodzi w m\u017cawk\u0119. Jeszcze uda\u0142o si\u0119 rozpali\u0107 ognisko, przy kt\u00f3rym robimy \u015bniadanie. <\/span><\/p>\n\n\n\n<figure class=\"wp-block-image\"><a href=\"https:\/\/maciaszki.pl\/wp-content\/uploads\/2007\/05\/P1020625.jpg\"><img loading=\"lazy\" width=\"1024\" height=\"768\" src=\"https:\/\/maciaszki.pl\/wp-content\/uploads\/2007\/05\/P1020625-1024x768.jpg\" alt=\"\" class=\"wp-image-335\" srcset=\"https:\/\/maciaszki.pl\/wp-content\/uploads\/2007\/05\/P1020625-1024x768.jpg 1024w, https:\/\/maciaszki.pl\/wp-content\/uploads\/2007\/05\/P1020625-300x225.jpg 300w, https:\/\/maciaszki.pl\/wp-content\/uploads\/2007\/05\/P1020625-768x576.jpg 768w\" sizes=\"(max-width: 706px) 89vw, (max-width: 767px) 82vw, 740px\" \/><\/a><\/figure>\n\n\n\n<p class=\"has-small-font-size western\"><span style=\"font-family: Tahoma, sans-serif;\">Zwijamy mokre namioty, pakujemy plecaki, ale nie decydujemy si\u0119, aby przy tej pogodzie zdobywa\u0107 strom\u0105, skaln\u0105 baszt\u0119 Klaka. Po stromych zboczach, \u015bliskich \u015bcie\u017ckach, bez szlaku powoli schodzimy do Doliny Lubochnia\u0144skiej. <\/span><\/p>\n\n\n\n<figure class=\"wp-block-image\"><a href=\"https:\/\/maciaszki.pl\/wp-content\/uploads\/2007\/05\/PICT0014.jpg\"><img loading=\"lazy\" width=\"1024\" height=\"768\" src=\"https:\/\/maciaszki.pl\/wp-content\/uploads\/2007\/05\/PICT0014-1024x768.jpg\" alt=\"\" class=\"wp-image-339\" srcset=\"https:\/\/maciaszki.pl\/wp-content\/uploads\/2007\/05\/PICT0014-1024x768.jpg 1024w, https:\/\/maciaszki.pl\/wp-content\/uploads\/2007\/05\/PICT0014-300x225.jpg 300w, https:\/\/maciaszki.pl\/wp-content\/uploads\/2007\/05\/PICT0014-768x576.jpg 768w\" sizes=\"(max-width: 706px) 89vw, (max-width: 767px) 82vw, 740px\" \/><\/a><\/figure>\n\n\n\n<p class=\"has-small-font-size western\"><span style=\"font-family: Tahoma, sans-serif;\">Zajmuje nam to prawie 2 godziny, jeszcze tylko 15-kilometrowy przemarsz dolin\u0105 do Lubochni i uwa\u017caj\u0105c na wygrzewaj\u0105ce si\u0119 na asfalcie salamandry docieramy do samochod\u00f3w. Przed wyjazdem w miejscowej restauracji pr\u00f3bujemy znanych nam s\u0142owackich potraw czyli bryndzowych haluszk\u00f3w, bacowskiego syra, wypra\u017cenych brambor\u00f3w. I w powrotn\u0105 drog\u0119.<\/span><\/p>\n\n\n\n<p>Wi\u0119cej zdj\u0119\u0107 w folderze:&nbsp;<a href=\"https:\/\/photos.app.goo.gl\/n6ntXecmRBHD9Bdf6\">Wielka Fatra &#8211; trekking maj 2007<\/a><\/p>\n","protected":false},"excerpt":{"rendered":"<p>Od wielu ju\u017c lat d\u0142ugi weekend majowy po\u015bwi\u0119camy na w\u0119dr\u00f3wki po g\u00f3rach,&nbsp;a Wielka Fatra jest doskona\u0142ym miejscem dla turyst\u00f3w ceni\u0105cych sobie cisz\u0119, brak ludzi na szlakach, przepi\u0119kne widoki. Kiedy znajdziemy si\u0119 na grani i mamy szerok\u0105 panoram\u0119, w kt\u00f3r\u0105kolwiek stron\u0119 by\u015bmy si\u0119 nie zwr\u00f3cili, wsz\u0119dzie widzimy morze g\u00f3r. Od p\u00f3\u0142nocy wybija si\u0119 Wlk. Chocz w &hellip; <\/p>\n<p class=\"link-more\"><a href=\"https:\/\/maciaszki.pl\/index.php\/2007\/05\/01\/wielka-fatra-trekking-maj-2007\/\" class=\"more-link\">Czytaj dalej<span class=\"screen-reader-text\"> Wielka Fatra &#8211; trekking maj 2007<\/span><\/a><\/p>\n","protected":false},"author":6,"featured_media":347,"comment_status":"open","ping_status":"closed","sticky":false,"template":"","format":"standard","meta":[],"categories":[4],"tags":[75,85],"yoast_head":"<!-- This site is optimized with the Yoast SEO plugin v17.6 - https:\/\/yoast.com\/wordpress\/plugins\/seo\/ -->\n<title>Wielka Fatra - trekking maj 2007 - Maciaszki<\/title>\n<meta name=\"description\" content=\"Wielka Fatra trekking, w\u0119dr\u00f3wka po g\u00f3rach z namiotami, propozycja na weekend majowy, Lubochnia, Chata pod Bori\u0161ovom, Horsk\u00fd Hotel Smrekovica, Rakytov, \u015bnieg, biwak\" \/>\n<meta name=\"robots\" content=\"index, follow, max-snippet:-1, max-image-preview:large, max-video-preview:-1\" \/>\n<link rel=\"canonical\" href=\"https:\/\/maciaszki.pl\/index.php\/2007\/05\/01\/wielka-fatra-trekking-maj-2007\/\" \/>\n<meta property=\"og:locale\" content=\"pl_PL\" \/>\n<meta property=\"og:type\" content=\"article\" \/>\n<meta property=\"og:title\" content=\"Wielka Fatra - trekking maj 2007 - Maciaszki\" \/>\n<meta property=\"og:description\" content=\"Wielka Fatra trekking, w\u0119dr\u00f3wka po g\u00f3rach z namiotami, propozycja na weekend majowy, Lubochnia, Chata pod Bori\u0161ovom, Horsk\u00fd Hotel Smrekovica, Rakytov, \u015bnieg, biwak\" \/>\n<meta property=\"og:url\" content=\"https:\/\/maciaszki.pl\/index.php\/2007\/05\/01\/wielka-fatra-trekking-maj-2007\/\" \/>\n<meta property=\"og:site_name\" content=\"Maciaszki\" \/>\n<meta property=\"article:published_time\" content=\"2007-05-01T13:48:34+00:00\" \/>\n<meta property=\"article:modified_time\" content=\"2020-08-04T21:12:32+00:00\" \/>\n<meta property=\"og:image\" content=\"https:\/\/maciaszki.pl\/wp-content\/uploads\/2007\/05\/PICT0099-1024x768.jpg\" \/>\n\t<meta property=\"og:image:width\" content=\"1024\" \/>\n\t<meta property=\"og:image:height\" content=\"768\" \/>\n<meta name=\"twitter:card\" content=\"summary_large_image\" \/>\n<meta name=\"twitter:label1\" content=\"Napisane przez\" \/>\n\t<meta name=\"twitter:data1\" content=\"Tomek\" \/>\n\t<meta name=\"twitter:label2\" content=\"Szacowany czas czytania\" \/>\n\t<meta name=\"twitter:data2\" content=\"8 minut\" \/>\n<script type=\"application\/ld+json\" class=\"yoast-schema-graph\">{\"@context\":\"https:\/\/schema.org\",\"@graph\":[{\"@type\":\"WebSite\",\"@id\":\"https:\/\/maciaszki.pl\/#website\",\"url\":\"https:\/\/maciaszki.pl\/\",\"name\":\"Maciaszki\",\"description\":\"W\\u0119dr\\u00f3wki w czasie i w przestrzeni\",\"potentialAction\":[{\"@type\":\"SearchAction\",\"target\":{\"@type\":\"EntryPoint\",\"urlTemplate\":\"https:\/\/maciaszki.pl\/?s={search_term_string}\"},\"query-input\":\"required name=search_term_string\"}],\"inLanguage\":\"pl-PL\"},{\"@type\":\"ImageObject\",\"@id\":\"https:\/\/maciaszki.pl\/index.php\/2007\/05\/01\/wielka-fatra-trekking-maj-2007\/#primaryimage\",\"inLanguage\":\"pl-PL\",\"url\":\"https:\/\/maciaszki.pl\/wp-content\/uploads\/2007\/05\/PICT0099.jpg\",\"contentUrl\":\"https:\/\/maciaszki.pl\/wp-content\/uploads\/2007\/05\/PICT0099.jpg\",\"width\":2272,\"height\":1704,\"caption\":\"W\\u0119dr\\u00f3wka z widokiem na Ni\\u017cne Tatry\"},{\"@type\":\"WebPage\",\"@id\":\"https:\/\/maciaszki.pl\/index.php\/2007\/05\/01\/wielka-fatra-trekking-maj-2007\/#webpage\",\"url\":\"https:\/\/maciaszki.pl\/index.php\/2007\/05\/01\/wielka-fatra-trekking-maj-2007\/\",\"name\":\"Wielka Fatra - trekking maj 2007 - Maciaszki\",\"isPartOf\":{\"@id\":\"https:\/\/maciaszki.pl\/#website\"},\"primaryImageOfPage\":{\"@id\":\"https:\/\/maciaszki.pl\/index.php\/2007\/05\/01\/wielka-fatra-trekking-maj-2007\/#primaryimage\"},\"datePublished\":\"2007-05-01T13:48:34+00:00\",\"dateModified\":\"2020-08-04T21:12:32+00:00\",\"author\":{\"@id\":\"https:\/\/maciaszki.pl\/#\/schema\/person\/927a7d4023a1599d0d448b6094ed01eb\"},\"description\":\"Wielka Fatra trekking, w\\u0119dr\\u00f3wka po g\\u00f3rach z namiotami, propozycja na weekend majowy, Lubochnia, Chata pod Bori\\u0161ovom, Horsk\\u00fd Hotel Smrekovica, Rakytov, \\u015bnieg, biwak\",\"breadcrumb\":{\"@id\":\"https:\/\/maciaszki.pl\/index.php\/2007\/05\/01\/wielka-fatra-trekking-maj-2007\/#breadcrumb\"},\"inLanguage\":\"pl-PL\",\"potentialAction\":[{\"@type\":\"ReadAction\",\"target\":[\"https:\/\/maciaszki.pl\/index.php\/2007\/05\/01\/wielka-fatra-trekking-maj-2007\/\"]}]},{\"@type\":\"BreadcrumbList\",\"@id\":\"https:\/\/maciaszki.pl\/index.php\/2007\/05\/01\/wielka-fatra-trekking-maj-2007\/#breadcrumb\",\"itemListElement\":[{\"@type\":\"ListItem\",\"position\":1,\"name\":\"Home\",\"item\":\"https:\/\/maciaszki.pl\/\"},{\"@type\":\"ListItem\",\"position\":2,\"name\":\"Wielka Fatra &#8211; trekking maj 2007\"}]},{\"@type\":\"Person\",\"@id\":\"https:\/\/maciaszki.pl\/#\/schema\/person\/927a7d4023a1599d0d448b6094ed01eb\",\"name\":\"Tomek\",\"image\":{\"@type\":\"ImageObject\",\"@id\":\"https:\/\/maciaszki.pl\/#personlogo\",\"inLanguage\":\"pl-PL\",\"url\":\"https:\/\/secure.gravatar.com\/avatar\/0ce461a5edaa58bb7fb6c252a1dbf70d?s=96&d=mm&r=g\",\"contentUrl\":\"https:\/\/secure.gravatar.com\/avatar\/0ce461a5edaa58bb7fb6c252a1dbf70d?s=96&d=mm&r=g\",\"caption\":\"Tomek\"},\"url\":\"https:\/\/maciaszki.pl\/index.php\/author\/tmaciaszek\/\"}]}<\/script>\n<!-- \/ Yoast SEO plugin. -->","yoast_head_json":{"title":"Wielka Fatra - trekking maj 2007 - Maciaszki","description":"Wielka Fatra trekking, w\u0119dr\u00f3wka po g\u00f3rach z namiotami, propozycja na weekend majowy, Lubochnia, Chata pod Bori\u0161ovom, Horsk\u00fd Hotel Smrekovica, Rakytov, \u015bnieg, biwak","robots":{"index":"index","follow":"follow","max-snippet":"max-snippet:-1","max-image-preview":"max-image-preview:large","max-video-preview":"max-video-preview:-1"},"canonical":"https:\/\/maciaszki.pl\/index.php\/2007\/05\/01\/wielka-fatra-trekking-maj-2007\/","og_locale":"pl_PL","og_type":"article","og_title":"Wielka Fatra - trekking maj 2007 - Maciaszki","og_description":"Wielka Fatra trekking, w\u0119dr\u00f3wka po g\u00f3rach z namiotami, propozycja na weekend majowy, Lubochnia, Chata pod Bori\u0161ovom, Horsk\u00fd Hotel Smrekovica, Rakytov, \u015bnieg, biwak","og_url":"https:\/\/maciaszki.pl\/index.php\/2007\/05\/01\/wielka-fatra-trekking-maj-2007\/","og_site_name":"Maciaszki","article_published_time":"2007-05-01T13:48:34+00:00","article_modified_time":"2020-08-04T21:12:32+00:00","og_image":[{"width":1024,"height":768,"url":"https:\/\/maciaszki.pl\/wp-content\/uploads\/2007\/05\/PICT0099-1024x768.jpg","type":"image\/jpeg"}],"twitter_card":"summary_large_image","twitter_misc":{"Napisane przez":"Tomek","Szacowany czas czytania":"8 minut"},"schema":{"@context":"https:\/\/schema.org","@graph":[{"@type":"WebSite","@id":"https:\/\/maciaszki.pl\/#website","url":"https:\/\/maciaszki.pl\/","name":"Maciaszki","description":"W\u0119dr\u00f3wki w czasie i w przestrzeni","potentialAction":[{"@type":"SearchAction","target":{"@type":"EntryPoint","urlTemplate":"https:\/\/maciaszki.pl\/?s={search_term_string}"},"query-input":"required name=search_term_string"}],"inLanguage":"pl-PL"},{"@type":"ImageObject","@id":"https:\/\/maciaszki.pl\/index.php\/2007\/05\/01\/wielka-fatra-trekking-maj-2007\/#primaryimage","inLanguage":"pl-PL","url":"https:\/\/maciaszki.pl\/wp-content\/uploads\/2007\/05\/PICT0099.jpg","contentUrl":"https:\/\/maciaszki.pl\/wp-content\/uploads\/2007\/05\/PICT0099.jpg","width":2272,"height":1704,"caption":"W\u0119dr\u00f3wka z widokiem na Ni\u017cne Tatry"},{"@type":"WebPage","@id":"https:\/\/maciaszki.pl\/index.php\/2007\/05\/01\/wielka-fatra-trekking-maj-2007\/#webpage","url":"https:\/\/maciaszki.pl\/index.php\/2007\/05\/01\/wielka-fatra-trekking-maj-2007\/","name":"Wielka Fatra - trekking maj 2007 - Maciaszki","isPartOf":{"@id":"https:\/\/maciaszki.pl\/#website"},"primaryImageOfPage":{"@id":"https:\/\/maciaszki.pl\/index.php\/2007\/05\/01\/wielka-fatra-trekking-maj-2007\/#primaryimage"},"datePublished":"2007-05-01T13:48:34+00:00","dateModified":"2020-08-04T21:12:32+00:00","author":{"@id":"https:\/\/maciaszki.pl\/#\/schema\/person\/927a7d4023a1599d0d448b6094ed01eb"},"description":"Wielka Fatra trekking, w\u0119dr\u00f3wka po g\u00f3rach z namiotami, propozycja na weekend majowy, Lubochnia, Chata pod Bori\u0161ovom, Horsk\u00fd Hotel Smrekovica, Rakytov, \u015bnieg, biwak","breadcrumb":{"@id":"https:\/\/maciaszki.pl\/index.php\/2007\/05\/01\/wielka-fatra-trekking-maj-2007\/#breadcrumb"},"inLanguage":"pl-PL","potentialAction":[{"@type":"ReadAction","target":["https:\/\/maciaszki.pl\/index.php\/2007\/05\/01\/wielka-fatra-trekking-maj-2007\/"]}]},{"@type":"BreadcrumbList","@id":"https:\/\/maciaszki.pl\/index.php\/2007\/05\/01\/wielka-fatra-trekking-maj-2007\/#breadcrumb","itemListElement":[{"@type":"ListItem","position":1,"name":"Home","item":"https:\/\/maciaszki.pl\/"},{"@type":"ListItem","position":2,"name":"Wielka Fatra &#8211; trekking maj 2007"}]},{"@type":"Person","@id":"https:\/\/maciaszki.pl\/#\/schema\/person\/927a7d4023a1599d0d448b6094ed01eb","name":"Tomek","image":{"@type":"ImageObject","@id":"https:\/\/maciaszki.pl\/#personlogo","inLanguage":"pl-PL","url":"https:\/\/secure.gravatar.com\/avatar\/0ce461a5edaa58bb7fb6c252a1dbf70d?s=96&d=mm&r=g","contentUrl":"https:\/\/secure.gravatar.com\/avatar\/0ce461a5edaa58bb7fb6c252a1dbf70d?s=96&d=mm&r=g","caption":"Tomek"},"url":"https:\/\/maciaszki.pl\/index.php\/author\/tmaciaszek\/"}]}},"_links":{"self":[{"href":"https:\/\/maciaszki.pl\/index.php\/wp-json\/wp\/v2\/posts\/324"}],"collection":[{"href":"https:\/\/maciaszki.pl\/index.php\/wp-json\/wp\/v2\/posts"}],"about":[{"href":"https:\/\/maciaszki.pl\/index.php\/wp-json\/wp\/v2\/types\/post"}],"author":[{"embeddable":true,"href":"https:\/\/maciaszki.pl\/index.php\/wp-json\/wp\/v2\/users\/6"}],"replies":[{"embeddable":true,"href":"https:\/\/maciaszki.pl\/index.php\/wp-json\/wp\/v2\/comments?post=324"}],"version-history":[{"count":23,"href":"https:\/\/maciaszki.pl\/index.php\/wp-json\/wp\/v2\/posts\/324\/revisions"}],"predecessor-version":[{"id":2178,"href":"https:\/\/maciaszki.pl\/index.php\/wp-json\/wp\/v2\/posts\/324\/revisions\/2178"}],"wp:featuredmedia":[{"embeddable":true,"href":"https:\/\/maciaszki.pl\/index.php\/wp-json\/wp\/v2\/media\/347"}],"wp:attachment":[{"href":"https:\/\/maciaszki.pl\/index.php\/wp-json\/wp\/v2\/media?parent=324"}],"wp:term":[{"taxonomy":"category","embeddable":true,"href":"https:\/\/maciaszki.pl\/index.php\/wp-json\/wp\/v2\/categories?post=324"},{"taxonomy":"post_tag","embeddable":true,"href":"https:\/\/maciaszki.pl\/index.php\/wp-json\/wp\/v2\/tags?post=324"}],"curies":[{"name":"wp","href":"https:\/\/api.w.org\/{rel}","templated":true}]}}