{"id":112,"date":"2016-07-30T15:26:44","date_gmt":"2016-07-30T13:26:44","guid":{"rendered":"https:\/\/maciaszki.pl\/?p=112"},"modified":"2020-06-29T12:28:15","modified_gmt":"2020-06-29T10:28:15","slug":"rowerem-po-czechach-czyli-u-sasiadow-na-morawach","status":"publish","type":"post","link":"https:\/\/maciaszki.pl\/index.php\/2016\/07\/30\/rowerem-po-czechach-czyli-u-sasiadow-na-morawach\/","title":{"rendered":"Rowerem po Czechach czyli u s\u0105siad\u00f3w na Morawach"},"content":{"rendered":"\n<p class=\"has-small-font-size\"><span style=\"font-weight: 400;\">Pomys\u0142, by coroczn\u0105 wypraw\u0119 rowerow\u0105 odby\u0107 na Morawach, zaskoczy\u0142 nas samych. Pojawi\u0142 si\u0119 &nbsp;&nbsp;dopiero teraz, po tylu latach rowerowania. W dodatku po kilometrach przejechanych w Hiszpanii, Francji, Szwecji, Finlandii czy Estonii Czechy wyda\u0142y si\u0119 ma\u0142o poci\u0105gaj\u0105ce, zbyt bliskie, nieatrakcyjne&#8230; To najlepszy dow\u00f3d pokazuj\u0105cy, jak mizerna jest nasza wiedza o najbli\u017cszych s\u0105siadach. Wiemy, \u017ce pi\u0119kna jest Praga, odwiedzamy Szpindlerowy M\u0142yn i Skalne Miasto \u2013 Ardsbach, korzystamy z czeskich tras biegowych w G\u00f3rach Izerskich, &nbsp;oczywi\u015bcie chwalimy czeskie piwo, ale wakacje&#8230;? Rowerem po Czechach?<\/span><\/p>\n\n\n\n<!--more-->\n\n\n\n<div class=\"wp-block-image\"><figure class=\"aligncenter\"><a href=\"https:\/\/maciaszki.pl\/index.php\/2016\/07\/30\/u-sasiadow-na-morawach\/sony-dsc-20\/\"><img loading=\"lazy\" width=\"229\" height=\"300\" src=\"https:\/\/maciaszki.pl\/wp-content\/uploads\/2016\/07\/12.-Zwornik-szlak\u00f3w-rowerowych-229x300.jpg\" alt=\"\" class=\"wp-image-136\" srcset=\"https:\/\/maciaszki.pl\/wp-content\/uploads\/2016\/07\/12.-Zwornik-szlak\u00f3w-rowerowych-229x300.jpg 229w, https:\/\/maciaszki.pl\/wp-content\/uploads\/2016\/07\/12.-Zwornik-szlak\u00f3w-rowerowych-768x1008.jpg 768w, https:\/\/maciaszki.pl\/wp-content\/uploads\/2016\/07\/12.-Zwornik-szlak\u00f3w-rowerowych-780x1024.jpg 780w\" sizes=\"(max-width: 229px) 100vw, 229px\" \/><\/a><figcaption>Galimatias tras, tak si\u0119 je\u017adzi rowerem po Czechach<\/figcaption><\/figure><\/div>\n\n\n\n<p class=\"has-small-font-size\"><span style=\"font-weight: 400;\">Pierwsze pr\u00f3by szukania relacji w Internecie przekonuj\u0105 nas, \u017ce na do\u015bwiadczenia innych nie ma co liczy\u0107 \u2013 opis\u00f3w w j\u0119zyku polskim jest bardzo ma\u0142o, ale te nieliczne brzmi\u0105 zach\u0119caj\u0105co i intryguj\u0105co \u2013 chwal\u0105 doskona\u0142e \u015bcie\u017cki rowerowe i przedstawiaj\u0105 fotografie urokliwych miasteczek z klimatem jak w \u201ePostrzy\u017cynach\u201d Hrabala. W \u201eRowertour\u201d relacje z Czech te\u017c pojawiaj\u0105 si\u0119 bardzo rzadko. Nie pozosta\u0142o nic innego, jak jecha\u0107 i przekona\u0107 si\u0119, co maj\u0105 do zaoferowania rowerzystom nasi s\u0105siedzi.<\/span><\/p>\n\n\n\n<figure class=\"wp-block-image alignnone\"><a href=\"https:\/\/maciaszki.pl\/index.php\/2016\/07\/30\/u-sasiadow-na-morawach\/sony-dsc-33\/\"><img loading=\"lazy\" width=\"4592\" height=\"3056\" src=\"https:\/\/maciaszki.pl\/wp-content\/uploads\/2016\/07\/02.-Rynek-w-Hranicach.jpg\" alt=\"\" class=\"wp-image-155\" srcset=\"https:\/\/maciaszki.pl\/wp-content\/uploads\/2016\/07\/02.-Rynek-w-Hranicach.jpg 4592w, https:\/\/maciaszki.pl\/wp-content\/uploads\/2016\/07\/02.-Rynek-w-Hranicach-300x200.jpg 300w, https:\/\/maciaszki.pl\/wp-content\/uploads\/2016\/07\/02.-Rynek-w-Hranicach-768x511.jpg 768w, https:\/\/maciaszki.pl\/wp-content\/uploads\/2016\/07\/02.-Rynek-w-Hranicach-1024x681.jpg 1024w\" sizes=\"(max-width: 706px) 89vw, (max-width: 767px) 82vw, 740px\" \/><\/a><figcaption>Rynek w Hranicach<\/figcaption><\/figure>\n\n\n\n<h6><b>Etap I z Rybnika do Kromeriza, ok. 220 km &nbsp;<\/b><\/h6>\n\n\n\n<p class=\"has-small-font-size\"><span style=\"font-weight: 400;\">Punktem startu jest Rybnik, sk\u0105d przez \u015al\u0105sk, szukaj\u0105c mniej ruchliwych dr\u00f3g (ani kilometra \u015bcie\u017cki rowerowej) przez Psz\u00f3w i Radlin docieramy do granicy w Owsiszczach. Tu\u017c za granic\u0105 pierwszy smak wakacji \u2013 przydro\u017cne czere\u015bnie, z robalami, ale t\u0119 \u015bwiadomo\u015b\u0107 zdob\u0119dziemy troch\u0119 p\u00f3\u017aniej. Kierujemy si\u0119 na Opaw\u0119, a szlak rowerowy prowadzi ma\u0142o ucz\u0119szczanymi drogami i kamienist\u0105 szutr\u00f3wk\u0105 przez czeskie wsie. <\/span><\/p>\n\n\n\n<p class=\"has-small-font-size\"><span style=\"font-weight: 400;\">Opawa wita nas swojskim klimatem. Spacerujemy po rynku i przyleg\u0142ych uliczkach, robimy zdj\u0119cia przy w\u0105tpliwej urody \u201erze\u017abie\u201d z blachy \u2013 po\u0142\u0105czeniu mr\u00f3wkowca i w\u0119\u017ca. W barze przypominaj\u0105cym czasy PRL-u zamawiamy \u201esvi\u010dkow\u0105\u201d &#8211; knedle z mi\u0119sem w sosie (chyba nie jeste\u015bmy mi\u0142o\u015bnikami tej najbardziej czeskiej z czeskich potraw). Kiedy pr\u00f3bujemy opu\u015bci\u0107 Opaw\u0119, niespodzianka \u2013 szlak rowerowy przekracza tory kolejowe, ale prowadzi przez przej\u015bcie ze stromymi, niewygodnymi schodami. Dla pustych rower\u00f3w to fraszka, ale nasze sakwy wa\u017c\u0105 niema\u0142o. No i zaczyna pada\u0107 deszcz. C\u00f3\u017c, pierwsze koty za p\u0142oty. <\/span><\/p>\n\n\n\n<p class=\"has-small-font-size\"><span style=\"font-weight: 400;\">Za Opaw\u0105 nasza trasa wiedzie na po\u0142udnie. Wko\u0142o poka\u017ane wzg\u00f3rza, a my jedziemy pi\u0119kn\u0105, wygodn\u0105, wyasfaltowan\u0105 \u015bcie\u017ck\u0105 wzd\u0142u\u017c Morawicy. Szlakiem 551 docieramy do Hradca, sk\u0105d trzeba przerzuci\u0107 si\u0119 do kolejnej doliny. Oznaczenia dr\u00f3g rowerowych w Czechach s\u0105 doskona\u0142e, ale i tak udaje si\u0119 nam troch\u0119 pob\u0142\u0105dzi\u0107. Znajdujemy nocleg na rozleg\u0142ej \u0142\u0105ce przy brzegu Morawicy, a tu \u015bwietliki, sarny i czarny bocian.<\/span><\/p>\n\n\n\n<figure class=\"wp-block-image alignnone\"><a href=\"https:\/\/maciaszki.pl\/index.php\/2016\/07\/30\/u-sasiadow-na-morawach\/sony-dsc-7\/\"><img loading=\"lazy\" width=\"4592\" height=\"3056\" src=\"https:\/\/maciaszki.pl\/wp-content\/uploads\/2016\/07\/01.-Szlak-rowerowy-wzd\u0142u\u017c-Morawicy.jpg\" alt=\"\" class=\"wp-image-123\" srcset=\"https:\/\/maciaszki.pl\/wp-content\/uploads\/2016\/07\/01.-Szlak-rowerowy-wzd\u0142u\u017c-Morawicy.jpg 4592w, https:\/\/maciaszki.pl\/wp-content\/uploads\/2016\/07\/01.-Szlak-rowerowy-wzd\u0142u\u017c-Morawicy-300x200.jpg 300w, https:\/\/maciaszki.pl\/wp-content\/uploads\/2016\/07\/01.-Szlak-rowerowy-wzd\u0142u\u017c-Morawicy-768x511.jpg 768w, https:\/\/maciaszki.pl\/wp-content\/uploads\/2016\/07\/01.-Szlak-rowerowy-wzd\u0142u\u017c-Morawicy-1024x681.jpg 1024w\" sizes=\"(max-width: 706px) 89vw, (max-width: 767px) 82vw, 740px\" \/><\/a><figcaption>Szlak rowerowy wzd\u0142u\u017c Morawicy, i tak te\u017c si\u0119 je\u017adzi rowerem po Czechach<\/figcaption><\/figure>\n\n\n\n<p class=\"has-small-font-size\"><span style=\"font-weight: 400;\">Odcinek z Hradca do Vitkova oka\u017ce si\u0119 chyba najtrudniejszym na ca\u0142ej naszej trasie. Podjazd za podjazdem po do\u015b\u0107 stromej, kamienistej \u015bcie\u017cce przez G\u00f3ry Odrza\u0144skie. Jedziemy 6km\/godz, a potem ju\u017c w og\u00f3le nie jedziemy, tylko wpychamy ci\u0119\u017ckie rowery pod g\u00f3r\u0119. I jeszcze podjazdy serpentynami do Vitkova. Po kilku godzinach jazdy mamy 18 km na liczniku. Dalej b\u0119dzie ju\u017c zdecydowanie \u0142atwiej. D\u0142ugi zjazd i jeste\u015bmy w Odrach. Niedaleko st\u0105d znajduj\u0105 si\u0119 \u017ar\u00f3d\u0142a Odry, w pobli\u017cu urodzi\u0142 si\u0119 Johann Mendel, tw\u00f3rca podstaw genetyki. Informacja turystyczna ju\u017c zamkni\u0119ta, ale z pomoc\u0105 spiesz\u0105 nam \u017cyczliwi Czesi, kt\u00f3rzy ofiarowali nam w\u0142asne mapy rowerowe, dorzucaj\u0105c do nich par\u0119 praktycznych rad. Przez B\u011blot\u00edn kierujemy si\u0119 do Hranic. Hranice zaskakuj\u0105 przepi\u0119kn\u0105 architektur\u0105. To stare miasteczko z urokliwym rynkiem, mi\u0142ym wieczornym gwarem i &#8230;przyjaznym, niedrogim campingiem.<\/span><\/p>\n\n\n\n<div class=\"wp-block-image\"><figure class=\"aligncenter\"><a href=\"https:\/\/maciaszki.pl\/index.php\/2016\/07\/30\/u-sasiadow-na-morawach\/sony-dsc-8\/\"><img loading=\"lazy\" width=\"3902\" height=\"1008\" src=\"https:\/\/maciaszki.pl\/wp-content\/uploads\/2016\/07\/03a.-\u015acie\u017cka-rowerowa-wzd\u0142u\u017c-Be\u010dvy.jpg\" alt=\"\" class=\"wp-image-124\" srcset=\"https:\/\/maciaszki.pl\/wp-content\/uploads\/2016\/07\/03a.-\u015acie\u017cka-rowerowa-wzd\u0142u\u017c-Be\u010dvy.jpg 3902w, https:\/\/maciaszki.pl\/wp-content\/uploads\/2016\/07\/03a.-\u015acie\u017cka-rowerowa-wzd\u0142u\u017c-Be\u010dvy-300x77.jpg 300w, https:\/\/maciaszki.pl\/wp-content\/uploads\/2016\/07\/03a.-\u015acie\u017cka-rowerowa-wzd\u0142u\u017c-Be\u010dvy-768x198.jpg 768w, https:\/\/maciaszki.pl\/wp-content\/uploads\/2016\/07\/03a.-\u015acie\u017cka-rowerowa-wzd\u0142u\u017c-Be\u010dvy-1024x265.jpg 1024w\" sizes=\"(max-width: 706px) 89vw, (max-width: 767px) 82vw, 740px\" \/><\/a><figcaption>\u015acie\u017cka rowerowa wzd\u0142u\u017c Be<span style=\"font-weight: 400;\">\u010d<\/span>wy<\/figcaption><\/figure><\/div>\n\n\n\n<p class=\"has-small-font-size\"><span style=\"font-weight: 400;\">Do doliny Morawy ju\u017c rzut beretem. Szlak rowerowy \u2013 wygodna, asfaltowa \u015bcie\u017cka prowadzi wzd\u0142u\u017c Be\u010dvy, w\u015br\u00f3d p\u00f3l, z dala od dr\u00f3g publicznych. Teren zdecydowanie rolniczy, a zabudowa wsi przypomina raczej ma\u0142e miasteczka. Wje\u017cd\u017camy do starej cz\u0119\u015bci zabytkowego P\u0159erova, w okolicach Tova\u010dova korzystamy z nieoficjalnego, ale obleganego przez miejscowych k\u0105pieliska. Wreszcie przez Kojetin docieramy do Krom\u011b\u0159\u00ed\u017ea. Ostatnie kilkadziesi\u0105t kilometr\u00f3w to prawdziwy rowerowy luksus pozwalaj\u0105cy zapomnie\u0107 o b\u00f3lu podjazd\u00f3w dnia poprzedniego.<\/span><\/p>\n\n\n\n<figure class=\"wp-block-image alignnone\"><a href=\"https:\/\/maciaszki.pl\/index.php\/2016\/07\/30\/u-sasiadow-na-morawach\/sony-dsc-10\/\"><img loading=\"lazy\" width=\"1024\" height=\"681\" src=\"https:\/\/maciaszki.pl\/wp-content\/uploads\/2016\/07\/06.-W-Dolinie-Morawy-asfalt-dla-rowerzyst\u00f3w-droga-szutrowa-dla-samochod\u00f3w-i-pojazd\u00f3w-rolniczych-1024x681.jpg\" alt=\"\" class=\"wp-image-126\" srcset=\"https:\/\/maciaszki.pl\/wp-content\/uploads\/2016\/07\/06.-W-Dolinie-Morawy-asfalt-dla-rowerzyst\u00f3w-droga-szutrowa-dla-samochod\u00f3w-i-pojazd\u00f3w-rolniczych-1024x681.jpg 1024w, https:\/\/maciaszki.pl\/wp-content\/uploads\/2016\/07\/06.-W-Dolinie-Morawy-asfalt-dla-rowerzyst\u00f3w-droga-szutrowa-dla-samochod\u00f3w-i-pojazd\u00f3w-rolniczych-300x200.jpg 300w, https:\/\/maciaszki.pl\/wp-content\/uploads\/2016\/07\/06.-W-Dolinie-Morawy-asfalt-dla-rowerzyst\u00f3w-droga-szutrowa-dla-samochod\u00f3w-i-pojazd\u00f3w-rolniczych-768x511.jpg 768w\" sizes=\"(max-width: 706px) 89vw, (max-width: 767px) 82vw, 740px\" \/><\/a><figcaption>W Dolinie Morawy &#8211; asfalt dla rowerzyst\u00f3w, droga szutrowa dla samochod\u00f3 i pojazd\u00f3w rolniczych<\/figcaption><\/figure>\n\n\n\n<h6><b>Etap II \u2013 dolina Morawy, ok 225 km.&nbsp;<\/b><\/h6>\n\n\n\n<p class=\"has-small-font-size\"><span style=\"font-weight: 400;\">Dolina Morawy to g\u0142\u00f3wna cz\u0119\u015b\u0107 naszej rowerowej podr\u00f3\u017cy. Ten etap zaczyna si\u0119 w\u0142a\u015bnie od &nbsp;Krom\u011b\u0159\u00ed\u017ea le\u017c\u0105cego nad Moraw\u0105. Miasto zachwyca nas swoim klimatem. Walczymy z pokus\u0105, by zatrzyma\u0107 si\u0119 tu na d\u0142u\u017cej. Ostatecznie decydujemy, \u017ce trzeba przejecha\u0107 jeszcze kilkana\u015bcie kilometr\u00f3w. Marzenie, by zajrze\u0107 tu w drodze powrotnej, pozostanie niespe\u0142nione. Mo\u017ce kiedy\u015b&#8230; Nocleg dzi\u0119ki \u017cyczliwo\u015bci gospodarzy znajdujemy z niewielkim o\u015brodku sport\u00f3w wodnych niedaleko Otrokovic. Cicho i spokojnie, miejsce na namioty, \u0142azienka i bufet z piwem. Wi\u0119kszych wymaga\u0144 nie mamy. Na \u015bcie\u017cce rowerowej panuje ruch do p\u00f3\u017anych godzin nocnych \u2013 ludzie biegaj\u0105, je\u017cd\u017c\u0105 na rowerach i rolkach, spaceruj\u0105 z psami. Taki sam obraz wita nas wczesnym rankiem.<\/span><\/p>\n\n\n\n<div class=\"wp-block-image\"><figure class=\"aligncenter\"><a href=\"https:\/\/maciaszki.pl\/index.php\/2016\/07\/30\/u-sasiadow-na-morawach\/sony-dsc-24\/\"><img loading=\"lazy\" width=\"681\" height=\"1024\" src=\"https:\/\/maciaszki.pl\/wp-content\/uploads\/2016\/07\/07.-Uherskie-Hradi\u0161te-e1543619548626-681x1024.jpg\" alt=\"\" class=\"wp-image-143\" srcset=\"https:\/\/maciaszki.pl\/wp-content\/uploads\/2016\/07\/07.-Uherskie-Hradi\u0161te-e1543619548626-681x1024.jpg 681w, https:\/\/maciaszki.pl\/wp-content\/uploads\/2016\/07\/07.-Uherskie-Hradi\u0161te-e1543619548626-200x300.jpg 200w, https:\/\/maciaszki.pl\/wp-content\/uploads\/2016\/07\/07.-Uherskie-Hradi\u0161te-e1543619548626-768x1154.jpg 768w\" sizes=\"(max-width: 681px) 100vw, 681px\" \/><\/a><figcaption>Uherskie Hradi\u0161te<\/figcaption><\/figure><\/div>\n\n\n\n<p class=\"has-small-font-size\"><span style=\"font-weight: 400;\">Dalej \u015bcie\u017cka rowerowa prowadzi wzd\u0142u\u017c Kana\u0142u Baty przez Otrokovice i Napajedla do Uherskiego Hradi\u0161ta. Trudno zachwyca\u0107 si\u0119 ka\u017cdym kolejnym miasteczkiem, a tutaj znowu pi\u0119knie. Odpoczywamy na rynku smarowani&nbsp;<\/span><span style=\"font-weight: 400;\">pysznymi lodami, w\u0119drujemy w\u0105skimi uliczkami, podziwiamy renesansow\u0105 zabudow\u0119 rynku. Przez Veseli zmierzamy do Str\u00e1\u017enic. Krajobraz wydaje si\u0119 nieco monotonny \u2013 wygodna, asfaltowa \u015bcie\u017cka wzd\u0142u\u017c kana\u0142u bez podjazd\u00f3w i zjazd\u00f3w, nawet zakr\u0119ty s\u0105 tu \u0142agodne. Dzie\u0144 rowerowania ko\u0144czymy wyj\u0105tkowo wcze\u015bnie \u2013 po pierwsze trudno znie\u015b\u0107 jazd\u0119 w upale, po drugie wyra\u017anie nadci\u0105ga burza, wreszcie po trzecie na campingu w Str\u00e1\u017enicach obejrze\u0107 mecz Polska : Portugalia. Ogl\u0105damy go zreszt\u0105 tylko my, innych Polak\u00f3w tutaj nie ma, a Czesi po kl\u0119sce narodowej reprezentacji &nbsp;zupe\u0142nie niezainteresowani.<\/span><\/p>\n\n\n\n<figure class=\"wp-block-image alignnone\"><a href=\"https:\/\/maciaszki.pl\/index.php\/2016\/07\/30\/u-sasiadow-na-morawach\/sony-dsc-25\/\"><img loading=\"lazy\" width=\"4228\" height=\"2937\" src=\"https:\/\/maciaszki.pl\/wp-content\/uploads\/2016\/07\/04.-Luksus-rowerowania-wzd\u0142u\u017c-Morawy-1.jpg\" alt=\"\" class=\"wp-image-146\" srcset=\"https:\/\/maciaszki.pl\/wp-content\/uploads\/2016\/07\/04.-Luksus-rowerowania-wzd\u0142u\u017c-Morawy-1.jpg 4228w, https:\/\/maciaszki.pl\/wp-content\/uploads\/2016\/07\/04.-Luksus-rowerowania-wzd\u0142u\u017c-Morawy-1-300x208.jpg 300w, https:\/\/maciaszki.pl\/wp-content\/uploads\/2016\/07\/04.-Luksus-rowerowania-wzd\u0142u\u017c-Morawy-1-768x533.jpg 768w, https:\/\/maciaszki.pl\/wp-content\/uploads\/2016\/07\/04.-Luksus-rowerowania-wzd\u0142u\u017c-Morawy-1-1024x711.jpg 1024w\" sizes=\"(max-width: 706px) 89vw, (max-width: 767px) 82vw, 740px\" \/><\/a><figcaption>Luksus rowerowania wzd\u0142u\u017c Morawy (rowerem po Czechach)<\/figcaption><\/figure>\n\n\n\n<p class=\"has-small-font-size\"><span style=\"font-weight: 400;\">Rano mamy czas na to, by zwiedzi\u0107 Str\u00e1\u017enice, wa\u017cny o\u015brodek kultury ludowej. W otoczonym przez park angielski pa\u0142acu, kt\u00f3ry jak si\u0119 okaza\u0142o, jest rekonstrukcj\u0105 dawnej budowli utrzyman\u0105 w renesansowym stylu, ma siedzib\u0119 Narodowy Instytut Kultury Ludowej. Tutaj w cz\u0119\u015bci muzealnej znajduje si\u0119 jedna z najwi\u0119kszych w Europie kolekcji instrument\u00f3w ludowych. Co roku odbywa si\u0119 w Str\u00e1\u017enicach Mi\u0119dzynarodowy Festiwal Folklorystyczny, kt\u00f3ry niestety zako\u0144czy\u0142 si\u0119 cztery dni przed naszym przybyciem. <\/span><\/p>\n\n\n\n<p class=\"has-small-font-size\"><span style=\"font-weight: 400;\">Przeje\u017cd\u017camy przez pachn\u0105ce lawend\u0105 centrum miasteczka i ruszamy do Hodonina. Upa\u0142 dokucza coraz bardziej, a \u015bcie\u017cka rowerowa nie daje szansy, by ukry\u0107 si\u0119 w cieniu. Chowamy si\u0119 przed s\u0142o\u0144cem w jednej z winotek. Na Morawach takich miejsc, gdzie mo\u017cna usi\u0105\u015b\u0107 przy kawiarnianym stoliku i napi\u0107 si\u0119 wina (lokalnego, ale nie tylko), jest wiele. Kosztowali\u015bmy miejscowych trunk\u00f3w podawanych nie z butelek, ale wprost z beczek. Morawskie wino nalewane jest zreszt\u0105 z nalewaka do podr\u0119cznych butelek tak\u017ce w wielu sklepach spo\u017cywczych. <\/span><\/p>\n\n\n\n<p class=\"has-small-font-size\"><span style=\"font-weight: 400;\">Tego dnia doje\u017cd\u017camy do Lednic. Nieca\u0142e 2 km od miasteczka znajduje si\u0119 du\u017cy i gwarny camping Apollo, a w barze gra kapela przypominaj\u0105ca grup\u0119 Banjo Band popularn\u0105 w Polsce przed kilku laty dzi\u0119ki przebojowi <\/span><i><span style=\"font-weight: 400;\">Jo\u017ein z ba\u017ein<\/span><\/i><span style=\"font-weight: 400;\">. Camping z licznymi zakamarkami nie m\u0119czy gwarem, a po godz. 22 przyk\u0142adnie robi si\u0119 jednak cicho.<\/span><\/p>\n\n\n\n<div class=\"wp-block-image wp-image-129 size-large\"><figure class=\"aligncenter\"><img loading=\"lazy\" width=\"707\" height=\"1024\" src=\"https:\/\/maciaszki.pl\/wp-content\/uploads\/2016\/07\/08.-Zjazd-do-Valtic-707x1024.jpg\" alt=\"\" class=\"wp-image-129\" srcset=\"https:\/\/maciaszki.pl\/wp-content\/uploads\/2016\/07\/08.-Zjazd-do-Valtic-707x1024.jpg 707w, https:\/\/maciaszki.pl\/wp-content\/uploads\/2016\/07\/08.-Zjazd-do-Valtic-207x300.jpg 207w, https:\/\/maciaszki.pl\/wp-content\/uploads\/2016\/07\/08.-Zjazd-do-Valtic-768x1113.jpg 768w, https:\/\/maciaszki.pl\/wp-content\/uploads\/2016\/07\/08.-Zjazd-do-Valtic.jpg 1402w\" sizes=\"(max-width: 707px) 100vw, 707px\" \/><figcaption>Zjazd do Valtic<\/figcaption><\/figure><\/div>\n\n\n\n<p class=\"has-small-font-size\"><span style=\"font-weight: 400;\">Kolejny dzie\u0144 zapowiada si\u0119 niezwykle atrakcyjnie. Jego pierwsz\u0105 cz\u0119\u015b\u0107 po\u015bwi\u0119camy na Lednice-Valtice, dwa niewielkie miasta, kt\u00f3rych atrakcj\u0105 s\u0105 imponuj\u0105ce pa\u0142ace i najwi\u0119kszy w Europie zesp\u00f3\u0142 parkowy zajmuj\u0105cy 300 km<\/span><span style=\"font-weight: 400;\">2<\/span><span style=\"font-weight: 400;\">. Ca\u0142o\u015b\u0107 w roku 1999 zosta\u0142a wpisana na list\u0119 UNESCO. Pierwszy z pa\u0142ac\u00f3w to letnia rezydencja Liechtenstein\u00f3w o wielowiekowej tradycji, po ostatnich przebudowach dokonanych w XIX wieku utrzymana w stylu neogotyckim, drugi za\u015b to barokowa (po licznych zmianach) budowla w centrum Valtic. Przez kilka godzin przemierzamy romantyczny &nbsp;park utrzymany w stylu angielskim, przez kt\u00f3ry prowadz\u0105 \u015bcie\u017cki rowerowe. Watro odwiedzi\u0107 znajduj\u0105ce si\u0119 w nim obiekty: Trzy Gracje, \u0141uk triumfalny, Minaret (znowu najwy\u017cszy w krajach pozaislamskich).<\/span><\/p>\n\n\n\n<div class=\"wp-block-image\"><figure class=\"aligncenter\"><a href=\"https:\/\/maciaszki.pl\/index.php\/2016\/07\/30\/u-sasiadow-na-morawach\/sony-dsc-12\/\"><img loading=\"lazy\" width=\"681\" height=\"1024\" src=\"https:\/\/maciaszki.pl\/wp-content\/uploads\/2016\/07\/09.-Widok-z-pa\u0142acu-w-Valticach-e1543619686445-681x1024.jpg\" alt=\"\" class=\"wp-image-128\" srcset=\"https:\/\/maciaszki.pl\/wp-content\/uploads\/2016\/07\/09.-Widok-z-pa\u0142acu-w-Valticach-e1543619686445-681x1024.jpg 681w, https:\/\/maciaszki.pl\/wp-content\/uploads\/2016\/07\/09.-Widok-z-pa\u0142acu-w-Valticach-e1543619686445-200x300.jpg 200w, https:\/\/maciaszki.pl\/wp-content\/uploads\/2016\/07\/09.-Widok-z-pa\u0142acu-w-Valticach-e1543619686445-768x1154.jpg 768w\" sizes=\"(max-width: 681px) 100vw, 681px\" \/><\/a><figcaption>Widok z pa\u0142acu w Valticach<\/figcaption><\/figure><\/div>\n\n\n\n<figure class=\"wp-block-image alignnone\"><a href=\"https:\/\/maciaszki.pl\/index.php\/2016\/07\/30\/u-sasiadow-na-morawach\/sony-dsc-15\/\"><img loading=\"lazy\" width=\"4592\" height=\"3056\" src=\"https:\/\/maciaszki.pl\/wp-content\/uploads\/2016\/07\/10.-Panorama-z-zamku-w-Mikulowie.jpg\" alt=\"\" class=\"wp-image-131\" srcset=\"https:\/\/maciaszki.pl\/wp-content\/uploads\/2016\/07\/10.-Panorama-z-zamku-w-Mikulowie.jpg 4592w, https:\/\/maciaszki.pl\/wp-content\/uploads\/2016\/07\/10.-Panorama-z-zamku-w-Mikulowie-300x200.jpg 300w, https:\/\/maciaszki.pl\/wp-content\/uploads\/2016\/07\/10.-Panorama-z-zamku-w-Mikulowie-768x511.jpg 768w, https:\/\/maciaszki.pl\/wp-content\/uploads\/2016\/07\/10.-Panorama-z-zamku-w-Mikulowie-1024x681.jpg 1024w\" sizes=\"(max-width: 706px) 89vw, (max-width: 767px) 82vw, 740px\" \/><\/a><figcaption>Panorama z zamku w Mikulowie<\/figcaption><\/figure>\n\n\n\n<p class=\"has-small-font-size\"><span style=\"font-weight: 400;\">Jeszcze tego samego dnia, jakby nam by\u0142o ma\u0142o, zmierzamy do Mikulowa. Ju\u017c z dala wida\u0107 umieszczony na wzg\u00f3rzu ogromny pa\u0142ac. Wspinamy si\u0119 mozolnie, chocia\u017c upa\u0142 nas nie oszcz\u0119dza. Centrum miasta pe\u0142ne jest turyst\u00f3w. Zostawiamy rowery na placu przed zamkiem i w t\u0142umie zwiedzaj\u0105cych robimy sobie spacer po budowli, z kt\u00f3rej roztaczaj\u0105 si\u0119 rozleg\u0142e panoramy z widokiem na miasto i okolice. Pobyt w Mikulowie Ewa wie\u0144czy gr\u0105 na pianinie \u2013 \u015bwietny ten obyczaj z wystawianiem instrumentu przez w\u0142a\u015bcicieli kawiar\u0144.<\/span><\/p>\n\n\n\n<figure class=\"wp-block-image alignnone\"><a href=\"https:\/\/maciaszki.pl\/index.php\/2016\/07\/30\/u-sasiadow-na-morawach\/sony-dsc-11\/\"><img loading=\"lazy\" width=\"4592\" height=\"3056\" src=\"https:\/\/maciaszki.pl\/wp-content\/uploads\/2016\/07\/11.-Nasza-ekipa-z-Mikulowem-w-tle.jpg\" alt=\"\" class=\"wp-image-127\" srcset=\"https:\/\/maciaszki.pl\/wp-content\/uploads\/2016\/07\/11.-Nasza-ekipa-z-Mikulowem-w-tle.jpg 4592w, https:\/\/maciaszki.pl\/wp-content\/uploads\/2016\/07\/11.-Nasza-ekipa-z-Mikulowem-w-tle-300x200.jpg 300w, https:\/\/maciaszki.pl\/wp-content\/uploads\/2016\/07\/11.-Nasza-ekipa-z-Mikulowem-w-tle-768x511.jpg 768w, https:\/\/maciaszki.pl\/wp-content\/uploads\/2016\/07\/11.-Nasza-ekipa-z-Mikulowem-w-tle-1024x681.jpg 1024w\" sizes=\"(max-width: 706px) 89vw, (max-width: 767px) 82vw, 740px\" \/><\/a><figcaption>Nasza ekipa z Mikulowem w tle<\/figcaption><\/figure>\n\n\n\n<p class=\"has-small-font-size\"><span style=\"font-weight: 400;\">Elementem najbardziej osobliwym tego dnia wype\u0142nionego turystycznymi atrakcjami okazuje si\u0119 jednak obiad. W przydro\u017cnym, ma\u0142ym barze w B\u0159ezi za Mikulovem zamawiamy dania z karty. Siedzimy w ogr\u00f3dku piwnym, jest swojsko i troch\u0119 siermi\u0119\u017cnie, a za plecami przeje\u017cd\u017caj\u0105 poci\u0105gi. Kaczor prosi o \u201ekoleno\u201d, a szef t\u0142umaczy cierpliwie, \u017ce to nie jest golonka. \u201eKoleno\u201d to \u201ekoleno\u201d. Wszystkie zam\u00f3wione przez nas porcje okaza\u0142y si\u0119 ogromne, ale na widok \u201ekolena\u201d po prostu zamarli\u015bmy. Okaza\u0142o si\u0119, \u017ce to g\u00f3ra mi\u0119sa \u2013 specjalnie upieczonego, ale w rozmiarze XXXL. W dodatku za jedyne 145 koron (ok. 25z\u0142). C\u00f3\u017c, z tak pe\u0142nym brzuchem peda\u0142uje si\u0119 nielekko.<\/span><\/p>\n\n\n\n<figure class=\"wp-block-image alignnone\"><a href=\"https:\/\/maciaszki.pl\/index.php\/2016\/07\/30\/u-sasiadow-na-morawach\/sony-dsc-21\/\"><img loading=\"lazy\" width=\"4592\" height=\"3056\" src=\"https:\/\/maciaszki.pl\/wp-content\/uploads\/2016\/07\/13.-Koleno-wyzwanie-nie-mniejsze-ni\u017c-podjazdy.jpg\" alt=\"\" class=\"wp-image-137\" srcset=\"https:\/\/maciaszki.pl\/wp-content\/uploads\/2016\/07\/13.-Koleno-wyzwanie-nie-mniejsze-ni\u017c-podjazdy.jpg 4592w, https:\/\/maciaszki.pl\/wp-content\/uploads\/2016\/07\/13.-Koleno-wyzwanie-nie-mniejsze-ni\u017c-podjazdy-300x200.jpg 300w, https:\/\/maciaszki.pl\/wp-content\/uploads\/2016\/07\/13.-Koleno-wyzwanie-nie-mniejsze-ni\u017c-podjazdy-768x511.jpg 768w, https:\/\/maciaszki.pl\/wp-content\/uploads\/2016\/07\/13.-Koleno-wyzwanie-nie-mniejsze-ni\u017c-podjazdy-1024x681.jpg 1024w\" sizes=\"(max-width: 706px) 89vw, (max-width: 767px) 82vw, 740px\" \/><\/a><figcaption>Koleno &#8211; wyzwanie nie mniejsze ni\u017c podjazdy<\/figcaption><\/figure>\n\n\n\n<p class=\"has-small-font-size\"><span style=\"font-weight: 400;\">\u015acie\u017cka rowerowa prowadzi przez pola, po kt\u00f3rych rado\u015bnie skacz\u0105 zaj\u0105ce. Na mapie nie ma \u017cadnego pola namiotowego. Wreszcie znajdujemy sympatyczne miejsce nad rzek\u0105 Dyj\u0105. Pi\u0119kna polanka, jest nawet drewno na ognisko. Rozp\u0119dza nas jednak letnia ulewa. Za to rano rzek\u0105 p\u0142ynie sp\u0142yw kajakowy. Ruszamy do Jaros\u0142awic. Rzut okiem na malownicz\u0105 \u015bredniowieczn\u0105 rotund\u0119, jeszcze ostatnie zakupy i ruszamy. Jeste\u015bmy ju\u017c bardzo blisko granicy czesko-austriackiej.<\/span><\/p>\n\n\n\n<h6><b>Etap III \u2013 Dolina Wachau, ok. 260 km<\/b><\/h6>\n\n\n\n<figure class=\"wp-block-image alignnone\"><a href=\"https:\/\/maciaszki.pl\/index.php\/2016\/07\/30\/u-sasiadow-na-morawach\/sony-dsc-28\/\"><img loading=\"lazy\" width=\"1024\" height=\"807\" src=\"https:\/\/maciaszki.pl\/wp-content\/uploads\/2016\/07\/17.-Donauradweg-przed-Melk-1024x807.jpg\" alt=\"\" class=\"wp-image-149\" srcset=\"https:\/\/maciaszki.pl\/wp-content\/uploads\/2016\/07\/17.-Donauradweg-przed-Melk-1024x807.jpg 1024w, https:\/\/maciaszki.pl\/wp-content\/uploads\/2016\/07\/17.-Donauradweg-przed-Melk-300x236.jpg 300w, https:\/\/maciaszki.pl\/wp-content\/uploads\/2016\/07\/17.-Donauradweg-przed-Melk-768x605.jpg 768w\" sizes=\"(max-width: 706px) 89vw, (max-width: 767px) 82vw, 740px\" \/><\/a><figcaption>Donauradweg przed Melk<\/figcaption><\/figure>\n\n\n\n<p class=\"has-small-font-size\"><span style=\"font-weight: 400;\">Od granicy do Wiednia rzut beretem, jednak \u015bwiadomie rezygnujemy z tego punktu wyprawy, decyduj\u0105c si\u0119 na odwiedzenie Doliny Wachau, kt\u00f3ra zachwyci\u0142a nas podczas wcze\u015bniejszej wyprawy wzd\u0142u\u017c Dunaju (od \u017ar\u00f3de\u0142 w Donaueschingen do Wiednia). \u015acie\u017cki rowerowej w wybranym przez nas kierunku nie ma, a kierowcy na drogach publicznych zachowuj\u0105 si\u0119 do\u015b\u0107 brawurowo. Dochodzi nawet do drobnej st\u0142uczki podczas niebezpiecznego wyprzedzania naszej sze\u015bcioosobowej grupki.<\/span><\/p>\n\n\n\n<p class=\"has-small-font-size\"><span style=\"font-weight: 400;\">Przez Stockerau docieramy do Dunaju, wprost na zapor\u0119 przy elektrowni wodnej. Teraz ju\u017c tylko Donauradweg, czyli naddunajska trasa rowerowa, luksusowa, komfortowa i oblegana przez rowerzyst\u00f3w z ca\u0142ego \u015bwiata. Intensywny dzie\u0144 ko\u0144czymy na campingu w Tulln. Z \u017calem wspominamy ceny na czeskich polach namiotowych, trudno \u2013 byli\u015bmy na t\u0119 zmian\u0119 przygotowani.<\/span><\/p>\n\n\n\n<figure class=\"wp-block-image\"><a href=\"https:\/\/maciaszki.pl\/index.php\/2016\/07\/30\/u-sasiadow-na-morawach\/sony-dsc-23\/\"><img loading=\"lazy\" width=\"1024\" height=\"681\" src=\"https:\/\/maciaszki.pl\/wp-content\/uploads\/2016\/07\/14.-Tulln-spos\u00f3b-na-upa\u0142-1024x681.jpg\" alt=\"\" class=\"wp-image-139\" srcset=\"https:\/\/maciaszki.pl\/wp-content\/uploads\/2016\/07\/14.-Tulln-spos\u00f3b-na-upa\u0142-1024x681.jpg 1024w, https:\/\/maciaszki.pl\/wp-content\/uploads\/2016\/07\/14.-Tulln-spos\u00f3b-na-upa\u0142-300x200.jpg 300w, https:\/\/maciaszki.pl\/wp-content\/uploads\/2016\/07\/14.-Tulln-spos\u00f3b-na-upa\u0142-768x511.jpg 768w\" sizes=\"(max-width: 706px) 89vw, (max-width: 767px) 82vw, 740px\" \/><\/a><figcaption>Tulln &#8211; spos\u00f3b na upa\u0142<\/figcaption><\/figure>\n\n\n\n<p class=\"has-small-font-size\"><span style=\"font-weight: 400;\">Tulln to miasto o bogatej historii ze \u015bladami kultury roma\u0144skiej. Zwiedzamy \u015bredniowieczn\u0105 kostnic\u0119 z intryguj\u0105cymi malowid\u0142ami \u015bciennymi, robimy pami\u0105tkowe zdj\u0119cia przed pomnikiem Marka Aureliusza, przeje\u017cd\u017camy przez znajduj\u0105c\u0105 si\u0119 na rynku fontann\u0119 i bawimy wielk\u0105 kamienn\u0105 kul\u0105 obracaj\u0105c\u0105 si\u0119 dzi\u0119ki sile wody.<\/span><\/p>\n\n\n\n<figure class=\"wp-block-image alignnone\"><a href=\"https:\/\/maciaszki.pl\/index.php\/2016\/07\/30\/u-sasiadow-na-morawach\/sony-dsc-27\/\"><img loading=\"lazy\" width=\"1024\" height=\"721\" src=\"https:\/\/maciaszki.pl\/wp-content\/uploads\/2016\/07\/16.-Dolina-Wachau-1024x721.jpg\" alt=\"\" class=\"wp-image-148\" srcset=\"https:\/\/maciaszki.pl\/wp-content\/uploads\/2016\/07\/16.-Dolina-Wachau-1024x721.jpg 1024w, https:\/\/maciaszki.pl\/wp-content\/uploads\/2016\/07\/16.-Dolina-Wachau-300x211.jpg 300w, https:\/\/maciaszki.pl\/wp-content\/uploads\/2016\/07\/16.-Dolina-Wachau-768x540.jpg 768w\" sizes=\"(max-width: 706px) 89vw, (max-width: 767px) 82vw, 740px\" \/><\/a><figcaption>Dolina Wachau<\/figcaption><\/figure>\n\n\n\n<figure class=\"wp-block-image alignnone\"><a href=\"https:\/\/maciaszki.pl\/index.php\/2016\/07\/30\/u-sasiadow-na-morawach\/sony-dsc-22\/\"><img loading=\"lazy\" width=\"1024\" height=\"681\" src=\"https:\/\/maciaszki.pl\/wp-content\/uploads\/2016\/07\/15.-Naddunajskie-winnice-1024x681.jpg\" alt=\"\" class=\"wp-image-138\" srcset=\"https:\/\/maciaszki.pl\/wp-content\/uploads\/2016\/07\/15.-Naddunajskie-winnice-1024x681.jpg 1024w, https:\/\/maciaszki.pl\/wp-content\/uploads\/2016\/07\/15.-Naddunajskie-winnice-300x200.jpg 300w, https:\/\/maciaszki.pl\/wp-content\/uploads\/2016\/07\/15.-Naddunajskie-winnice-768x511.jpg 768w\" sizes=\"(max-width: 706px) 89vw, (max-width: 767px) 82vw, 740px\" \/><\/a><figcaption>Naddunajskie winnice<\/figcaption><\/figure>\n\n\n\n<p class=\"has-small-font-size\"><span style=\"font-weight: 400;\">Dolina Wachau zaczyna si\u0119 od Krems i robi wra\u017cenie nie mniejsze, ni\u017c kiedy widzieli\u015bmy j\u0105 po raz pierwszy. \u015acie\u017cka prowadzi przez ol\u015bniewaj\u0105ce miasteczka, szlachetnie stare, otoczone winnicami, kameralne, przytulne, pe\u0142ne kwiat\u00f3w i &#8230;turyst\u00f3w. Mijamy Stein, gdzie znajduje si\u0119 muzeum karykatury, i Durnstein, gdzie wi\u0119ziony by\u0142 kr\u00f3l Ryszard Lwie Serce, odwiedzamy powi\u0119kszon\u0105 kopi\u0119 licz\u0105cego ponad 22 tys. lat pos\u0105gu Wenus z Willendorfu, a na koniec docieramy do Melku, ostatniego punktu naszej wyprawy wzd\u0142u\u017c Dunaju. Nast\u0119pnego dnia, ju\u017c z biegiem rzeki, wracamy, zachwycaj\u0105c si\u0119 raz jeszcze malowniczymi krajobrazami.<\/span><\/p>\n\n\n\n<figure class=\"wp-block-image alignnone\"><a href=\"https:\/\/maciaszki.pl\/index.php\/2016\/07\/30\/u-sasiadow-na-morawach\/sony-dsc-29\/\"><img loading=\"lazy\" width=\"1024\" height=\"681\" src=\"https:\/\/maciaszki.pl\/wp-content\/uploads\/2016\/07\/20.-Dunaj-o-\u015bwicie-z-campingu-w-okolicach-Melk-1024x681.jpg\" alt=\"\" class=\"wp-image-150\" srcset=\"https:\/\/maciaszki.pl\/wp-content\/uploads\/2016\/07\/20.-Dunaj-o-\u015bwicie-z-campingu-w-okolicach-Melk-1024x681.jpg 1024w, https:\/\/maciaszki.pl\/wp-content\/uploads\/2016\/07\/20.-Dunaj-o-\u015bwicie-z-campingu-w-okolicach-Melk-300x200.jpg 300w, https:\/\/maciaszki.pl\/wp-content\/uploads\/2016\/07\/20.-Dunaj-o-\u015bwicie-z-campingu-w-okolicach-Melk-768x511.jpg 768w\" sizes=\"(max-width: 706px) 89vw, (max-width: 767px) 82vw, 740px\" \/><\/a><figcaption>Dunaj o \u015bwicie (z campingu w okolicach Melk)<\/figcaption><\/figure>\n\n\n\n<figure class=\"wp-block-image alignnone\"><a href=\"https:\/\/maciaszki.pl\/index.php\/2016\/07\/30\/u-sasiadow-na-morawach\/sony-dsc-30\/\"><img loading=\"lazy\" width=\"1024\" height=\"681\" src=\"https:\/\/maciaszki.pl\/wp-content\/uploads\/2016\/07\/18.-Trasa-rowerowa-w-dolinie-Wachau-1024x681.jpg\" alt=\"\" class=\"wp-image-151\" srcset=\"https:\/\/maciaszki.pl\/wp-content\/uploads\/2016\/07\/18.-Trasa-rowerowa-w-dolinie-Wachau-1024x681.jpg 1024w, https:\/\/maciaszki.pl\/wp-content\/uploads\/2016\/07\/18.-Trasa-rowerowa-w-dolinie-Wachau-300x200.jpg 300w, https:\/\/maciaszki.pl\/wp-content\/uploads\/2016\/07\/18.-Trasa-rowerowa-w-dolinie-Wachau-768x511.jpg 768w\" sizes=\"(max-width: 706px) 89vw, (max-width: 767px) 82vw, 740px\" \/><\/a><figcaption>Trasa rowerowa w dolinie Wachau<\/figcaption><\/figure>\n\n\n\n<figure class=\"wp-block-image alignnone\"><a href=\"https:\/\/maciaszki.pl\/index.php\/2016\/07\/30\/u-sasiadow-na-morawach\/sony-dsc-32\/\"><img loading=\"lazy\" width=\"1024\" height=\"681\" src=\"https:\/\/maciaszki.pl\/wp-content\/uploads\/2016\/07\/22.-Dolina-Wachau-1024x681.jpg\" alt=\"\" class=\"wp-image-153\" srcset=\"https:\/\/maciaszki.pl\/wp-content\/uploads\/2016\/07\/22.-Dolina-Wachau-1024x681.jpg 1024w, https:\/\/maciaszki.pl\/wp-content\/uploads\/2016\/07\/22.-Dolina-Wachau-300x200.jpg 300w, https:\/\/maciaszki.pl\/wp-content\/uploads\/2016\/07\/22.-Dolina-Wachau-768x511.jpg 768w\" sizes=\"(max-width: 706px) 89vw, (max-width: 767px) 82vw, 740px\" \/><\/a><figcaption>Dolina Wachau<\/figcaption><\/figure>\n\n\n\n<h6><b style=\"color: #333333; font-size: 1rem;\">Etap IV \u2013 Na Austerlitz (albo Slavkov) \u2013 ok. 280 km<\/b><\/h6>\n\n\n\n<p class=\"has-small-font-size\"><span style=\"font-weight: 400;\">Rowerowe wczasy ko\u0144cz\u0105 si\u0119 w Krems, kiedy musimy zostawi\u0107 za sob\u0105 Dolin\u0119 Dunaju i ruszy\u0107 na p\u00f3\u0142noc w kierunku Lagenlois. Teraz czekaj\u0105 nas nieko\u0144cz\u0105ce si\u0119 podjazdy. Trudy peda\u0142owania rekompensuj\u0105 widoki. Teren jest g\u00f3rzysty, a w pobli\u017cu ka\u017cdej mijanej miejscowo\u015bci znajduj\u0105 si\u0119 jakie\u015b ruiny zamku. Dokucza nam upa\u0142, ale pomys\u0142, by sch\u0142odzi\u0107 cia\u0142a w rzece Kemp (ca\u0142kiem poka\u017anej), studzi temperatura wody, kt\u00f3ra dos\u0142ownie kosi po kostkach. Przeje\u017cd\u017camy przez Gars i bardzo powoli zbli\u017camy si\u0119 do Horn, kt\u00f3re mia\u0142o by\u0107 naszym punktem docelowym na koniec dnia. W pobli\u017cu nie ma \u017cadnego campingu, pozostaje wi\u0119c nocleg na \u0142\u0105ce, nad niewielkim strumieniem, w niedaleko przejazdu kolejowego. S\u0142ysz\u0105c kolejne sygna\u0142y poci\u0105gu, \u017cartujemy, \u017ce pozdrawia nas ka\u017cdy maszynista.<\/span><\/p>\n\n\n\n<figure class=\"wp-block-image alignnone\"><a href=\"https:\/\/maciaszki.pl\/index.php\/2016\/07\/30\/u-sasiadow-na-morawach\/sony-dsc-18\/\"><img loading=\"lazy\" width=\"681\" height=\"1024\" src=\"https:\/\/maciaszki.pl\/wp-content\/uploads\/2016\/07\/24.-Uci\u0105\u017cliwe-podjazdy-rekompensuj\u0105-strome-zjazdy-okolice-Znojmo-e1543617564763-681x1024.jpg\" alt=\"\" class=\"wp-image-134\" srcset=\"https:\/\/maciaszki.pl\/wp-content\/uploads\/2016\/07\/24.-Uci\u0105\u017cliwe-podjazdy-rekompensuj\u0105-strome-zjazdy-okolice-Znojmo-e1543617564763-681x1024.jpg 681w, https:\/\/maciaszki.pl\/wp-content\/uploads\/2016\/07\/24.-Uci\u0105\u017cliwe-podjazdy-rekompensuj\u0105-strome-zjazdy-okolice-Znojmo-e1543617564763-200x300.jpg 200w, https:\/\/maciaszki.pl\/wp-content\/uploads\/2016\/07\/24.-Uci\u0105\u017cliwe-podjazdy-rekompensuj\u0105-strome-zjazdy-okolice-Znojmo-e1543617564763-768x1154.jpg 768w\" sizes=\"(max-width: 681px) 100vw, 681px\" \/><\/a><figcaption>Uci\u0105\u017cliwe podjazdy rekompensuj\u0105 strome zjazdy (okolice Znojmo)<\/figcaption><\/figure>\n\n\n\n<p class=\"has-small-font-size\"><span style=\"font-weight: 400;\">Ostatni dzie\u0144 w Austrii przynosi pogod\u0119 ma\u0142o \u0142askaw\u0105 \u2013 tym razem to bardzo silny boczny wiatr, kt\u00f3ry targa naszymi ob\u0142adowanymi rowerami i dodatkowo utrudnia mozolne podjazdy. &nbsp;Przeje\u017cd\u017camy przez Horn i drog\u0105 w\u015br\u00f3d winnic docieramy do Retz, a st\u0105d ju\u017c blisko do granicy, droga prowadz\u0105ca na Znojmo i obfity obiad w czeskiej restauracji. Powt\u00f3rka ze \u201esvi\u010dkowej\u201d przekonuje nas, \u017ce nie jeste\u015bmy wielbicielami knedla zalanego sosem.<\/span><\/p>\n\n\n\n<figure class=\"wp-block-image alignnone\"><a href=\"https:\/\/maciaszki.pl\/index.php\/2016\/07\/30\/u-sasiadow-na-morawach\/sony-dsc-31\/\"><img loading=\"lazy\" width=\"1024\" height=\"840\" src=\"https:\/\/maciaszki.pl\/wp-content\/uploads\/2016\/07\/23.-Znojmo-1024x840.jpg\" alt=\"\" class=\"wp-image-152\" srcset=\"https:\/\/maciaszki.pl\/wp-content\/uploads\/2016\/07\/23.-Znojmo-1024x840.jpg 1024w, https:\/\/maciaszki.pl\/wp-content\/uploads\/2016\/07\/23.-Znojmo-300x246.jpg 300w, https:\/\/maciaszki.pl\/wp-content\/uploads\/2016\/07\/23.-Znojmo-768x630.jpg 768w\" sizes=\"(max-width: 706px) 89vw, (max-width: 767px) 82vw, 740px\" \/><\/a><figcaption>Znojmo<\/figcaption><\/figure>\n\n\n\n<p class=\"has-small-font-size\"><span style=\"font-weight: 400;\">Camping znajdujemy w Uhanowie, kilka kilometr\u00f3w za Znojmo. Od rana podczas pakowania towarzyszy nam ciekawy wzrok pary w camperze, kt\u00f3ra po zjedzeniu jajecznicy z 12 jaj na boczku wypoczywa\u0142a przy skrzynce piwa. <\/span><\/p>\n\n\n\n<figure class=\"wp-block-image alignnone\"><a href=\"https:\/\/maciaszki.pl\/index.php\/2016\/07\/30\/u-sasiadow-na-morawach\/sony-dsc-16\/\"><img loading=\"lazy\" width=\"681\" height=\"1024\" src=\"https:\/\/maciaszki.pl\/wp-content\/uploads\/2016\/07\/27.-Austerlitz-Slavkov-na-wzg\u00f3rzu-z-kt\u00f3rego-dowodzi\u0142-armi\u0105-Napoleon-Bonaparte-681x1024.jpg\" alt=\"\" class=\"wp-image-132\" srcset=\"https:\/\/maciaszki.pl\/wp-content\/uploads\/2016\/07\/27.-Austerlitz-Slavkov-na-wzg\u00f3rzu-z-kt\u00f3rego-dowodzi\u0142-armi\u0105-Napoleon-Bonaparte-681x1024.jpg 681w, https:\/\/maciaszki.pl\/wp-content\/uploads\/2016\/07\/27.-Austerlitz-Slavkov-na-wzg\u00f3rzu-z-kt\u00f3rego-dowodzi\u0142-armi\u0105-Napoleon-Bonaparte-200x300.jpg 200w, https:\/\/maciaszki.pl\/wp-content\/uploads\/2016\/07\/27.-Austerlitz-Slavkov-na-wzg\u00f3rzu-z-kt\u00f3rego-dowodzi\u0142-armi\u0105-Napoleon-Bonaparte-768x1154.jpg 768w\" sizes=\"(max-width: 681px) 100vw, 681px\" \/><\/a><figcaption>Austerlitz (Slavkov) &#8211; na wzg\u00f3rzu, z kt\u00f3rego dowodzi\u0142 armi\u0105 Napoleon Bonaparte<\/figcaption><\/figure>\n\n\n\n<p class=\"has-small-font-size\"><span style=\"font-weight: 400;\">Powoli zbli\u017camy si\u0119 do Slavkova. Slavkov to czeska nazwa miejsca napoleo\u0144skiej bitwy znanego nam jako Austerlitz niedaleko Brna. Droga okazuje si\u0119 do\u015b\u0107 uci\u0105\u017cliwa ze wzgl\u0119du na spory ruch samochodowy i brak samodzielnych \u015bcie\u017cek rowerowych, do kt\u00f3rych zd\u0105\u017cyli\u015bmy si\u0119 ju\u017c przyzwyczai\u0107. D\u0142u\u017cszy odpoczynek robimy we Vranowicach, gdzie znajdujemy restauracj\u0119 nie do opisania \u2013 za typowym, do\u015b\u0107 siermi\u0119\u017cnym barem znajduje si\u0119 podw\u00f3rko tak w\u0105skie, \u017ce mie\u015bci si\u0119 tu jeden d\u0142ugi st\u00f3\u0142, a wzd\u0142u\u017c ca\u0142o\u015bci ci\u0105gnie si\u0119 wielka papugarnia. Tutaj otrzymujemy tani i doskona\u0142y obiad z rozkosznie ch\u0142odnym piwem.<\/span><\/p>\n\n\n\n<p class=\"has-small-font-size\"><span style=\"font-weight: 400;\">Jeszcze tego samego dnia zdobywamy Austerlitz, wspinaj\u0105c si\u0119 mozolnie na szczyt wzg\u00f3rza, z kt\u00f3rego Napoleon dowodzi\u0142 swoj\u0105 armi\u0105, i pr\u00f3bujemy wyobrazi\u0107 sobie oddzia\u0142y \u017co\u0142nierzy walcz\u0105cych na r\u00f3wninie rozci\u0105gaj\u0105cej si\u0119 poni\u017cej. Potem jeszcze par\u0119 kilometr\u00f3w i z braku campingu namioty za zgod\u0105 gospodarza rozbijamy w starym zdzicza\u0142ym sadzie. Mamy widok na wzg\u00f3rze Austerlitz i zawieszony nad nim ksi\u0119\u017cyc. Jest pi\u0119knie i romantycznie.<\/span><\/p>\n\n\n\n<div class=\"wp-block-image\"><figure class=\"aligncenter\"><a href=\"https:\/\/maciaszki.pl\/index.php\/2016\/07\/30\/u-sasiadow-na-morawach\/sony-dsc-19\/\"><img loading=\"lazy\" width=\"3757\" height=\"2380\" src=\"https:\/\/maciaszki.pl\/wp-content\/uploads\/2016\/07\/25.-Szlaki-rowerowe-prowadz\u0105-przez-rozleg\u0142e-pola-zb\u00f3\u017c-i-s\u0142onecznik\u00f3w.jpg\" alt=\"\" class=\"wp-image-135\" srcset=\"https:\/\/maciaszki.pl\/wp-content\/uploads\/2016\/07\/25.-Szlaki-rowerowe-prowadz\u0105-przez-rozleg\u0142e-pola-zb\u00f3\u017c-i-s\u0142onecznik\u00f3w.jpg 3757w, https:\/\/maciaszki.pl\/wp-content\/uploads\/2016\/07\/25.-Szlaki-rowerowe-prowadz\u0105-przez-rozleg\u0142e-pola-zb\u00f3\u017c-i-s\u0142onecznik\u00f3w-300x190.jpg 300w, https:\/\/maciaszki.pl\/wp-content\/uploads\/2016\/07\/25.-Szlaki-rowerowe-prowadz\u0105-przez-rozleg\u0142e-pola-zb\u00f3\u017c-i-s\u0142onecznik\u00f3w-768x487.jpg 768w, https:\/\/maciaszki.pl\/wp-content\/uploads\/2016\/07\/25.-Szlaki-rowerowe-prowadz\u0105-przez-rozleg\u0142e-pola-zb\u00f3\u017c-i-s\u0142onecznik\u00f3w-1024x649.jpg 1024w\" sizes=\"(max-width: 706px) 89vw, (max-width: 767px) 82vw, 740px\" \/><\/a><figcaption>Szlaki rowerowe prowadz\u0105 przez rozleg\u0142e pola zb\u00f3\u017c i s\u0142onecznik\u00f3w<\/figcaption><\/figure><\/div>\n\n\n\n<p class=\"has-small-font-size\"><span style=\"font-weight: 400;\">Ju\u017c wyra\u017anie czujemy, \u017ce wyprawa zbli\u017ca si\u0119 do ko\u0144ca. Opuszczamy nasz sad i kierujemy si\u0119 w stron\u0119 Doliny Morawy, by zamkn\u0105\u0107 rowerow\u0105 p\u0119tl\u0119. \u015acie\u017cki nadal prowadz\u0105 publicznymi drogami ze sporym ruchem samochodowym &#8211; tras\u0105 r\u00f3wnoleg\u0142\u0105 do autostrady przez Rusinov, Vy\u0161kov i &nbsp;Niem\u010dyce docieramy do Kojetina, to tutaj zamyka si\u0119 ko\u0142o \u2013 jeste\u015bmy znowu nad Moraw\u0105. Teraz kawa\u0142ek na p\u00f3\u0142noc do Tova\u010dova. Szukamy miejsca na namioty, ale o \u017cadnym legalnym campingu nie ma mowy. Stawy rybne dost\u0119pne s\u0105 tylko dla w\u0119dkarzy, a rozbicie namiotu grozi interwencj\u0105 policji, przed czym przestrzegaj\u0105 nas miejscowi. Korzystamy z k\u0105pieliska w znanym ju\u017c wcze\u015bniej miejscu, bo to jedyny spos\u00f3b, by zmy\u0107 z siebie kurz z ca\u0142ego dnia. Pozostaje nocleg na dziko nad rzek\u0105 Be\u010dv\u0105. Ostatni wiecz\u00f3r okazuje si\u0119 bardzo sympatyczny \u2013 mamy zabrane z domu \u015bwieczki, jest kompot jagodowy, kt\u00f3ry przez pomy\u0142k\u0119 kupili\u015bmy zamiast d\u017cemu i troch\u0119 morawskiego wina zakupionego wprost z nalewaka w sklepie spo\u017cywczym.<\/span><\/p>\n\n\n\n<figure class=\"wp-block-image alignnone\"><a href=\"https:\/\/maciaszki.pl\/index.php\/2016\/07\/30\/u-sasiadow-na-morawach\/sony-dsc-17\/\"><img loading=\"lazy\" width=\"681\" height=\"1024\" src=\"https:\/\/maciaszki.pl\/wp-content\/uploads\/2016\/07\/28.-Parking-rowerowy-w-P\u0159erovie-e1543617737489-681x1024.jpg\" alt=\"\" class=\"wp-image-133\" srcset=\"https:\/\/maciaszki.pl\/wp-content\/uploads\/2016\/07\/28.-Parking-rowerowy-w-P\u0159erovie-e1543617737489-681x1024.jpg 681w, https:\/\/maciaszki.pl\/wp-content\/uploads\/2016\/07\/28.-Parking-rowerowy-w-P\u0159erovie-e1543617737489-200x300.jpg 200w, https:\/\/maciaszki.pl\/wp-content\/uploads\/2016\/07\/28.-Parking-rowerowy-w-P\u0159erovie-e1543617737489-768x1154.jpg 768w\" sizes=\"(max-width: 681px) 100vw, 681px\" \/><\/a><figcaption>Parking rowerowy w P\u0159erovie<\/figcaption><\/figure>\n\n\n\n<p class=\"has-small-font-size\"><span style=\"font-weight: 400;\">Nast\u0119pnego dnia pozosta\u0142a ju\u017c tylko kr\u00f3tka trasa do P\u0159erova. W oczekiwaniu na poci\u0105g do Bohumina mo\u017cemy jeszcze pozwoli\u0107 sobie na spacer po mie\u015bcie, spokojniejszy i d\u0142u\u017cszy, ni\u017c kiedy byli\u015bmy tu po raz pierwszy. Przed dworcem w P\u0159erovie znajduje si\u0119 nowoczesny, samoobs\u0142ugowy parking rowerowy w postaci szklanej wie\u017cy, w kt\u00f3rej na kilku kondygnacjach znajduj\u0105 si\u0119 rowery obs\u0142ugiwane przez zmy\u015blny automat. W Bohuminie rezygnujemy z oczekiwania na poci\u0105g do Rybnika i ostatnie 30 km pokonujemy na rowerach. <\/span><\/p>\n\n\n\n<p class=\"has-small-font-size\"><span style=\"font-weight: 400;\">Rowerowe Czechy okaza\u0142y si\u0119 \u015bwietnym pomys\u0142em na wakacje. \u015acie\u017cki w Dolinie Morawy poleci\u0107 mo\u017cna naprawd\u0119 ka\u017cdemu, zw\u0142aszcza \u017ce r\u00f3\u017cne warianty takiej wyprawy pozwol\u0105 zadowoli\u0107 rowerzyst\u00f3w o r\u00f3\u017cnych upodobaniach i mo\u017cliwo\u015bciach. Pi\u0119kny krajobraz, urokliwa architektura kameralnych miasteczek, umiarkowane ceny i liczba \u015bcie\u017cek rowerowych o r\u00f3\u017cnym stopniu trudno\u015bci to atuty przemawiaj\u0105ce za tym, by o wyjazdach do Czech my\u015ble\u0107 tak\u017ce w najbli\u017cszych latach.<\/span> Niew\u0105tpliwa atrakcyjno\u015b\u0107 teren\u00f3w przez kt\u00f3re jechali\u015bmy spowodowa\u0142a, \u017ce nasza relacja z wyprawy okaza\u0142a si\u0119 na tyle ciekawa, \u017ce ukaza\u0142a si\u0119 w miesi\u0119czniku Rowertour w nr <a rel=\"noreferrer noopener\" href=\"https:\/\/rowertour.pl\/?page=artykul&amp;id=3083\" target=\"_blank\">2\/2017<\/a>. Orientacyjna trasa jest przedstawiona na tej <a href=\"https:\/\/www.google.com\/maps\/d\/drive?state=%7B%22ids%22%3A%5B%221JivY6XjcPGDK__0EHV7KdNkfC_YU-2EY%22%5D%2C%22action%22%3A%22open%22%2C%22userId%22%3A%22117997971103684316331%22%7D&amp;usp=sharing\">mapie<\/a>.<\/p>\n\n\n\n<p><strong>W pigu\u0142ce<\/strong><\/p>\n\n\n\n<ul><li style=\"font-weight: 400; text-align: justify;\"><span style=\"font-weight: 400;\">trasa wyprawy rowerem po Czechach \u2013 Rybnik &gt; Opawa &gt; Hradec &gt; Vitkov &gt; Odry &gt; Belotin &gt; Hranice &gt; P\u0159erov &gt; Tova\u010dov <\/span>&gt; &nbsp;Kojetin &gt; Krom\u011b\u0159\u00ed\u017e &gt; Uherskie Hradi\u0161te &gt; Veseli &gt; &nbsp;Str\u00e1\u017enice &gt; Hodonin &gt; Lednice-Valtice &gt; Mikulov &gt; Jaroslavice &gt; Stockerau &gt; Tulln &gt; Krems &gt; Melk &gt; Krems &gt; Garn &gt; Horn &gt; Znojmo &gt; Uhanov &gt; Slavkov &gt; Kojetin &gt; &nbsp;Tova\u010dov &gt; P\u0159erov &gt; Bohumin &gt; Rybnik<\/li><li style=\"font-weight: 400; text-align: justify;\"><span style=\"font-weight: 400;\">dystans \u2013 990 km<\/span><\/li><li style=\"font-weight: 400;\"><span style=\"font-weight: 400;\">czas \u2013 12 dni<\/span><\/li><li style=\"font-weight: 400; text-align: justify;\"><span style=\"font-weight: 400;\">noclegi \u2013 na campingach (w Czechach 60-70 K\u010d , w Austrii 11\u20ac), cz\u0119\u015b\u0107 na dziko<\/span><\/li><li style=\"font-weight: 400; text-align: justify;\"><span style=\"font-weight: 400;\">wy\u017cywienie \u2013 zakupy w cenach zbli\u017conych do polskich; obiad w Czechach 100-150 K\u010d, w Austrii gotowanie w warunkach polowych<\/span><\/li><li style=\"font-weight: 400; text-align: justify;\"><span style=\"font-weight: 400;\">przejazd poci\u0105giem z P\u0159erova do Bohumina<\/span><\/li><li style=\"font-weight: 400; text-align: justify;\"><span style=\"font-weight: 400;\"><span style=\"font-weight: 400;\">mapy \u2013 <a style=\"font-size: inherit;\" href=\"https:\/\/bezdroza.pl\/ksiazki\/czechy-atlas-marco-polo-1-200-000,o_0054.htm\">atlas Czeskiej Republiki 1:200000 wyd. Marco Polo<\/a> <\/span><\/span><span style=\"font-weight: 400;\">(na potrzeby wyprawy wyj\u0119li\u015bmy potrzebne strony), Donauradweg, Danube Bike Trail 1:125000, mapy dost\u0119pne w punktach Informacji Turystycznej w Czechach i Austrii (wi\u0119kszo\u015b\u0107 bezp\u0142atnie, <\/span><span style=\"font-weight: 400;\">120 K\u010d)<\/span><span style=\"font-weight: 400;\">, <\/span><\/li><\/ul>\n\n\n\n<p><strong>Wi\u0119cej zdj\u0119\u0107 z wyprawy rowerem po Czechach <a rel=\"noreferrer noopener\" href=\"https:\/\/photos.google.com\/share\/AF1QipPFbtZjdybv3bMnUtuUaKayf0QMzy5jsu08Q7haZuIQDQSBLqoHLzUKYW3Nm4G_bA?hl=pl&amp;key=LUU4cXZ5bVphN3g0WjhrVWV3VC0zVFFlbWg5WTZ3\" target=\"_blank\">tutaj<\/a><\/strong><\/p>\n","protected":false},"excerpt":{"rendered":"<p>Pomys\u0142, by coroczn\u0105 wypraw\u0119 rowerow\u0105 odby\u0107 na Morawach, zaskoczy\u0142 nas samych. Pojawi\u0142 si\u0119 &nbsp;&nbsp;dopiero teraz, po tylu latach rowerowania. W dodatku po kilometrach przejechanych w Hiszpanii, Francji, Szwecji, Finlandii czy Estonii Czechy wyda\u0142y si\u0119 ma\u0142o poci\u0105gaj\u0105ce, zbyt bliskie, nieatrakcyjne&#8230; To najlepszy dow\u00f3d pokazuj\u0105cy, jak mizerna jest nasza wiedza o najbli\u017cszych s\u0105siadach. Wiemy, \u017ce pi\u0119kna jest &hellip; <\/p>\n<p class=\"link-more\"><a href=\"https:\/\/maciaszki.pl\/index.php\/2016\/07\/30\/rowerem-po-czechach-czyli-u-sasiadow-na-morawach\/\" class=\"more-link\">Czytaj dalej<span class=\"screen-reader-text\"> Rowerem po Czechach czyli u s\u0105siad\u00f3w na Morawach<\/span><\/a><\/p>\n","protected":false},"author":4,"featured_media":147,"comment_status":"open","ping_status":"open","sticky":false,"template":"","format":"standard","meta":[],"categories":[5],"tags":[69,36,17,78],"yoast_head":"<!-- This site is optimized with the Yoast SEO plugin v17.6 - https:\/\/yoast.com\/wordpress\/plugins\/seo\/ -->\n<title>Rowerem po Czechach czyli u s\u0105siad\u00f3w na Morawach - Maciaszki<\/title>\n<meta name=\"description\" content=\"rowerem po Czechach i Austrii, Morawy, kana\u0142 Baty, Dunaj, Melk, Tulln, dolina Wachau, Lednice-Valtice, Krom\u011b\u0159\u00ed\u017e, Mikulov, winoteka, Austerlitz, Znojmo, piwo\" \/>\n<meta name=\"robots\" content=\"index, follow, max-snippet:-1, max-image-preview:large, max-video-preview:-1\" \/>\n<link rel=\"canonical\" href=\"https:\/\/maciaszki.pl\/index.php\/2016\/07\/30\/rowerem-po-czechach-czyli-u-sasiadow-na-morawach\/\" \/>\n<meta property=\"og:locale\" content=\"pl_PL\" \/>\n<meta property=\"og:type\" content=\"article\" \/>\n<meta property=\"og:title\" content=\"Rowerem po Czechach czyli u s\u0105siad\u00f3w na Morawach - Maciaszki\" \/>\n<meta property=\"og:description\" content=\"rowerem po Czechach i Austrii, Morawy, kana\u0142 Baty, Dunaj, Melk, Tulln, dolina Wachau, Lednice-Valtice, Krom\u011b\u0159\u00ed\u017e, Mikulov, winoteka, Austerlitz, Znojmo, piwo\" \/>\n<meta property=\"og:url\" content=\"https:\/\/maciaszki.pl\/index.php\/2016\/07\/30\/rowerem-po-czechach-czyli-u-sasiadow-na-morawach\/\" \/>\n<meta property=\"og:site_name\" content=\"Maciaszki\" \/>\n<meta property=\"article:published_time\" content=\"2016-07-30T13:26:44+00:00\" \/>\n<meta property=\"article:modified_time\" content=\"2020-06-29T10:28:15+00:00\" \/>\n<meta property=\"og:image\" content=\"https:\/\/maciaszki.pl\/wp-content\/uploads\/2016\/07\/08.-Zjazd-do-Valtic-1.jpg\" \/>\n\t<meta property=\"og:image:width\" content=\"1402\" \/>\n\t<meta property=\"og:image:height\" content=\"2031\" \/>\n<meta name=\"twitter:card\" content=\"summary_large_image\" \/>\n<meta name=\"twitter:label1\" content=\"Napisane przez\" \/>\n\t<meta name=\"twitter:data1\" content=\"Mariola\" \/>\n\t<meta name=\"twitter:label2\" content=\"Szacowany czas czytania\" \/>\n\t<meta name=\"twitter:data2\" content=\"15 minut\" \/>\n<script type=\"application\/ld+json\" class=\"yoast-schema-graph\">{\"@context\":\"https:\/\/schema.org\",\"@graph\":[{\"@type\":\"WebSite\",\"@id\":\"https:\/\/maciaszki.pl\/#website\",\"url\":\"https:\/\/maciaszki.pl\/\",\"name\":\"Maciaszki\",\"description\":\"W\\u0119dr\\u00f3wki w czasie i w przestrzeni\",\"potentialAction\":[{\"@type\":\"SearchAction\",\"target\":{\"@type\":\"EntryPoint\",\"urlTemplate\":\"https:\/\/maciaszki.pl\/?s={search_term_string}\"},\"query-input\":\"required name=search_term_string\"}],\"inLanguage\":\"pl-PL\"},{\"@type\":\"ImageObject\",\"@id\":\"https:\/\/maciaszki.pl\/index.php\/2016\/07\/30\/rowerem-po-czechach-czyli-u-sasiadow-na-morawach\/#primaryimage\",\"inLanguage\":\"pl-PL\",\"url\":\"https:\/\/maciaszki.pl\/wp-content\/uploads\/2016\/07\/08.-Zjazd-do-Valtic-1.jpg\",\"contentUrl\":\"https:\/\/maciaszki.pl\/wp-content\/uploads\/2016\/07\/08.-Zjazd-do-Valtic-1.jpg\",\"width\":1402,\"height\":2031,\"caption\":\"SONY DSC\"},{\"@type\":\"WebPage\",\"@id\":\"https:\/\/maciaszki.pl\/index.php\/2016\/07\/30\/rowerem-po-czechach-czyli-u-sasiadow-na-morawach\/#webpage\",\"url\":\"https:\/\/maciaszki.pl\/index.php\/2016\/07\/30\/rowerem-po-czechach-czyli-u-sasiadow-na-morawach\/\",\"name\":\"Rowerem po Czechach czyli u s\\u0105siad\\u00f3w na Morawach - Maciaszki\",\"isPartOf\":{\"@id\":\"https:\/\/maciaszki.pl\/#website\"},\"primaryImageOfPage\":{\"@id\":\"https:\/\/maciaszki.pl\/index.php\/2016\/07\/30\/rowerem-po-czechach-czyli-u-sasiadow-na-morawach\/#primaryimage\"},\"datePublished\":\"2016-07-30T13:26:44+00:00\",\"dateModified\":\"2020-06-29T10:28:15+00:00\",\"author\":{\"@id\":\"https:\/\/maciaszki.pl\/#\/schema\/person\/fcb9e3fef16e5ff711ba8b5165219595\"},\"description\":\"rowerem po Czechach i Austrii, Morawy, kana\\u0142 Baty, Dunaj, Melk, Tulln, dolina Wachau, Lednice-Valtice, Krom\\u011b\\u0159\\u00ed\\u017e, Mikulov, winoteka, Austerlitz, Znojmo, piwo\",\"breadcrumb\":{\"@id\":\"https:\/\/maciaszki.pl\/index.php\/2016\/07\/30\/rowerem-po-czechach-czyli-u-sasiadow-na-morawach\/#breadcrumb\"},\"inLanguage\":\"pl-PL\",\"potentialAction\":[{\"@type\":\"ReadAction\",\"target\":[\"https:\/\/maciaszki.pl\/index.php\/2016\/07\/30\/rowerem-po-czechach-czyli-u-sasiadow-na-morawach\/\"]}]},{\"@type\":\"BreadcrumbList\",\"@id\":\"https:\/\/maciaszki.pl\/index.php\/2016\/07\/30\/rowerem-po-czechach-czyli-u-sasiadow-na-morawach\/#breadcrumb\",\"itemListElement\":[{\"@type\":\"ListItem\",\"position\":1,\"name\":\"Home\",\"item\":\"https:\/\/maciaszki.pl\/\"},{\"@type\":\"ListItem\",\"position\":2,\"name\":\"Rowerem po Czechach czyli u s\\u0105siad\\u00f3w na Morawach\"}]},{\"@type\":\"Person\",\"@id\":\"https:\/\/maciaszki.pl\/#\/schema\/person\/fcb9e3fef16e5ff711ba8b5165219595\",\"name\":\"Mariola\",\"image\":{\"@type\":\"ImageObject\",\"@id\":\"https:\/\/maciaszki.pl\/#personlogo\",\"inLanguage\":\"pl-PL\",\"url\":\"https:\/\/secure.gravatar.com\/avatar\/e5db72b8951cba502cad3b466751186e?s=96&d=mm&r=g\",\"contentUrl\":\"https:\/\/secure.gravatar.com\/avatar\/e5db72b8951cba502cad3b466751186e?s=96&d=mm&r=g\",\"caption\":\"Mariola\"},\"url\":\"https:\/\/maciaszki.pl\/index.php\/author\/mariola\/\"}]}<\/script>\n<!-- \/ Yoast SEO plugin. -->","yoast_head_json":{"title":"Rowerem po Czechach czyli u s\u0105siad\u00f3w na Morawach - Maciaszki","description":"rowerem po Czechach i Austrii, Morawy, kana\u0142 Baty, Dunaj, Melk, Tulln, dolina Wachau, Lednice-Valtice, Krom\u011b\u0159\u00ed\u017e, Mikulov, winoteka, Austerlitz, Znojmo, piwo","robots":{"index":"index","follow":"follow","max-snippet":"max-snippet:-1","max-image-preview":"max-image-preview:large","max-video-preview":"max-video-preview:-1"},"canonical":"https:\/\/maciaszki.pl\/index.php\/2016\/07\/30\/rowerem-po-czechach-czyli-u-sasiadow-na-morawach\/","og_locale":"pl_PL","og_type":"article","og_title":"Rowerem po Czechach czyli u s\u0105siad\u00f3w na Morawach - Maciaszki","og_description":"rowerem po Czechach i Austrii, Morawy, kana\u0142 Baty, Dunaj, Melk, Tulln, dolina Wachau, Lednice-Valtice, Krom\u011b\u0159\u00ed\u017e, Mikulov, winoteka, Austerlitz, Znojmo, piwo","og_url":"https:\/\/maciaszki.pl\/index.php\/2016\/07\/30\/rowerem-po-czechach-czyli-u-sasiadow-na-morawach\/","og_site_name":"Maciaszki","article_published_time":"2016-07-30T13:26:44+00:00","article_modified_time":"2020-06-29T10:28:15+00:00","og_image":[{"width":1402,"height":2031,"url":"https:\/\/maciaszki.pl\/wp-content\/uploads\/2016\/07\/08.-Zjazd-do-Valtic-1.jpg","type":"image\/jpeg"}],"twitter_card":"summary_large_image","twitter_misc":{"Napisane przez":"Mariola","Szacowany czas czytania":"15 minut"},"schema":{"@context":"https:\/\/schema.org","@graph":[{"@type":"WebSite","@id":"https:\/\/maciaszki.pl\/#website","url":"https:\/\/maciaszki.pl\/","name":"Maciaszki","description":"W\u0119dr\u00f3wki w czasie i w przestrzeni","potentialAction":[{"@type":"SearchAction","target":{"@type":"EntryPoint","urlTemplate":"https:\/\/maciaszki.pl\/?s={search_term_string}"},"query-input":"required name=search_term_string"}],"inLanguage":"pl-PL"},{"@type":"ImageObject","@id":"https:\/\/maciaszki.pl\/index.php\/2016\/07\/30\/rowerem-po-czechach-czyli-u-sasiadow-na-morawach\/#primaryimage","inLanguage":"pl-PL","url":"https:\/\/maciaszki.pl\/wp-content\/uploads\/2016\/07\/08.-Zjazd-do-Valtic-1.jpg","contentUrl":"https:\/\/maciaszki.pl\/wp-content\/uploads\/2016\/07\/08.-Zjazd-do-Valtic-1.jpg","width":1402,"height":2031,"caption":"SONY DSC"},{"@type":"WebPage","@id":"https:\/\/maciaszki.pl\/index.php\/2016\/07\/30\/rowerem-po-czechach-czyli-u-sasiadow-na-morawach\/#webpage","url":"https:\/\/maciaszki.pl\/index.php\/2016\/07\/30\/rowerem-po-czechach-czyli-u-sasiadow-na-morawach\/","name":"Rowerem po Czechach czyli u s\u0105siad\u00f3w na Morawach - Maciaszki","isPartOf":{"@id":"https:\/\/maciaszki.pl\/#website"},"primaryImageOfPage":{"@id":"https:\/\/maciaszki.pl\/index.php\/2016\/07\/30\/rowerem-po-czechach-czyli-u-sasiadow-na-morawach\/#primaryimage"},"datePublished":"2016-07-30T13:26:44+00:00","dateModified":"2020-06-29T10:28:15+00:00","author":{"@id":"https:\/\/maciaszki.pl\/#\/schema\/person\/fcb9e3fef16e5ff711ba8b5165219595"},"description":"rowerem po Czechach i Austrii, Morawy, kana\u0142 Baty, Dunaj, Melk, Tulln, dolina Wachau, Lednice-Valtice, Krom\u011b\u0159\u00ed\u017e, Mikulov, winoteka, Austerlitz, Znojmo, piwo","breadcrumb":{"@id":"https:\/\/maciaszki.pl\/index.php\/2016\/07\/30\/rowerem-po-czechach-czyli-u-sasiadow-na-morawach\/#breadcrumb"},"inLanguage":"pl-PL","potentialAction":[{"@type":"ReadAction","target":["https:\/\/maciaszki.pl\/index.php\/2016\/07\/30\/rowerem-po-czechach-czyli-u-sasiadow-na-morawach\/"]}]},{"@type":"BreadcrumbList","@id":"https:\/\/maciaszki.pl\/index.php\/2016\/07\/30\/rowerem-po-czechach-czyli-u-sasiadow-na-morawach\/#breadcrumb","itemListElement":[{"@type":"ListItem","position":1,"name":"Home","item":"https:\/\/maciaszki.pl\/"},{"@type":"ListItem","position":2,"name":"Rowerem po Czechach czyli u s\u0105siad\u00f3w na Morawach"}]},{"@type":"Person","@id":"https:\/\/maciaszki.pl\/#\/schema\/person\/fcb9e3fef16e5ff711ba8b5165219595","name":"Mariola","image":{"@type":"ImageObject","@id":"https:\/\/maciaszki.pl\/#personlogo","inLanguage":"pl-PL","url":"https:\/\/secure.gravatar.com\/avatar\/e5db72b8951cba502cad3b466751186e?s=96&d=mm&r=g","contentUrl":"https:\/\/secure.gravatar.com\/avatar\/e5db72b8951cba502cad3b466751186e?s=96&d=mm&r=g","caption":"Mariola"},"url":"https:\/\/maciaszki.pl\/index.php\/author\/mariola\/"}]}},"_links":{"self":[{"href":"https:\/\/maciaszki.pl\/index.php\/wp-json\/wp\/v2\/posts\/112"}],"collection":[{"href":"https:\/\/maciaszki.pl\/index.php\/wp-json\/wp\/v2\/posts"}],"about":[{"href":"https:\/\/maciaszki.pl\/index.php\/wp-json\/wp\/v2\/types\/post"}],"author":[{"embeddable":true,"href":"https:\/\/maciaszki.pl\/index.php\/wp-json\/wp\/v2\/users\/4"}],"replies":[{"embeddable":true,"href":"https:\/\/maciaszki.pl\/index.php\/wp-json\/wp\/v2\/comments?post=112"}],"version-history":[{"count":34,"href":"https:\/\/maciaszki.pl\/index.php\/wp-json\/wp\/v2\/posts\/112\/revisions"}],"predecessor-version":[{"id":2593,"href":"https:\/\/maciaszki.pl\/index.php\/wp-json\/wp\/v2\/posts\/112\/revisions\/2593"}],"wp:featuredmedia":[{"embeddable":true,"href":"https:\/\/maciaszki.pl\/index.php\/wp-json\/wp\/v2\/media\/147"}],"wp:attachment":[{"href":"https:\/\/maciaszki.pl\/index.php\/wp-json\/wp\/v2\/media?parent=112"}],"wp:term":[{"taxonomy":"category","embeddable":true,"href":"https:\/\/maciaszki.pl\/index.php\/wp-json\/wp\/v2\/categories?post=112"},{"taxonomy":"post_tag","embeddable":true,"href":"https:\/\/maciaszki.pl\/index.php\/wp-json\/wp\/v2\/tags?post=112"}],"curies":[{"name":"wp","href":"https:\/\/api.w.org\/{rel}","templated":true}]}}